{"id":3889,"date":"2020-11-16T16:42:45","date_gmt":"2020-11-16T14:42:45","guid":{"rendered":"http:\/\/clm-inclusiva.org\/?p=3889"},"modified":"2020-11-16T16:42:52","modified_gmt":"2020-11-16T14:42:52","slug":"el-movimiento-cermi-reclama-a-la-ue-que-los-fondos-de-reconstruccion-esten-al-servicio-de-la-inclusion","status":"publish","type":"post","link":"https:\/\/clm-inclusiva.org\/?p=3889","title":{"rendered":"El movimiento CERMI reclama a la UE que los fondos de reconstrucci\u00f3n est\u00e9n al servicio de la inclusi\u00f3n"},"content":{"rendered":"<p>[et_pb_section fb_built=&#8221;1&#8243; _builder_version=&#8221;4.0.4&#8243; custom_padding=&#8221;0px||2px|||&#8221;][et_pb_row _builder_version=&#8221;3.25&#8243; background_size=&#8221;initial&#8221; background_position=&#8221;top_left&#8221; background_repeat=&#8221;repeat&#8221; custom_margin=&#8221;|||||&#8221; custom_padding=&#8221;|||||&#8221;][et_pb_column type=&#8221;4_4&#8243; _builder_version=&#8221;3.25&#8243; custom_padding=&#8221;|||&#8221; custom_padding__hover=&#8221;|||&#8221;][et_pb_text admin_label=&#8221;Noticia&#8221; _builder_version=&#8221;4.1&#8243; text_font=&#8221;||||||||&#8221; background_size=&#8221;initial&#8221; background_position=&#8221;top_left&#8221; background_repeat=&#8221;repeat&#8221; text_orientation=&#8221;justified&#8221; min_height=&#8221;711px&#8221; custom_margin=&#8221;||||false|false&#8221; custom_padding=&#8221;|||||&#8221; hover_enabled=&#8221;0&#8243;]<\/p>\n<p>&nbsp;<\/p>\n<ul>\n<li><b>En un documento de propuestas para la Estrategia Europea de Discapacidad 2021-2030<\/b><\/li>\n<\/ul>\n<p><span style=\"font-weight: 400;\">(Madrid, 16 de Noviembre de 2020)).- El <\/span><b>Comit\u00e9 Espa\u00f1ol de Representantes de Personas con Discapacidad<\/b><span style=\"font-weight: 400;\"> (CERMI) y la <\/span><b>Fundaci\u00f3n CERMI Mujeres<\/b><span style=\"font-weight: 400;\"> (FCM) han reclamado a la Uni\u00f3n Europea que los fondos de reconstrucci\u00f3n est\u00e9n al servicio de la inclusi\u00f3n, con el fin de paliar los graves efectos de la pandemia de COVID-19 en las personas con discapacidad, sus familias y las entidades del sector.<\/span><\/p>\n<p><span style=\"font-weight: 400;\">Esta es una de las reivindicaciones planteadas por el movimiento CERMI en un documento de aportaciones para que sean tenidas en cuenta en la futura <\/span><b>Estrategia Europea de Discapacidad 2021-2030<\/b><span style=\"font-weight: 400;\">, que CERMI y CERMI Mujeres esperan que, \u201cbajo un enfoque hol\u00edstico, act\u00fae como el catalizador de una nueva Agenda de los Derechos de la Discapacidad para la d\u00e9cada\u201d.<\/span><\/p>\n<p><span style=\"font-weight: 400;\">Para ello, solicitan que el documento incluya las observaciones realizadas a la UE por parte del Comit\u00e9 de Derechos de las Personas con Discapacidad de Naciones Unidas; que se alinee con los <\/span><b>Objetivos de Desarrollo Sostenible<\/b><span style=\"font-weight: 400;\"> de la Agenda 2030 y con el Pilar Social Europeo; que garantice que sea tenida en cuenta transversalmente en todas las pol\u00edticas p\u00fablicas de la UE; que cuente con un presupuesto suficiente para su ejecuci\u00f3n y seguimiento, y que est\u00e9 te\u00f1ida en todo momento por la perspectiva de g\u00e9nero.<\/span><\/p>\n<p><span style=\"font-weight: 400;\">A juicio del movimiento CERMI, la Estrategia Europea de la Discapacidad de la pr\u00f3xima d\u00e9cada debe tener como <\/span><b>uno de los principios rectores la accesibilidad universal<\/b><span style=\"font-weight: 400;\">, tanto en su dimensi\u00f3n f\u00edsica, como cognitiva y sensorial. Para ello, propone objetivos como garantizar la accesibilidad de los transportes o de la informaci\u00f3n y mecanismos de participaci\u00f3n de las instituciones comunitarias, as\u00ed como impulsar un fondo europeo para fomentar la accesibilidad universal.<\/span><\/p>\n<p><span style=\"font-weight: 400;\">Garantizar el principio de que \u201cnada para las personas con discapacidad sin las personas con discapacidad es otra demanda del movimiento CERMI, por lo que apremia a <\/span><b>asegurar mecanismos de participaci\u00f3n de las personas con discapacidad<\/b><span style=\"font-weight: 400;\"> y sus familias, a trav\u00e9s de las entidades del sector, creando espacios espec\u00edficos para las mujeres y ni\u00f1as con discapacidad, con objeto de que sus demandas espec\u00edficas sean escuchadas.<\/span><\/p>\n<p><span style=\"font-weight: 400;\">Tambi\u00e9n insta a garantizar el derecho al voto de todas las personas con discapacidad en la UE; impulsar la creaci\u00f3n de una organizaci\u00f3n europea espec\u00edfica de mujeres y ni\u00f1as con discapacidad; <\/span><b>promover la inclusi\u00f3n laboral de las personas con discapacidad<\/b><span style=\"font-weight: 400;\">, mejorando la tasa de actividad de esta parte de la ciudadan\u00eda, con especial atenci\u00f3n a las mujeres con discapacidad; que la accesibilidad y la inclusi\u00f3n sean \u201cprincipios que presidan la contrataci\u00f3n p\u00fablica de la UE, y reforzar las pol\u00edticas de protecci\u00f3n social, contemplando el sobrecoste que supone la discapacidad para estas personas y sus familias.<\/span><\/p>\n<p><b>VIDA INDEPENDIENTE<\/b><\/p>\n<p><span style=\"font-weight: 400;\">Por otra parte, el movimiento CERMI destaca la necesidad de promover la vida independiente de las personas con discapacidad,. \u201cLa inclusi\u00f3n en la comunidad y el derecho a una vida aut\u00f3noma e independiente de las personas con discapacidad pasan por que estas puedan <\/span><b>elegir d\u00f3nde y c\u00f3mo vivir<\/b><span style=\"font-weight: 400;\">, sin que se les puedan imponer formas de vida segregada o espec\u00edfica, al margen de la corriente general comunitaria\u201d, expone el documento de propuestas.<\/span><\/p>\n<p><span style=\"font-weight: 400;\">En este sentido, reclama reconocer a nivel europeo la figura del asistente personal y promover la eliminaci\u00f3n de los internamientos no consentidos por raz\u00f3n de discapacidad psicosocial.<\/span><\/p>\n<p><span style=\"font-weight: 400;\">En relaci\u00f3n con el derecho a la salud, el movimiento CERMI exige <\/span><b>garantizar en igualdad de condiciones el acceso a los servicios sanitarios de todas las personas con discapacidad<\/b><span style=\"font-weight: 400;\">, con especial \u00e9nfasis en las necesidades espec\u00edficas de la poblaci\u00f3n femenina con discapacidad; garantizar la accesibilidad de toda la informaci\u00f3n y procesos; <\/span><b>impulsar un plan de lucha contra el suicidio a nivel europeo<\/b><span style=\"font-weight: 400;\">, y garantizar una atenci\u00f3n a la salud sexual y reproductiva de las mujeres con discapacidad adecuadas.<\/span><\/p>\n<p><span style=\"font-weight: 400;\">Respecto de la educaci\u00f3n, llama a que la Estrategia Europea de Discapacidad recoja el derecho a la educaci\u00f3n inclusiva; impulsar la\u00a0<\/span><\/p>\n<p><span style=\"font-weight: 400;\">participaci\u00f3n del alumnado con discapacidad en programas de movilidad internacional con los apoyos necesarios; incluir compromisos de garant\u00eda de la accesibilidad de contenidos, entornos y plataformas digitales, y <\/span><b>tener siempre presente la discapacidad en los planes de lucha contra el acoso escolar<\/b><span style=\"font-weight: 400;\">.<\/span><\/p>\n<p><b>ACCESO A LA JUSTICIA<\/b><\/p>\n<p><span style=\"font-weight: 400;\">De igual modo, el documento pide que la Estrategia de Discapacidad establezca un \u201cenfoque inclusivo\u201d en el acceso a la justicia, atendiendo a la situaci\u00f3n espec\u00edfica de las mujeres con discapacidad, incluidas las que tienen modificada su capacidad jur\u00eddica.\u00a0<\/span><\/p>\n<p><span style=\"font-weight: 400;\">En esta l\u00ednea, plantea la creaci\u00f3n de un <\/span><b>Observatorio Europeo de Acceso a la Justicia<\/b><span style=\"font-weight: 400;\">; medidas de persecuci\u00f3n de los delitos de odio por raz\u00f3n de discapacidad, y promover la ratificaci\u00f3n del Protocolo Facultativo de la Convenci\u00f3n Internacional de la Discapacidad para facilitar que se puedan denunciar ante la ONU situaciones de vulneraci\u00f3n de derechos.<\/span><\/p>\n<p><span style=\"font-weight: 400;\">La lucha contra la violencia es otro de los puntos que subraya el movimiento CERMI, instando a que se refuerce la <\/span><b>protecci\u00f3n de las v\u00edctimas de la violencia de g\u00e9nero que tienen discapacidad<\/b><span style=\"font-weight: 400;\">; elaborar un estudio sobre c\u00f3mo afecta esta lacra en Europa a las mujeres con discapacidad; promover la persecuci\u00f3n de pr\u00e1cticas como la trata, y reforzar la lucha contra la violencia contra sectores como la infancia con discapacidad o las personas mayores.<\/span><\/p>\n<p><span style=\"font-weight: 400;\">Por \u00faltimo, destaca otras prioridades como la <\/span><b>apuesta por la promoci\u00f3n del envejecimiento activo<\/b><span style=\"font-weight: 400;\">; considerar el enfoque de discapacidad en todas las acciones de cooperaci\u00f3n europea; atender las necesidades de las personas con discapacidad en asilo y refugio; fomentar la lucha contra el juego ilegal, y que la Estrategia de Discapacidad contenga mecanismos de evaluaci\u00f3n sobre su implementaci\u00f3n.<\/span><\/p>\n<p>&nbsp;<\/p>\n<p>[\/et_pb_text][et_pb_post_nav prev_text=&#8221;Anterior&#8221; next_text=&#8221;Siguiente&#8221; _builder_version=&#8221;3.22.4&#8243;][\/et_pb_post_nav][\/et_pb_column][\/et_pb_row][\/et_pb_section]<\/p>\n","protected":false},"excerpt":{"rendered":"<p>[et_pb_section fb_built=&#8221;1&#8243; _builder_version=&#8221;4.0.4&#8243; custom_padding=&#8221;0px||2px|||&#8221;][et_pb_row _builder_version=&#8221;3.25&#8243; background_size=&#8221;initial&#8221; background_position=&#8221;top_left&#8221; background_repeat=&#8221;repeat&#8221; custom_margin=&#8221;|||||&#8221; custom_padding=&#8221;|||||&#8221;][et_pb_column type=&#8221;4_4&#8243; _builder_version=&#8221;3.25&#8243; custom_padding=&#8221;|||&#8221; custom_padding__hover=&#8221;|||&#8221;][et_pb_text admin_label=&#8221;Noticia&#8221; _builder_version=&#8221;4.1&#8243; text_font=&#8221;||||||||&#8221; background_size=&#8221;initial&#8221; background_position=&#8221;top_left&#8221; background_repeat=&#8221;repeat&#8221; text_orientation=&#8221;justified&#8221; min_height=&#8221;711px&#8221; custom_margin=&#8221;||||false|false&#8221; custom_padding=&#8221;|||||&#8221; hover_enabled=&#8221;0&#8243;] &nbsp; En un documento de propuestas para la Estrategia Europea de Discapacidad 2021-2030 (Madrid, 16 de Noviembre de 2020)).- El Comit\u00e9 Espa\u00f1ol de Representantes de Personas con Discapacidad (CERMI) y [&hellip;]<\/p>\n","protected":false},"author":1,"featured_media":3891,"comment_status":"closed","ping_status":"closed","sticky":false,"template":"","format":"standard","meta":{"_et_pb_use_builder":"on","_et_pb_old_content":"<h5 style=\"text-align: justify;\">La Confederaci\u00f3n CLM Inclusiva y la asociaci\u00f3n empresarial de Centros Especiales de Empleo de COCEMFE en Castilla-La Mancha, AECEMCO CLM, han firmado un acuerdo para promover las oportunidades de formaci\u00f3n y empleo de las personas del colectivo.<\/h5>\r\n<p style=\"text-align: justify;\"><img class=\"alignnone size-full wp-image-471\" src=\"http:\/\/clm-inclusiva.org\/wp-content\/uploads\/2019\/04\/3500_fotonoticia_20190402151941_1920.jpg\" alt=\"\" width=\"670\" height=\"300\"><\/p>\r\n<p style=\"text-align: justify;\">El presidente de la confederaci\u00f3n CLM Inclusiva, Enrique Alarc\u00f3n Garc\u00eda, y el presidente de AECEMCO CLM, \u00d3scar Sillas, han rubricado este acuerdo de colaboraci\u00f3n para coordinar su labor y actuaciones de apoyo a la promoci\u00f3n de los derechos de las personas con discapacidad f\u00edsica y org\u00e1nica en Castilla-La Mancha, ha informado esta confederaci\u00f3n en nota de prensa.<\/p>\r\nEl sector empresarial promovido por las organizaciones de COCEMFE sin \u00e1nimo de lucro, integrado en AECEMCO, da empleo actualmente a m\u00e1s de 800 personas con discapacidad de todo tipo, con actividades productivas y de prestaci\u00f3n de servicios muy variados como obras, lavander\u00eda, limpieza, medioambiente, manipulados, formaci\u00f3n, etc.\r\n\r\nAmbas organizaciones que comparten valores sociales y visi\u00f3n sobre los derechos de las personas con discapacidad coordinar\u00e1n todas sus actividades para incrementar las oportunidades de formaci\u00f3n, aprendizaje en el puesto de trabajo y calidad de los mismos, tanto en empleo protegido como ordinario.\r\n\r\nDentro de las actuaciones objeto del acuerdo se pondr\u00e1 especial atenci\u00f3n a dar a conocer la normativa de reserva de empleo para personas con discapacidad, as\u00ed como el adecuado cumplimiento de las medidas alternativas, para lo que se informar\u00e1 conjuntamente a administraciones, federaciones empresariales y grandes empresas sobre las oportunidades de empleabilidad de las personas con discapacidad f\u00edsica y org\u00e1nica.\r\n\r\nCLM Inclusiva dispone actualmente de Servicio de Empleo en todas las provincias de Castilla-La Mancha, gracias al apoyo de Fundaci\u00f3n ONCE y la financiaci\u00f3n de proyectos con cargo al IRPF, que realiza labor de intermediaci\u00f3n entre personas con discapacidad demandantes de empleo y empresas, asegurando la adecuaci\u00f3n de trabajadores al puesto de trabajo e informando sobre incentivos a la contrataci\u00f3n y ajustes t\u00e9cnicos necesarios en el puesto.\r\n\r\nLa Confederaci\u00f3n regional de entidades de personas con discapacidad f\u00edsica y org\u00e1nica, Castilla-La Mancha Inclusiva, agrupa al movimiento asociativo de COCEMFE en la Regi\u00f3n, con casi un centenar de entidades que representan en torno a 10.000 personas con discapacidad.\r\n\r\nActualmente se encuentra compuesta por cinco federaciones provinciales, COCEMFE Albacete, COCEMFE Cuenca, COCEMFE Guadalajara, COCEMFE Toledo y Ciudad Real Inclusiva, las entidades regionales AFANION, Federaci\u00f3n LUNA CLM de mujeres con discapacidad, AIDISCAM, y la asociaci\u00f3n nacional AMIAB.","_et_gb_content_width":"","footnotes":""},"categories":[39,28,5,41],"tags":[],"yoast_head":"<!-- This site is optimized with the Yoast SEO plugin v21.3 - https:\/\/yoast.com\/wordpress\/plugins\/seo\/ -->\n<title>El movimiento CERMI reclama a la UE que los fondos de reconstrucci\u00f3n est\u00e9n al servicio de la inclusi\u00f3n - Clm-Inclusiva<\/title>\n<meta name=\"robots\" content=\"index, follow, max-snippet:-1, max-image-preview:large, max-video-preview:-1\" \/>\n<link rel=\"canonical\" href=\"https:\/\/clm-inclusiva.org\/?p=3889\" \/>\n<meta property=\"og:locale\" content=\"es_ES\" \/>\n<meta property=\"og:type\" content=\"article\" \/>\n<meta property=\"og:title\" content=\"El movimiento CERMI reclama a la UE que los fondos de reconstrucci\u00f3n est\u00e9n al servicio de la inclusi\u00f3n - Clm-Inclusiva\" \/>\n<meta property=\"og:description\" content=\"[et_pb_section fb_built=&#8221;1&#8243; _builder_version=&#8221;4.0.4&#8243; custom_padding=&#8221;0px||2px|||&#8221;][et_pb_row _builder_version=&#8221;3.25&#8243; background_size=&#8221;initial&#8221; background_position=&#8221;top_left&#8221; background_repeat=&#8221;repeat&#8221; custom_margin=&#8221;|||||&#8221; custom_padding=&#8221;|||||&#8221;][et_pb_column type=&#8221;4_4&#8243; _builder_version=&#8221;3.25&#8243; custom_padding=&#8221;|||&#8221; custom_padding__hover=&#8221;|||&#8221;][et_pb_text admin_label=&#8221;Noticia&#8221; _builder_version=&#8221;4.1&#8243; text_font=&#8221;||||||||&#8221; background_size=&#8221;initial&#8221; background_position=&#8221;top_left&#8221; background_repeat=&#8221;repeat&#8221; text_orientation=&#8221;justified&#8221; min_height=&#8221;711px&#8221; custom_margin=&#8221;||||false|false&#8221; custom_padding=&#8221;|||||&#8221; hover_enabled=&#8221;0&#8243;] &nbsp; En un documento de propuestas para la Estrategia Europea de Discapacidad 2021-2030 (Madrid, 16 de Noviembre de 2020)).- El Comit\u00e9 Espa\u00f1ol de Representantes de Personas con Discapacidad (CERMI) y [&hellip;]\" \/>\n<meta property=\"og:url\" content=\"https:\/\/clm-inclusiva.org\/?p=3889\" \/>\n<meta property=\"og:site_name\" content=\"Clm-Inclusiva\" \/>\n<meta property=\"article:publisher\" content=\"https:\/\/www.facebook.com\/castillalamancha.inclusiva\/\" \/>\n<meta property=\"article:published_time\" content=\"2020-11-16T14:42:45+00:00\" \/>\n<meta property=\"article:modified_time\" content=\"2020-11-16T14:42:52+00:00\" \/>\n<meta property=\"og:image\" content=\"https:\/\/clm-inclusiva.org\/wp-content\/uploads\/2020\/11\/comision_europea_290.jpg\" \/>\n\t<meta property=\"og:image:width\" content=\"635\" \/>\n\t<meta property=\"og:image:height\" content=\"290\" \/>\n\t<meta property=\"og:image:type\" content=\"image\/jpeg\" \/>\n<meta name=\"author\" content=\"clm-inclusiva\" \/>\n<meta name=\"twitter:card\" content=\"summary_large_image\" \/>\n<meta name=\"twitter:creator\" content=\"@ClmInclusiva\" \/>\n<meta name=\"twitter:site\" content=\"@ClmInclusiva\" \/>\n<meta name=\"twitter:label1\" content=\"Escrito por\" \/>\n\t<meta name=\"twitter:data1\" content=\"clm-inclusiva\" \/>\n\t<meta name=\"twitter:label2\" content=\"Tiempo de lectura\" \/>\n\t<meta name=\"twitter:data2\" content=\"5 minutos\" \/>\n<script type=\"application\/ld+json\" class=\"yoast-schema-graph\">{\"@context\":\"https:\/\/schema.org\",\"@graph\":[{\"@type\":\"Article\",\"@id\":\"https:\/\/clm-inclusiva.org\/?p=3889#article\",\"isPartOf\":{\"@id\":\"https:\/\/clm-inclusiva.org\/?p=3889\"},\"author\":{\"name\":\"clm-inclusiva\",\"@id\":\"https:\/\/clm-inclusiva.org\/#\/schema\/person\/0cff84aaa5bb8fd3521c55d1578d902b\"},\"headline\":\"El movimiento CERMI reclama a la UE que los fondos de reconstrucci\u00f3n est\u00e9n al servicio de la inclusi\u00f3n\",\"datePublished\":\"2020-11-16T14:42:45+00:00\",\"dateModified\":\"2020-11-16T14:42:52+00:00\",\"mainEntityOfPage\":{\"@id\":\"https:\/\/clm-inclusiva.org\/?p=3889\"},\"wordCount\":1118,\"publisher\":{\"@id\":\"https:\/\/clm-inclusiva.org\/#organization\"},\"articleSection\":[\"Bienestar social\",\"Cermi\",\"Discapacidad\",\"Tercer sector\"],\"inLanguage\":\"es\"},{\"@type\":\"WebPage\",\"@id\":\"https:\/\/clm-inclusiva.org\/?p=3889\",\"url\":\"https:\/\/clm-inclusiva.org\/?p=3889\",\"name\":\"El movimiento CERMI reclama a la UE que los fondos de reconstrucci\u00f3n est\u00e9n al servicio de la inclusi\u00f3n - Clm-Inclusiva\",\"isPartOf\":{\"@id\":\"https:\/\/clm-inclusiva.org\/#website\"},\"datePublished\":\"2020-11-16T14:42:45+00:00\",\"dateModified\":\"2020-11-16T14:42:52+00:00\",\"breadcrumb\":{\"@id\":\"https:\/\/clm-inclusiva.org\/?p=3889#breadcrumb\"},\"inLanguage\":\"es\",\"potentialAction\":[{\"@type\":\"ReadAction\",\"target\":[\"https:\/\/clm-inclusiva.org\/?p=3889\"]}]},{\"@type\":\"BreadcrumbList\",\"@id\":\"https:\/\/clm-inclusiva.org\/?p=3889#breadcrumb\",\"itemListElement\":[{\"@type\":\"ListItem\",\"position\":1,\"name\":\"Portada\",\"item\":\"https:\/\/clm-inclusiva.org\/\"},{\"@type\":\"ListItem\",\"position\":2,\"name\":\"El movimiento CERMI reclama a la UE que los fondos de reconstrucci\u00f3n est\u00e9n al servicio de la inclusi\u00f3n\"}]},{\"@type\":\"WebSite\",\"@id\":\"https:\/\/clm-inclusiva.org\/#website\",\"url\":\"https:\/\/clm-inclusiva.org\/\",\"name\":\"Clm-Inclusiva\",\"description\":\"Confederaci\u00f3n de entidades de personas con discapacidad f\u00edsica y org\u00e1nica CLM\",\"publisher\":{\"@id\":\"https:\/\/clm-inclusiva.org\/#organization\"},\"potentialAction\":[{\"@type\":\"SearchAction\",\"target\":{\"@type\":\"EntryPoint\",\"urlTemplate\":\"https:\/\/clm-inclusiva.org\/?s={search_term_string}\"},\"query-input\":\"required name=search_term_string\"}],\"inLanguage\":\"es\"},{\"@type\":\"Organization\",\"@id\":\"https:\/\/clm-inclusiva.org\/#organization\",\"name\":\"Clm-Inclusiva\",\"url\":\"https:\/\/clm-inclusiva.org\/\",\"logo\":{\"@type\":\"ImageObject\",\"inLanguage\":\"es\",\"@id\":\"https:\/\/clm-inclusiva.org\/#\/schema\/logo\/image\/\",\"url\":\"http:\/\/clm-inclusiva.org\/wp-content\/uploads\/2019\/04\/banner-e1533720812836.jpg\",\"contentUrl\":\"http:\/\/clm-inclusiva.org\/wp-content\/uploads\/2019\/04\/banner-e1533720812836.jpg\",\"width\":600,\"height\":332,\"caption\":\"Clm-Inclusiva\"},\"image\":{\"@id\":\"https:\/\/clm-inclusiva.org\/#\/schema\/logo\/image\/\"},\"sameAs\":[\"https:\/\/www.facebook.com\/castillalamancha.inclusiva\/\",\"https:\/\/twitter.com\/ClmInclusiva\"]},{\"@type\":\"Person\",\"@id\":\"https:\/\/clm-inclusiva.org\/#\/schema\/person\/0cff84aaa5bb8fd3521c55d1578d902b\",\"name\":\"clm-inclusiva\",\"image\":{\"@type\":\"ImageObject\",\"inLanguage\":\"es\",\"@id\":\"https:\/\/clm-inclusiva.org\/#\/schema\/person\/image\/\",\"url\":\"https:\/\/secure.gravatar.com\/avatar\/88948567af770dc9cd5597b329011884?s=96&d=blank&r=g\",\"contentUrl\":\"https:\/\/secure.gravatar.com\/avatar\/88948567af770dc9cd5597b329011884?s=96&d=blank&r=g\",\"caption\":\"clm-inclusiva\"},\"sameAs\":[\"http:\/\/clm-inclusiva.org\"],\"url\":\"https:\/\/clm-inclusiva.org\/?author=1\"}]}<\/script>\n<!-- \/ Yoast SEO plugin. -->","yoast_head_json":{"title":"El movimiento CERMI reclama a la UE que los fondos de reconstrucci\u00f3n est\u00e9n al servicio de la inclusi\u00f3n - Clm-Inclusiva","robots":{"index":"index","follow":"follow","max-snippet":"max-snippet:-1","max-image-preview":"max-image-preview:large","max-video-preview":"max-video-preview:-1"},"canonical":"https:\/\/clm-inclusiva.org\/?p=3889","og_locale":"es_ES","og_type":"article","og_title":"El movimiento CERMI reclama a la UE que los fondos de reconstrucci\u00f3n est\u00e9n al servicio de la inclusi\u00f3n - Clm-Inclusiva","og_description":"[et_pb_section fb_built=&#8221;1&#8243; _builder_version=&#8221;4.0.4&#8243; custom_padding=&#8221;0px||2px|||&#8221;][et_pb_row _builder_version=&#8221;3.25&#8243; background_size=&#8221;initial&#8221; background_position=&#8221;top_left&#8221; background_repeat=&#8221;repeat&#8221; custom_margin=&#8221;|||||&#8221; custom_padding=&#8221;|||||&#8221;][et_pb_column type=&#8221;4_4&#8243; _builder_version=&#8221;3.25&#8243; custom_padding=&#8221;|||&#8221; custom_padding__hover=&#8221;|||&#8221;][et_pb_text admin_label=&#8221;Noticia&#8221; _builder_version=&#8221;4.1&#8243; text_font=&#8221;||||||||&#8221; background_size=&#8221;initial&#8221; background_position=&#8221;top_left&#8221; background_repeat=&#8221;repeat&#8221; text_orientation=&#8221;justified&#8221; min_height=&#8221;711px&#8221; custom_margin=&#8221;||||false|false&#8221; custom_padding=&#8221;|||||&#8221; hover_enabled=&#8221;0&#8243;] &nbsp; En un documento de propuestas para la Estrategia Europea de Discapacidad 2021-2030 (Madrid, 16 de Noviembre de 2020)).- El Comit\u00e9 Espa\u00f1ol de Representantes de Personas con Discapacidad (CERMI) y [&hellip;]","og_url":"https:\/\/clm-inclusiva.org\/?p=3889","og_site_name":"Clm-Inclusiva","article_publisher":"https:\/\/www.facebook.com\/castillalamancha.inclusiva\/","article_published_time":"2020-11-16T14:42:45+00:00","article_modified_time":"2020-11-16T14:42:52+00:00","og_image":[{"width":635,"height":290,"url":"https:\/\/clm-inclusiva.org\/wp-content\/uploads\/2020\/11\/comision_europea_290.jpg","type":"image\/jpeg"}],"author":"clm-inclusiva","twitter_card":"summary_large_image","twitter_creator":"@ClmInclusiva","twitter_site":"@ClmInclusiva","twitter_misc":{"Escrito por":"clm-inclusiva","Tiempo de lectura":"5 minutos"},"schema":{"@context":"https:\/\/schema.org","@graph":[{"@type":"Article","@id":"https:\/\/clm-inclusiva.org\/?p=3889#article","isPartOf":{"@id":"https:\/\/clm-inclusiva.org\/?p=3889"},"author":{"name":"clm-inclusiva","@id":"https:\/\/clm-inclusiva.org\/#\/schema\/person\/0cff84aaa5bb8fd3521c55d1578d902b"},"headline":"El movimiento CERMI reclama a la UE que los fondos de reconstrucci\u00f3n est\u00e9n al servicio de la inclusi\u00f3n","datePublished":"2020-11-16T14:42:45+00:00","dateModified":"2020-11-16T14:42:52+00:00","mainEntityOfPage":{"@id":"https:\/\/clm-inclusiva.org\/?p=3889"},"wordCount":1118,"publisher":{"@id":"https:\/\/clm-inclusiva.org\/#organization"},"articleSection":["Bienestar social","Cermi","Discapacidad","Tercer sector"],"inLanguage":"es"},{"@type":"WebPage","@id":"https:\/\/clm-inclusiva.org\/?p=3889","url":"https:\/\/clm-inclusiva.org\/?p=3889","name":"El movimiento CERMI reclama a la UE que los fondos de reconstrucci\u00f3n est\u00e9n al servicio de la inclusi\u00f3n - Clm-Inclusiva","isPartOf":{"@id":"https:\/\/clm-inclusiva.org\/#website"},"datePublished":"2020-11-16T14:42:45+00:00","dateModified":"2020-11-16T14:42:52+00:00","breadcrumb":{"@id":"https:\/\/clm-inclusiva.org\/?p=3889#breadcrumb"},"inLanguage":"es","potentialAction":[{"@type":"ReadAction","target":["https:\/\/clm-inclusiva.org\/?p=3889"]}]},{"@type":"BreadcrumbList","@id":"https:\/\/clm-inclusiva.org\/?p=3889#breadcrumb","itemListElement":[{"@type":"ListItem","position":1,"name":"Portada","item":"https:\/\/clm-inclusiva.org\/"},{"@type":"ListItem","position":2,"name":"El movimiento CERMI reclama a la UE que los fondos de reconstrucci\u00f3n est\u00e9n al servicio de la inclusi\u00f3n"}]},{"@type":"WebSite","@id":"https:\/\/clm-inclusiva.org\/#website","url":"https:\/\/clm-inclusiva.org\/","name":"Clm-Inclusiva","description":"Confederaci\u00f3n de entidades de personas con discapacidad f\u00edsica y org\u00e1nica CLM","publisher":{"@id":"https:\/\/clm-inclusiva.org\/#organization"},"potentialAction":[{"@type":"SearchAction","target":{"@type":"EntryPoint","urlTemplate":"https:\/\/clm-inclusiva.org\/?s={search_term_string}"},"query-input":"required name=search_term_string"}],"inLanguage":"es"},{"@type":"Organization","@id":"https:\/\/clm-inclusiva.org\/#organization","name":"Clm-Inclusiva","url":"https:\/\/clm-inclusiva.org\/","logo":{"@type":"ImageObject","inLanguage":"es","@id":"https:\/\/clm-inclusiva.org\/#\/schema\/logo\/image\/","url":"http:\/\/clm-inclusiva.org\/wp-content\/uploads\/2019\/04\/banner-e1533720812836.jpg","contentUrl":"http:\/\/clm-inclusiva.org\/wp-content\/uploads\/2019\/04\/banner-e1533720812836.jpg","width":600,"height":332,"caption":"Clm-Inclusiva"},"image":{"@id":"https:\/\/clm-inclusiva.org\/#\/schema\/logo\/image\/"},"sameAs":["https:\/\/www.facebook.com\/castillalamancha.inclusiva\/","https:\/\/twitter.com\/ClmInclusiva"]},{"@type":"Person","@id":"https:\/\/clm-inclusiva.org\/#\/schema\/person\/0cff84aaa5bb8fd3521c55d1578d902b","name":"clm-inclusiva","image":{"@type":"ImageObject","inLanguage":"es","@id":"https:\/\/clm-inclusiva.org\/#\/schema\/person\/image\/","url":"https:\/\/secure.gravatar.com\/avatar\/88948567af770dc9cd5597b329011884?s=96&d=blank&r=g","contentUrl":"https:\/\/secure.gravatar.com\/avatar\/88948567af770dc9cd5597b329011884?s=96&d=blank&r=g","caption":"clm-inclusiva"},"sameAs":["http:\/\/clm-inclusiva.org"],"url":"https:\/\/clm-inclusiva.org\/?author=1"}]}},"_links":{"self":[{"href":"https:\/\/clm-inclusiva.org\/index.php?rest_route=\/wp\/v2\/posts\/3889"}],"collection":[{"href":"https:\/\/clm-inclusiva.org\/index.php?rest_route=\/wp\/v2\/posts"}],"about":[{"href":"https:\/\/clm-inclusiva.org\/index.php?rest_route=\/wp\/v2\/types\/post"}],"author":[{"embeddable":true,"href":"https:\/\/clm-inclusiva.org\/index.php?rest_route=\/wp\/v2\/users\/1"}],"replies":[{"embeddable":true,"href":"https:\/\/clm-inclusiva.org\/index.php?rest_route=%2Fwp%2Fv2%2Fcomments&post=3889"}],"version-history":[{"count":3,"href":"https:\/\/clm-inclusiva.org\/index.php?rest_route=\/wp\/v2\/posts\/3889\/revisions"}],"predecessor-version":[{"id":3894,"href":"https:\/\/clm-inclusiva.org\/index.php?rest_route=\/wp\/v2\/posts\/3889\/revisions\/3894"}],"wp:featuredmedia":[{"embeddable":true,"href":"https:\/\/clm-inclusiva.org\/index.php?rest_route=\/wp\/v2\/media\/3891"}],"wp:attachment":[{"href":"https:\/\/clm-inclusiva.org\/index.php?rest_route=%2Fwp%2Fv2%2Fmedia&parent=3889"}],"wp:term":[{"taxonomy":"category","embeddable":true,"href":"https:\/\/clm-inclusiva.org\/index.php?rest_route=%2Fwp%2Fv2%2Fcategories&post=3889"},{"taxonomy":"post_tag","embeddable":true,"href":"https:\/\/clm-inclusiva.org\/index.php?rest_route=%2Fwp%2Fv2%2Ftags&post=3889"}],"curies":[{"name":"wp","href":"https:\/\/api.w.org\/{rel}","templated":true}]}}