{"id":3874,"date":"2020-11-05T13:27:43","date_gmt":"2020-11-05T11:27:43","guid":{"rendered":"http:\/\/clm-inclusiva.org\/?p=3874"},"modified":"2020-11-05T13:31:19","modified_gmt":"2020-11-05T11:31:19","slug":"convenios-sociales-de-fundacion-ibercaja-en-guadalajara-y-cocemfe-guadalajara","status":"publish","type":"post","link":"https:\/\/clm-inclusiva.org\/?p=3874","title":{"rendered":"Convenio social de Fundaci\u00f3n Ibercaja  y COCEMFE Guadalajara"},"content":{"rendered":"<p>[et_pb_section fb_built=&#8221;1&#8243; _builder_version=&#8221;4.0.4&#8243; custom_padding=&#8221;0px||2px|||&#8221;][et_pb_row _builder_version=&#8221;3.25&#8243; background_size=&#8221;initial&#8221; background_position=&#8221;top_left&#8221; background_repeat=&#8221;repeat&#8221; custom_margin=&#8221;|||||&#8221; custom_padding=&#8221;|||||&#8221;][et_pb_column type=&#8221;4_4&#8243; _builder_version=&#8221;3.25&#8243; custom_padding=&#8221;|||&#8221; custom_padding__hover=&#8221;|||&#8221;][et_pb_text admin_label=&#8221;Noticia&#8221; _builder_version=&#8221;4.1&#8243; text_font=&#8221;||||||||&#8221; background_size=&#8221;initial&#8221; background_position=&#8221;top_left&#8221; background_repeat=&#8221;repeat&#8221; text_orientation=&#8221;justified&#8221; min_height=&#8221;711px&#8221; custom_margin=&#8221;||||false|false&#8221; custom_padding=&#8221;|||||&#8221;]<\/p>\n<div class=\"code-block code-block-2\">\n<div id=\"paszonecont_135810\" class=\"paszone_container paszone-container-135810   \">\n<div>\n<ul>\n<li><strong>El director general de Fundaci\u00f3n Ibercaja, Jos\u00e9 Luis Rodrigo Escrig, ha rubricadlo los acuerdos con los representantes de los 11 proyectos que se llevar\u00e1n a cabo en Guadalajara. <\/strong><\/li>\n<li><strong>Forma parte de la decimoquinta convocatoria de ayudas que Fundaci\u00f3n Ibercaja convoca a nivel nacional, a la que se presentaron 578 iniciativas de todas las comunidades y de las que se seleccionaron 304 proyectos, que beneficiar\u00e1n a 158.196 personas.\u00a0<\/strong><\/li>\n<li><strong>COCEMFE Guadalajara es una de las entidades beneficiadas, y su presidente, \u00c1ngel S\u00e1nchez, particip\u00f3 en esta firma virtual.<\/strong><\/li>\n<\/ul>\n<p>Guadalajara (5\/11\/2020).-\u00a0El director general de Fundaci\u00f3n Ibercaja, Jos\u00e9 Luis Rodrigo Escrig ha firmado los convenios con las 11 asociaciones seleccionadas en la provincia de Guadalajara en la Convocatoria de Proyectos Sociales de Fundaci\u00f3n Ibercaja.<\/p>\n<p>Con esta actuaci\u00f3n se reafirma el compromiso de apoyo al tercer sector por parte de Fundaci\u00f3n Ibercaja que este a\u00f1o tiene entre sus objetivos cubrir necesidades b\u00e1sicas de la poblaci\u00f3n en riesgo de exclusi\u00f3n derivadas de la crisis generada por la COVID-19.<\/p>\n<p>Las ayudas tienen por objeto apoyar proyectos dirigidos a la inserci\u00f3n laboral e integraci\u00f3n social de colectivos en situaci\u00f3n o riesgo de exclusi\u00f3n social; o dependencia social; iniciativas de orientaci\u00f3n y formaci\u00f3n destinadas a implementar alternativas innovadoras que afronten el fracaso escolar, con el objeto de tener una educaci\u00f3n de calidad, as\u00ed como aquellos destinados a cubrir necesidades b\u00e1sicas de personas en situaci\u00f3n de exclusi\u00f3n. Tambi\u00e9n respalda todo tipo de acciones, actividades, talleres o programas orientados a fomentar el crecimiento personal, el apoyo a los mayores y otros colectivos sociales vulnerables, y este a\u00f1o especialmente para paliar las situaciones de emergencia creadas por la COVID19.<strong>\u00a0<\/strong><\/p>\n<h4><strong>11 proyectos en\u00a0<\/strong><strong>la provincia de Guadalajara<\/strong><\/h4>\n<p>En Guadalajara han sido elegidas 11 asociaciones, de las 14 que presentaron solicitudes.<\/p>\n<p>De los 11 proyectos seleccionados, 3 est\u00e1n dirigidos a mejorar la empleabilidad de personas con dificultades en el acceso al mercado laboral, 2 se destinan a formaci\u00f3n y educaci\u00f3n de colectivos con necesidades especiales y 6 impulsan iniciativas que fomentan el desarrollo personal de personas en situaci\u00f3n o riesgo de exclusi\u00f3n. Este reparto supone que un 55% es para cubrir necesidades b\u00e1sicas, 27% apoya la creaci\u00f3n de empleo y un 18% aborda el fracaso escolar.<\/p>\n<h4><strong>Fundaci\u00f3n Ibercaja apoya 304 entidades sociales en toda Espa\u00f1a<\/strong><\/h4>\n<p>Fundaci\u00f3n Ibercaja firmar\u00e1 tambi\u00e9n el resto de los convenios concedidos, a nivel nacional, en esta decimoquinta convocatoria de Proyectos Sociales que apoya 304 iniciativas, que beneficiar\u00e1n directamente a 158.196 personas. A la convocatoria optaron 578 proyectos.<\/p>\n<p>De los 304 proyectos seleccionados en esta edici\u00f3n, 191 se destinan a la atenci\u00f3n de necesidades b\u00e1sicas para colectivos en situaci\u00f3n o riesgo de exclusi\u00f3n social; 60 se destinan a inserci\u00f3n laboral y social, y 53 para proyectos educativos para combatir el fracaso escolar. Este reparto supone que un 63% es para cubrir necesidades b\u00e1sicas, 20% apoya la creaci\u00f3n de empleo y un 17% aborda el fracaso escolar.<strong>\u00a0<\/strong><\/p>\n<h4><strong>Experiencia demostrada<\/strong><\/h4>\n<p>Seg\u00fan las bases del concurso, los proyectos pod\u00edan ser presentados por entidades sin \u00e1nimo de lucro con una experiencia m\u00ednima de dos a\u00f1os y con estructuras econ\u00f3micas y de gesti\u00f3n que aseguren la viabilidad de la ejecuci\u00f3n del proyecto presentado.<\/p>\n<p><strong><u>ASOCIACIONES DE GUADALAJARA SELECCIONADAS EN 2020<\/u><\/strong><\/p>\n<ul>\n<li>FUNDACI\u00d3N NIPACE<\/li>\n<li>ASOCIACI\u00d3N ESPA\u00d1OLA CONTRA EL C\u00c1NCER<\/li>\n<li>ASOCIACI\u00d3N DE ESCLEROSIS M\u00daLTIPLE DE GUADALAJARA<\/li>\n<li><strong>COCEMFE GUADALAJARA<\/strong><\/li>\n<li>ASOCIACI\u00d1ON PARA EL S\u00cdNDROME DE DOWN<\/li>\n<li>C\u00c1RITAS DIOCESANA SIG\u00dcENZA-GUADALAJARA<\/li>\n<li>ASOCIACI\u00d3N LAS ENCINAS<\/li>\n<li>ASOCIACI\u00d3N PARTIR-CON<\/li>\n<li>APANAG<\/li>\n<li>SOLIDARIDAD DEL HENARES- PROYECTO HOMBRE<\/li>\n<li>ASOCIACI\u00d3N GUADA ACOGE<\/li>\n<\/ul>\n<\/div>\n<\/div>\n<\/div>\n<p>[\/et_pb_text][et_pb_post_nav prev_text=&#8221;Anterior&#8221; next_text=&#8221;Siguiente&#8221; _builder_version=&#8221;3.22.4&#8243;][\/et_pb_post_nav][\/et_pb_column][\/et_pb_row][\/et_pb_section]<\/p>\n","protected":false},"excerpt":{"rendered":"<p>[et_pb_section fb_built=&#8221;1&#8243; _builder_version=&#8221;4.0.4&#8243; custom_padding=&#8221;0px||2px|||&#8221;][et_pb_row _builder_version=&#8221;3.25&#8243; background_size=&#8221;initial&#8221; background_position=&#8221;top_left&#8221; background_repeat=&#8221;repeat&#8221; custom_margin=&#8221;|||||&#8221; custom_padding=&#8221;|||||&#8221;][et_pb_column type=&#8221;4_4&#8243; _builder_version=&#8221;3.25&#8243; custom_padding=&#8221;|||&#8221; custom_padding__hover=&#8221;|||&#8221;][et_pb_text admin_label=&#8221;Noticia&#8221; _builder_version=&#8221;4.1&#8243; text_font=&#8221;||||||||&#8221; background_size=&#8221;initial&#8221; background_position=&#8221;top_left&#8221; background_repeat=&#8221;repeat&#8221; text_orientation=&#8221;justified&#8221; min_height=&#8221;711px&#8221; custom_margin=&#8221;||||false|false&#8221; custom_padding=&#8221;|||||&#8221;] El director general de Fundaci\u00f3n Ibercaja, Jos\u00e9 Luis Rodrigo Escrig, ha rubricadlo los acuerdos con los representantes de los 11 proyectos que se llevar\u00e1n a cabo en Guadalajara. Forma parte de [&hellip;]<\/p>\n","protected":false},"author":1,"featured_media":3878,"comment_status":"closed","ping_status":"closed","sticky":false,"template":"","format":"standard","meta":{"_et_pb_use_builder":"on","_et_pb_old_content":"<h5 style=\"text-align: justify;\">La Confederaci\u00f3n CLM Inclusiva y la asociaci\u00f3n empresarial de Centros Especiales de Empleo de COCEMFE en Castilla-La Mancha, AECEMCO CLM, han firmado un acuerdo para promover las oportunidades de formaci\u00f3n y empleo de las personas del colectivo.<\/h5>\r\n<p style=\"text-align: justify;\"><img class=\"alignnone size-full wp-image-471\" src=\"http:\/\/clm-inclusiva.org\/wp-content\/uploads\/2019\/04\/3500_fotonoticia_20190402151941_1920.jpg\" alt=\"\" width=\"670\" height=\"300\"><\/p>\r\n<p style=\"text-align: justify;\">El presidente de la confederaci\u00f3n CLM Inclusiva, Enrique Alarc\u00f3n Garc\u00eda, y el presidente de AECEMCO CLM, \u00d3scar Sillas, han rubricado este acuerdo de colaboraci\u00f3n para coordinar su labor y actuaciones de apoyo a la promoci\u00f3n de los derechos de las personas con discapacidad f\u00edsica y org\u00e1nica en Castilla-La Mancha, ha informado esta confederaci\u00f3n en nota de prensa.<\/p>\r\nEl sector empresarial promovido por las organizaciones de COCEMFE sin \u00e1nimo de lucro, integrado en AECEMCO, da empleo actualmente a m\u00e1s de 800 personas con discapacidad de todo tipo, con actividades productivas y de prestaci\u00f3n de servicios muy variados como obras, lavander\u00eda, limpieza, medioambiente, manipulados, formaci\u00f3n, etc.\r\n\r\nAmbas organizaciones que comparten valores sociales y visi\u00f3n sobre los derechos de las personas con discapacidad coordinar\u00e1n todas sus actividades para incrementar las oportunidades de formaci\u00f3n, aprendizaje en el puesto de trabajo y calidad de los mismos, tanto en empleo protegido como ordinario.\r\n\r\nDentro de las actuaciones objeto del acuerdo se pondr\u00e1 especial atenci\u00f3n a dar a conocer la normativa de reserva de empleo para personas con discapacidad, as\u00ed como el adecuado cumplimiento de las medidas alternativas, para lo que se informar\u00e1 conjuntamente a administraciones, federaciones empresariales y grandes empresas sobre las oportunidades de empleabilidad de las personas con discapacidad f\u00edsica y org\u00e1nica.\r\n\r\nCLM Inclusiva dispone actualmente de Servicio de Empleo en todas las provincias de Castilla-La Mancha, gracias al apoyo de Fundaci\u00f3n ONCE y la financiaci\u00f3n de proyectos con cargo al IRPF, que realiza labor de intermediaci\u00f3n entre personas con discapacidad demandantes de empleo y empresas, asegurando la adecuaci\u00f3n de trabajadores al puesto de trabajo e informando sobre incentivos a la contrataci\u00f3n y ajustes t\u00e9cnicos necesarios en el puesto.\r\n\r\nLa Confederaci\u00f3n regional de entidades de personas con discapacidad f\u00edsica y org\u00e1nica, Castilla-La Mancha Inclusiva, agrupa al movimiento asociativo de COCEMFE en la Regi\u00f3n, con casi un centenar de entidades que representan en torno a 10.000 personas con discapacidad.\r\n\r\nActualmente se encuentra compuesta por cinco federaciones provinciales, COCEMFE Albacete, COCEMFE Cuenca, COCEMFE Guadalajara, COCEMFE Toledo y Ciudad Real Inclusiva, las entidades regionales AFANION, Federaci\u00f3n LUNA CLM de mujeres con discapacidad, AIDISCAM, y la asociaci\u00f3n nacional AMIAB.","_et_gb_content_width":"","footnotes":""},"categories":[39,49,47,5,51,8,41],"tags":[],"yoast_head":"<!-- This site is optimized with the Yoast SEO plugin v21.3 - https:\/\/yoast.com\/wordpress\/plugins\/seo\/ -->\n<title>Convenio social de Fundaci\u00f3n Ibercaja y COCEMFE Guadalajara - Clm-Inclusiva<\/title>\n<meta name=\"robots\" content=\"index, follow, max-snippet:-1, max-image-preview:large, max-video-preview:-1\" \/>\n<link rel=\"canonical\" href=\"https:\/\/clm-inclusiva.org\/?p=3874\" \/>\n<meta property=\"og:locale\" content=\"es_ES\" \/>\n<meta property=\"og:type\" content=\"article\" \/>\n<meta property=\"og:title\" content=\"Convenio social de Fundaci\u00f3n Ibercaja y COCEMFE Guadalajara - Clm-Inclusiva\" \/>\n<meta property=\"og:description\" content=\"[et_pb_section fb_built=&#8221;1&#8243; _builder_version=&#8221;4.0.4&#8243; custom_padding=&#8221;0px||2px|||&#8221;][et_pb_row _builder_version=&#8221;3.25&#8243; background_size=&#8221;initial&#8221; background_position=&#8221;top_left&#8221; background_repeat=&#8221;repeat&#8221; custom_margin=&#8221;|||||&#8221; custom_padding=&#8221;|||||&#8221;][et_pb_column type=&#8221;4_4&#8243; _builder_version=&#8221;3.25&#8243; custom_padding=&#8221;|||&#8221; custom_padding__hover=&#8221;|||&#8221;][et_pb_text admin_label=&#8221;Noticia&#8221; _builder_version=&#8221;4.1&#8243; text_font=&#8221;||||||||&#8221; background_size=&#8221;initial&#8221; background_position=&#8221;top_left&#8221; background_repeat=&#8221;repeat&#8221; text_orientation=&#8221;justified&#8221; min_height=&#8221;711px&#8221; custom_margin=&#8221;||||false|false&#8221; custom_padding=&#8221;|||||&#8221;] El director general de Fundaci\u00f3n Ibercaja, Jos\u00e9 Luis Rodrigo Escrig, ha rubricadlo los acuerdos con los representantes de los 11 proyectos que se llevar\u00e1n a cabo en Guadalajara. Forma parte de [&hellip;]\" \/>\n<meta property=\"og:url\" content=\"https:\/\/clm-inclusiva.org\/?p=3874\" \/>\n<meta property=\"og:site_name\" content=\"Clm-Inclusiva\" \/>\n<meta property=\"article:publisher\" content=\"https:\/\/www.facebook.com\/castillalamancha.inclusiva\/\" \/>\n<meta property=\"article:published_time\" content=\"2020-11-05T11:27:43+00:00\" \/>\n<meta property=\"article:modified_time\" content=\"2020-11-05T11:31:19+00:00\" \/>\n<meta property=\"og:image\" content=\"https:\/\/clm-inclusiva.org\/wp-content\/uploads\/2020\/11\/firma-de-los-convenios-1.jpg\" \/>\n\t<meta property=\"og:image:width\" content=\"2219\" \/>\n\t<meta property=\"og:image:height\" content=\"1248\" \/>\n\t<meta property=\"og:image:type\" content=\"image\/jpeg\" \/>\n<meta name=\"author\" content=\"clm-inclusiva\" \/>\n<meta name=\"twitter:card\" content=\"summary_large_image\" \/>\n<meta name=\"twitter:creator\" content=\"@ClmInclusiva\" \/>\n<meta name=\"twitter:site\" content=\"@ClmInclusiva\" \/>\n<meta name=\"twitter:label1\" content=\"Escrito por\" \/>\n\t<meta name=\"twitter:data1\" content=\"clm-inclusiva\" \/>\n\t<meta name=\"twitter:label2\" content=\"Tiempo de lectura\" \/>\n\t<meta name=\"twitter:data2\" content=\"4 minutos\" \/>\n<script type=\"application\/ld+json\" class=\"yoast-schema-graph\">{\"@context\":\"https:\/\/schema.org\",\"@graph\":[{\"@type\":\"Article\",\"@id\":\"https:\/\/clm-inclusiva.org\/?p=3874#article\",\"isPartOf\":{\"@id\":\"https:\/\/clm-inclusiva.org\/?p=3874\"},\"author\":{\"name\":\"clm-inclusiva\",\"@id\":\"https:\/\/clm-inclusiva.org\/#\/schema\/person\/0cff84aaa5bb8fd3521c55d1578d902b\"},\"headline\":\"Convenio social de Fundaci\u00f3n Ibercaja y COCEMFE Guadalajara\",\"datePublished\":\"2020-11-05T11:27:43+00:00\",\"dateModified\":\"2020-11-05T11:31:19+00:00\",\"mainEntityOfPage\":{\"@id\":\"https:\/\/clm-inclusiva.org\/?p=3874\"},\"wordCount\":709,\"publisher\":{\"@id\":\"https:\/\/clm-inclusiva.org\/#organization\"},\"articleSection\":[\"Bienestar social\",\"castilla-la mancha\",\"cocemfe\",\"Discapacidad\",\"Guadalajara\",\"Sociedad\",\"Tercer sector\"],\"inLanguage\":\"es\"},{\"@type\":\"WebPage\",\"@id\":\"https:\/\/clm-inclusiva.org\/?p=3874\",\"url\":\"https:\/\/clm-inclusiva.org\/?p=3874\",\"name\":\"Convenio social de Fundaci\u00f3n Ibercaja y COCEMFE Guadalajara - Clm-Inclusiva\",\"isPartOf\":{\"@id\":\"https:\/\/clm-inclusiva.org\/#website\"},\"datePublished\":\"2020-11-05T11:27:43+00:00\",\"dateModified\":\"2020-11-05T11:31:19+00:00\",\"breadcrumb\":{\"@id\":\"https:\/\/clm-inclusiva.org\/?p=3874#breadcrumb\"},\"inLanguage\":\"es\",\"potentialAction\":[{\"@type\":\"ReadAction\",\"target\":[\"https:\/\/clm-inclusiva.org\/?p=3874\"]}]},{\"@type\":\"BreadcrumbList\",\"@id\":\"https:\/\/clm-inclusiva.org\/?p=3874#breadcrumb\",\"itemListElement\":[{\"@type\":\"ListItem\",\"position\":1,\"name\":\"Portada\",\"item\":\"https:\/\/clm-inclusiva.org\/\"},{\"@type\":\"ListItem\",\"position\":2,\"name\":\"Convenio social de Fundaci\u00f3n Ibercaja y COCEMFE Guadalajara\"}]},{\"@type\":\"WebSite\",\"@id\":\"https:\/\/clm-inclusiva.org\/#website\",\"url\":\"https:\/\/clm-inclusiva.org\/\",\"name\":\"Clm-Inclusiva\",\"description\":\"Confederaci\u00f3n de entidades de personas con discapacidad f\u00edsica y org\u00e1nica CLM\",\"publisher\":{\"@id\":\"https:\/\/clm-inclusiva.org\/#organization\"},\"potentialAction\":[{\"@type\":\"SearchAction\",\"target\":{\"@type\":\"EntryPoint\",\"urlTemplate\":\"https:\/\/clm-inclusiva.org\/?s={search_term_string}\"},\"query-input\":\"required name=search_term_string\"}],\"inLanguage\":\"es\"},{\"@type\":\"Organization\",\"@id\":\"https:\/\/clm-inclusiva.org\/#organization\",\"name\":\"Clm-Inclusiva\",\"url\":\"https:\/\/clm-inclusiva.org\/\",\"logo\":{\"@type\":\"ImageObject\",\"inLanguage\":\"es\",\"@id\":\"https:\/\/clm-inclusiva.org\/#\/schema\/logo\/image\/\",\"url\":\"http:\/\/clm-inclusiva.org\/wp-content\/uploads\/2019\/04\/banner-e1533720812836.jpg\",\"contentUrl\":\"http:\/\/clm-inclusiva.org\/wp-content\/uploads\/2019\/04\/banner-e1533720812836.jpg\",\"width\":600,\"height\":332,\"caption\":\"Clm-Inclusiva\"},\"image\":{\"@id\":\"https:\/\/clm-inclusiva.org\/#\/schema\/logo\/image\/\"},\"sameAs\":[\"https:\/\/www.facebook.com\/castillalamancha.inclusiva\/\",\"https:\/\/twitter.com\/ClmInclusiva\"]},{\"@type\":\"Person\",\"@id\":\"https:\/\/clm-inclusiva.org\/#\/schema\/person\/0cff84aaa5bb8fd3521c55d1578d902b\",\"name\":\"clm-inclusiva\",\"image\":{\"@type\":\"ImageObject\",\"inLanguage\":\"es\",\"@id\":\"https:\/\/clm-inclusiva.org\/#\/schema\/person\/image\/\",\"url\":\"https:\/\/secure.gravatar.com\/avatar\/88948567af770dc9cd5597b329011884?s=96&d=blank&r=g\",\"contentUrl\":\"https:\/\/secure.gravatar.com\/avatar\/88948567af770dc9cd5597b329011884?s=96&d=blank&r=g\",\"caption\":\"clm-inclusiva\"},\"sameAs\":[\"http:\/\/clm-inclusiva.org\"],\"url\":\"https:\/\/clm-inclusiva.org\/?author=1\"}]}<\/script>\n<!-- \/ Yoast SEO plugin. -->","yoast_head_json":{"title":"Convenio social de Fundaci\u00f3n Ibercaja y COCEMFE Guadalajara - Clm-Inclusiva","robots":{"index":"index","follow":"follow","max-snippet":"max-snippet:-1","max-image-preview":"max-image-preview:large","max-video-preview":"max-video-preview:-1"},"canonical":"https:\/\/clm-inclusiva.org\/?p=3874","og_locale":"es_ES","og_type":"article","og_title":"Convenio social de Fundaci\u00f3n Ibercaja y COCEMFE Guadalajara - Clm-Inclusiva","og_description":"[et_pb_section fb_built=&#8221;1&#8243; _builder_version=&#8221;4.0.4&#8243; custom_padding=&#8221;0px||2px|||&#8221;][et_pb_row _builder_version=&#8221;3.25&#8243; background_size=&#8221;initial&#8221; background_position=&#8221;top_left&#8221; background_repeat=&#8221;repeat&#8221; custom_margin=&#8221;|||||&#8221; custom_padding=&#8221;|||||&#8221;][et_pb_column type=&#8221;4_4&#8243; _builder_version=&#8221;3.25&#8243; custom_padding=&#8221;|||&#8221; custom_padding__hover=&#8221;|||&#8221;][et_pb_text admin_label=&#8221;Noticia&#8221; _builder_version=&#8221;4.1&#8243; text_font=&#8221;||||||||&#8221; background_size=&#8221;initial&#8221; background_position=&#8221;top_left&#8221; background_repeat=&#8221;repeat&#8221; text_orientation=&#8221;justified&#8221; min_height=&#8221;711px&#8221; custom_margin=&#8221;||||false|false&#8221; custom_padding=&#8221;|||||&#8221;] El director general de Fundaci\u00f3n Ibercaja, Jos\u00e9 Luis Rodrigo Escrig, ha rubricadlo los acuerdos con los representantes de los 11 proyectos que se llevar\u00e1n a cabo en Guadalajara. Forma parte de [&hellip;]","og_url":"https:\/\/clm-inclusiva.org\/?p=3874","og_site_name":"Clm-Inclusiva","article_publisher":"https:\/\/www.facebook.com\/castillalamancha.inclusiva\/","article_published_time":"2020-11-05T11:27:43+00:00","article_modified_time":"2020-11-05T11:31:19+00:00","og_image":[{"width":2219,"height":1248,"url":"https:\/\/clm-inclusiva.org\/wp-content\/uploads\/2020\/11\/firma-de-los-convenios-1.jpg","type":"image\/jpeg"}],"author":"clm-inclusiva","twitter_card":"summary_large_image","twitter_creator":"@ClmInclusiva","twitter_site":"@ClmInclusiva","twitter_misc":{"Escrito por":"clm-inclusiva","Tiempo de lectura":"4 minutos"},"schema":{"@context":"https:\/\/schema.org","@graph":[{"@type":"Article","@id":"https:\/\/clm-inclusiva.org\/?p=3874#article","isPartOf":{"@id":"https:\/\/clm-inclusiva.org\/?p=3874"},"author":{"name":"clm-inclusiva","@id":"https:\/\/clm-inclusiva.org\/#\/schema\/person\/0cff84aaa5bb8fd3521c55d1578d902b"},"headline":"Convenio social de Fundaci\u00f3n Ibercaja y COCEMFE Guadalajara","datePublished":"2020-11-05T11:27:43+00:00","dateModified":"2020-11-05T11:31:19+00:00","mainEntityOfPage":{"@id":"https:\/\/clm-inclusiva.org\/?p=3874"},"wordCount":709,"publisher":{"@id":"https:\/\/clm-inclusiva.org\/#organization"},"articleSection":["Bienestar social","castilla-la mancha","cocemfe","Discapacidad","Guadalajara","Sociedad","Tercer sector"],"inLanguage":"es"},{"@type":"WebPage","@id":"https:\/\/clm-inclusiva.org\/?p=3874","url":"https:\/\/clm-inclusiva.org\/?p=3874","name":"Convenio social de Fundaci\u00f3n Ibercaja y COCEMFE Guadalajara - Clm-Inclusiva","isPartOf":{"@id":"https:\/\/clm-inclusiva.org\/#website"},"datePublished":"2020-11-05T11:27:43+00:00","dateModified":"2020-11-05T11:31:19+00:00","breadcrumb":{"@id":"https:\/\/clm-inclusiva.org\/?p=3874#breadcrumb"},"inLanguage":"es","potentialAction":[{"@type":"ReadAction","target":["https:\/\/clm-inclusiva.org\/?p=3874"]}]},{"@type":"BreadcrumbList","@id":"https:\/\/clm-inclusiva.org\/?p=3874#breadcrumb","itemListElement":[{"@type":"ListItem","position":1,"name":"Portada","item":"https:\/\/clm-inclusiva.org\/"},{"@type":"ListItem","position":2,"name":"Convenio social de Fundaci\u00f3n Ibercaja y COCEMFE Guadalajara"}]},{"@type":"WebSite","@id":"https:\/\/clm-inclusiva.org\/#website","url":"https:\/\/clm-inclusiva.org\/","name":"Clm-Inclusiva","description":"Confederaci\u00f3n de entidades de personas con discapacidad f\u00edsica y org\u00e1nica CLM","publisher":{"@id":"https:\/\/clm-inclusiva.org\/#organization"},"potentialAction":[{"@type":"SearchAction","target":{"@type":"EntryPoint","urlTemplate":"https:\/\/clm-inclusiva.org\/?s={search_term_string}"},"query-input":"required name=search_term_string"}],"inLanguage":"es"},{"@type":"Organization","@id":"https:\/\/clm-inclusiva.org\/#organization","name":"Clm-Inclusiva","url":"https:\/\/clm-inclusiva.org\/","logo":{"@type":"ImageObject","inLanguage":"es","@id":"https:\/\/clm-inclusiva.org\/#\/schema\/logo\/image\/","url":"http:\/\/clm-inclusiva.org\/wp-content\/uploads\/2019\/04\/banner-e1533720812836.jpg","contentUrl":"http:\/\/clm-inclusiva.org\/wp-content\/uploads\/2019\/04\/banner-e1533720812836.jpg","width":600,"height":332,"caption":"Clm-Inclusiva"},"image":{"@id":"https:\/\/clm-inclusiva.org\/#\/schema\/logo\/image\/"},"sameAs":["https:\/\/www.facebook.com\/castillalamancha.inclusiva\/","https:\/\/twitter.com\/ClmInclusiva"]},{"@type":"Person","@id":"https:\/\/clm-inclusiva.org\/#\/schema\/person\/0cff84aaa5bb8fd3521c55d1578d902b","name":"clm-inclusiva","image":{"@type":"ImageObject","inLanguage":"es","@id":"https:\/\/clm-inclusiva.org\/#\/schema\/person\/image\/","url":"https:\/\/secure.gravatar.com\/avatar\/88948567af770dc9cd5597b329011884?s=96&d=blank&r=g","contentUrl":"https:\/\/secure.gravatar.com\/avatar\/88948567af770dc9cd5597b329011884?s=96&d=blank&r=g","caption":"clm-inclusiva"},"sameAs":["http:\/\/clm-inclusiva.org"],"url":"https:\/\/clm-inclusiva.org\/?author=1"}]}},"_links":{"self":[{"href":"https:\/\/clm-inclusiva.org\/index.php?rest_route=\/wp\/v2\/posts\/3874"}],"collection":[{"href":"https:\/\/clm-inclusiva.org\/index.php?rest_route=\/wp\/v2\/posts"}],"about":[{"href":"https:\/\/clm-inclusiva.org\/index.php?rest_route=\/wp\/v2\/types\/post"}],"author":[{"embeddable":true,"href":"https:\/\/clm-inclusiva.org\/index.php?rest_route=\/wp\/v2\/users\/1"}],"replies":[{"embeddable":true,"href":"https:\/\/clm-inclusiva.org\/index.php?rest_route=%2Fwp%2Fv2%2Fcomments&post=3874"}],"version-history":[{"count":7,"href":"https:\/\/clm-inclusiva.org\/index.php?rest_route=\/wp\/v2\/posts\/3874\/revisions"}],"predecessor-version":[{"id":3886,"href":"https:\/\/clm-inclusiva.org\/index.php?rest_route=\/wp\/v2\/posts\/3874\/revisions\/3886"}],"wp:featuredmedia":[{"embeddable":true,"href":"https:\/\/clm-inclusiva.org\/index.php?rest_route=\/wp\/v2\/media\/3878"}],"wp:attachment":[{"href":"https:\/\/clm-inclusiva.org\/index.php?rest_route=%2Fwp%2Fv2%2Fmedia&parent=3874"}],"wp:term":[{"taxonomy":"category","embeddable":true,"href":"https:\/\/clm-inclusiva.org\/index.php?rest_route=%2Fwp%2Fv2%2Fcategories&post=3874"},{"taxonomy":"post_tag","embeddable":true,"href":"https:\/\/clm-inclusiva.org\/index.php?rest_route=%2Fwp%2Fv2%2Ftags&post=3874"}],"curies":[{"name":"wp","href":"https:\/\/api.w.org\/{rel}","templated":true}]}}