{"id":3852,"date":"2020-10-06T18:09:16","date_gmt":"2020-10-06T16:09:16","guid":{"rendered":"http:\/\/clm-inclusiva.org\/?p=3852"},"modified":"2020-10-06T18:09:28","modified_gmt":"2020-10-06T16:09:28","slug":"clm-inclusiva-y-cocemfe-instan-al-gobierno-a-tramitar-con-urgencia-las-subvenciones-del-impuesto-de-sociedades-para-hacer-frente-a-la-pandemia","status":"publish","type":"post","link":"https:\/\/clm-inclusiva.org\/?p=3852","title":{"rendered":"CLM INCLUSIVA Y COCEMFE instan al Gobierno a tramitar con urgencia las subvenciones del Impuesto de Sociedades para hacer frente a la pandemia"},"content":{"rendered":"<p>[et_pb_section fb_built=&#8221;1&#8243; _builder_version=&#8221;4.0.4&#8243; custom_padding=&#8221;0px||2px|||&#8221;][et_pb_row _builder_version=&#8221;3.25&#8243; background_size=&#8221;initial&#8221; background_position=&#8221;top_left&#8221; background_repeat=&#8221;repeat&#8221; custom_margin=&#8221;|||||&#8221; custom_padding=&#8221;|||||&#8221;][et_pb_column type=&#8221;4_4&#8243; _builder_version=&#8221;3.25&#8243; custom_padding=&#8221;|||&#8221; custom_padding__hover=&#8221;|||&#8221;][et_pb_text admin_label=&#8221;Noticia&#8221; _builder_version=&#8221;4.1&#8243; text_font=&#8221;||||||||&#8221; background_size=&#8221;initial&#8221; background_position=&#8221;top_left&#8221; background_repeat=&#8221;repeat&#8221; text_orientation=&#8221;justified&#8221; min_height=&#8221;711px&#8221; custom_margin=&#8221;||||false|false&#8221; custom_padding=&#8221;|||||&#8221; hover_enabled=&#8221;0&#8243;]<\/p>\n<p>&nbsp;<\/p>\n<ul>\n<li><b>El Gobierno anunci\u00f3 en la \u00faltima reuni\u00f3n del Consejo Estatal de ONG de Acci\u00f3n Social que las nuevas subvenciones procedentes del Impuesto de Sociedades se convocar\u00edan este mes de octubre<\/b><\/li>\n<\/ul>\n<p>&nbsp;<\/p>\n<ul>\n<li><b>CLM INCLUSIVA, COCEMFE y su Movimiento Asociativo reclaman al Ejecutivo que acelere los tr\u00e1mites para cumplir los plazos y que las organizaciones puedan contribuir a paliar los efectos de la COVID-19 en las personas con discapacidad m\u00e1s vulneradas<\/b><\/li>\n<\/ul>\n<p>&nbsp;<\/p>\n<ul>\n<li><b>M\u00e1s de 1.326.000 personas se beneficiaron el a\u00f1o pasado de la labor de COCEMFE y su Movimiento Asociativo a trav\u00e9s de proyectos dirigidos a mejorar su calidad de vida y la defensa sus derechos<\/b><\/li>\n<\/ul>\n<p><span style=\"font-weight: 400;\">(Toledo, 06 de octubre de 2020)<\/span><\/p>\n<p><span style=\"font-weight: 400;\">Tal y como se inform\u00f3 desde la Secretar\u00eda de Estado de Derechos Sociales en la \u00faltima reuni\u00f3n del Consejo Estatal de ONG de Acci\u00f3n Social, la Confederaci\u00f3n Espa\u00f1ola de Personas con Discapacidad F\u00edsica y Org\u00e1nica (COCEMFE) y su Movimiento Asociativo esperan que el Gobierno inicie los tr\u00e1mites cuanto antes para gestionar las subvenciones correspondiente al 0,7% del Impuesto de Sociedades para que las organizaciones sociales puedan continuar desarrollando <\/span><b>proyectos dirigidos a la defensa de derechos y mejora de la calidad de vida<\/b><span style=\"font-weight: 400;\"> de las personas con discapacidad f\u00edsica y org\u00e1nica y enfermedades cr\u00f3nicas m\u00e1s vulneradas.<\/span><\/p>\n<p><b>Para Enrique Alarc\u00f3n, Presidente de CLM Inclusiva COCEMFE<\/b><span style=\"font-weight: 400;\">, <\/span><i><span style=\"font-weight: 400;\">\u201cLas ayudas a las entidades y a las personas con discapacidad deben ser prioritarias para cualquier gobierno. La falta de recursos para nuestras entidades repercute directamente en la calidad de vida de las personas con discapacidad, y no lo podemos permitir\u201d,<\/span><\/i><span style=\"font-weight: 400;\"> y a\u00f1ade <\/span><i><span style=\"font-weight: 400;\">\u201clos proyectos y servicios que desarrollamos las entidades son la \u00fanica herramienta que tienen muchas personas para impedir que impacte de lleno sobre ellas la crisis econ\u00f3mica y social que conlleva el coronavirus\u201d.<\/span><\/i><\/p>\n<p><span style=\"font-weight: 400;\">Tras la confirmaci\u00f3n por parte del Gobierno de que el cr\u00e9dito disponible a distribuir en la convocatoria de subvenciones estatales destinadas a la realizaci\u00f3n de programas de inter\u00e9s general <\/span><b>procedentes del 0,7% del IRPF dirigidas a entidades de \u00e1mbito estatal se ver\u00e1 reducido en torno a un 15%<\/b><span style=\"font-weight: 400;\"> para los proyectos de 2021, COCEMFE y su Movimiento Asociativo conf\u00edan en que la nueva fuente de financiaci\u00f3n que supone <\/span><b>el 0,7% del Impuesto de Sociedades sirva no solo para compensar dicho recorte, sino para impulsar la acci\u00f3n social<\/b><span style=\"font-weight: 400;\"> imprescindible que desempe\u00f1an las organizaciones de personas con discapacidad f\u00edsica y org\u00e1nica.<\/span><\/p>\n<p><span style=\"font-weight: 400;\">M\u00e1s de <\/span><b>1.326.000 personas se beneficiaron el a\u00f1o pasado de la labor de COCEMFE y su Movimiento Asociativo<\/b><span style=\"font-weight: 400;\">, a trav\u00e9s de proyectos dirigidos a favorecer la autonom\u00eda personal, la educaci\u00f3n inclusiva, la formaci\u00f3n en igualdad de condiciones, el acceso al mercado laboral, la igualdad de las mujeres con discapacidad, el voluntariado realizado por y para personas con discapacidad, el acceso a una atenci\u00f3n sociosanitaria en igualdad de condiciones y a medicamentos y tratamientos sanitarios, la concienciaci\u00f3n ciudadana y la investigaci\u00f3n en discapacidad.<\/span><\/p>\n<p><span style=\"font-weight: 400;\">Por todo ello, <\/span><b>CLM Inclusiva,<\/b> <b>COCEMFE y su Movimiento Asociativo instan al Ministerio de Derechos Sociales y Agenda 2030 a acelerar los tr\u00e1mites<\/b><span style=\"font-weight: 400;\"> para sacar adelante esta subvenci\u00f3n, as\u00ed como el resto de convocatorias, durante el mes de octubre, con el objetivo de que las organizaciones sociales puedan seguir contribuyendo a paliar los efectos de la crisis provocada por la COVID-19 en las personas con discapacidad y desarrollar iniciativas dirigidas al fortalecimiento de sus entidades como organismos de representaci\u00f3n de las personas con discapacidad, mejorar la calidad de vida de este grupo social y defender el ejercicio de todos sus derechos.<\/span><\/p>\n<p><span style=\"font-weight: 400;\">La <\/span><b>Confederaci\u00f3n de entidades de personas con discapacidad f\u00edsica y org\u00e1nica Castilla-La Mancha INCLUSIVA COCEMFE<\/b><span style=\"font-weight: 400;\"> se constituy\u00f3 en el a\u00f1o 2017. Agrupa a casi un centenar de entidades que representan casi a 10.000 personas con discapacidad. Se encuentra compuesta por las federaciones provinciales, COCEMFE Albacete, COCEMFE Guadalajara, COCEMFE Toledo, COCEMFE Cuenca y Ciudad Real INCLUSIVA, as\u00ed como las entidades de car\u00e1cter regional AFANION, LUNA, AIDISCAM CLM y la asociaci\u00f3n nacional AMIAB. El objetivo fundamental de la confederaci\u00f3n es articular y vertebrar en nuestra regi\u00f3n el asociacionismo de la discapacidad f\u00edsica y org\u00e1nica, desde la unidad y respeto al pluralismo, para desarrollar una acci\u00f3n representativa efectiva en defensas de los derechos e intereses de las personas con discapacidad y sus familias.<\/span><\/p>\n<p>&nbsp;<\/p>\n<p>[\/et_pb_text][et_pb_post_nav prev_text=&#8221;Anterior&#8221; next_text=&#8221;Siguiente&#8221; _builder_version=&#8221;3.22.4&#8243;][\/et_pb_post_nav][\/et_pb_column][\/et_pb_row][\/et_pb_section]<\/p>\n","protected":false},"excerpt":{"rendered":"<p>[et_pb_section fb_built=&#8221;1&#8243; _builder_version=&#8221;4.0.4&#8243; custom_padding=&#8221;0px||2px|||&#8221;][et_pb_row _builder_version=&#8221;3.25&#8243; background_size=&#8221;initial&#8221; background_position=&#8221;top_left&#8221; background_repeat=&#8221;repeat&#8221; custom_margin=&#8221;|||||&#8221; custom_padding=&#8221;|||||&#8221;][et_pb_column type=&#8221;4_4&#8243; _builder_version=&#8221;3.25&#8243; custom_padding=&#8221;|||&#8221; custom_padding__hover=&#8221;|||&#8221;][et_pb_text admin_label=&#8221;Noticia&#8221; _builder_version=&#8221;4.1&#8243; text_font=&#8221;||||||||&#8221; background_size=&#8221;initial&#8221; background_position=&#8221;top_left&#8221; background_repeat=&#8221;repeat&#8221; text_orientation=&#8221;justified&#8221; min_height=&#8221;711px&#8221; custom_margin=&#8221;||||false|false&#8221; custom_padding=&#8221;|||||&#8221; hover_enabled=&#8221;0&#8243;] &nbsp; El Gobierno anunci\u00f3 en la \u00faltima reuni\u00f3n del Consejo Estatal de ONG de Acci\u00f3n Social que las nuevas subvenciones procedentes del Impuesto de Sociedades se convocar\u00edan este mes de [&hellip;]<\/p>\n","protected":false},"author":1,"featured_media":3854,"comment_status":"closed","ping_status":"closed","sticky":false,"template":"","format":"standard","meta":{"_et_pb_use_builder":"on","_et_pb_old_content":"<h5 style=\"text-align: justify;\">La Confederaci\u00f3n CLM Inclusiva y la asociaci\u00f3n empresarial de Centros Especiales de Empleo de COCEMFE en Castilla-La Mancha, AECEMCO CLM, han firmado un acuerdo para promover las oportunidades de formaci\u00f3n y empleo de las personas del colectivo.<\/h5>\r\n<p style=\"text-align: justify;\"><img class=\"alignnone size-full wp-image-471\" src=\"http:\/\/clm-inclusiva.org\/wp-content\/uploads\/2019\/04\/3500_fotonoticia_20190402151941_1920.jpg\" alt=\"\" width=\"670\" height=\"300\"><\/p>\r\n<p style=\"text-align: justify;\">El presidente de la confederaci\u00f3n CLM Inclusiva, Enrique Alarc\u00f3n Garc\u00eda, y el presidente de AECEMCO CLM, \u00d3scar Sillas, han rubricado este acuerdo de colaboraci\u00f3n para coordinar su labor y actuaciones de apoyo a la promoci\u00f3n de los derechos de las personas con discapacidad f\u00edsica y org\u00e1nica en Castilla-La Mancha, ha informado esta confederaci\u00f3n en nota de prensa.<\/p>\r\nEl sector empresarial promovido por las organizaciones de COCEMFE sin \u00e1nimo de lucro, integrado en AECEMCO, da empleo actualmente a m\u00e1s de 800 personas con discapacidad de todo tipo, con actividades productivas y de prestaci\u00f3n de servicios muy variados como obras, lavander\u00eda, limpieza, medioambiente, manipulados, formaci\u00f3n, etc.\r\n\r\nAmbas organizaciones que comparten valores sociales y visi\u00f3n sobre los derechos de las personas con discapacidad coordinar\u00e1n todas sus actividades para incrementar las oportunidades de formaci\u00f3n, aprendizaje en el puesto de trabajo y calidad de los mismos, tanto en empleo protegido como ordinario.\r\n\r\nDentro de las actuaciones objeto del acuerdo se pondr\u00e1 especial atenci\u00f3n a dar a conocer la normativa de reserva de empleo para personas con discapacidad, as\u00ed como el adecuado cumplimiento de las medidas alternativas, para lo que se informar\u00e1 conjuntamente a administraciones, federaciones empresariales y grandes empresas sobre las oportunidades de empleabilidad de las personas con discapacidad f\u00edsica y org\u00e1nica.\r\n\r\nCLM Inclusiva dispone actualmente de Servicio de Empleo en todas las provincias de Castilla-La Mancha, gracias al apoyo de Fundaci\u00f3n ONCE y la financiaci\u00f3n de proyectos con cargo al IRPF, que realiza labor de intermediaci\u00f3n entre personas con discapacidad demandantes de empleo y empresas, asegurando la adecuaci\u00f3n de trabajadores al puesto de trabajo e informando sobre incentivos a la contrataci\u00f3n y ajustes t\u00e9cnicos necesarios en el puesto.\r\n\r\nLa Confederaci\u00f3n regional de entidades de personas con discapacidad f\u00edsica y org\u00e1nica, Castilla-La Mancha Inclusiva, agrupa al movimiento asociativo de COCEMFE en la Regi\u00f3n, con casi un centenar de entidades que representan en torno a 10.000 personas con discapacidad.\r\n\r\nActualmente se encuentra compuesta por cinco federaciones provinciales, COCEMFE Albacete, COCEMFE Cuenca, COCEMFE Guadalajara, COCEMFE Toledo y Ciudad Real Inclusiva, las entidades regionales AFANION, Federaci\u00f3n LUNA CLM de mujeres con discapacidad, AIDISCAM, y la asociaci\u00f3n nacional AMIAB.","_et_gb_content_width":"","footnotes":""},"categories":[61,46,63,39,49,4,47,5,62,44,8,41],"tags":[],"yoast_head":"<!-- This site is optimized with the Yoast SEO plugin v21.3 - https:\/\/yoast.com\/wordpress\/plugins\/seo\/ -->\n<title>CLM INCLUSIVA Y COCEMFE instan al Gobierno a tramitar con urgencia las subvenciones del Impuesto de Sociedades para hacer frente a la pandemia - Clm-Inclusiva<\/title>\n<meta name=\"robots\" content=\"index, follow, max-snippet:-1, max-image-preview:large, max-video-preview:-1\" \/>\n<link rel=\"canonical\" href=\"https:\/\/clm-inclusiva.org\/?p=3852\" \/>\n<meta property=\"og:locale\" content=\"es_ES\" \/>\n<meta property=\"og:type\" content=\"article\" \/>\n<meta property=\"og:title\" content=\"CLM INCLUSIVA Y COCEMFE instan al Gobierno a tramitar con urgencia las subvenciones del Impuesto de Sociedades para hacer frente a la pandemia - Clm-Inclusiva\" \/>\n<meta property=\"og:description\" content=\"[et_pb_section fb_built=&#8221;1&#8243; _builder_version=&#8221;4.0.4&#8243; custom_padding=&#8221;0px||2px|||&#8221;][et_pb_row _builder_version=&#8221;3.25&#8243; background_size=&#8221;initial&#8221; background_position=&#8221;top_left&#8221; background_repeat=&#8221;repeat&#8221; custom_margin=&#8221;|||||&#8221; custom_padding=&#8221;|||||&#8221;][et_pb_column type=&#8221;4_4&#8243; _builder_version=&#8221;3.25&#8243; custom_padding=&#8221;|||&#8221; custom_padding__hover=&#8221;|||&#8221;][et_pb_text admin_label=&#8221;Noticia&#8221; _builder_version=&#8221;4.1&#8243; text_font=&#8221;||||||||&#8221; background_size=&#8221;initial&#8221; background_position=&#8221;top_left&#8221; background_repeat=&#8221;repeat&#8221; text_orientation=&#8221;justified&#8221; min_height=&#8221;711px&#8221; custom_margin=&#8221;||||false|false&#8221; custom_padding=&#8221;|||||&#8221; hover_enabled=&#8221;0&#8243;] &nbsp; El Gobierno anunci\u00f3 en la \u00faltima reuni\u00f3n del Consejo Estatal de ONG de Acci\u00f3n Social que las nuevas subvenciones procedentes del Impuesto de Sociedades se convocar\u00edan este mes de [&hellip;]\" \/>\n<meta property=\"og:url\" content=\"https:\/\/clm-inclusiva.org\/?p=3852\" \/>\n<meta property=\"og:site_name\" content=\"Clm-Inclusiva\" \/>\n<meta property=\"article:publisher\" content=\"https:\/\/www.facebook.com\/castillalamancha.inclusiva\/\" \/>\n<meta property=\"article:published_time\" content=\"2020-10-06T16:09:16+00:00\" \/>\n<meta property=\"article:modified_time\" content=\"2020-10-06T16:09:28+00:00\" \/>\n<meta property=\"og:image\" content=\"https:\/\/clm-inclusiva.org\/wp-content\/uploads\/2020\/10\/Enrique-Alarc\u00f3n.jpeg\" \/>\n\t<meta property=\"og:image:width\" content=\"1319\" \/>\n\t<meta property=\"og:image:height\" content=\"1216\" \/>\n\t<meta property=\"og:image:type\" content=\"image\/jpeg\" \/>\n<meta name=\"author\" content=\"clm-inclusiva\" \/>\n<meta name=\"twitter:card\" content=\"summary_large_image\" \/>\n<meta name=\"twitter:creator\" content=\"@ClmInclusiva\" \/>\n<meta name=\"twitter:site\" content=\"@ClmInclusiva\" \/>\n<meta name=\"twitter:label1\" content=\"Escrito por\" \/>\n\t<meta name=\"twitter:data1\" content=\"clm-inclusiva\" \/>\n\t<meta name=\"twitter:label2\" content=\"Tiempo de lectura\" \/>\n\t<meta name=\"twitter:data2\" content=\"4 minutos\" \/>\n<script type=\"application\/ld+json\" class=\"yoast-schema-graph\">{\"@context\":\"https:\/\/schema.org\",\"@graph\":[{\"@type\":\"Article\",\"@id\":\"https:\/\/clm-inclusiva.org\/?p=3852#article\",\"isPartOf\":{\"@id\":\"https:\/\/clm-inclusiva.org\/?p=3852\"},\"author\":{\"name\":\"clm-inclusiva\",\"@id\":\"https:\/\/clm-inclusiva.org\/#\/schema\/person\/0cff84aaa5bb8fd3521c55d1578d902b\"},\"headline\":\"CLM INCLUSIVA Y COCEMFE instan al Gobierno a tramitar con urgencia las subvenciones del Impuesto de Sociedades para hacer frente a la pandemia\",\"datePublished\":\"2020-10-06T16:09:16+00:00\",\"dateModified\":\"2020-10-06T16:09:28+00:00\",\"mainEntityOfPage\":{\"@id\":\"https:\/\/clm-inclusiva.org\/?p=3852\"},\"wordCount\":863,\"publisher\":{\"@id\":\"https:\/\/clm-inclusiva.org\/#organization\"},\"articleSection\":[\"afanion\",\"Aidiscam\",\"amiab\",\"Bienestar social\",\"castilla-la mancha\",\"Clm inclusiva\",\"cocemfe\",\"Discapacidad\",\"federaci\u00f3n luna\",\"Politica social\",\"Sociedad\",\"Tercer sector\"],\"inLanguage\":\"es\"},{\"@type\":\"WebPage\",\"@id\":\"https:\/\/clm-inclusiva.org\/?p=3852\",\"url\":\"https:\/\/clm-inclusiva.org\/?p=3852\",\"name\":\"CLM INCLUSIVA Y COCEMFE instan al Gobierno a tramitar con urgencia las subvenciones del Impuesto de Sociedades para hacer frente a la pandemia - Clm-Inclusiva\",\"isPartOf\":{\"@id\":\"https:\/\/clm-inclusiva.org\/#website\"},\"datePublished\":\"2020-10-06T16:09:16+00:00\",\"dateModified\":\"2020-10-06T16:09:28+00:00\",\"breadcrumb\":{\"@id\":\"https:\/\/clm-inclusiva.org\/?p=3852#breadcrumb\"},\"inLanguage\":\"es\",\"potentialAction\":[{\"@type\":\"ReadAction\",\"target\":[\"https:\/\/clm-inclusiva.org\/?p=3852\"]}]},{\"@type\":\"BreadcrumbList\",\"@id\":\"https:\/\/clm-inclusiva.org\/?p=3852#breadcrumb\",\"itemListElement\":[{\"@type\":\"ListItem\",\"position\":1,\"name\":\"Portada\",\"item\":\"https:\/\/clm-inclusiva.org\/\"},{\"@type\":\"ListItem\",\"position\":2,\"name\":\"CLM INCLUSIVA Y COCEMFE instan al Gobierno a tramitar con urgencia las subvenciones del Impuesto de Sociedades para hacer frente a la pandemia\"}]},{\"@type\":\"WebSite\",\"@id\":\"https:\/\/clm-inclusiva.org\/#website\",\"url\":\"https:\/\/clm-inclusiva.org\/\",\"name\":\"Clm-Inclusiva\",\"description\":\"Confederaci\u00f3n de entidades de personas con discapacidad f\u00edsica y org\u00e1nica CLM\",\"publisher\":{\"@id\":\"https:\/\/clm-inclusiva.org\/#organization\"},\"potentialAction\":[{\"@type\":\"SearchAction\",\"target\":{\"@type\":\"EntryPoint\",\"urlTemplate\":\"https:\/\/clm-inclusiva.org\/?s={search_term_string}\"},\"query-input\":\"required name=search_term_string\"}],\"inLanguage\":\"es\"},{\"@type\":\"Organization\",\"@id\":\"https:\/\/clm-inclusiva.org\/#organization\",\"name\":\"Clm-Inclusiva\",\"url\":\"https:\/\/clm-inclusiva.org\/\",\"logo\":{\"@type\":\"ImageObject\",\"inLanguage\":\"es\",\"@id\":\"https:\/\/clm-inclusiva.org\/#\/schema\/logo\/image\/\",\"url\":\"http:\/\/clm-inclusiva.org\/wp-content\/uploads\/2019\/04\/banner-e1533720812836.jpg\",\"contentUrl\":\"http:\/\/clm-inclusiva.org\/wp-content\/uploads\/2019\/04\/banner-e1533720812836.jpg\",\"width\":600,\"height\":332,\"caption\":\"Clm-Inclusiva\"},\"image\":{\"@id\":\"https:\/\/clm-inclusiva.org\/#\/schema\/logo\/image\/\"},\"sameAs\":[\"https:\/\/www.facebook.com\/castillalamancha.inclusiva\/\",\"https:\/\/twitter.com\/ClmInclusiva\"]},{\"@type\":\"Person\",\"@id\":\"https:\/\/clm-inclusiva.org\/#\/schema\/person\/0cff84aaa5bb8fd3521c55d1578d902b\",\"name\":\"clm-inclusiva\",\"image\":{\"@type\":\"ImageObject\",\"inLanguage\":\"es\",\"@id\":\"https:\/\/clm-inclusiva.org\/#\/schema\/person\/image\/\",\"url\":\"https:\/\/secure.gravatar.com\/avatar\/88948567af770dc9cd5597b329011884?s=96&d=blank&r=g\",\"contentUrl\":\"https:\/\/secure.gravatar.com\/avatar\/88948567af770dc9cd5597b329011884?s=96&d=blank&r=g\",\"caption\":\"clm-inclusiva\"},\"sameAs\":[\"http:\/\/clm-inclusiva.org\"],\"url\":\"https:\/\/clm-inclusiva.org\/?author=1\"}]}<\/script>\n<!-- \/ Yoast SEO plugin. -->","yoast_head_json":{"title":"CLM INCLUSIVA Y COCEMFE instan al Gobierno a tramitar con urgencia las subvenciones del Impuesto de Sociedades para hacer frente a la pandemia - Clm-Inclusiva","robots":{"index":"index","follow":"follow","max-snippet":"max-snippet:-1","max-image-preview":"max-image-preview:large","max-video-preview":"max-video-preview:-1"},"canonical":"https:\/\/clm-inclusiva.org\/?p=3852","og_locale":"es_ES","og_type":"article","og_title":"CLM INCLUSIVA Y COCEMFE instan al Gobierno a tramitar con urgencia las subvenciones del Impuesto de Sociedades para hacer frente a la pandemia - Clm-Inclusiva","og_description":"[et_pb_section fb_built=&#8221;1&#8243; _builder_version=&#8221;4.0.4&#8243; custom_padding=&#8221;0px||2px|||&#8221;][et_pb_row _builder_version=&#8221;3.25&#8243; background_size=&#8221;initial&#8221; background_position=&#8221;top_left&#8221; background_repeat=&#8221;repeat&#8221; custom_margin=&#8221;|||||&#8221; custom_padding=&#8221;|||||&#8221;][et_pb_column type=&#8221;4_4&#8243; _builder_version=&#8221;3.25&#8243; custom_padding=&#8221;|||&#8221; custom_padding__hover=&#8221;|||&#8221;][et_pb_text admin_label=&#8221;Noticia&#8221; _builder_version=&#8221;4.1&#8243; text_font=&#8221;||||||||&#8221; background_size=&#8221;initial&#8221; background_position=&#8221;top_left&#8221; background_repeat=&#8221;repeat&#8221; text_orientation=&#8221;justified&#8221; min_height=&#8221;711px&#8221; custom_margin=&#8221;||||false|false&#8221; custom_padding=&#8221;|||||&#8221; hover_enabled=&#8221;0&#8243;] &nbsp; El Gobierno anunci\u00f3 en la \u00faltima reuni\u00f3n del Consejo Estatal de ONG de Acci\u00f3n Social que las nuevas subvenciones procedentes del Impuesto de Sociedades se convocar\u00edan este mes de [&hellip;]","og_url":"https:\/\/clm-inclusiva.org\/?p=3852","og_site_name":"Clm-Inclusiva","article_publisher":"https:\/\/www.facebook.com\/castillalamancha.inclusiva\/","article_published_time":"2020-10-06T16:09:16+00:00","article_modified_time":"2020-10-06T16:09:28+00:00","og_image":[{"width":1319,"height":1216,"url":"https:\/\/clm-inclusiva.org\/wp-content\/uploads\/2020\/10\/Enrique-Alarc\u00f3n.jpeg","type":"image\/jpeg"}],"author":"clm-inclusiva","twitter_card":"summary_large_image","twitter_creator":"@ClmInclusiva","twitter_site":"@ClmInclusiva","twitter_misc":{"Escrito por":"clm-inclusiva","Tiempo de lectura":"4 minutos"},"schema":{"@context":"https:\/\/schema.org","@graph":[{"@type":"Article","@id":"https:\/\/clm-inclusiva.org\/?p=3852#article","isPartOf":{"@id":"https:\/\/clm-inclusiva.org\/?p=3852"},"author":{"name":"clm-inclusiva","@id":"https:\/\/clm-inclusiva.org\/#\/schema\/person\/0cff84aaa5bb8fd3521c55d1578d902b"},"headline":"CLM INCLUSIVA Y COCEMFE instan al Gobierno a tramitar con urgencia las subvenciones del Impuesto de Sociedades para hacer frente a la pandemia","datePublished":"2020-10-06T16:09:16+00:00","dateModified":"2020-10-06T16:09:28+00:00","mainEntityOfPage":{"@id":"https:\/\/clm-inclusiva.org\/?p=3852"},"wordCount":863,"publisher":{"@id":"https:\/\/clm-inclusiva.org\/#organization"},"articleSection":["afanion","Aidiscam","amiab","Bienestar social","castilla-la mancha","Clm inclusiva","cocemfe","Discapacidad","federaci\u00f3n luna","Politica social","Sociedad","Tercer sector"],"inLanguage":"es"},{"@type":"WebPage","@id":"https:\/\/clm-inclusiva.org\/?p=3852","url":"https:\/\/clm-inclusiva.org\/?p=3852","name":"CLM INCLUSIVA Y COCEMFE instan al Gobierno a tramitar con urgencia las subvenciones del Impuesto de Sociedades para hacer frente a la pandemia - Clm-Inclusiva","isPartOf":{"@id":"https:\/\/clm-inclusiva.org\/#website"},"datePublished":"2020-10-06T16:09:16+00:00","dateModified":"2020-10-06T16:09:28+00:00","breadcrumb":{"@id":"https:\/\/clm-inclusiva.org\/?p=3852#breadcrumb"},"inLanguage":"es","potentialAction":[{"@type":"ReadAction","target":["https:\/\/clm-inclusiva.org\/?p=3852"]}]},{"@type":"BreadcrumbList","@id":"https:\/\/clm-inclusiva.org\/?p=3852#breadcrumb","itemListElement":[{"@type":"ListItem","position":1,"name":"Portada","item":"https:\/\/clm-inclusiva.org\/"},{"@type":"ListItem","position":2,"name":"CLM INCLUSIVA Y COCEMFE instan al Gobierno a tramitar con urgencia las subvenciones del Impuesto de Sociedades para hacer frente a la pandemia"}]},{"@type":"WebSite","@id":"https:\/\/clm-inclusiva.org\/#website","url":"https:\/\/clm-inclusiva.org\/","name":"Clm-Inclusiva","description":"Confederaci\u00f3n de entidades de personas con discapacidad f\u00edsica y org\u00e1nica CLM","publisher":{"@id":"https:\/\/clm-inclusiva.org\/#organization"},"potentialAction":[{"@type":"SearchAction","target":{"@type":"EntryPoint","urlTemplate":"https:\/\/clm-inclusiva.org\/?s={search_term_string}"},"query-input":"required name=search_term_string"}],"inLanguage":"es"},{"@type":"Organization","@id":"https:\/\/clm-inclusiva.org\/#organization","name":"Clm-Inclusiva","url":"https:\/\/clm-inclusiva.org\/","logo":{"@type":"ImageObject","inLanguage":"es","@id":"https:\/\/clm-inclusiva.org\/#\/schema\/logo\/image\/","url":"http:\/\/clm-inclusiva.org\/wp-content\/uploads\/2019\/04\/banner-e1533720812836.jpg","contentUrl":"http:\/\/clm-inclusiva.org\/wp-content\/uploads\/2019\/04\/banner-e1533720812836.jpg","width":600,"height":332,"caption":"Clm-Inclusiva"},"image":{"@id":"https:\/\/clm-inclusiva.org\/#\/schema\/logo\/image\/"},"sameAs":["https:\/\/www.facebook.com\/castillalamancha.inclusiva\/","https:\/\/twitter.com\/ClmInclusiva"]},{"@type":"Person","@id":"https:\/\/clm-inclusiva.org\/#\/schema\/person\/0cff84aaa5bb8fd3521c55d1578d902b","name":"clm-inclusiva","image":{"@type":"ImageObject","inLanguage":"es","@id":"https:\/\/clm-inclusiva.org\/#\/schema\/person\/image\/","url":"https:\/\/secure.gravatar.com\/avatar\/88948567af770dc9cd5597b329011884?s=96&d=blank&r=g","contentUrl":"https:\/\/secure.gravatar.com\/avatar\/88948567af770dc9cd5597b329011884?s=96&d=blank&r=g","caption":"clm-inclusiva"},"sameAs":["http:\/\/clm-inclusiva.org"],"url":"https:\/\/clm-inclusiva.org\/?author=1"}]}},"_links":{"self":[{"href":"https:\/\/clm-inclusiva.org\/index.php?rest_route=\/wp\/v2\/posts\/3852"}],"collection":[{"href":"https:\/\/clm-inclusiva.org\/index.php?rest_route=\/wp\/v2\/posts"}],"about":[{"href":"https:\/\/clm-inclusiva.org\/index.php?rest_route=\/wp\/v2\/types\/post"}],"author":[{"embeddable":true,"href":"https:\/\/clm-inclusiva.org\/index.php?rest_route=\/wp\/v2\/users\/1"}],"replies":[{"embeddable":true,"href":"https:\/\/clm-inclusiva.org\/index.php?rest_route=%2Fwp%2Fv2%2Fcomments&post=3852"}],"version-history":[{"count":3,"href":"https:\/\/clm-inclusiva.org\/index.php?rest_route=\/wp\/v2\/posts\/3852\/revisions"}],"predecessor-version":[{"id":3857,"href":"https:\/\/clm-inclusiva.org\/index.php?rest_route=\/wp\/v2\/posts\/3852\/revisions\/3857"}],"wp:featuredmedia":[{"embeddable":true,"href":"https:\/\/clm-inclusiva.org\/index.php?rest_route=\/wp\/v2\/media\/3854"}],"wp:attachment":[{"href":"https:\/\/clm-inclusiva.org\/index.php?rest_route=%2Fwp%2Fv2%2Fmedia&parent=3852"}],"wp:term":[{"taxonomy":"category","embeddable":true,"href":"https:\/\/clm-inclusiva.org\/index.php?rest_route=%2Fwp%2Fv2%2Fcategories&post=3852"},{"taxonomy":"post_tag","embeddable":true,"href":"https:\/\/clm-inclusiva.org\/index.php?rest_route=%2Fwp%2Fv2%2Ftags&post=3852"}],"curies":[{"name":"wp","href":"https:\/\/api.w.org\/{rel}","templated":true}]}}