{"id":3846,"date":"2020-10-06T18:01:54","date_gmt":"2020-10-06T16:01:54","guid":{"rendered":"http:\/\/clm-inclusiva.org\/?p=3846"},"modified":"2020-10-06T18:02:00","modified_gmt":"2020-10-06T16:02:00","slug":"naciones-unidas-prioriza-a-la-economia-social-en-las-politicas-de-reconstruccion-para-alcanzar-la-agenda-2030","status":"publish","type":"post","link":"https:\/\/clm-inclusiva.org\/?p=3846","title":{"rendered":"Naciones Unidas prioriza a la Econom\u00eda Social en las pol\u00edticas de reconstrucci\u00f3n para alcanzar la Agenda 2030"},"content":{"rendered":"<p>[et_pb_section fb_built=&#8221;1&#8243; _builder_version=&#8221;4.0.4&#8243; custom_padding=&#8221;0px||2px|||&#8221;][et_pb_row _builder_version=&#8221;3.25&#8243; background_size=&#8221;initial&#8221; background_position=&#8221;top_left&#8221; background_repeat=&#8221;repeat&#8221; custom_margin=&#8221;|||||&#8221; custom_padding=&#8221;|||||&#8221;][et_pb_column type=&#8221;4_4&#8243; _builder_version=&#8221;3.25&#8243; custom_padding=&#8221;|||&#8221; custom_padding__hover=&#8221;|||&#8221;][et_pb_text admin_label=&#8221;Noticia&#8221; _builder_version=&#8221;4.1&#8243; text_font=&#8221;||||||||&#8221; background_size=&#8221;initial&#8221; background_position=&#8221;top_left&#8221; background_repeat=&#8221;repeat&#8221; text_orientation=&#8221;justified&#8221; min_height=&#8221;711px&#8221; custom_margin=&#8221;||||false|false&#8221; custom_padding=&#8221;|||||&#8221; hover_enabled=&#8221;0&#8243;]<\/p>\n<p>&nbsp;<\/p>\n<ul>\n<li><b>Seg\u00fan recogen las conclusiones del Encuentro de Jefes de Estado y de Gobierno celebrado la pasada semana, en el que participaron, entre otros, el secretario general de la ONU, Antonio Guterres; el presidente del Gobierno de Espa\u00f1a, Pedro S\u00e1nchez; el primer ministro de Canad\u00e1, Justin Trudeau; as\u00ed como primeros Ministros de 57 estados, y dirigentes del Banco Mundial y el Fondo Monetario Internacional<\/b><\/li>\n<\/ul>\n<p>&nbsp;<\/p>\n<ul>\n<li><b>La ONU reclama \u201cfortalecer las empresas centradas en las personas que sustentan la Econom\u00eda Social\u201d dentro de las medidas para asegurar \u201cuna transici\u00f3n hacia un sistema m\u00e1s sostenible e inclusivo, y un futuro resiliente, con los derechos humanos y la igualdad de g\u00e9nero en el centro\u201d<\/b><\/li>\n<\/ul>\n<p>&nbsp;<\/p>\n<ul>\n<li><b>Las recomendaciones de la ONU son coincidentes con las del Gobierno de Espa\u00f1a, tal y como se manifest\u00f3 en la reciente reuni\u00f3n del Presidente Pedro S\u00e1nchez con una delegaci\u00f3n de la Junta Directiva la pasada semana en el Palacio de la Moncloa<\/b><\/li>\n<\/ul>\n<p>&nbsp;<\/p>\n<ul>\n<li><b>El presidente de CEPES, Juan Antonio Pedre\u00f1o, destaca la importancia de las conclusiones acordadas en el Encuentro de Jefes de Estado y que tanto la ONU como la UE coincidan en impulsar la Econom\u00eda Social como herramienta para salir de la crisis causada por la pandemia<\/b><\/li>\n<\/ul>\n<p><b>Madrid, 5 de octubre de 2020<\/b><span style=\"font-weight: 400;\">.-<\/span> <span style=\"font-weight: 400;\">Las Naciones Unidas han situado a la Econom\u00eda Social como una de las prioridades en las pol\u00edticas de reconstrucci\u00f3n global para poder conseguir los Objetivos de Desarrollo Sostenible (ODS) de la Agenda 2030.<\/span><\/p>\n<p><span style=\"font-weight: 400;\">Esta es una de las conclusiones que se presentaron en el <\/span><a href=\"https:\/\/www.un.org\/en\/coronavirus\/financing-development\"><span style=\"font-weight: 400;\">Encuentro de Jefes de Estado<\/span><\/a><span style=\"font-weight: 400;\"> celebrado la pasada semana, en el que participaron, entre otros, el secretario general de la ONU, <\/span><b>Antonio Guterres<\/b><span style=\"font-weight: 400;\">; el presidente del Gobierno de Espa\u00f1a, <\/span><b>Pedro S\u00e1nchez<\/b><span style=\"font-weight: 400;\">; el primer ministro de Canad\u00e1, <\/span><b>Justin Trudeau<\/b><span style=\"font-weight: 400;\">; as\u00ed como dirigentes de 57 estados, del Banco Mundial y el Fondo Monetario Internacional.<\/span><\/p>\n<p><span style=\"font-weight: 400;\">En este encuentro, denominado \u201c<\/span><a href=\"https:\/\/www.un.org\/sites\/un2.un.org\/files\/financing_for_development_covid19_part_i_hosg.pdf\"><span style=\"font-weight: 400;\">Evento de alto nivel sobre Financiaci\u00f3n para el desarrollo en la era de COVID-19<\/span><\/a><span style=\"font-weight: 400;\">\u201d, se acord\u00f3 \u201cfortalecer las empresas centradas en las personas que sustentan la Econom\u00eda Social\u201d dentro de las medidas para asegurar \u201cuna transici\u00f3n hacia un sistema m\u00e1s sostenible e inclusivo, y un futuro resiliente, con los derechos humanos y la igualdad de g\u00e9nero en el centro\u201d.<\/span><\/p>\n<p><span style=\"font-weight: 400;\">Estas recomendaciones de la ONU son coincidentes con las del Gobierno de Espa\u00f1a, tal y como se manifest\u00f3 en la reciente reuni\u00f3n del Presidente Pedro S\u00e1nchez con una delegaci\u00f3n de la Junta Directiva la pasada semana en el Palacio de la Moncloa<\/span><\/p>\n<p><span style=\"font-weight: 400;\">Adem\u00e1s, el documento de la ONU precisa que ante \u201cla destrucci\u00f3n sin precedentes de puestos de trabajo provocada por la pandemia COVID-19\u201d, que \u201crequiere una acci\u00f3n a gran escala y un fuerte apoyo financiero\u201d, son necesarios \u201cfondos p\u00fablicos\u201d para hacer frente \u201cal desempleo a gran escala y la sobrecarga de los sistemas de salud\u201d para asegurar un ingreso b\u00e1sico universal, generar empleo, prestar apoyo espec\u00edfico a la econom\u00eda informal y fortalecer a la Econom\u00eda Social.<\/span><\/p>\n<p><span style=\"font-weight: 400;\">El presidente de CEPES, <\/span><b>Juan Antonio Pedre\u00f1o<\/b><span style=\"font-weight: 400;\">, subray\u00f3 que en estos momentos que celebramos el quinto aniversario de la Agenda 2030, \u201cestas conclusiones reflejadas por las Naciones Unidas a favor de la Econom\u00eda Social sintonizan con las recogidas por la Comisi\u00f3n Europea, cuya Presidenta, <\/span><b>Ursula von der Leyen<\/b><span style=\"font-weight: 400;\">, ha encomendado implementar en la actual legislatura un Plan de Acci\u00f3n Europeo para la Econom\u00eda Social\u201d.<\/span><\/p>\n<p><span style=\"font-weight: 400;\">\u201cPor ello\u201d, a\u00f1adi\u00f3 el presidente de CEPES, \u201ctanto las Naciones Unidas como la UE est\u00e1n alineados a favor de impulsar una reconstrucci\u00f3n basada en la Agenda 2030, y en ella la Econom\u00eda Social desempe\u00f1a un papel prioritario al generar empresas que a\u00fanan desarrollo econ\u00f3mico y social, comprometidas con el territorio y que no se deslocalizan, que generan empleo estable y de calidad y en las que se priorizan la innovaci\u00f3n, la sostenibilidad, la inclusi\u00f3n y las personas\u201d.<\/span><\/p>\n<p><span style=\"font-weight: 400;\">\u201cAdem\u00e1s, hay que destacar que estas importantes conclusiones recogidas en el encuentro de Jefes de Estado se trasladar\u00e1n y debatir\u00e1n dentro de las reuniones que mantendr\u00e1n pr\u00f3ximamente el G7, el G20 y la Organizaci\u00f3n para la Cooperaci\u00f3n y el Desarrollo Econ\u00f3micos (OCDE)\u201d, a\u00f1adi\u00f3 Pedre\u00f1o.<\/span><\/p>\n<p>&nbsp;<\/p>\n<p>[\/et_pb_text][et_pb_post_nav prev_text=&#8221;Anterior&#8221; next_text=&#8221;Siguiente&#8221; _builder_version=&#8221;3.22.4&#8243;][\/et_pb_post_nav][\/et_pb_column][\/et_pb_row][\/et_pb_section]<\/p>\n","protected":false},"excerpt":{"rendered":"<p>[et_pb_section fb_built=&#8221;1&#8243; _builder_version=&#8221;4.0.4&#8243; custom_padding=&#8221;0px||2px|||&#8221;][et_pb_row _builder_version=&#8221;3.25&#8243; background_size=&#8221;initial&#8221; background_position=&#8221;top_left&#8221; background_repeat=&#8221;repeat&#8221; custom_margin=&#8221;|||||&#8221; custom_padding=&#8221;|||||&#8221;][et_pb_column type=&#8221;4_4&#8243; _builder_version=&#8221;3.25&#8243; custom_padding=&#8221;|||&#8221; custom_padding__hover=&#8221;|||&#8221;][et_pb_text admin_label=&#8221;Noticia&#8221; _builder_version=&#8221;4.1&#8243; text_font=&#8221;||||||||&#8221; background_size=&#8221;initial&#8221; background_position=&#8221;top_left&#8221; background_repeat=&#8221;repeat&#8221; text_orientation=&#8221;justified&#8221; min_height=&#8221;711px&#8221; custom_margin=&#8221;||||false|false&#8221; custom_padding=&#8221;|||||&#8221; hover_enabled=&#8221;0&#8243;] &nbsp; Seg\u00fan recogen las conclusiones del Encuentro de Jefes de Estado y de Gobierno celebrado la pasada semana, en el que participaron, entre otros, el secretario general de la ONU, [&hellip;]<\/p>\n","protected":false},"author":1,"featured_media":3848,"comment_status":"closed","ping_status":"closed","sticky":false,"template":"","format":"standard","meta":{"_et_pb_use_builder":"on","_et_pb_old_content":"<h5 style=\"text-align: justify;\">La Confederaci\u00f3n CLM Inclusiva y la asociaci\u00f3n empresarial de Centros Especiales de Empleo de COCEMFE en Castilla-La Mancha, AECEMCO CLM, han firmado un acuerdo para promover las oportunidades de formaci\u00f3n y empleo de las personas del colectivo.<\/h5>\r\n<p style=\"text-align: justify;\"><img class=\"alignnone size-full wp-image-471\" src=\"http:\/\/clm-inclusiva.org\/wp-content\/uploads\/2019\/04\/3500_fotonoticia_20190402151941_1920.jpg\" alt=\"\" width=\"670\" height=\"300\"><\/p>\r\n<p style=\"text-align: justify;\">El presidente de la confederaci\u00f3n CLM Inclusiva, Enrique Alarc\u00f3n Garc\u00eda, y el presidente de AECEMCO CLM, \u00d3scar Sillas, han rubricado este acuerdo de colaboraci\u00f3n para coordinar su labor y actuaciones de apoyo a la promoci\u00f3n de los derechos de las personas con discapacidad f\u00edsica y org\u00e1nica en Castilla-La Mancha, ha informado esta confederaci\u00f3n en nota de prensa.<\/p>\r\nEl sector empresarial promovido por las organizaciones de COCEMFE sin \u00e1nimo de lucro, integrado en AECEMCO, da empleo actualmente a m\u00e1s de 800 personas con discapacidad de todo tipo, con actividades productivas y de prestaci\u00f3n de servicios muy variados como obras, lavander\u00eda, limpieza, medioambiente, manipulados, formaci\u00f3n, etc.\r\n\r\nAmbas organizaciones que comparten valores sociales y visi\u00f3n sobre los derechos de las personas con discapacidad coordinar\u00e1n todas sus actividades para incrementar las oportunidades de formaci\u00f3n, aprendizaje en el puesto de trabajo y calidad de los mismos, tanto en empleo protegido como ordinario.\r\n\r\nDentro de las actuaciones objeto del acuerdo se pondr\u00e1 especial atenci\u00f3n a dar a conocer la normativa de reserva de empleo para personas con discapacidad, as\u00ed como el adecuado cumplimiento de las medidas alternativas, para lo que se informar\u00e1 conjuntamente a administraciones, federaciones empresariales y grandes empresas sobre las oportunidades de empleabilidad de las personas con discapacidad f\u00edsica y org\u00e1nica.\r\n\r\nCLM Inclusiva dispone actualmente de Servicio de Empleo en todas las provincias de Castilla-La Mancha, gracias al apoyo de Fundaci\u00f3n ONCE y la financiaci\u00f3n de proyectos con cargo al IRPF, que realiza labor de intermediaci\u00f3n entre personas con discapacidad demandantes de empleo y empresas, asegurando la adecuaci\u00f3n de trabajadores al puesto de trabajo e informando sobre incentivos a la contrataci\u00f3n y ajustes t\u00e9cnicos necesarios en el puesto.\r\n\r\nLa Confederaci\u00f3n regional de entidades de personas con discapacidad f\u00edsica y org\u00e1nica, Castilla-La Mancha Inclusiva, agrupa al movimiento asociativo de COCEMFE en la Regi\u00f3n, con casi un centenar de entidades que representan en torno a 10.000 personas con discapacidad.\r\n\r\nActualmente se encuentra compuesta por cinco federaciones provinciales, COCEMFE Albacete, COCEMFE Cuenca, COCEMFE Guadalajara, COCEMFE Toledo y Ciudad Real Inclusiva, las entidades regionales AFANION, Federaci\u00f3n LUNA CLM de mujeres con discapacidad, AIDISCAM, y la asociaci\u00f3n nacional AMIAB.","_et_gb_content_width":"","footnotes":""},"categories":[39,28,5,44,8,41],"tags":[],"yoast_head":"<!-- This site is optimized with the Yoast SEO plugin v21.3 - https:\/\/yoast.com\/wordpress\/plugins\/seo\/ -->\n<title>Naciones Unidas prioriza a la Econom\u00eda Social en las pol\u00edticas de reconstrucci\u00f3n para alcanzar la Agenda 2030 - Clm-Inclusiva<\/title>\n<meta name=\"robots\" content=\"index, follow, max-snippet:-1, max-image-preview:large, max-video-preview:-1\" \/>\n<link rel=\"canonical\" href=\"https:\/\/clm-inclusiva.org\/?p=3846\" \/>\n<meta property=\"og:locale\" content=\"es_ES\" \/>\n<meta property=\"og:type\" content=\"article\" \/>\n<meta property=\"og:title\" content=\"Naciones Unidas prioriza a la Econom\u00eda Social en las pol\u00edticas de reconstrucci\u00f3n para alcanzar la Agenda 2030 - Clm-Inclusiva\" \/>\n<meta property=\"og:description\" content=\"[et_pb_section fb_built=&#8221;1&#8243; _builder_version=&#8221;4.0.4&#8243; custom_padding=&#8221;0px||2px|||&#8221;][et_pb_row _builder_version=&#8221;3.25&#8243; background_size=&#8221;initial&#8221; background_position=&#8221;top_left&#8221; background_repeat=&#8221;repeat&#8221; custom_margin=&#8221;|||||&#8221; custom_padding=&#8221;|||||&#8221;][et_pb_column type=&#8221;4_4&#8243; _builder_version=&#8221;3.25&#8243; custom_padding=&#8221;|||&#8221; custom_padding__hover=&#8221;|||&#8221;][et_pb_text admin_label=&#8221;Noticia&#8221; _builder_version=&#8221;4.1&#8243; text_font=&#8221;||||||||&#8221; background_size=&#8221;initial&#8221; background_position=&#8221;top_left&#8221; background_repeat=&#8221;repeat&#8221; text_orientation=&#8221;justified&#8221; min_height=&#8221;711px&#8221; custom_margin=&#8221;||||false|false&#8221; custom_padding=&#8221;|||||&#8221; hover_enabled=&#8221;0&#8243;] &nbsp; Seg\u00fan recogen las conclusiones del Encuentro de Jefes de Estado y de Gobierno celebrado la pasada semana, en el que participaron, entre otros, el secretario general de la ONU, [&hellip;]\" \/>\n<meta property=\"og:url\" content=\"https:\/\/clm-inclusiva.org\/?p=3846\" \/>\n<meta property=\"og:site_name\" content=\"Clm-Inclusiva\" \/>\n<meta property=\"article:publisher\" content=\"https:\/\/www.facebook.com\/castillalamancha.inclusiva\/\" \/>\n<meta property=\"article:published_time\" content=\"2020-10-06T16:01:54+00:00\" \/>\n<meta property=\"article:modified_time\" content=\"2020-10-06T16:02:00+00:00\" \/>\n<meta property=\"og:image\" content=\"https:\/\/clm-inclusiva.org\/wp-content\/uploads\/2020\/10\/643.png\" \/>\n\t<meta property=\"og:image:width\" content=\"658\" \/>\n\t<meta property=\"og:image:height\" content=\"363\" \/>\n\t<meta property=\"og:image:type\" content=\"image\/png\" \/>\n<meta name=\"author\" content=\"clm-inclusiva\" \/>\n<meta name=\"twitter:card\" content=\"summary_large_image\" \/>\n<meta name=\"twitter:creator\" content=\"@ClmInclusiva\" \/>\n<meta name=\"twitter:site\" content=\"@ClmInclusiva\" \/>\n<meta name=\"twitter:label1\" content=\"Escrito por\" \/>\n\t<meta name=\"twitter:data1\" content=\"clm-inclusiva\" \/>\n\t<meta name=\"twitter:label2\" content=\"Tiempo de lectura\" \/>\n\t<meta name=\"twitter:data2\" content=\"4 minutos\" \/>\n<script type=\"application\/ld+json\" class=\"yoast-schema-graph\">{\"@context\":\"https:\/\/schema.org\",\"@graph\":[{\"@type\":\"Article\",\"@id\":\"https:\/\/clm-inclusiva.org\/?p=3846#article\",\"isPartOf\":{\"@id\":\"https:\/\/clm-inclusiva.org\/?p=3846\"},\"author\":{\"name\":\"clm-inclusiva\",\"@id\":\"https:\/\/clm-inclusiva.org\/#\/schema\/person\/0cff84aaa5bb8fd3521c55d1578d902b\"},\"headline\":\"Naciones Unidas prioriza a la Econom\u00eda Social en las pol\u00edticas de reconstrucci\u00f3n para alcanzar la Agenda 2030\",\"datePublished\":\"2020-10-06T16:01:54+00:00\",\"dateModified\":\"2020-10-06T16:02:00+00:00\",\"mainEntityOfPage\":{\"@id\":\"https:\/\/clm-inclusiva.org\/?p=3846\"},\"wordCount\":844,\"publisher\":{\"@id\":\"https:\/\/clm-inclusiva.org\/#organization\"},\"articleSection\":[\"Bienestar social\",\"Cermi\",\"Discapacidad\",\"Politica social\",\"Sociedad\",\"Tercer sector\"],\"inLanguage\":\"es\"},{\"@type\":\"WebPage\",\"@id\":\"https:\/\/clm-inclusiva.org\/?p=3846\",\"url\":\"https:\/\/clm-inclusiva.org\/?p=3846\",\"name\":\"Naciones Unidas prioriza a la Econom\u00eda Social en las pol\u00edticas de reconstrucci\u00f3n para alcanzar la Agenda 2030 - Clm-Inclusiva\",\"isPartOf\":{\"@id\":\"https:\/\/clm-inclusiva.org\/#website\"},\"datePublished\":\"2020-10-06T16:01:54+00:00\",\"dateModified\":\"2020-10-06T16:02:00+00:00\",\"breadcrumb\":{\"@id\":\"https:\/\/clm-inclusiva.org\/?p=3846#breadcrumb\"},\"inLanguage\":\"es\",\"potentialAction\":[{\"@type\":\"ReadAction\",\"target\":[\"https:\/\/clm-inclusiva.org\/?p=3846\"]}]},{\"@type\":\"BreadcrumbList\",\"@id\":\"https:\/\/clm-inclusiva.org\/?p=3846#breadcrumb\",\"itemListElement\":[{\"@type\":\"ListItem\",\"position\":1,\"name\":\"Portada\",\"item\":\"https:\/\/clm-inclusiva.org\/\"},{\"@type\":\"ListItem\",\"position\":2,\"name\":\"Naciones Unidas prioriza a la Econom\u00eda Social en las pol\u00edticas de reconstrucci\u00f3n para alcanzar la Agenda 2030\"}]},{\"@type\":\"WebSite\",\"@id\":\"https:\/\/clm-inclusiva.org\/#website\",\"url\":\"https:\/\/clm-inclusiva.org\/\",\"name\":\"Clm-Inclusiva\",\"description\":\"Confederaci\u00f3n de entidades de personas con discapacidad f\u00edsica y org\u00e1nica CLM\",\"publisher\":{\"@id\":\"https:\/\/clm-inclusiva.org\/#organization\"},\"potentialAction\":[{\"@type\":\"SearchAction\",\"target\":{\"@type\":\"EntryPoint\",\"urlTemplate\":\"https:\/\/clm-inclusiva.org\/?s={search_term_string}\"},\"query-input\":\"required name=search_term_string\"}],\"inLanguage\":\"es\"},{\"@type\":\"Organization\",\"@id\":\"https:\/\/clm-inclusiva.org\/#organization\",\"name\":\"Clm-Inclusiva\",\"url\":\"https:\/\/clm-inclusiva.org\/\",\"logo\":{\"@type\":\"ImageObject\",\"inLanguage\":\"es\",\"@id\":\"https:\/\/clm-inclusiva.org\/#\/schema\/logo\/image\/\",\"url\":\"http:\/\/clm-inclusiva.org\/wp-content\/uploads\/2019\/04\/banner-e1533720812836.jpg\",\"contentUrl\":\"http:\/\/clm-inclusiva.org\/wp-content\/uploads\/2019\/04\/banner-e1533720812836.jpg\",\"width\":600,\"height\":332,\"caption\":\"Clm-Inclusiva\"},\"image\":{\"@id\":\"https:\/\/clm-inclusiva.org\/#\/schema\/logo\/image\/\"},\"sameAs\":[\"https:\/\/www.facebook.com\/castillalamancha.inclusiva\/\",\"https:\/\/twitter.com\/ClmInclusiva\"]},{\"@type\":\"Person\",\"@id\":\"https:\/\/clm-inclusiva.org\/#\/schema\/person\/0cff84aaa5bb8fd3521c55d1578d902b\",\"name\":\"clm-inclusiva\",\"image\":{\"@type\":\"ImageObject\",\"inLanguage\":\"es\",\"@id\":\"https:\/\/clm-inclusiva.org\/#\/schema\/person\/image\/\",\"url\":\"https:\/\/secure.gravatar.com\/avatar\/88948567af770dc9cd5597b329011884?s=96&d=blank&r=g\",\"contentUrl\":\"https:\/\/secure.gravatar.com\/avatar\/88948567af770dc9cd5597b329011884?s=96&d=blank&r=g\",\"caption\":\"clm-inclusiva\"},\"sameAs\":[\"http:\/\/clm-inclusiva.org\"],\"url\":\"https:\/\/clm-inclusiva.org\/?author=1\"}]}<\/script>\n<!-- \/ Yoast SEO plugin. -->","yoast_head_json":{"title":"Naciones Unidas prioriza a la Econom\u00eda Social en las pol\u00edticas de reconstrucci\u00f3n para alcanzar la Agenda 2030 - Clm-Inclusiva","robots":{"index":"index","follow":"follow","max-snippet":"max-snippet:-1","max-image-preview":"max-image-preview:large","max-video-preview":"max-video-preview:-1"},"canonical":"https:\/\/clm-inclusiva.org\/?p=3846","og_locale":"es_ES","og_type":"article","og_title":"Naciones Unidas prioriza a la Econom\u00eda Social en las pol\u00edticas de reconstrucci\u00f3n para alcanzar la Agenda 2030 - Clm-Inclusiva","og_description":"[et_pb_section fb_built=&#8221;1&#8243; _builder_version=&#8221;4.0.4&#8243; custom_padding=&#8221;0px||2px|||&#8221;][et_pb_row _builder_version=&#8221;3.25&#8243; background_size=&#8221;initial&#8221; background_position=&#8221;top_left&#8221; background_repeat=&#8221;repeat&#8221; custom_margin=&#8221;|||||&#8221; custom_padding=&#8221;|||||&#8221;][et_pb_column type=&#8221;4_4&#8243; _builder_version=&#8221;3.25&#8243; custom_padding=&#8221;|||&#8221; custom_padding__hover=&#8221;|||&#8221;][et_pb_text admin_label=&#8221;Noticia&#8221; _builder_version=&#8221;4.1&#8243; text_font=&#8221;||||||||&#8221; background_size=&#8221;initial&#8221; background_position=&#8221;top_left&#8221; background_repeat=&#8221;repeat&#8221; text_orientation=&#8221;justified&#8221; min_height=&#8221;711px&#8221; custom_margin=&#8221;||||false|false&#8221; custom_padding=&#8221;|||||&#8221; hover_enabled=&#8221;0&#8243;] &nbsp; Seg\u00fan recogen las conclusiones del Encuentro de Jefes de Estado y de Gobierno celebrado la pasada semana, en el que participaron, entre otros, el secretario general de la ONU, [&hellip;]","og_url":"https:\/\/clm-inclusiva.org\/?p=3846","og_site_name":"Clm-Inclusiva","article_publisher":"https:\/\/www.facebook.com\/castillalamancha.inclusiva\/","article_published_time":"2020-10-06T16:01:54+00:00","article_modified_time":"2020-10-06T16:02:00+00:00","og_image":[{"width":658,"height":363,"url":"https:\/\/clm-inclusiva.org\/wp-content\/uploads\/2020\/10\/643.png","type":"image\/png"}],"author":"clm-inclusiva","twitter_card":"summary_large_image","twitter_creator":"@ClmInclusiva","twitter_site":"@ClmInclusiva","twitter_misc":{"Escrito por":"clm-inclusiva","Tiempo de lectura":"4 minutos"},"schema":{"@context":"https:\/\/schema.org","@graph":[{"@type":"Article","@id":"https:\/\/clm-inclusiva.org\/?p=3846#article","isPartOf":{"@id":"https:\/\/clm-inclusiva.org\/?p=3846"},"author":{"name":"clm-inclusiva","@id":"https:\/\/clm-inclusiva.org\/#\/schema\/person\/0cff84aaa5bb8fd3521c55d1578d902b"},"headline":"Naciones Unidas prioriza a la Econom\u00eda Social en las pol\u00edticas de reconstrucci\u00f3n para alcanzar la Agenda 2030","datePublished":"2020-10-06T16:01:54+00:00","dateModified":"2020-10-06T16:02:00+00:00","mainEntityOfPage":{"@id":"https:\/\/clm-inclusiva.org\/?p=3846"},"wordCount":844,"publisher":{"@id":"https:\/\/clm-inclusiva.org\/#organization"},"articleSection":["Bienestar social","Cermi","Discapacidad","Politica social","Sociedad","Tercer sector"],"inLanguage":"es"},{"@type":"WebPage","@id":"https:\/\/clm-inclusiva.org\/?p=3846","url":"https:\/\/clm-inclusiva.org\/?p=3846","name":"Naciones Unidas prioriza a la Econom\u00eda Social en las pol\u00edticas de reconstrucci\u00f3n para alcanzar la Agenda 2030 - Clm-Inclusiva","isPartOf":{"@id":"https:\/\/clm-inclusiva.org\/#website"},"datePublished":"2020-10-06T16:01:54+00:00","dateModified":"2020-10-06T16:02:00+00:00","breadcrumb":{"@id":"https:\/\/clm-inclusiva.org\/?p=3846#breadcrumb"},"inLanguage":"es","potentialAction":[{"@type":"ReadAction","target":["https:\/\/clm-inclusiva.org\/?p=3846"]}]},{"@type":"BreadcrumbList","@id":"https:\/\/clm-inclusiva.org\/?p=3846#breadcrumb","itemListElement":[{"@type":"ListItem","position":1,"name":"Portada","item":"https:\/\/clm-inclusiva.org\/"},{"@type":"ListItem","position":2,"name":"Naciones Unidas prioriza a la Econom\u00eda Social en las pol\u00edticas de reconstrucci\u00f3n para alcanzar la Agenda 2030"}]},{"@type":"WebSite","@id":"https:\/\/clm-inclusiva.org\/#website","url":"https:\/\/clm-inclusiva.org\/","name":"Clm-Inclusiva","description":"Confederaci\u00f3n de entidades de personas con discapacidad f\u00edsica y org\u00e1nica CLM","publisher":{"@id":"https:\/\/clm-inclusiva.org\/#organization"},"potentialAction":[{"@type":"SearchAction","target":{"@type":"EntryPoint","urlTemplate":"https:\/\/clm-inclusiva.org\/?s={search_term_string}"},"query-input":"required name=search_term_string"}],"inLanguage":"es"},{"@type":"Organization","@id":"https:\/\/clm-inclusiva.org\/#organization","name":"Clm-Inclusiva","url":"https:\/\/clm-inclusiva.org\/","logo":{"@type":"ImageObject","inLanguage":"es","@id":"https:\/\/clm-inclusiva.org\/#\/schema\/logo\/image\/","url":"http:\/\/clm-inclusiva.org\/wp-content\/uploads\/2019\/04\/banner-e1533720812836.jpg","contentUrl":"http:\/\/clm-inclusiva.org\/wp-content\/uploads\/2019\/04\/banner-e1533720812836.jpg","width":600,"height":332,"caption":"Clm-Inclusiva"},"image":{"@id":"https:\/\/clm-inclusiva.org\/#\/schema\/logo\/image\/"},"sameAs":["https:\/\/www.facebook.com\/castillalamancha.inclusiva\/","https:\/\/twitter.com\/ClmInclusiva"]},{"@type":"Person","@id":"https:\/\/clm-inclusiva.org\/#\/schema\/person\/0cff84aaa5bb8fd3521c55d1578d902b","name":"clm-inclusiva","image":{"@type":"ImageObject","inLanguage":"es","@id":"https:\/\/clm-inclusiva.org\/#\/schema\/person\/image\/","url":"https:\/\/secure.gravatar.com\/avatar\/88948567af770dc9cd5597b329011884?s=96&d=blank&r=g","contentUrl":"https:\/\/secure.gravatar.com\/avatar\/88948567af770dc9cd5597b329011884?s=96&d=blank&r=g","caption":"clm-inclusiva"},"sameAs":["http:\/\/clm-inclusiva.org"],"url":"https:\/\/clm-inclusiva.org\/?author=1"}]}},"_links":{"self":[{"href":"https:\/\/clm-inclusiva.org\/index.php?rest_route=\/wp\/v2\/posts\/3846"}],"collection":[{"href":"https:\/\/clm-inclusiva.org\/index.php?rest_route=\/wp\/v2\/posts"}],"about":[{"href":"https:\/\/clm-inclusiva.org\/index.php?rest_route=\/wp\/v2\/types\/post"}],"author":[{"embeddable":true,"href":"https:\/\/clm-inclusiva.org\/index.php?rest_route=\/wp\/v2\/users\/1"}],"replies":[{"embeddable":true,"href":"https:\/\/clm-inclusiva.org\/index.php?rest_route=%2Fwp%2Fv2%2Fcomments&post=3846"}],"version-history":[{"count":3,"href":"https:\/\/clm-inclusiva.org\/index.php?rest_route=\/wp\/v2\/posts\/3846\/revisions"}],"predecessor-version":[{"id":3851,"href":"https:\/\/clm-inclusiva.org\/index.php?rest_route=\/wp\/v2\/posts\/3846\/revisions\/3851"}],"wp:featuredmedia":[{"embeddable":true,"href":"https:\/\/clm-inclusiva.org\/index.php?rest_route=\/wp\/v2\/media\/3848"}],"wp:attachment":[{"href":"https:\/\/clm-inclusiva.org\/index.php?rest_route=%2Fwp%2Fv2%2Fmedia&parent=3846"}],"wp:term":[{"taxonomy":"category","embeddable":true,"href":"https:\/\/clm-inclusiva.org\/index.php?rest_route=%2Fwp%2Fv2%2Fcategories&post=3846"},{"taxonomy":"post_tag","embeddable":true,"href":"https:\/\/clm-inclusiva.org\/index.php?rest_route=%2Fwp%2Fv2%2Ftags&post=3846"}],"curies":[{"name":"wp","href":"https:\/\/api.w.org\/{rel}","templated":true}]}}