{"id":3833,"date":"2020-09-09T10:46:01","date_gmt":"2020-09-09T08:46:01","guid":{"rendered":"http:\/\/clm-inclusiva.org\/?p=3833"},"modified":"2020-09-09T10:46:07","modified_gmt":"2020-09-09T08:46:07","slug":"clm-inclusiva-y-cocemfe-ofrecen-su-colaboracion-para-que-el-nuevo-curso-escolar-sea-seguro-e-igualitario-para-las-personas-con-discapacidad","status":"publish","type":"post","link":"https:\/\/clm-inclusiva.org\/?p=3833","title":{"rendered":"CLM INCLUSIVA Y COCEMFE ofrecen su colaboraci\u00f3n para que el nuevo curso escolar sea seguro e igualitario para las personas con discapacidad"},"content":{"rendered":"<p>[et_pb_section fb_built=&#8221;1&#8243; _builder_version=&#8221;4.0.4&#8243; custom_padding=&#8221;0px||2px|||&#8221;][et_pb_row _builder_version=&#8221;3.25&#8243; background_size=&#8221;initial&#8221; background_position=&#8221;top_left&#8221; background_repeat=&#8221;repeat&#8221; custom_margin=&#8221;|||||&#8221; custom_padding=&#8221;|||||&#8221;][et_pb_column type=&#8221;4_4&#8243; _builder_version=&#8221;3.25&#8243; custom_padding=&#8221;|||&#8221; custom_padding__hover=&#8221;|||&#8221;][et_pb_text admin_label=&#8221;Noticia&#8221; _builder_version=&#8221;4.1&#8243; text_font=&#8221;||||||||&#8221; background_size=&#8221;initial&#8221; background_position=&#8221;top_left&#8221; background_repeat=&#8221;repeat&#8221; text_orientation=&#8221;justified&#8221; min_height=&#8221;711px&#8221; custom_margin=&#8221;||||false|false&#8221; custom_padding=&#8221;|||||&#8221; hover_enabled=&#8221;0&#8243;]<\/p>\n<p><strong>\u2022 CLM INCLUSIVA COCEMFE y su Movimiento Asociativo se ponen a disposici\u00f3n de todas las administraciones, instituciones y centros educativos para poder ofrecer soluciones que eviten todas las situaciones de exclusi\u00f3n que los\/as estudiantes con discapacidad han vivido por la COVID-19<\/strong><\/p>\n<p><strong> \u2022 <\/strong><strong>La entidad apuesta, siempre que sea posible, por la presencialidad del alumnado con discapacidad y profesionales en entornos seguros<\/strong><\/p>\n<p><strong>\u2022 COCEMFE considera necesario promover la educaci\u00f3n inclusiva, equitativa y de calidad, as\u00ed como el dise\u00f1o universal para el aprendizaje y el acceso a la tecnolog\u00eda de todo el alumnado, familias y profesorado<\/strong><\/p>\n<p>(Toledo, 8 de septiembre de 2020)<\/p>\n<p>Con motivo del inicio del curso escolar y la falta de medidas dirigidas a la infancia con discapacidad, la Confederaci\u00f3n de Entidades de Personas con Discapacidad f\u00edsica y org\u00e1nica de Castilla-La Mancha junto con la entidad nacional COCEMFE ofrecen su colaboraci\u00f3n y la de todo su Movimiento Asociativo para que los\/as estudiantes con discapacidad encuentren respuestas efectivas y seguras para continuar su desarrollo educativo en el actual contexto de pandemia por COVID-19.<\/p>\n<p><strong>Enrique Alarc\u00f3n, Presidente de CLM Inclusiva COCEMFE<\/strong>, junto a todas sus entidades se pone a disposici\u00f3n de las Administraciones p\u00fablicas, instituciones privadas, asociaciones, familias, alumnado, centros educativos, o incluso sin vinculaci\u00f3n directa con la Educaci\u00f3n, <strong>para poder ofrecer soluciones posibles y v\u00e1lidas que eviten todas las situaciones de exclusi\u00f3n que los\/as estudiantes con discapacidad han vivido durante este a\u00f1o, llegando en algunos casos a producirse una desconexi\u00f3n completa del sistema educativo. <\/strong><\/p>\n<p>\u201cLa educaci\u00f3n inclusiva de calidad para todas las personas es un derecho que se est\u00e1 viendo mermado a pasos agigantados en el actual contexto de pandemia y, para evitarlo, es necesaria la escucha de todas las partes afectadas y la toma de acuerdos y soluciones flexibles en funci\u00f3n de cada caso, contando con las aportaciones necesarias de toda la sociedad\u201d explica el presidente de COCEMFE, Anxo Queiruga, haciendo hincapi\u00e9 en la importancia de \u201caunar esfuerzos y mirar el mismo horizonte\u201d, puesto que \u201c<strong>la Educaci\u00f3n no solo es un derecho, sino aquello que nos ense\u00f1a a vivir<\/strong> y nos ayuda a convertirnos en ciudadanos y ciudadanas responsables\u201d.<\/p>\n<p>Por ello, entre las propuestas de COCEMFE para el nuevo curso escolar se encuentra <strong>asegurar, en la medida de lo posible, la presencialidad del alumnado y profesionales en entornos seguros,<\/strong> dando prioridad al alumnado y familias en situaci\u00f3n de vulnerabilidad, como es el caso de las personas con discapacidad.<\/p>\n<p>Con el fin de conseguir el desarrollo pleno de las capacidades e intereses de la persona de acuerdo a sus preferencias y posibilidades, COCEMFE considera que es necesario promover la educaci\u00f3n inclusiva, equitativa, de calidad, dotando a los centros, alumnado y familias de los productos de apoyo necesarios para hacer accesible y adaptar el entorno al alumnado e implantando el enfoque del Dise\u00f1o Universal para el Aprendizaje (DUA) en todos los procesos y \u00e1mbitos educativos. \u201c<strong>Es el momento de potenciar el Dise\u00f1o Universal de Aprendizaje<\/strong>, por lo que es necesario promover todas las metodolog\u00edas inclusivas con apoyo de las TIC, as\u00ed como la atenci\u00f3n a la diversidad\u201d, se\u00f1ala Queiruga.<\/p>\n<p>CLM INCLUSIVA Y COCEMFE tambi\u00e9n reivindican el <strong>impulso de las tecnolog\u00edas de la informaci\u00f3n asegurando que estas est\u00e1n a disposici\u00f3n de los\/as estudiantes<\/strong>, que son accesibles o est\u00e1n adaptadas a sus necesidades educativas espec\u00edficas y que tanto las familias como el entorno educativo cuentan con la preparaci\u00f3n suficiente para realizar el seguimiento de cada alumno\/a.<\/p>\n<p>De igual modo, la entidad propone que se programen las adaptaciones curriculares pertinentes que sean necesarias a la diversidad de situaciones del alumnado y que se realice una mayor dotaci\u00f3n de personal a los equipos multiprofesionales y de orientaci\u00f3n.<\/p>\n<p>Por \u00faltimo, COCEMFE recuerda que, para proporcionar los apoyos necesarios al alumnado con necesidades educativas espec\u00edficas, se hace imprescindible contar con la participaci\u00f3n de toda la comunidad educativa e incluyendo sobre todo la colaboraci\u00f3n con entidades sociales especializadas y del Tercer Sector, como son CLM INCLUSIVA COCEMFE y su Movimiento Asociativo.<\/p>\n<p>A trav\u00e9s del \u2018Programa Estatal de Promoci\u00f3n de la Educaci\u00f3n Inclusiva y de Soporte a la Atenci\u00f3n al Alumnado con Necesidades Educativas por Motivo de su Discapacidad\u2019, ejecutado por COCEMFE gracias a una subvenci\u00f3n procedente del 0,7% del IRPF del Ministerio de Sanidad, Consumo y Bienestar Social, <strong>la entidad pone a disposici\u00f3n de toda la comunidad educativa todos sus conocimientos y recursos humanos y materiales<\/strong> para que este curso escolar responda a las necesidades de todos los\/as estudiantes con discapacidad.<\/p>\n<p>La <strong>Confederaci\u00f3n de entidades de personas con discapacidad f\u00edsica y org\u00e1nica Castilla-La Mancha INCLUSIVA COCEMFE<\/strong> se constituy\u00f3 en el a\u00f1o 2017. Agrupa a casi un centenar de entidades que representan casi a 10.000 personas con discapacidad. Se encuentra compuesta por las federaciones provinciales, COCEMFE Albacete, COCEMFE Guadalajara, COCEMFE Toledo, COCEMFE Cuenca y Ciudad Real INCLUSIVA, as\u00ed como las entidades de car\u00e1cter regional AFANION, LUNA, AIDISCAM CLM y la asociaci\u00f3n nacional AMIAB. El objetivo fundamental de la confederaci\u00f3n es articular y vertebrar en nuestra regi\u00f3n el asociacionismo de la discapacidad f\u00edsica y org\u00e1nica, desde la unidad y respeto al pluralismo, para desarrollar una acci\u00f3n representativa efectiva en defensas de los derechos e intereses de las personas con discapacidad y sus familias.<\/p>\n<p>[\/et_pb_text][et_pb_post_nav prev_text=&#8221;Anterior&#8221; next_text=&#8221;Siguiente&#8221; _builder_version=&#8221;3.22.4&#8243;][\/et_pb_post_nav][\/et_pb_column][\/et_pb_row][\/et_pb_section]<\/p>\n","protected":false},"excerpt":{"rendered":"<p>[et_pb_section fb_built=&#8221;1&#8243; _builder_version=&#8221;4.0.4&#8243; custom_padding=&#8221;0px||2px|||&#8221;][et_pb_row _builder_version=&#8221;3.25&#8243; background_size=&#8221;initial&#8221; background_position=&#8221;top_left&#8221; background_repeat=&#8221;repeat&#8221; custom_margin=&#8221;|||||&#8221; custom_padding=&#8221;|||||&#8221;][et_pb_column type=&#8221;4_4&#8243; _builder_version=&#8221;3.25&#8243; custom_padding=&#8221;|||&#8221; custom_padding__hover=&#8221;|||&#8221;][et_pb_text admin_label=&#8221;Noticia&#8221; _builder_version=&#8221;4.1&#8243; text_font=&#8221;||||||||&#8221; background_size=&#8221;initial&#8221; background_position=&#8221;top_left&#8221; background_repeat=&#8221;repeat&#8221; text_orientation=&#8221;justified&#8221; min_height=&#8221;711px&#8221; custom_margin=&#8221;||||false|false&#8221; custom_padding=&#8221;|||||&#8221; hover_enabled=&#8221;0&#8243;] \u2022 CLM INCLUSIVA COCEMFE y su Movimiento Asociativo se ponen a disposici\u00f3n de todas las administraciones, instituciones y centros educativos para poder ofrecer soluciones que eviten todas las situaciones de [&hellip;]<\/p>\n","protected":false},"author":1,"featured_media":3835,"comment_status":"closed","ping_status":"closed","sticky":false,"template":"","format":"standard","meta":{"_et_pb_use_builder":"on","_et_pb_old_content":"<h5 style=\"text-align: justify;\">La Confederaci\u00f3n CLM Inclusiva y la asociaci\u00f3n empresarial de Centros Especiales de Empleo de COCEMFE en Castilla-La Mancha, AECEMCO CLM, han firmado un acuerdo para promover las oportunidades de formaci\u00f3n y empleo de las personas del colectivo.<\/h5>\r\n<p style=\"text-align: justify;\"><img class=\"alignnone size-full wp-image-471\" src=\"http:\/\/clm-inclusiva.org\/wp-content\/uploads\/2019\/04\/3500_fotonoticia_20190402151941_1920.jpg\" alt=\"\" width=\"670\" height=\"300\"><\/p>\r\n<p style=\"text-align: justify;\">El presidente de la confederaci\u00f3n CLM Inclusiva, Enrique Alarc\u00f3n Garc\u00eda, y el presidente de AECEMCO CLM, \u00d3scar Sillas, han rubricado este acuerdo de colaboraci\u00f3n para coordinar su labor y actuaciones de apoyo a la promoci\u00f3n de los derechos de las personas con discapacidad f\u00edsica y org\u00e1nica en Castilla-La Mancha, ha informado esta confederaci\u00f3n en nota de prensa.<\/p>\r\nEl sector empresarial promovido por las organizaciones de COCEMFE sin \u00e1nimo de lucro, integrado en AECEMCO, da empleo actualmente a m\u00e1s de 800 personas con discapacidad de todo tipo, con actividades productivas y de prestaci\u00f3n de servicios muy variados como obras, lavander\u00eda, limpieza, medioambiente, manipulados, formaci\u00f3n, etc.\r\n\r\nAmbas organizaciones que comparten valores sociales y visi\u00f3n sobre los derechos de las personas con discapacidad coordinar\u00e1n todas sus actividades para incrementar las oportunidades de formaci\u00f3n, aprendizaje en el puesto de trabajo y calidad de los mismos, tanto en empleo protegido como ordinario.\r\n\r\nDentro de las actuaciones objeto del acuerdo se pondr\u00e1 especial atenci\u00f3n a dar a conocer la normativa de reserva de empleo para personas con discapacidad, as\u00ed como el adecuado cumplimiento de las medidas alternativas, para lo que se informar\u00e1 conjuntamente a administraciones, federaciones empresariales y grandes empresas sobre las oportunidades de empleabilidad de las personas con discapacidad f\u00edsica y org\u00e1nica.\r\n\r\nCLM Inclusiva dispone actualmente de Servicio de Empleo en todas las provincias de Castilla-La Mancha, gracias al apoyo de Fundaci\u00f3n ONCE y la financiaci\u00f3n de proyectos con cargo al IRPF, que realiza labor de intermediaci\u00f3n entre personas con discapacidad demandantes de empleo y empresas, asegurando la adecuaci\u00f3n de trabajadores al puesto de trabajo e informando sobre incentivos a la contrataci\u00f3n y ajustes t\u00e9cnicos necesarios en el puesto.\r\n\r\nLa Confederaci\u00f3n regional de entidades de personas con discapacidad f\u00edsica y org\u00e1nica, Castilla-La Mancha Inclusiva, agrupa al movimiento asociativo de COCEMFE en la Regi\u00f3n, con casi un centenar de entidades que representan en torno a 10.000 personas con discapacidad.\r\n\r\nActualmente se encuentra compuesta por cinco federaciones provinciales, COCEMFE Albacete, COCEMFE Cuenca, COCEMFE Guadalajara, COCEMFE Toledo y Ciudad Real Inclusiva, las entidades regionales AFANION, Federaci\u00f3n LUNA CLM de mujeres con discapacidad, AIDISCAM, y la asociaci\u00f3n nacional AMIAB.","_et_gb_content_width":"","footnotes":""},"categories":[49,4,47,5,44,8,41],"tags":[],"yoast_head":"<!-- This site is optimized with the Yoast SEO plugin v21.3 - https:\/\/yoast.com\/wordpress\/plugins\/seo\/ -->\n<title>CLM INCLUSIVA Y COCEMFE ofrecen su colaboraci\u00f3n para que el nuevo curso escolar sea seguro e igualitario para las personas con discapacidad - Clm-Inclusiva<\/title>\n<meta name=\"robots\" content=\"index, follow, max-snippet:-1, max-image-preview:large, max-video-preview:-1\" \/>\n<link rel=\"canonical\" href=\"https:\/\/clm-inclusiva.org\/?p=3833\" \/>\n<meta property=\"og:locale\" content=\"es_ES\" \/>\n<meta property=\"og:type\" content=\"article\" \/>\n<meta property=\"og:title\" content=\"CLM INCLUSIVA Y COCEMFE ofrecen su colaboraci\u00f3n para que el nuevo curso escolar sea seguro e igualitario para las personas con discapacidad - Clm-Inclusiva\" \/>\n<meta property=\"og:description\" content=\"[et_pb_section fb_built=&#8221;1&#8243; _builder_version=&#8221;4.0.4&#8243; custom_padding=&#8221;0px||2px|||&#8221;][et_pb_row _builder_version=&#8221;3.25&#8243; background_size=&#8221;initial&#8221; background_position=&#8221;top_left&#8221; background_repeat=&#8221;repeat&#8221; custom_margin=&#8221;|||||&#8221; custom_padding=&#8221;|||||&#8221;][et_pb_column type=&#8221;4_4&#8243; _builder_version=&#8221;3.25&#8243; custom_padding=&#8221;|||&#8221; custom_padding__hover=&#8221;|||&#8221;][et_pb_text admin_label=&#8221;Noticia&#8221; _builder_version=&#8221;4.1&#8243; text_font=&#8221;||||||||&#8221; background_size=&#8221;initial&#8221; background_position=&#8221;top_left&#8221; background_repeat=&#8221;repeat&#8221; text_orientation=&#8221;justified&#8221; min_height=&#8221;711px&#8221; custom_margin=&#8221;||||false|false&#8221; custom_padding=&#8221;|||||&#8221; hover_enabled=&#8221;0&#8243;] \u2022 CLM INCLUSIVA COCEMFE y su Movimiento Asociativo se ponen a disposici\u00f3n de todas las administraciones, instituciones y centros educativos para poder ofrecer soluciones que eviten todas las situaciones de [&hellip;]\" \/>\n<meta property=\"og:url\" content=\"https:\/\/clm-inclusiva.org\/?p=3833\" \/>\n<meta property=\"og:site_name\" content=\"Clm-Inclusiva\" \/>\n<meta property=\"article:publisher\" content=\"https:\/\/www.facebook.com\/castillalamancha.inclusiva\/\" \/>\n<meta property=\"article:published_time\" content=\"2020-09-09T08:46:01+00:00\" \/>\n<meta property=\"article:modified_time\" content=\"2020-09-09T08:46:07+00:00\" \/>\n<meta property=\"og:image\" content=\"https:\/\/clm-inclusiva.org\/wp-content\/uploads\/2020\/09\/nina-mascara-parque-pandemia-coronavirus_147764-535.jpg\" \/>\n\t<meta property=\"og:image:width\" content=\"626\" \/>\n\t<meta property=\"og:image:height\" content=\"417\" \/>\n\t<meta property=\"og:image:type\" content=\"image\/jpeg\" \/>\n<meta name=\"author\" content=\"clm-inclusiva\" \/>\n<meta name=\"twitter:card\" content=\"summary_large_image\" \/>\n<meta name=\"twitter:creator\" content=\"@ClmInclusiva\" \/>\n<meta name=\"twitter:site\" content=\"@ClmInclusiva\" \/>\n<meta name=\"twitter:label1\" content=\"Escrito por\" \/>\n\t<meta name=\"twitter:data1\" content=\"clm-inclusiva\" \/>\n\t<meta name=\"twitter:label2\" content=\"Tiempo de lectura\" \/>\n\t<meta name=\"twitter:data2\" content=\"5 minutos\" \/>\n<script type=\"application\/ld+json\" class=\"yoast-schema-graph\">{\"@context\":\"https:\/\/schema.org\",\"@graph\":[{\"@type\":\"Article\",\"@id\":\"https:\/\/clm-inclusiva.org\/?p=3833#article\",\"isPartOf\":{\"@id\":\"https:\/\/clm-inclusiva.org\/?p=3833\"},\"author\":{\"name\":\"clm-inclusiva\",\"@id\":\"https:\/\/clm-inclusiva.org\/#\/schema\/person\/0cff84aaa5bb8fd3521c55d1578d902b\"},\"headline\":\"CLM INCLUSIVA Y COCEMFE ofrecen su colaboraci\u00f3n para que el nuevo curso escolar sea seguro e igualitario para las personas con discapacidad\",\"datePublished\":\"2020-09-09T08:46:01+00:00\",\"dateModified\":\"2020-09-09T08:46:07+00:00\",\"mainEntityOfPage\":{\"@id\":\"https:\/\/clm-inclusiva.org\/?p=3833\"},\"wordCount\":1035,\"publisher\":{\"@id\":\"https:\/\/clm-inclusiva.org\/#organization\"},\"articleSection\":[\"castilla-la mancha\",\"Clm inclusiva\",\"cocemfe\",\"Discapacidad\",\"Politica social\",\"Sociedad\",\"Tercer sector\"],\"inLanguage\":\"es\"},{\"@type\":\"WebPage\",\"@id\":\"https:\/\/clm-inclusiva.org\/?p=3833\",\"url\":\"https:\/\/clm-inclusiva.org\/?p=3833\",\"name\":\"CLM INCLUSIVA Y COCEMFE ofrecen su colaboraci\u00f3n para que el nuevo curso escolar sea seguro e igualitario para las personas con discapacidad - Clm-Inclusiva\",\"isPartOf\":{\"@id\":\"https:\/\/clm-inclusiva.org\/#website\"},\"datePublished\":\"2020-09-09T08:46:01+00:00\",\"dateModified\":\"2020-09-09T08:46:07+00:00\",\"breadcrumb\":{\"@id\":\"https:\/\/clm-inclusiva.org\/?p=3833#breadcrumb\"},\"inLanguage\":\"es\",\"potentialAction\":[{\"@type\":\"ReadAction\",\"target\":[\"https:\/\/clm-inclusiva.org\/?p=3833\"]}]},{\"@type\":\"BreadcrumbList\",\"@id\":\"https:\/\/clm-inclusiva.org\/?p=3833#breadcrumb\",\"itemListElement\":[{\"@type\":\"ListItem\",\"position\":1,\"name\":\"Portada\",\"item\":\"https:\/\/clm-inclusiva.org\/\"},{\"@type\":\"ListItem\",\"position\":2,\"name\":\"CLM INCLUSIVA Y COCEMFE ofrecen su colaboraci\u00f3n para que el nuevo curso escolar sea seguro e igualitario para las personas con discapacidad\"}]},{\"@type\":\"WebSite\",\"@id\":\"https:\/\/clm-inclusiva.org\/#website\",\"url\":\"https:\/\/clm-inclusiva.org\/\",\"name\":\"Clm-Inclusiva\",\"description\":\"Confederaci\u00f3n de entidades de personas con discapacidad f\u00edsica y org\u00e1nica CLM\",\"publisher\":{\"@id\":\"https:\/\/clm-inclusiva.org\/#organization\"},\"potentialAction\":[{\"@type\":\"SearchAction\",\"target\":{\"@type\":\"EntryPoint\",\"urlTemplate\":\"https:\/\/clm-inclusiva.org\/?s={search_term_string}\"},\"query-input\":\"required name=search_term_string\"}],\"inLanguage\":\"es\"},{\"@type\":\"Organization\",\"@id\":\"https:\/\/clm-inclusiva.org\/#organization\",\"name\":\"Clm-Inclusiva\",\"url\":\"https:\/\/clm-inclusiva.org\/\",\"logo\":{\"@type\":\"ImageObject\",\"inLanguage\":\"es\",\"@id\":\"https:\/\/clm-inclusiva.org\/#\/schema\/logo\/image\/\",\"url\":\"http:\/\/clm-inclusiva.org\/wp-content\/uploads\/2019\/04\/banner-e1533720812836.jpg\",\"contentUrl\":\"http:\/\/clm-inclusiva.org\/wp-content\/uploads\/2019\/04\/banner-e1533720812836.jpg\",\"width\":600,\"height\":332,\"caption\":\"Clm-Inclusiva\"},\"image\":{\"@id\":\"https:\/\/clm-inclusiva.org\/#\/schema\/logo\/image\/\"},\"sameAs\":[\"https:\/\/www.facebook.com\/castillalamancha.inclusiva\/\",\"https:\/\/twitter.com\/ClmInclusiva\"]},{\"@type\":\"Person\",\"@id\":\"https:\/\/clm-inclusiva.org\/#\/schema\/person\/0cff84aaa5bb8fd3521c55d1578d902b\",\"name\":\"clm-inclusiva\",\"image\":{\"@type\":\"ImageObject\",\"inLanguage\":\"es\",\"@id\":\"https:\/\/clm-inclusiva.org\/#\/schema\/person\/image\/\",\"url\":\"https:\/\/secure.gravatar.com\/avatar\/88948567af770dc9cd5597b329011884?s=96&d=blank&r=g\",\"contentUrl\":\"https:\/\/secure.gravatar.com\/avatar\/88948567af770dc9cd5597b329011884?s=96&d=blank&r=g\",\"caption\":\"clm-inclusiva\"},\"sameAs\":[\"http:\/\/clm-inclusiva.org\"],\"url\":\"https:\/\/clm-inclusiva.org\/?author=1\"}]}<\/script>\n<!-- \/ Yoast SEO plugin. -->","yoast_head_json":{"title":"CLM INCLUSIVA Y COCEMFE ofrecen su colaboraci\u00f3n para que el nuevo curso escolar sea seguro e igualitario para las personas con discapacidad - Clm-Inclusiva","robots":{"index":"index","follow":"follow","max-snippet":"max-snippet:-1","max-image-preview":"max-image-preview:large","max-video-preview":"max-video-preview:-1"},"canonical":"https:\/\/clm-inclusiva.org\/?p=3833","og_locale":"es_ES","og_type":"article","og_title":"CLM INCLUSIVA Y COCEMFE ofrecen su colaboraci\u00f3n para que el nuevo curso escolar sea seguro e igualitario para las personas con discapacidad - Clm-Inclusiva","og_description":"[et_pb_section fb_built=&#8221;1&#8243; _builder_version=&#8221;4.0.4&#8243; custom_padding=&#8221;0px||2px|||&#8221;][et_pb_row _builder_version=&#8221;3.25&#8243; background_size=&#8221;initial&#8221; background_position=&#8221;top_left&#8221; background_repeat=&#8221;repeat&#8221; custom_margin=&#8221;|||||&#8221; custom_padding=&#8221;|||||&#8221;][et_pb_column type=&#8221;4_4&#8243; _builder_version=&#8221;3.25&#8243; custom_padding=&#8221;|||&#8221; custom_padding__hover=&#8221;|||&#8221;][et_pb_text admin_label=&#8221;Noticia&#8221; _builder_version=&#8221;4.1&#8243; text_font=&#8221;||||||||&#8221; background_size=&#8221;initial&#8221; background_position=&#8221;top_left&#8221; background_repeat=&#8221;repeat&#8221; text_orientation=&#8221;justified&#8221; min_height=&#8221;711px&#8221; custom_margin=&#8221;||||false|false&#8221; custom_padding=&#8221;|||||&#8221; hover_enabled=&#8221;0&#8243;] \u2022 CLM INCLUSIVA COCEMFE y su Movimiento Asociativo se ponen a disposici\u00f3n de todas las administraciones, instituciones y centros educativos para poder ofrecer soluciones que eviten todas las situaciones de [&hellip;]","og_url":"https:\/\/clm-inclusiva.org\/?p=3833","og_site_name":"Clm-Inclusiva","article_publisher":"https:\/\/www.facebook.com\/castillalamancha.inclusiva\/","article_published_time":"2020-09-09T08:46:01+00:00","article_modified_time":"2020-09-09T08:46:07+00:00","og_image":[{"width":626,"height":417,"url":"https:\/\/clm-inclusiva.org\/wp-content\/uploads\/2020\/09\/nina-mascara-parque-pandemia-coronavirus_147764-535.jpg","type":"image\/jpeg"}],"author":"clm-inclusiva","twitter_card":"summary_large_image","twitter_creator":"@ClmInclusiva","twitter_site":"@ClmInclusiva","twitter_misc":{"Escrito por":"clm-inclusiva","Tiempo de lectura":"5 minutos"},"schema":{"@context":"https:\/\/schema.org","@graph":[{"@type":"Article","@id":"https:\/\/clm-inclusiva.org\/?p=3833#article","isPartOf":{"@id":"https:\/\/clm-inclusiva.org\/?p=3833"},"author":{"name":"clm-inclusiva","@id":"https:\/\/clm-inclusiva.org\/#\/schema\/person\/0cff84aaa5bb8fd3521c55d1578d902b"},"headline":"CLM INCLUSIVA Y COCEMFE ofrecen su colaboraci\u00f3n para que el nuevo curso escolar sea seguro e igualitario para las personas con discapacidad","datePublished":"2020-09-09T08:46:01+00:00","dateModified":"2020-09-09T08:46:07+00:00","mainEntityOfPage":{"@id":"https:\/\/clm-inclusiva.org\/?p=3833"},"wordCount":1035,"publisher":{"@id":"https:\/\/clm-inclusiva.org\/#organization"},"articleSection":["castilla-la mancha","Clm inclusiva","cocemfe","Discapacidad","Politica social","Sociedad","Tercer sector"],"inLanguage":"es"},{"@type":"WebPage","@id":"https:\/\/clm-inclusiva.org\/?p=3833","url":"https:\/\/clm-inclusiva.org\/?p=3833","name":"CLM INCLUSIVA Y COCEMFE ofrecen su colaboraci\u00f3n para que el nuevo curso escolar sea seguro e igualitario para las personas con discapacidad - Clm-Inclusiva","isPartOf":{"@id":"https:\/\/clm-inclusiva.org\/#website"},"datePublished":"2020-09-09T08:46:01+00:00","dateModified":"2020-09-09T08:46:07+00:00","breadcrumb":{"@id":"https:\/\/clm-inclusiva.org\/?p=3833#breadcrumb"},"inLanguage":"es","potentialAction":[{"@type":"ReadAction","target":["https:\/\/clm-inclusiva.org\/?p=3833"]}]},{"@type":"BreadcrumbList","@id":"https:\/\/clm-inclusiva.org\/?p=3833#breadcrumb","itemListElement":[{"@type":"ListItem","position":1,"name":"Portada","item":"https:\/\/clm-inclusiva.org\/"},{"@type":"ListItem","position":2,"name":"CLM INCLUSIVA Y COCEMFE ofrecen su colaboraci\u00f3n para que el nuevo curso escolar sea seguro e igualitario para las personas con discapacidad"}]},{"@type":"WebSite","@id":"https:\/\/clm-inclusiva.org\/#website","url":"https:\/\/clm-inclusiva.org\/","name":"Clm-Inclusiva","description":"Confederaci\u00f3n de entidades de personas con discapacidad f\u00edsica y org\u00e1nica CLM","publisher":{"@id":"https:\/\/clm-inclusiva.org\/#organization"},"potentialAction":[{"@type":"SearchAction","target":{"@type":"EntryPoint","urlTemplate":"https:\/\/clm-inclusiva.org\/?s={search_term_string}"},"query-input":"required name=search_term_string"}],"inLanguage":"es"},{"@type":"Organization","@id":"https:\/\/clm-inclusiva.org\/#organization","name":"Clm-Inclusiva","url":"https:\/\/clm-inclusiva.org\/","logo":{"@type":"ImageObject","inLanguage":"es","@id":"https:\/\/clm-inclusiva.org\/#\/schema\/logo\/image\/","url":"http:\/\/clm-inclusiva.org\/wp-content\/uploads\/2019\/04\/banner-e1533720812836.jpg","contentUrl":"http:\/\/clm-inclusiva.org\/wp-content\/uploads\/2019\/04\/banner-e1533720812836.jpg","width":600,"height":332,"caption":"Clm-Inclusiva"},"image":{"@id":"https:\/\/clm-inclusiva.org\/#\/schema\/logo\/image\/"},"sameAs":["https:\/\/www.facebook.com\/castillalamancha.inclusiva\/","https:\/\/twitter.com\/ClmInclusiva"]},{"@type":"Person","@id":"https:\/\/clm-inclusiva.org\/#\/schema\/person\/0cff84aaa5bb8fd3521c55d1578d902b","name":"clm-inclusiva","image":{"@type":"ImageObject","inLanguage":"es","@id":"https:\/\/clm-inclusiva.org\/#\/schema\/person\/image\/","url":"https:\/\/secure.gravatar.com\/avatar\/88948567af770dc9cd5597b329011884?s=96&d=blank&r=g","contentUrl":"https:\/\/secure.gravatar.com\/avatar\/88948567af770dc9cd5597b329011884?s=96&d=blank&r=g","caption":"clm-inclusiva"},"sameAs":["http:\/\/clm-inclusiva.org"],"url":"https:\/\/clm-inclusiva.org\/?author=1"}]}},"_links":{"self":[{"href":"https:\/\/clm-inclusiva.org\/index.php?rest_route=\/wp\/v2\/posts\/3833"}],"collection":[{"href":"https:\/\/clm-inclusiva.org\/index.php?rest_route=\/wp\/v2\/posts"}],"about":[{"href":"https:\/\/clm-inclusiva.org\/index.php?rest_route=\/wp\/v2\/types\/post"}],"author":[{"embeddable":true,"href":"https:\/\/clm-inclusiva.org\/index.php?rest_route=\/wp\/v2\/users\/1"}],"replies":[{"embeddable":true,"href":"https:\/\/clm-inclusiva.org\/index.php?rest_route=%2Fwp%2Fv2%2Fcomments&post=3833"}],"version-history":[{"count":3,"href":"https:\/\/clm-inclusiva.org\/index.php?rest_route=\/wp\/v2\/posts\/3833\/revisions"}],"predecessor-version":[{"id":3838,"href":"https:\/\/clm-inclusiva.org\/index.php?rest_route=\/wp\/v2\/posts\/3833\/revisions\/3838"}],"wp:featuredmedia":[{"embeddable":true,"href":"https:\/\/clm-inclusiva.org\/index.php?rest_route=\/wp\/v2\/media\/3835"}],"wp:attachment":[{"href":"https:\/\/clm-inclusiva.org\/index.php?rest_route=%2Fwp%2Fv2%2Fmedia&parent=3833"}],"wp:term":[{"taxonomy":"category","embeddable":true,"href":"https:\/\/clm-inclusiva.org\/index.php?rest_route=%2Fwp%2Fv2%2Fcategories&post=3833"},{"taxonomy":"post_tag","embeddable":true,"href":"https:\/\/clm-inclusiva.org\/index.php?rest_route=%2Fwp%2Fv2%2Ftags&post=3833"}],"curies":[{"name":"wp","href":"https:\/\/api.w.org\/{rel}","templated":true}]}}