{"id":3824,"date":"2020-07-24T19:18:13","date_gmt":"2020-07-24T17:18:13","guid":{"rendered":"http:\/\/clm-inclusiva.org\/?p=3824"},"modified":"2020-07-24T19:18:19","modified_gmt":"2020-07-24T17:18:19","slug":"aidiscam-castilla-la-mancha-celebra-su-asamblea-general-anual-con-nuevos-retos","status":"publish","type":"post","link":"https:\/\/clm-inclusiva.org\/?p=3824","title":{"rendered":"AIDISCAM Castilla-La Mancha celebra su Asamblea General anual con nuevos retos"},"content":{"rendered":"<p>[et_pb_section fb_built=&#8221;1&#8243; _builder_version=&#8221;4.0.4&#8243; custom_padding=&#8221;0px||2px|||&#8221;][et_pb_row _builder_version=&#8221;3.25&#8243; background_size=&#8221;initial&#8221; background_position=&#8221;top_left&#8221; background_repeat=&#8221;repeat&#8221; custom_margin=&#8221;|||||&#8221; custom_padding=&#8221;|||||&#8221;][et_pb_column type=&#8221;4_4&#8243; _builder_version=&#8221;3.25&#8243; custom_padding=&#8221;|||&#8221; custom_padding__hover=&#8221;|||&#8221;][et_pb_text admin_label=&#8221;Noticia&#8221; _builder_version=&#8221;4.1&#8243; text_font=&#8221;||||||||&#8221; background_size=&#8221;initial&#8221; background_position=&#8221;top_left&#8221; background_repeat=&#8221;repeat&#8221; text_orientation=&#8221;justified&#8221; min_height=&#8221;711px&#8221; custom_margin=&#8221;||||false|false&#8221; custom_padding=&#8221;|||||&#8221; hover_enabled=&#8221;0&#8243;]<\/p>\n<p>&nbsp;<\/p>\n<ul>\n<li><span style=\"font-weight: 400;\"> La Asociaci\u00f3n para la Integraci\u00f3n de Personas con Discapacidad de Castilla-La Mancha, (AIDISCAM) C-LM ha celebrado, el pasado lunes, su Asamblea General Ordinaria y su Asamblea Extraordinaria de forma telem\u00e1tica.<\/span><\/li>\n<li><span style=\"font-weight: 400;\"> El presidente de AIDISCAM de Castilla-La Mancha, Francisco Cebri\u00e1n, ha pedido en la Asamblea General que las personas con discapacidad no sean vulneradas tras la crisis de la pandemia por la COVID-19.<\/span><\/li>\n<\/ul>\n<p><span style=\"font-weight: 400;\">Castilla-La Mancha, 23 de Julio de 2020.- En la Asamblea Extraordinaria tras la constituci\u00f3n de la asamblea y la elecci\u00f3n de la mesa ha quedado formada por: Francisco Cebri\u00e1n (Presidente regional de AIDISCM CLM) como presidente de la misma y Jos\u00e9 Antonio L\u00f3pez (secretario de AIDISCAM C-LM) como secretario. Francisco Cebri\u00e1n ha comenzado la asamblea con palabras de fuerza y de esperanza hacia, la cada vez m\u00e1s extensa familia que forma, AIDISCAM C-LM, haciendo especial \u00e9nfasis, en que AIDISCAM C-LM seguir\u00e1 velando y luchando para que se respeten los derechos de las personas con discapacidad, ante la presente situaci\u00f3n a la que debemos hacer frente. Cebri\u00e1n ha asegurado que: \u201cnos enfrentamos a una nueva realidad, tras la pandemia, con los recortes que se pretenden establecer para las entidades sociales&#8221;. Tambi\u00e9n ha aseverado que: &#8220;AIDISCAM C-LM seguir\u00e1 velando y luchando por la igualdad y el respeto de nuestros derechos, los de las personas con discapacidad, reivindicando y defendiendo dichos derechos legales, porque no vamos a permitir que se vulneren los mismos ni que nuestro colectivo sufra las consecuencias de esta nueva realidad sanitaria, social y econ\u00f3mica\u201d.<\/span><\/p>\n<p><span style=\"font-weight: 400;\">A su vez, tambi\u00e9n se ha aprobado la decisi\u00f3n de cambio en el n\u00famero de miembros de la Junta Directiva para adecuarlos a las nuevas necesidades de la organizaci\u00f3n. Donde se ha votado, por unanimidad, la composici\u00f3n de la junta directiva, aumentada en un miembro la misma. La misma ha quedado constituida siendo presidente; Francisco Cebri\u00e1n, vicepresidente; Javier Payo, secretario; Jos\u00e9 Antonio L\u00f3pez, vicesecretario; Alejandro Mart\u00ednez, tesorera; Alicia Fern\u00e1ndez, y como vocales; \u00c1ngel Pablo Sendarrubias, Antonio Utrilla y Soledad Villar.<\/span><\/p>\n<p><span style=\"font-weight: 400;\">La videoconferencia prosigui\u00f3 con la Asamblea Ordinaria, tras la constituci\u00f3n de la mesa se ha realizado la lectura del acta de la anterior asamblea ordinaria la cual fue aprobada por unanimidad. Posteriormente, se han aprobado la memoria y el balance econ\u00f3mico del a\u00f1o pasado as\u00ed como la programaci\u00f3n de actividades y presupuesto 2020, todos ellos por unanimidad. Durante el 2019 se ha llevado a cabo distintos programas siendo de especial relevancia en el campo de la inserci\u00f3n laboral con la formaci\u00f3n para el empleo de los proyectos CREA.<\/span><\/p>\n<p><span style=\"font-weight: 400;\">Durante la pandemia se ha iniciado un nuevo proyecto de inmigraci\u00f3n, a trav\u00e9s del cual se est\u00e1 estudiando y trabajando la inserci\u00f3n social y laboral de personas inmigrantes con discapacidad. Tampoco se ha dejado de trabajar creando las nuevas \u00e1reas que conforman el engranaje de funcionamiento de AIDISCAM C-LM. AIDISCAM C-LM seguir\u00e1 ofreciendo el tan importante asesoramiento a las personas con discapacidad y a sus familias, as\u00ed como el asesoramiento y orientaci\u00f3n en la b\u00fasqueda activa de empleo de las personas con discapacidad, velando por sus derechos. Y la incorporaci\u00f3n de nuevas actividades, as\u00ed como la necesidad de la formaci\u00f3n en digitalizaci\u00f3n ante la actual situaci\u00f3n laboral y social causada por la crisis de la Covid-19, la cual nos ha hecho trabajar en la reorganizaci\u00f3n de los proyectos en una nueva l\u00ednea de transformaci\u00f3n digital.<\/span><\/p>\n<p><span style=\"font-weight: 400;\">La asamblea se ha clausurado con las palabras de agradecimiento de Francisco Cebri\u00e1n a todas aquellas personas que tanto desde dentro como fuera de la organizaci\u00f3n siguen trabajando para la consecuci\u00f3n de los objetivos y llegar a romper la estigmatizaci\u00f3n de las personas con discapacidad en todos los \u00e1mbitos que conforman nuestro d\u00eda a d\u00eda.<\/span><\/p>\n<p><span style=\"font-weight: 400;\">AIDISCAM C-LM se fund\u00f3 en el a\u00f1o 2012, est\u00e1 compuesta por seis asociaciones adheridas a la misma; AIDISCAM TOLEDO, AIDISCAM ALBACETE, AIDISCAM GUADALAJARA, AIDISCAM CIUDAD REAL, AIDISCAM CUENCA Y AIDIS ILLESCAS.<\/span><\/p>\n<p><span style=\"font-weight: 400;\">Est\u00e1 presente en las cinco provincias de nuestra regi\u00f3n y tiene asociados y asociadas a m\u00e1s de 450 personas con discapacidad.<\/span><\/p>\n<p><span style=\"font-weight: 400;\">&gt; Es fundadora junto con otras entidades, de la confederaci\u00f3n Castilla-La Mancha INCLUSIVA COCEMFE y de la federaci\u00f3n provincial Ciudad Real INCLUSIVA COCEMFE.\u00a0 Actualmente, preside las federaciones provinciales de COCEMFE en Cuenca y Ciudad Real.<\/span><\/p>\n<p>[\/et_pb_text][et_pb_post_nav prev_text=&#8221;Anterior&#8221; next_text=&#8221;Siguiente&#8221; _builder_version=&#8221;3.22.4&#8243;][\/et_pb_post_nav][\/et_pb_column][\/et_pb_row][\/et_pb_section]<\/p>\n","protected":false},"excerpt":{"rendered":"<p>[et_pb_section fb_built=&#8221;1&#8243; _builder_version=&#8221;4.0.4&#8243; custom_padding=&#8221;0px||2px|||&#8221;][et_pb_row _builder_version=&#8221;3.25&#8243; background_size=&#8221;initial&#8221; background_position=&#8221;top_left&#8221; background_repeat=&#8221;repeat&#8221; custom_margin=&#8221;|||||&#8221; custom_padding=&#8221;|||||&#8221;][et_pb_column type=&#8221;4_4&#8243; _builder_version=&#8221;3.25&#8243; custom_padding=&#8221;|||&#8221; custom_padding__hover=&#8221;|||&#8221;][et_pb_text admin_label=&#8221;Noticia&#8221; _builder_version=&#8221;4.1&#8243; text_font=&#8221;||||||||&#8221; background_size=&#8221;initial&#8221; background_position=&#8221;top_left&#8221; background_repeat=&#8221;repeat&#8221; text_orientation=&#8221;justified&#8221; min_height=&#8221;711px&#8221; custom_margin=&#8221;||||false|false&#8221; custom_padding=&#8221;|||||&#8221; hover_enabled=&#8221;0&#8243;] &nbsp; La Asociaci\u00f3n para la Integraci\u00f3n de Personas con Discapacidad de Castilla-La Mancha, (AIDISCAM) C-LM ha celebrado, el pasado lunes, su Asamblea General Ordinaria y su Asamblea Extraordinaria de forma [&hellip;]<\/p>\n","protected":false},"author":1,"featured_media":3826,"comment_status":"closed","ping_status":"closed","sticky":false,"template":"","format":"standard","meta":{"_et_pb_use_builder":"on","_et_pb_old_content":"<h5 style=\"text-align: justify;\">La Confederaci\u00f3n CLM Inclusiva y la asociaci\u00f3n empresarial de Centros Especiales de Empleo de COCEMFE en Castilla-La Mancha, AECEMCO CLM, han firmado un acuerdo para promover las oportunidades de formaci\u00f3n y empleo de las personas del colectivo.<\/h5>\r\n<p style=\"text-align: justify;\"><img class=\"alignnone size-full wp-image-471\" src=\"http:\/\/clm-inclusiva.org\/wp-content\/uploads\/2019\/04\/3500_fotonoticia_20190402151941_1920.jpg\" alt=\"\" width=\"670\" height=\"300\"><\/p>\r\n<p style=\"text-align: justify;\">El presidente de la confederaci\u00f3n CLM Inclusiva, Enrique Alarc\u00f3n Garc\u00eda, y el presidente de AECEMCO CLM, \u00d3scar Sillas, han rubricado este acuerdo de colaboraci\u00f3n para coordinar su labor y actuaciones de apoyo a la promoci\u00f3n de los derechos de las personas con discapacidad f\u00edsica y org\u00e1nica en Castilla-La Mancha, ha informado esta confederaci\u00f3n en nota de prensa.<\/p>\r\nEl sector empresarial promovido por las organizaciones de COCEMFE sin \u00e1nimo de lucro, integrado en AECEMCO, da empleo actualmente a m\u00e1s de 800 personas con discapacidad de todo tipo, con actividades productivas y de prestaci\u00f3n de servicios muy variados como obras, lavander\u00eda, limpieza, medioambiente, manipulados, formaci\u00f3n, etc.\r\n\r\nAmbas organizaciones que comparten valores sociales y visi\u00f3n sobre los derechos de las personas con discapacidad coordinar\u00e1n todas sus actividades para incrementar las oportunidades de formaci\u00f3n, aprendizaje en el puesto de trabajo y calidad de los mismos, tanto en empleo protegido como ordinario.\r\n\r\nDentro de las actuaciones objeto del acuerdo se pondr\u00e1 especial atenci\u00f3n a dar a conocer la normativa de reserva de empleo para personas con discapacidad, as\u00ed como el adecuado cumplimiento de las medidas alternativas, para lo que se informar\u00e1 conjuntamente a administraciones, federaciones empresariales y grandes empresas sobre las oportunidades de empleabilidad de las personas con discapacidad f\u00edsica y org\u00e1nica.\r\n\r\nCLM Inclusiva dispone actualmente de Servicio de Empleo en todas las provincias de Castilla-La Mancha, gracias al apoyo de Fundaci\u00f3n ONCE y la financiaci\u00f3n de proyectos con cargo al IRPF, que realiza labor de intermediaci\u00f3n entre personas con discapacidad demandantes de empleo y empresas, asegurando la adecuaci\u00f3n de trabajadores al puesto de trabajo e informando sobre incentivos a la contrataci\u00f3n y ajustes t\u00e9cnicos necesarios en el puesto.\r\n\r\nLa Confederaci\u00f3n regional de entidades de personas con discapacidad f\u00edsica y org\u00e1nica, Castilla-La Mancha Inclusiva, agrupa al movimiento asociativo de COCEMFE en la Regi\u00f3n, con casi un centenar de entidades que representan en torno a 10.000 personas con discapacidad.\r\n\r\nActualmente se encuentra compuesta por cinco federaciones provinciales, COCEMFE Albacete, COCEMFE Cuenca, COCEMFE Guadalajara, COCEMFE Toledo y Ciudad Real Inclusiva, las entidades regionales AFANION, Federaci\u00f3n LUNA CLM de mujeres con discapacidad, AIDISCAM, y la asociaci\u00f3n nacional AMIAB.","_et_gb_content_width":"","footnotes":""},"categories":[46,49,47,5,44,8,41],"tags":[],"yoast_head":"<!-- This site is optimized with the Yoast SEO plugin v21.3 - https:\/\/yoast.com\/wordpress\/plugins\/seo\/ -->\n<title>AIDISCAM Castilla-La Mancha celebra su Asamblea General anual con nuevos retos - Clm-Inclusiva<\/title>\n<meta name=\"robots\" content=\"index, follow, max-snippet:-1, max-image-preview:large, max-video-preview:-1\" \/>\n<link rel=\"canonical\" href=\"https:\/\/clm-inclusiva.org\/?p=3824\" \/>\n<meta property=\"og:locale\" content=\"es_ES\" \/>\n<meta property=\"og:type\" content=\"article\" \/>\n<meta property=\"og:title\" content=\"AIDISCAM Castilla-La Mancha celebra su Asamblea General anual con nuevos retos - Clm-Inclusiva\" \/>\n<meta property=\"og:description\" content=\"[et_pb_section fb_built=&#8221;1&#8243; _builder_version=&#8221;4.0.4&#8243; custom_padding=&#8221;0px||2px|||&#8221;][et_pb_row _builder_version=&#8221;3.25&#8243; background_size=&#8221;initial&#8221; background_position=&#8221;top_left&#8221; background_repeat=&#8221;repeat&#8221; custom_margin=&#8221;|||||&#8221; custom_padding=&#8221;|||||&#8221;][et_pb_column type=&#8221;4_4&#8243; _builder_version=&#8221;3.25&#8243; custom_padding=&#8221;|||&#8221; custom_padding__hover=&#8221;|||&#8221;][et_pb_text admin_label=&#8221;Noticia&#8221; _builder_version=&#8221;4.1&#8243; text_font=&#8221;||||||||&#8221; background_size=&#8221;initial&#8221; background_position=&#8221;top_left&#8221; background_repeat=&#8221;repeat&#8221; text_orientation=&#8221;justified&#8221; min_height=&#8221;711px&#8221; custom_margin=&#8221;||||false|false&#8221; custom_padding=&#8221;|||||&#8221; hover_enabled=&#8221;0&#8243;] &nbsp; La Asociaci\u00f3n para la Integraci\u00f3n de Personas con Discapacidad de Castilla-La Mancha, (AIDISCAM) C-LM ha celebrado, el pasado lunes, su Asamblea General Ordinaria y su Asamblea Extraordinaria de forma [&hellip;]\" \/>\n<meta property=\"og:url\" content=\"https:\/\/clm-inclusiva.org\/?p=3824\" \/>\n<meta property=\"og:site_name\" content=\"Clm-Inclusiva\" \/>\n<meta property=\"article:publisher\" content=\"https:\/\/www.facebook.com\/castillalamancha.inclusiva\/\" \/>\n<meta property=\"article:published_time\" content=\"2020-07-24T17:18:13+00:00\" \/>\n<meta property=\"article:modified_time\" content=\"2020-07-24T17:18:19+00:00\" \/>\n<meta property=\"og:image\" content=\"https:\/\/clm-inclusiva.org\/wp-content\/uploads\/2020\/07\/FOTOGRAF\u00cdA-VIDEOCONFERENCIA-ASAMBLEA-AIDISCAM-CLM.jpg\" \/>\n\t<meta property=\"og:image:width\" content=\"1751\" \/>\n\t<meta property=\"og:image:height\" content=\"985\" \/>\n\t<meta property=\"og:image:type\" content=\"image\/jpeg\" \/>\n<meta name=\"author\" content=\"clm-inclusiva\" \/>\n<meta name=\"twitter:card\" content=\"summary_large_image\" \/>\n<meta name=\"twitter:creator\" content=\"@ClmInclusiva\" \/>\n<meta name=\"twitter:site\" content=\"@ClmInclusiva\" \/>\n<meta name=\"twitter:label1\" content=\"Escrito por\" \/>\n\t<meta name=\"twitter:data1\" content=\"clm-inclusiva\" \/>\n\t<meta name=\"twitter:label2\" content=\"Tiempo de lectura\" \/>\n\t<meta name=\"twitter:data2\" content=\"4 minutos\" \/>\n<script type=\"application\/ld+json\" class=\"yoast-schema-graph\">{\"@context\":\"https:\/\/schema.org\",\"@graph\":[{\"@type\":\"Article\",\"@id\":\"https:\/\/clm-inclusiva.org\/?p=3824#article\",\"isPartOf\":{\"@id\":\"https:\/\/clm-inclusiva.org\/?p=3824\"},\"author\":{\"name\":\"clm-inclusiva\",\"@id\":\"https:\/\/clm-inclusiva.org\/#\/schema\/person\/0cff84aaa5bb8fd3521c55d1578d902b\"},\"headline\":\"AIDISCAM Castilla-La Mancha celebra su Asamblea General anual con nuevos retos\",\"datePublished\":\"2020-07-24T17:18:13+00:00\",\"dateModified\":\"2020-07-24T17:18:19+00:00\",\"mainEntityOfPage\":{\"@id\":\"https:\/\/clm-inclusiva.org\/?p=3824\"},\"wordCount\":854,\"publisher\":{\"@id\":\"https:\/\/clm-inclusiva.org\/#organization\"},\"articleSection\":[\"Aidiscam\",\"castilla-la mancha\",\"cocemfe\",\"Discapacidad\",\"Politica social\",\"Sociedad\",\"Tercer sector\"],\"inLanguage\":\"es\"},{\"@type\":\"WebPage\",\"@id\":\"https:\/\/clm-inclusiva.org\/?p=3824\",\"url\":\"https:\/\/clm-inclusiva.org\/?p=3824\",\"name\":\"AIDISCAM Castilla-La Mancha celebra su Asamblea General anual con nuevos retos - Clm-Inclusiva\",\"isPartOf\":{\"@id\":\"https:\/\/clm-inclusiva.org\/#website\"},\"datePublished\":\"2020-07-24T17:18:13+00:00\",\"dateModified\":\"2020-07-24T17:18:19+00:00\",\"breadcrumb\":{\"@id\":\"https:\/\/clm-inclusiva.org\/?p=3824#breadcrumb\"},\"inLanguage\":\"es\",\"potentialAction\":[{\"@type\":\"ReadAction\",\"target\":[\"https:\/\/clm-inclusiva.org\/?p=3824\"]}]},{\"@type\":\"BreadcrumbList\",\"@id\":\"https:\/\/clm-inclusiva.org\/?p=3824#breadcrumb\",\"itemListElement\":[{\"@type\":\"ListItem\",\"position\":1,\"name\":\"Portada\",\"item\":\"https:\/\/clm-inclusiva.org\/\"},{\"@type\":\"ListItem\",\"position\":2,\"name\":\"AIDISCAM Castilla-La Mancha celebra su Asamblea General anual con nuevos retos\"}]},{\"@type\":\"WebSite\",\"@id\":\"https:\/\/clm-inclusiva.org\/#website\",\"url\":\"https:\/\/clm-inclusiva.org\/\",\"name\":\"Clm-Inclusiva\",\"description\":\"Confederaci\u00f3n de entidades de personas con discapacidad f\u00edsica y org\u00e1nica CLM\",\"publisher\":{\"@id\":\"https:\/\/clm-inclusiva.org\/#organization\"},\"potentialAction\":[{\"@type\":\"SearchAction\",\"target\":{\"@type\":\"EntryPoint\",\"urlTemplate\":\"https:\/\/clm-inclusiva.org\/?s={search_term_string}\"},\"query-input\":\"required name=search_term_string\"}],\"inLanguage\":\"es\"},{\"@type\":\"Organization\",\"@id\":\"https:\/\/clm-inclusiva.org\/#organization\",\"name\":\"Clm-Inclusiva\",\"url\":\"https:\/\/clm-inclusiva.org\/\",\"logo\":{\"@type\":\"ImageObject\",\"inLanguage\":\"es\",\"@id\":\"https:\/\/clm-inclusiva.org\/#\/schema\/logo\/image\/\",\"url\":\"http:\/\/clm-inclusiva.org\/wp-content\/uploads\/2019\/04\/banner-e1533720812836.jpg\",\"contentUrl\":\"http:\/\/clm-inclusiva.org\/wp-content\/uploads\/2019\/04\/banner-e1533720812836.jpg\",\"width\":600,\"height\":332,\"caption\":\"Clm-Inclusiva\"},\"image\":{\"@id\":\"https:\/\/clm-inclusiva.org\/#\/schema\/logo\/image\/\"},\"sameAs\":[\"https:\/\/www.facebook.com\/castillalamancha.inclusiva\/\",\"https:\/\/twitter.com\/ClmInclusiva\"]},{\"@type\":\"Person\",\"@id\":\"https:\/\/clm-inclusiva.org\/#\/schema\/person\/0cff84aaa5bb8fd3521c55d1578d902b\",\"name\":\"clm-inclusiva\",\"image\":{\"@type\":\"ImageObject\",\"inLanguage\":\"es\",\"@id\":\"https:\/\/clm-inclusiva.org\/#\/schema\/person\/image\/\",\"url\":\"https:\/\/secure.gravatar.com\/avatar\/88948567af770dc9cd5597b329011884?s=96&d=blank&r=g\",\"contentUrl\":\"https:\/\/secure.gravatar.com\/avatar\/88948567af770dc9cd5597b329011884?s=96&d=blank&r=g\",\"caption\":\"clm-inclusiva\"},\"sameAs\":[\"http:\/\/clm-inclusiva.org\"],\"url\":\"https:\/\/clm-inclusiva.org\/?author=1\"}]}<\/script>\n<!-- \/ Yoast SEO plugin. -->","yoast_head_json":{"title":"AIDISCAM Castilla-La Mancha celebra su Asamblea General anual con nuevos retos - Clm-Inclusiva","robots":{"index":"index","follow":"follow","max-snippet":"max-snippet:-1","max-image-preview":"max-image-preview:large","max-video-preview":"max-video-preview:-1"},"canonical":"https:\/\/clm-inclusiva.org\/?p=3824","og_locale":"es_ES","og_type":"article","og_title":"AIDISCAM Castilla-La Mancha celebra su Asamblea General anual con nuevos retos - Clm-Inclusiva","og_description":"[et_pb_section fb_built=&#8221;1&#8243; _builder_version=&#8221;4.0.4&#8243; custom_padding=&#8221;0px||2px|||&#8221;][et_pb_row _builder_version=&#8221;3.25&#8243; background_size=&#8221;initial&#8221; background_position=&#8221;top_left&#8221; background_repeat=&#8221;repeat&#8221; custom_margin=&#8221;|||||&#8221; custom_padding=&#8221;|||||&#8221;][et_pb_column type=&#8221;4_4&#8243; _builder_version=&#8221;3.25&#8243; custom_padding=&#8221;|||&#8221; custom_padding__hover=&#8221;|||&#8221;][et_pb_text admin_label=&#8221;Noticia&#8221; _builder_version=&#8221;4.1&#8243; text_font=&#8221;||||||||&#8221; background_size=&#8221;initial&#8221; background_position=&#8221;top_left&#8221; background_repeat=&#8221;repeat&#8221; text_orientation=&#8221;justified&#8221; min_height=&#8221;711px&#8221; custom_margin=&#8221;||||false|false&#8221; custom_padding=&#8221;|||||&#8221; hover_enabled=&#8221;0&#8243;] &nbsp; La Asociaci\u00f3n para la Integraci\u00f3n de Personas con Discapacidad de Castilla-La Mancha, (AIDISCAM) C-LM ha celebrado, el pasado lunes, su Asamblea General Ordinaria y su Asamblea Extraordinaria de forma [&hellip;]","og_url":"https:\/\/clm-inclusiva.org\/?p=3824","og_site_name":"Clm-Inclusiva","article_publisher":"https:\/\/www.facebook.com\/castillalamancha.inclusiva\/","article_published_time":"2020-07-24T17:18:13+00:00","article_modified_time":"2020-07-24T17:18:19+00:00","og_image":[{"width":1751,"height":985,"url":"https:\/\/clm-inclusiva.org\/wp-content\/uploads\/2020\/07\/FOTOGRAF\u00cdA-VIDEOCONFERENCIA-ASAMBLEA-AIDISCAM-CLM.jpg","type":"image\/jpeg"}],"author":"clm-inclusiva","twitter_card":"summary_large_image","twitter_creator":"@ClmInclusiva","twitter_site":"@ClmInclusiva","twitter_misc":{"Escrito por":"clm-inclusiva","Tiempo de lectura":"4 minutos"},"schema":{"@context":"https:\/\/schema.org","@graph":[{"@type":"Article","@id":"https:\/\/clm-inclusiva.org\/?p=3824#article","isPartOf":{"@id":"https:\/\/clm-inclusiva.org\/?p=3824"},"author":{"name":"clm-inclusiva","@id":"https:\/\/clm-inclusiva.org\/#\/schema\/person\/0cff84aaa5bb8fd3521c55d1578d902b"},"headline":"AIDISCAM Castilla-La Mancha celebra su Asamblea General anual con nuevos retos","datePublished":"2020-07-24T17:18:13+00:00","dateModified":"2020-07-24T17:18:19+00:00","mainEntityOfPage":{"@id":"https:\/\/clm-inclusiva.org\/?p=3824"},"wordCount":854,"publisher":{"@id":"https:\/\/clm-inclusiva.org\/#organization"},"articleSection":["Aidiscam","castilla-la mancha","cocemfe","Discapacidad","Politica social","Sociedad","Tercer sector"],"inLanguage":"es"},{"@type":"WebPage","@id":"https:\/\/clm-inclusiva.org\/?p=3824","url":"https:\/\/clm-inclusiva.org\/?p=3824","name":"AIDISCAM Castilla-La Mancha celebra su Asamblea General anual con nuevos retos - Clm-Inclusiva","isPartOf":{"@id":"https:\/\/clm-inclusiva.org\/#website"},"datePublished":"2020-07-24T17:18:13+00:00","dateModified":"2020-07-24T17:18:19+00:00","breadcrumb":{"@id":"https:\/\/clm-inclusiva.org\/?p=3824#breadcrumb"},"inLanguage":"es","potentialAction":[{"@type":"ReadAction","target":["https:\/\/clm-inclusiva.org\/?p=3824"]}]},{"@type":"BreadcrumbList","@id":"https:\/\/clm-inclusiva.org\/?p=3824#breadcrumb","itemListElement":[{"@type":"ListItem","position":1,"name":"Portada","item":"https:\/\/clm-inclusiva.org\/"},{"@type":"ListItem","position":2,"name":"AIDISCAM Castilla-La Mancha celebra su Asamblea General anual con nuevos retos"}]},{"@type":"WebSite","@id":"https:\/\/clm-inclusiva.org\/#website","url":"https:\/\/clm-inclusiva.org\/","name":"Clm-Inclusiva","description":"Confederaci\u00f3n de entidades de personas con discapacidad f\u00edsica y org\u00e1nica CLM","publisher":{"@id":"https:\/\/clm-inclusiva.org\/#organization"},"potentialAction":[{"@type":"SearchAction","target":{"@type":"EntryPoint","urlTemplate":"https:\/\/clm-inclusiva.org\/?s={search_term_string}"},"query-input":"required name=search_term_string"}],"inLanguage":"es"},{"@type":"Organization","@id":"https:\/\/clm-inclusiva.org\/#organization","name":"Clm-Inclusiva","url":"https:\/\/clm-inclusiva.org\/","logo":{"@type":"ImageObject","inLanguage":"es","@id":"https:\/\/clm-inclusiva.org\/#\/schema\/logo\/image\/","url":"http:\/\/clm-inclusiva.org\/wp-content\/uploads\/2019\/04\/banner-e1533720812836.jpg","contentUrl":"http:\/\/clm-inclusiva.org\/wp-content\/uploads\/2019\/04\/banner-e1533720812836.jpg","width":600,"height":332,"caption":"Clm-Inclusiva"},"image":{"@id":"https:\/\/clm-inclusiva.org\/#\/schema\/logo\/image\/"},"sameAs":["https:\/\/www.facebook.com\/castillalamancha.inclusiva\/","https:\/\/twitter.com\/ClmInclusiva"]},{"@type":"Person","@id":"https:\/\/clm-inclusiva.org\/#\/schema\/person\/0cff84aaa5bb8fd3521c55d1578d902b","name":"clm-inclusiva","image":{"@type":"ImageObject","inLanguage":"es","@id":"https:\/\/clm-inclusiva.org\/#\/schema\/person\/image\/","url":"https:\/\/secure.gravatar.com\/avatar\/88948567af770dc9cd5597b329011884?s=96&d=blank&r=g","contentUrl":"https:\/\/secure.gravatar.com\/avatar\/88948567af770dc9cd5597b329011884?s=96&d=blank&r=g","caption":"clm-inclusiva"},"sameAs":["http:\/\/clm-inclusiva.org"],"url":"https:\/\/clm-inclusiva.org\/?author=1"}]}},"_links":{"self":[{"href":"https:\/\/clm-inclusiva.org\/index.php?rest_route=\/wp\/v2\/posts\/3824"}],"collection":[{"href":"https:\/\/clm-inclusiva.org\/index.php?rest_route=\/wp\/v2\/posts"}],"about":[{"href":"https:\/\/clm-inclusiva.org\/index.php?rest_route=\/wp\/v2\/types\/post"}],"author":[{"embeddable":true,"href":"https:\/\/clm-inclusiva.org\/index.php?rest_route=\/wp\/v2\/users\/1"}],"replies":[{"embeddable":true,"href":"https:\/\/clm-inclusiva.org\/index.php?rest_route=%2Fwp%2Fv2%2Fcomments&post=3824"}],"version-history":[{"count":3,"href":"https:\/\/clm-inclusiva.org\/index.php?rest_route=\/wp\/v2\/posts\/3824\/revisions"}],"predecessor-version":[{"id":3829,"href":"https:\/\/clm-inclusiva.org\/index.php?rest_route=\/wp\/v2\/posts\/3824\/revisions\/3829"}],"wp:featuredmedia":[{"embeddable":true,"href":"https:\/\/clm-inclusiva.org\/index.php?rest_route=\/wp\/v2\/media\/3826"}],"wp:attachment":[{"href":"https:\/\/clm-inclusiva.org\/index.php?rest_route=%2Fwp%2Fv2%2Fmedia&parent=3824"}],"wp:term":[{"taxonomy":"category","embeddable":true,"href":"https:\/\/clm-inclusiva.org\/index.php?rest_route=%2Fwp%2Fv2%2Fcategories&post=3824"},{"taxonomy":"post_tag","embeddable":true,"href":"https:\/\/clm-inclusiva.org\/index.php?rest_route=%2Fwp%2Fv2%2Ftags&post=3824"}],"curies":[{"name":"wp","href":"https:\/\/api.w.org\/{rel}","templated":true}]}}