{"id":3794,"date":"2020-06-12T13:49:44","date_gmt":"2020-06-12T11:49:44","guid":{"rendered":"http:\/\/clm-inclusiva.org\/?p=3794"},"modified":"2020-06-12T13:49:54","modified_gmt":"2020-06-12T11:49:54","slug":"anxo-queiruga-reelegido-presidente-de-cocemfe-estatal","status":"publish","type":"post","link":"https:\/\/clm-inclusiva.org\/?p=3794","title":{"rendered":"Anxo Queiruga, reelegido presidente de COCEMFE estatal"},"content":{"rendered":"<p>[et_pb_section fb_built=&#8221;1&#8243; _builder_version=&#8221;4.0.4&#8243; custom_padding=&#8221;0px||2px|||&#8221;][et_pb_row _builder_version=&#8221;3.25&#8243; background_size=&#8221;initial&#8221; background_position=&#8221;top_left&#8221; background_repeat=&#8221;repeat&#8221; custom_margin=&#8221;|||||&#8221; custom_padding=&#8221;|||||&#8221;][et_pb_column type=&#8221;4_4&#8243; _builder_version=&#8221;3.25&#8243; custom_padding=&#8221;|||&#8221; custom_padding__hover=&#8221;|||&#8221;][et_pb_text admin_label=&#8221;Noticia&#8221; _builder_version=&#8221;4.1&#8243; text_font=&#8221;||||||||&#8221; background_size=&#8221;initial&#8221; background_position=&#8221;top_left&#8221; background_repeat=&#8221;repeat&#8221; text_orientation=&#8221;justified&#8221; min_height=&#8221;711px&#8221; custom_margin=&#8221;||||false|false&#8221; custom_padding=&#8221;|||||&#8221; hover_enabled=&#8221;0&#8243;]<\/p>\n<ul>\n<li><strong>Las principales l\u00edneas de actuaci\u00f3n que plantea la nueva directiva son mejorar la autonom\u00eda de las personas con discapacidad f\u00edsica y org\u00e1nica<\/strong><\/li>\n<\/ul>\n<p>Madrid, 12 de junio.- La Confederaci\u00f3n Espa\u00f1ola de Personas con Discapacidad F\u00edsica y Org\u00e1nica (COCEMFE) ha celebrado este jueves de forma telem\u00e1tica su Asamblea General Ordinaria y Extraordinaria, con la participaci\u00f3n de m\u00e1s de 100 delegados\/as de toda Espa\u00f1a y donde Anxo Queiruga ha sido reelegido como presidente de la Confederaci\u00f3n para los pr\u00f3ximos cuatro a\u00f1os tras contar con el apoyo un\u00e1nime de las 91 entidades que forman parte de COCEMFE.<\/p>\n<p>El equipo liderado por Anxo Queiruga estar\u00e1 formado en esta nueva etapa por Eva P\u00e9rez Bech, vicepresidenta de la entidad; Marta Valencia estar\u00e1 al frente de la Secretar\u00eda de Organizaci\u00f3n; Daniel-An\u00edbal Garc\u00eda ser\u00e1 el nuevo secretario de Finanzas; Daniel Gallego ocupar\u00e1 la nueva Secretar\u00eda de Impacto Social y Agenda 2030; Encarnaci\u00f3n Rodr\u00edguez se encargar\u00e1 de la Secretar\u00eda de Mujer e Igualdad; Mar Arruti har\u00e1 lo propio con la Secretar\u00eda de Cronicidad, Pacientes y Coordinaci\u00f3n Sanitaria; M\u00f3nica Oviedo liderar\u00e1 la Secretar\u00eda de Innovaci\u00f3n Asociativa; Ram\u00f3n Salas ser\u00e1 el secretario de Accesibilidad y Vida Independiente y, por \u00faltimo, Valent\u00edn Sola se encargar\u00e1 de la Secretar\u00eda de Desarrollo Educativo y Profesional.<\/p>\n<p>Tras su nombramiento, Anxo Queiruga afirm\u00f3 que \u201cen los pr\u00f3ximos cuatro a\u00f1os nos volcaremos en todas las cuestiones que como Movimiento Asociativo reclamamos y todav\u00eda no hemos conseguido, en paliar los enormes efectos negativos que la pandemia de COVID-19 est\u00e1 ocasionando sobre las personas con discapacidad f\u00edsica y org\u00e1nica y en que no se produzca ning\u00fan tipo de retroceso en el ejercicio de sus derechos\u201d.<\/p>\n<p>\u201cCon el esfuerzo, el compromiso y la ilusi\u00f3n de todas las personas que conformamos COCEMFE y su Movimiento Asociativo conseguiremos mantenernos y decir alto y claro al conjunto de la sociedad, que COCEMFE no permitir\u00e1 que la discapacidad f\u00edsica y org\u00e1nica d\u00e9 un paso atr\u00e1s\u201d, asever\u00f3 Queiruga.<\/p>\n<p>\u201cGracias a las personas con discapacidad\u201d<\/p>\n<p>Queiruga agradeci\u00f3 la confianza a las personas representantes del Movimiento Asociativo de COCEMFE e indic\u00f3 que \u00e9l y su equipo seguir\u00e1n trabajando en favor de la plena inclusi\u00f3n y participaci\u00f3n activa de las personas con discapacidad f\u00edsica y org\u00e1nica, guiados por una visi\u00f3n de Derechos Humanos y, por lo tanto, de la Convenci\u00f3n Internacional de Derechos de las Personas con Discapacidad, y la consecuci\u00f3n de los Objetivos del Desarrollo Sostenible.<\/p>\n<p>Las principales l\u00edneas de actuaci\u00f3n que plantea la nueva directiva son mejorar la autonom\u00eda de las personas con discapacidad f\u00edsica y org\u00e1nica en todo su ciclo vital; impulsar su empleabilidad; conseguir la no-discriminaci\u00f3n de las mujeres con discapacidad f\u00edsica y org\u00e1nica; garantizar que la infancia con discapacidad f\u00edsica y org\u00e1nica disponga de igualdad de oportunidades; especialmente en lo que respecta a la educaci\u00f3n inclusiva, y alcanzar una mejor coordinaci\u00f3n entre el \u00e1mbito social y el sanitario.<\/p>\n<p>Por otro lado, durante la Asamblea se aprob\u00f3 el Plan de Actuaci\u00f3n del a\u00f1o 2020 y las Cuentas Anuales y la Memoria de Actividades de 2019, a\u00f1o en que m\u00e1s de 980.000 personas se beneficiaron de las actividades desarrolladas por COCEMFE en \u00e1reas como Desarrollo educativo y profesional, Coordinaci\u00f3n sociosanitaria, Accesibilidad y vida independiente, Turismo accesible, Proyectos e innovaci\u00f3n social, Voluntariado, Cohesi\u00f3n asociativa, Comunicaci\u00f3n, Igualdad y Cooperaci\u00f3n.<\/p>\n<p>Adem\u00e1s, se aprob\u00f3 la adhesi\u00f3n de dos entidades m\u00e1s: la Asociaci\u00f3n Espa\u00f1ola de Fiebre Mediterr\u00e1nea Familiar y S\u00edndromes Antinflamatorios (Stop FMF) y la Asociaci\u00f3n Espa\u00f1ola de Esclerodermia (AEE), por lo que el Movimiento Asociativo de COCEMFE pasa a estar formado por 91 entidades estatales, auton\u00f3micas y provinciales que representan a m\u00e1s de 2,5 millones de personas con discapacidad f\u00edsica y org\u00e1nica, siendo as\u00ed organizaci\u00f3n m\u00e1s representativa de este grupo social.<\/p>\n<p>[\/et_pb_text][et_pb_post_nav prev_text=&#8221;Anterior&#8221; next_text=&#8221;Siguiente&#8221; _builder_version=&#8221;3.22.4&#8243;][\/et_pb_post_nav][\/et_pb_column][\/et_pb_row][\/et_pb_section]<\/p>\n","protected":false},"excerpt":{"rendered":"<p>[et_pb_section fb_built=&#8221;1&#8243; _builder_version=&#8221;4.0.4&#8243; custom_padding=&#8221;0px||2px|||&#8221;][et_pb_row _builder_version=&#8221;3.25&#8243; background_size=&#8221;initial&#8221; background_position=&#8221;top_left&#8221; background_repeat=&#8221;repeat&#8221; custom_margin=&#8221;|||||&#8221; custom_padding=&#8221;|||||&#8221;][et_pb_column type=&#8221;4_4&#8243; _builder_version=&#8221;3.25&#8243; custom_padding=&#8221;|||&#8221; custom_padding__hover=&#8221;|||&#8221;][et_pb_text admin_label=&#8221;Noticia&#8221; _builder_version=&#8221;4.1&#8243; text_font=&#8221;||||||||&#8221; background_size=&#8221;initial&#8221; background_position=&#8221;top_left&#8221; background_repeat=&#8221;repeat&#8221; text_orientation=&#8221;justified&#8221; min_height=&#8221;711px&#8221; custom_margin=&#8221;||||false|false&#8221; custom_padding=&#8221;|||||&#8221; hover_enabled=&#8221;0&#8243;] Las principales l\u00edneas de actuaci\u00f3n que plantea la nueva directiva son mejorar la autonom\u00eda de las personas con discapacidad f\u00edsica y org\u00e1nica Madrid, 12 de junio.- La Confederaci\u00f3n Espa\u00f1ola de [&hellip;]<\/p>\n","protected":false},"author":1,"featured_media":3796,"comment_status":"closed","ping_status":"closed","sticky":false,"template":"","format":"standard","meta":{"_et_pb_use_builder":"on","_et_pb_old_content":"<h5 style=\"text-align: justify;\">La Confederaci\u00f3n CLM Inclusiva y la asociaci\u00f3n empresarial de Centros Especiales de Empleo de COCEMFE en Castilla-La Mancha, AECEMCO CLM, han firmado un acuerdo para promover las oportunidades de formaci\u00f3n y empleo de las personas del colectivo.<\/h5>\r\n<p style=\"text-align: justify;\"><img class=\"alignnone size-full wp-image-471\" src=\"http:\/\/clm-inclusiva.org\/wp-content\/uploads\/2019\/04\/3500_fotonoticia_20190402151941_1920.jpg\" alt=\"\" width=\"670\" height=\"300\"><\/p>\r\n<p style=\"text-align: justify;\">El presidente de la confederaci\u00f3n CLM Inclusiva, Enrique Alarc\u00f3n Garc\u00eda, y el presidente de AECEMCO CLM, \u00d3scar Sillas, han rubricado este acuerdo de colaboraci\u00f3n para coordinar su labor y actuaciones de apoyo a la promoci\u00f3n de los derechos de las personas con discapacidad f\u00edsica y org\u00e1nica en Castilla-La Mancha, ha informado esta confederaci\u00f3n en nota de prensa.<\/p>\r\nEl sector empresarial promovido por las organizaciones de COCEMFE sin \u00e1nimo de lucro, integrado en AECEMCO, da empleo actualmente a m\u00e1s de 800 personas con discapacidad de todo tipo, con actividades productivas y de prestaci\u00f3n de servicios muy variados como obras, lavander\u00eda, limpieza, medioambiente, manipulados, formaci\u00f3n, etc.\r\n\r\nAmbas organizaciones que comparten valores sociales y visi\u00f3n sobre los derechos de las personas con discapacidad coordinar\u00e1n todas sus actividades para incrementar las oportunidades de formaci\u00f3n, aprendizaje en el puesto de trabajo y calidad de los mismos, tanto en empleo protegido como ordinario.\r\n\r\nDentro de las actuaciones objeto del acuerdo se pondr\u00e1 especial atenci\u00f3n a dar a conocer la normativa de reserva de empleo para personas con discapacidad, as\u00ed como el adecuado cumplimiento de las medidas alternativas, para lo que se informar\u00e1 conjuntamente a administraciones, federaciones empresariales y grandes empresas sobre las oportunidades de empleabilidad de las personas con discapacidad f\u00edsica y org\u00e1nica.\r\n\r\nCLM Inclusiva dispone actualmente de Servicio de Empleo en todas las provincias de Castilla-La Mancha, gracias al apoyo de Fundaci\u00f3n ONCE y la financiaci\u00f3n de proyectos con cargo al IRPF, que realiza labor de intermediaci\u00f3n entre personas con discapacidad demandantes de empleo y empresas, asegurando la adecuaci\u00f3n de trabajadores al puesto de trabajo e informando sobre incentivos a la contrataci\u00f3n y ajustes t\u00e9cnicos necesarios en el puesto.\r\n\r\nLa Confederaci\u00f3n regional de entidades de personas con discapacidad f\u00edsica y org\u00e1nica, Castilla-La Mancha Inclusiva, agrupa al movimiento asociativo de COCEMFE en la Regi\u00f3n, con casi un centenar de entidades que representan en torno a 10.000 personas con discapacidad.\r\n\r\nActualmente se encuentra compuesta por cinco federaciones provinciales, COCEMFE Albacete, COCEMFE Cuenca, COCEMFE Guadalajara, COCEMFE Toledo y Ciudad Real Inclusiva, las entidades regionales AFANION, Federaci\u00f3n LUNA CLM de mujeres con discapacidad, AIDISCAM, y la asociaci\u00f3n nacional AMIAB.","_et_gb_content_width":"","footnotes":""},"categories":[39,47,5,44,8,41],"tags":[],"yoast_head":"<!-- This site is optimized with the Yoast SEO plugin v21.3 - https:\/\/yoast.com\/wordpress\/plugins\/seo\/ -->\n<title>Anxo Queiruga, reelegido presidente de COCEMFE estatal - Clm-Inclusiva<\/title>\n<meta name=\"robots\" content=\"index, follow, max-snippet:-1, max-image-preview:large, max-video-preview:-1\" \/>\n<link rel=\"canonical\" href=\"https:\/\/clm-inclusiva.org\/?p=3794\" \/>\n<meta property=\"og:locale\" content=\"es_ES\" \/>\n<meta property=\"og:type\" content=\"article\" \/>\n<meta property=\"og:title\" content=\"Anxo Queiruga, reelegido presidente de COCEMFE estatal - Clm-Inclusiva\" \/>\n<meta property=\"og:description\" content=\"[et_pb_section fb_built=&#8221;1&#8243; _builder_version=&#8221;4.0.4&#8243; custom_padding=&#8221;0px||2px|||&#8221;][et_pb_row _builder_version=&#8221;3.25&#8243; background_size=&#8221;initial&#8221; background_position=&#8221;top_left&#8221; background_repeat=&#8221;repeat&#8221; custom_margin=&#8221;|||||&#8221; custom_padding=&#8221;|||||&#8221;][et_pb_column type=&#8221;4_4&#8243; _builder_version=&#8221;3.25&#8243; custom_padding=&#8221;|||&#8221; custom_padding__hover=&#8221;|||&#8221;][et_pb_text admin_label=&#8221;Noticia&#8221; _builder_version=&#8221;4.1&#8243; text_font=&#8221;||||||||&#8221; background_size=&#8221;initial&#8221; background_position=&#8221;top_left&#8221; background_repeat=&#8221;repeat&#8221; text_orientation=&#8221;justified&#8221; min_height=&#8221;711px&#8221; custom_margin=&#8221;||||false|false&#8221; custom_padding=&#8221;|||||&#8221; hover_enabled=&#8221;0&#8243;] Las principales l\u00edneas de actuaci\u00f3n que plantea la nueva directiva son mejorar la autonom\u00eda de las personas con discapacidad f\u00edsica y org\u00e1nica Madrid, 12 de junio.- La Confederaci\u00f3n Espa\u00f1ola de [&hellip;]\" \/>\n<meta property=\"og:url\" content=\"https:\/\/clm-inclusiva.org\/?p=3794\" \/>\n<meta property=\"og:site_name\" content=\"Clm-Inclusiva\" \/>\n<meta property=\"article:publisher\" content=\"https:\/\/www.facebook.com\/castillalamancha.inclusiva\/\" \/>\n<meta property=\"article:published_time\" content=\"2020-06-12T11:49:44+00:00\" \/>\n<meta property=\"article:modified_time\" content=\"2020-06-12T11:49:54+00:00\" \/>\n<meta property=\"og:image\" content=\"https:\/\/clm-inclusiva.org\/wp-content\/uploads\/2020\/06\/Anxo-Queiruga.jpg\" \/>\n\t<meta property=\"og:image:width\" content=\"800\" \/>\n\t<meta property=\"og:image:height\" content=\"533\" \/>\n\t<meta property=\"og:image:type\" content=\"image\/jpeg\" \/>\n<meta name=\"author\" content=\"clm-inclusiva\" \/>\n<meta name=\"twitter:card\" content=\"summary_large_image\" \/>\n<meta name=\"twitter:creator\" content=\"@ClmInclusiva\" \/>\n<meta name=\"twitter:site\" content=\"@ClmInclusiva\" \/>\n<meta name=\"twitter:label1\" content=\"Escrito por\" \/>\n\t<meta name=\"twitter:data1\" content=\"clm-inclusiva\" \/>\n\t<meta name=\"twitter:label2\" content=\"Tiempo de lectura\" \/>\n\t<meta name=\"twitter:data2\" content=\"4 minutos\" \/>\n<script type=\"application\/ld+json\" class=\"yoast-schema-graph\">{\"@context\":\"https:\/\/schema.org\",\"@graph\":[{\"@type\":\"Article\",\"@id\":\"https:\/\/clm-inclusiva.org\/?p=3794#article\",\"isPartOf\":{\"@id\":\"https:\/\/clm-inclusiva.org\/?p=3794\"},\"author\":{\"name\":\"clm-inclusiva\",\"@id\":\"https:\/\/clm-inclusiva.org\/#\/schema\/person\/0cff84aaa5bb8fd3521c55d1578d902b\"},\"headline\":\"Anxo Queiruga, reelegido presidente de COCEMFE estatal\",\"datePublished\":\"2020-06-12T11:49:44+00:00\",\"dateModified\":\"2020-06-12T11:49:54+00:00\",\"mainEntityOfPage\":{\"@id\":\"https:\/\/clm-inclusiva.org\/?p=3794\"},\"wordCount\":793,\"publisher\":{\"@id\":\"https:\/\/clm-inclusiva.org\/#organization\"},\"articleSection\":[\"Bienestar social\",\"cocemfe\",\"Discapacidad\",\"Politica social\",\"Sociedad\",\"Tercer sector\"],\"inLanguage\":\"es\"},{\"@type\":\"WebPage\",\"@id\":\"https:\/\/clm-inclusiva.org\/?p=3794\",\"url\":\"https:\/\/clm-inclusiva.org\/?p=3794\",\"name\":\"Anxo Queiruga, reelegido presidente de COCEMFE estatal - Clm-Inclusiva\",\"isPartOf\":{\"@id\":\"https:\/\/clm-inclusiva.org\/#website\"},\"datePublished\":\"2020-06-12T11:49:44+00:00\",\"dateModified\":\"2020-06-12T11:49:54+00:00\",\"breadcrumb\":{\"@id\":\"https:\/\/clm-inclusiva.org\/?p=3794#breadcrumb\"},\"inLanguage\":\"es\",\"potentialAction\":[{\"@type\":\"ReadAction\",\"target\":[\"https:\/\/clm-inclusiva.org\/?p=3794\"]}]},{\"@type\":\"BreadcrumbList\",\"@id\":\"https:\/\/clm-inclusiva.org\/?p=3794#breadcrumb\",\"itemListElement\":[{\"@type\":\"ListItem\",\"position\":1,\"name\":\"Portada\",\"item\":\"https:\/\/clm-inclusiva.org\/\"},{\"@type\":\"ListItem\",\"position\":2,\"name\":\"Anxo Queiruga, reelegido presidente de COCEMFE estatal\"}]},{\"@type\":\"WebSite\",\"@id\":\"https:\/\/clm-inclusiva.org\/#website\",\"url\":\"https:\/\/clm-inclusiva.org\/\",\"name\":\"Clm-Inclusiva\",\"description\":\"Confederaci\u00f3n de entidades de personas con discapacidad f\u00edsica y org\u00e1nica CLM\",\"publisher\":{\"@id\":\"https:\/\/clm-inclusiva.org\/#organization\"},\"potentialAction\":[{\"@type\":\"SearchAction\",\"target\":{\"@type\":\"EntryPoint\",\"urlTemplate\":\"https:\/\/clm-inclusiva.org\/?s={search_term_string}\"},\"query-input\":\"required name=search_term_string\"}],\"inLanguage\":\"es\"},{\"@type\":\"Organization\",\"@id\":\"https:\/\/clm-inclusiva.org\/#organization\",\"name\":\"Clm-Inclusiva\",\"url\":\"https:\/\/clm-inclusiva.org\/\",\"logo\":{\"@type\":\"ImageObject\",\"inLanguage\":\"es\",\"@id\":\"https:\/\/clm-inclusiva.org\/#\/schema\/logo\/image\/\",\"url\":\"http:\/\/clm-inclusiva.org\/wp-content\/uploads\/2019\/04\/banner-e1533720812836.jpg\",\"contentUrl\":\"http:\/\/clm-inclusiva.org\/wp-content\/uploads\/2019\/04\/banner-e1533720812836.jpg\",\"width\":600,\"height\":332,\"caption\":\"Clm-Inclusiva\"},\"image\":{\"@id\":\"https:\/\/clm-inclusiva.org\/#\/schema\/logo\/image\/\"},\"sameAs\":[\"https:\/\/www.facebook.com\/castillalamancha.inclusiva\/\",\"https:\/\/twitter.com\/ClmInclusiva\"]},{\"@type\":\"Person\",\"@id\":\"https:\/\/clm-inclusiva.org\/#\/schema\/person\/0cff84aaa5bb8fd3521c55d1578d902b\",\"name\":\"clm-inclusiva\",\"image\":{\"@type\":\"ImageObject\",\"inLanguage\":\"es\",\"@id\":\"https:\/\/clm-inclusiva.org\/#\/schema\/person\/image\/\",\"url\":\"https:\/\/secure.gravatar.com\/avatar\/88948567af770dc9cd5597b329011884?s=96&d=blank&r=g\",\"contentUrl\":\"https:\/\/secure.gravatar.com\/avatar\/88948567af770dc9cd5597b329011884?s=96&d=blank&r=g\",\"caption\":\"clm-inclusiva\"},\"sameAs\":[\"http:\/\/clm-inclusiva.org\"],\"url\":\"https:\/\/clm-inclusiva.org\/?author=1\"}]}<\/script>\n<!-- \/ Yoast SEO plugin. -->","yoast_head_json":{"title":"Anxo Queiruga, reelegido presidente de COCEMFE estatal - Clm-Inclusiva","robots":{"index":"index","follow":"follow","max-snippet":"max-snippet:-1","max-image-preview":"max-image-preview:large","max-video-preview":"max-video-preview:-1"},"canonical":"https:\/\/clm-inclusiva.org\/?p=3794","og_locale":"es_ES","og_type":"article","og_title":"Anxo Queiruga, reelegido presidente de COCEMFE estatal - Clm-Inclusiva","og_description":"[et_pb_section fb_built=&#8221;1&#8243; _builder_version=&#8221;4.0.4&#8243; custom_padding=&#8221;0px||2px|||&#8221;][et_pb_row _builder_version=&#8221;3.25&#8243; background_size=&#8221;initial&#8221; background_position=&#8221;top_left&#8221; background_repeat=&#8221;repeat&#8221; custom_margin=&#8221;|||||&#8221; custom_padding=&#8221;|||||&#8221;][et_pb_column type=&#8221;4_4&#8243; _builder_version=&#8221;3.25&#8243; custom_padding=&#8221;|||&#8221; custom_padding__hover=&#8221;|||&#8221;][et_pb_text admin_label=&#8221;Noticia&#8221; _builder_version=&#8221;4.1&#8243; text_font=&#8221;||||||||&#8221; background_size=&#8221;initial&#8221; background_position=&#8221;top_left&#8221; background_repeat=&#8221;repeat&#8221; text_orientation=&#8221;justified&#8221; min_height=&#8221;711px&#8221; custom_margin=&#8221;||||false|false&#8221; custom_padding=&#8221;|||||&#8221; hover_enabled=&#8221;0&#8243;] Las principales l\u00edneas de actuaci\u00f3n que plantea la nueva directiva son mejorar la autonom\u00eda de las personas con discapacidad f\u00edsica y org\u00e1nica Madrid, 12 de junio.- La Confederaci\u00f3n Espa\u00f1ola de [&hellip;]","og_url":"https:\/\/clm-inclusiva.org\/?p=3794","og_site_name":"Clm-Inclusiva","article_publisher":"https:\/\/www.facebook.com\/castillalamancha.inclusiva\/","article_published_time":"2020-06-12T11:49:44+00:00","article_modified_time":"2020-06-12T11:49:54+00:00","og_image":[{"width":800,"height":533,"url":"https:\/\/clm-inclusiva.org\/wp-content\/uploads\/2020\/06\/Anxo-Queiruga.jpg","type":"image\/jpeg"}],"author":"clm-inclusiva","twitter_card":"summary_large_image","twitter_creator":"@ClmInclusiva","twitter_site":"@ClmInclusiva","twitter_misc":{"Escrito por":"clm-inclusiva","Tiempo de lectura":"4 minutos"},"schema":{"@context":"https:\/\/schema.org","@graph":[{"@type":"Article","@id":"https:\/\/clm-inclusiva.org\/?p=3794#article","isPartOf":{"@id":"https:\/\/clm-inclusiva.org\/?p=3794"},"author":{"name":"clm-inclusiva","@id":"https:\/\/clm-inclusiva.org\/#\/schema\/person\/0cff84aaa5bb8fd3521c55d1578d902b"},"headline":"Anxo Queiruga, reelegido presidente de COCEMFE estatal","datePublished":"2020-06-12T11:49:44+00:00","dateModified":"2020-06-12T11:49:54+00:00","mainEntityOfPage":{"@id":"https:\/\/clm-inclusiva.org\/?p=3794"},"wordCount":793,"publisher":{"@id":"https:\/\/clm-inclusiva.org\/#organization"},"articleSection":["Bienestar social","cocemfe","Discapacidad","Politica social","Sociedad","Tercer sector"],"inLanguage":"es"},{"@type":"WebPage","@id":"https:\/\/clm-inclusiva.org\/?p=3794","url":"https:\/\/clm-inclusiva.org\/?p=3794","name":"Anxo Queiruga, reelegido presidente de COCEMFE estatal - Clm-Inclusiva","isPartOf":{"@id":"https:\/\/clm-inclusiva.org\/#website"},"datePublished":"2020-06-12T11:49:44+00:00","dateModified":"2020-06-12T11:49:54+00:00","breadcrumb":{"@id":"https:\/\/clm-inclusiva.org\/?p=3794#breadcrumb"},"inLanguage":"es","potentialAction":[{"@type":"ReadAction","target":["https:\/\/clm-inclusiva.org\/?p=3794"]}]},{"@type":"BreadcrumbList","@id":"https:\/\/clm-inclusiva.org\/?p=3794#breadcrumb","itemListElement":[{"@type":"ListItem","position":1,"name":"Portada","item":"https:\/\/clm-inclusiva.org\/"},{"@type":"ListItem","position":2,"name":"Anxo Queiruga, reelegido presidente de COCEMFE estatal"}]},{"@type":"WebSite","@id":"https:\/\/clm-inclusiva.org\/#website","url":"https:\/\/clm-inclusiva.org\/","name":"Clm-Inclusiva","description":"Confederaci\u00f3n de entidades de personas con discapacidad f\u00edsica y org\u00e1nica CLM","publisher":{"@id":"https:\/\/clm-inclusiva.org\/#organization"},"potentialAction":[{"@type":"SearchAction","target":{"@type":"EntryPoint","urlTemplate":"https:\/\/clm-inclusiva.org\/?s={search_term_string}"},"query-input":"required name=search_term_string"}],"inLanguage":"es"},{"@type":"Organization","@id":"https:\/\/clm-inclusiva.org\/#organization","name":"Clm-Inclusiva","url":"https:\/\/clm-inclusiva.org\/","logo":{"@type":"ImageObject","inLanguage":"es","@id":"https:\/\/clm-inclusiva.org\/#\/schema\/logo\/image\/","url":"http:\/\/clm-inclusiva.org\/wp-content\/uploads\/2019\/04\/banner-e1533720812836.jpg","contentUrl":"http:\/\/clm-inclusiva.org\/wp-content\/uploads\/2019\/04\/banner-e1533720812836.jpg","width":600,"height":332,"caption":"Clm-Inclusiva"},"image":{"@id":"https:\/\/clm-inclusiva.org\/#\/schema\/logo\/image\/"},"sameAs":["https:\/\/www.facebook.com\/castillalamancha.inclusiva\/","https:\/\/twitter.com\/ClmInclusiva"]},{"@type":"Person","@id":"https:\/\/clm-inclusiva.org\/#\/schema\/person\/0cff84aaa5bb8fd3521c55d1578d902b","name":"clm-inclusiva","image":{"@type":"ImageObject","inLanguage":"es","@id":"https:\/\/clm-inclusiva.org\/#\/schema\/person\/image\/","url":"https:\/\/secure.gravatar.com\/avatar\/88948567af770dc9cd5597b329011884?s=96&d=blank&r=g","contentUrl":"https:\/\/secure.gravatar.com\/avatar\/88948567af770dc9cd5597b329011884?s=96&d=blank&r=g","caption":"clm-inclusiva"},"sameAs":["http:\/\/clm-inclusiva.org"],"url":"https:\/\/clm-inclusiva.org\/?author=1"}]}},"_links":{"self":[{"href":"https:\/\/clm-inclusiva.org\/index.php?rest_route=\/wp\/v2\/posts\/3794"}],"collection":[{"href":"https:\/\/clm-inclusiva.org\/index.php?rest_route=\/wp\/v2\/posts"}],"about":[{"href":"https:\/\/clm-inclusiva.org\/index.php?rest_route=\/wp\/v2\/types\/post"}],"author":[{"embeddable":true,"href":"https:\/\/clm-inclusiva.org\/index.php?rest_route=\/wp\/v2\/users\/1"}],"replies":[{"embeddable":true,"href":"https:\/\/clm-inclusiva.org\/index.php?rest_route=%2Fwp%2Fv2%2Fcomments&post=3794"}],"version-history":[{"count":3,"href":"https:\/\/clm-inclusiva.org\/index.php?rest_route=\/wp\/v2\/posts\/3794\/revisions"}],"predecessor-version":[{"id":3799,"href":"https:\/\/clm-inclusiva.org\/index.php?rest_route=\/wp\/v2\/posts\/3794\/revisions\/3799"}],"wp:featuredmedia":[{"embeddable":true,"href":"https:\/\/clm-inclusiva.org\/index.php?rest_route=\/wp\/v2\/media\/3796"}],"wp:attachment":[{"href":"https:\/\/clm-inclusiva.org\/index.php?rest_route=%2Fwp%2Fv2%2Fmedia&parent=3794"}],"wp:term":[{"taxonomy":"category","embeddable":true,"href":"https:\/\/clm-inclusiva.org\/index.php?rest_route=%2Fwp%2Fv2%2Fcategories&post=3794"},{"taxonomy":"post_tag","embeddable":true,"href":"https:\/\/clm-inclusiva.org\/index.php?rest_route=%2Fwp%2Fv2%2Ftags&post=3794"}],"curies":[{"name":"wp","href":"https:\/\/api.w.org\/{rel}","templated":true}]}}