{"id":3788,"date":"2020-06-10T12:14:11","date_gmt":"2020-06-10T10:14:11","guid":{"rendered":"http:\/\/clm-inclusiva.org\/?p=3788"},"modified":"2020-06-10T12:14:17","modified_gmt":"2020-06-10T10:14:17","slug":"mujeres-con-discapacidad-reclaman-medidas-concretas-para-su-proteccion-frente-a-la-pandemia","status":"publish","type":"post","link":"https:\/\/clm-inclusiva.org\/?p=3788","title":{"rendered":"Mujeres con discapacidad reclaman medidas concretas para su protecci\u00f3n frente a la pandemia"},"content":{"rendered":"<p>[et_pb_section fb_built=&#8221;1&#8243; _builder_version=&#8221;4.0.4&#8243; custom_padding=&#8221;0px||2px|||&#8221;][et_pb_row _builder_version=&#8221;3.25&#8243; background_size=&#8221;initial&#8221; background_position=&#8221;top_left&#8221; background_repeat=&#8221;repeat&#8221; custom_margin=&#8221;|||||&#8221; custom_padding=&#8221;|||||&#8221;][et_pb_column type=&#8221;4_4&#8243; _builder_version=&#8221;3.25&#8243; custom_padding=&#8221;|||&#8221; custom_padding__hover=&#8221;|||&#8221;][et_pb_text admin_label=&#8221;Noticia&#8221; _builder_version=&#8221;4.1&#8243; text_font=&#8221;||||||||&#8221; background_size=&#8221;initial&#8221; background_position=&#8221;top_left&#8221; background_repeat=&#8221;repeat&#8221; text_orientation=&#8221;justified&#8221; min_height=&#8221;711px&#8221; custom_margin=&#8221;||||false|false&#8221; custom_padding=&#8221;|||||&#8221; hover_enabled=&#8221;0&#8243;]<\/p>\n<ul>\n<li><strong>CEMUDIS, COCEMFE, CIMUDIS y FENAMUDIP reclaman medidas concretas para la protecci\u00f3n de las mujeres y ni\u00f1as con discapacidad ante la pandemia<\/strong><\/li>\n<\/ul>\n<p>Toledo, 10 de junio.- Con motivo del ciclo de conversatorios con mujeres con #discapacidad de Espa\u00f1a, Am\u00e9rica Latina y el Caribe iniciado hoy en el que se ha profundizado en los riesgos y las barreras con las que viven las mujeres con discapacidad en distintos pa\u00edses durante la pandemia, CEMUDIS, COCEMFE, CIMUDIS y FENAMUDIP han elaborado un manifiesto en el que se destinen recursos y servicios espec\u00edficos para que las mujeres con discapacidad est\u00e9n acompa\u00f1adas en el proceso de desescalada.<\/p>\n<p><strong>MANIFIESTO<\/strong><\/p>\n<p>Debido a la pandemia provocada por el COVID-19 se est\u00e1n profundizando las desigualdades sociales y econ\u00f3micas preexistentes, impactando especialmente en los colectivos m\u00e1s vulnerados.<\/p>\n<p>Las mujeres y ni\u00f1as con discapacidad viven cada d\u00eda situaciones de discriminaci\u00f3n de car\u00e1cter interseccional que las oprimen y relegan a espacios de invisibilidad social y extrema vulnerabilidad.<\/p>\n<p>Durante la pandemia del COVID-19 estas situaciones se han visto agravadas ante las dificultades que se han encontrado para acceder a los recursos de protecci\u00f3n sanitaria, jur\u00eddica y econ\u00f3mica necesarios para su autonom\u00eda, seguridad jur\u00eddica, cuidado y bienestar.<\/p>\n<p>Alguno de los efectos que la pandemia est\u00e1 teniendo ya en el colectivo de mujeres y ni\u00f1as con discapacidad son:<\/p>\n<ul>\n<li>Muchas mujeres y ni\u00f1as con discapacidad, especialmente aquellas con discapacidad org\u00e1nica, son poblaci\u00f3n de alto riesgo ante el COVID-19 por el impacto que el virus puede ocasionarles y, en este momento, se est\u00e1n encontrando sin recursos para poder acceder, con seguridad, a sus\u00a0<strong>tratamientos farmacol\u00f3gicos o tratamientos sanitarios especializados.<\/strong><\/li>\n<li>Las mujeres y ni\u00f1as con discapacidad\u00a0<strong>v\u00edctimas de violencia de g\u00e9nero<\/strong>\u00a0se han visto obligadas a permanecer confinadas en el hogar junto con su agresor, quedando completamente expuestas y desprotegidas, sin mecanismos de defensa ni cauces para comunicar o denunciar su situaci\u00f3n. Adem\u00e1s, es preciso incorporar de forma urgente medidas de apoyo psicol\u00f3gico para paliar el grave da\u00f1o emocional del confinamiento sobre su autoestima y dotarles de herramientas para salir de la situaci\u00f3n de violencia en la que viven.<\/li>\n<li>Destrucci\u00f3n masiva de empleos, especialmente aquellos menos estables y ocupados principalmente por mujeres. Las mujeres con discapacidad trabajadoras, adem\u00e1s, se encuentran con mayores dificultades para reincorporarse a sus puestos de trabajo debido a que los\u00a0<strong>desplazamientos urbanos no son accesibles\u00a0<\/strong>ni contemplan las medidas de seguridad necesarias para su protecci\u00f3n.<\/li>\n<li>En general, las mujeres con discapacidad ocupan\u00a0<strong>empleos menos seguros y peor remunerados.\u00a0<\/strong>El 34% de las mujeres con discapacidad en activo, tienen trabajos temporales y al menos el 42% de las que trabajan perciben un salario inferior a 900\u20ac. Adem\u00e1s, seg\u00fan datos de CEMUDIS antes de la pandemia, el 51,6% de las mujeres con discapacidad en Espa\u00f1a no pod\u00edan afrontar gastos imprevistos superiores a 650\u20ac. Por lo tanto, la situaci\u00f3n que est\u00e1n viviendo ante la p\u00e9rdida de sus empleos o las incorporaciones a un ERTE,\u00a0<strong>no les permite cubrir necesidades m\u00ednimas para su cuidado y autonom\u00eda.<\/strong>\u00a0Muchos de estos hogares, adem\u00e1s, tampoco disponen de recursos telem\u00e1ticos para trabajar o estudiar a distancia, hacer gestiones con la administraci\u00f3n p\u00fablica y acceder a tratamientos sanitarios durante el confinamiento.<\/li>\n<li>El incremento del desempleo en las mujeres con discapacidad tendr\u00e1 efectos devastadores y\u00a0<strong>producir\u00e1 un retroceso en los avances logrados<\/strong>\u00a0en los \u00faltimos a\u00f1os en cuanto su autonom\u00eda y participaci\u00f3n en la vida social, cultural y econ\u00f3mica.<\/li>\n<\/ul>\n<p>Entendemos que, en una situaci\u00f3n de alarma sanitaria como la que estamos viviendo, el Estado debe ser garante de los derechos de toda la ciudadan\u00eda y muy especialmente de aquellos colectivos m\u00e1s vulnerados, pues son \u00e9stos los que mayor protecci\u00f3n necesitan.\u00a0<strong>Las mujeres y ni\u00f1as con discapacidad tienen derecho a que se legisle tambi\u00e9n para ellas<\/strong>, por tanto, desde la Confederaci\u00f3n Estatal de Mujeres con Discapacidad (CEMUDIS) reivindicamos se consideren algunas medidas espec\u00edficas de protecci\u00f3n:<\/p>\n<ul>\n<li>Garant\u00edas de\u00a0<strong>protecci\u00f3n laboral a las trabajadoras con discapacidad<\/strong>, especialmente a aquellas que ocupan trabajos temporales, as\u00ed como una\u00a0<strong>red de ayudas para el emprendimiento.<\/strong><\/li>\n<li>Proporcionar bonificaciones y subsidios para contratar\u00a0<strong>servicios infantiles<\/strong>\u00a0para las trabajadoras con discapacidad que no pueden teletrabajar.<\/li>\n<li>Dotaci\u00f3n econ\u00f3mica o de\u00a0<strong>recursos b\u00e1sicos para los hogares m\u00e1s vulnerados<\/strong>\u00a0en los residen mujeres y ni\u00f1as con discapacidad, con el fin de\u00a0<strong>evitar su marginaci\u00f3n del sistema<\/strong>; y que puedan disponer de equipos de protecci\u00f3n sanitaria, suministros b\u00e1sicos, servicio de internet y telefon\u00eda, dispositivos tecnol\u00f3gicos que permitan el trabajo o el estudio a distancia, o el acceso a cuidados domiciliarios, entre otros.<\/li>\n<li>Incorporar medidas para su\u00a0<strong>acceso a los tratamientos sanitarios y farmacol\u00f3gicos<\/strong>\u00a0especializados que necesitan, as\u00ed como la prestaci\u00f3n gratuita de\u00a0<strong>servicios de informaci\u00f3n y atenci\u00f3n psicosocial<\/strong>.<\/li>\n<li><strong>Garantizar el derecho a la educaci\u00f3n<\/strong>\u00a0de las ni\u00f1as con discapacidad a trav\u00e9s del acompa\u00f1amiento personalizado en su progreso de aprendizaje, la dotaci\u00f3n de recursos tecnol\u00f3gicos para su formaci\u00f3n a distancia y la adaptaci\u00f3n a una nueva normalidad.<\/li>\n<li>Garantizar su\u00a0<strong>derecho a la informaci\u00f3n de forma accesible y adaptada<\/strong>\u00a0a las necesidades de las mujeres y ni\u00f1as con discapacidad para que puedan comprender, participar y adaptarse a la nueva normalidad.<\/li>\n<li>Elaborar\u00a0<strong>planes de acci\u00f3n nacionales para la protecci\u00f3n de las mujeres y ni\u00f1as con discapacidad contra toda forma de violencia<\/strong>, as\u00ed como adaptar los planes existentes a la nueva realidad que se plantea ante el COVID-19.<\/li>\n<li>Facilitar los\u00a0<strong>mecanismos de acceso a la justicia<\/strong>\u00a0a las mujeres y ni\u00f1as con discapacidad, as\u00ed como implementar medidas para su protecci\u00f3n y resarcimiento justo y eficaz por el da\u00f1o ocasionado.<\/li>\n<li>Promover que la\u00a0<strong>nueva normalidad se construya teniendo en cuenta la perspectiva de g\u00e9nero en las ciudades<\/strong>, que sean inclusivas, seguras y accesibles para las mujeres y ni\u00f1as con discapacidad.<\/li>\n<li>Dotar de recursos a las\u00a0<strong>entidades sociales<\/strong>\u00a0que representan y atienden al colectivo a trav\u00e9s de servicios especializados y adaptados a sus necesidades, para que puedan continuar con su labor de denuncia, sensibilizaci\u00f3n y protecci\u00f3n de las mujeres con discapacidad en especiales situaciones de vulnerabilidad.<\/li>\n<li>Necesidad de la integrar la\u00a0<strong>perspectiva de la discapacidad de g\u00e9nero<\/strong>\u00a0en la definici\u00f3n e implementaci\u00f3n de medidas de protecci\u00f3n durante el desconfinamiento.<\/li>\n<li><strong>Evaluaci\u00f3n del impacto<\/strong>\u00a0que est\u00e1 teniendo de la pandemia del COVID-19 en las mujeres y las ni\u00f1as con discapacidad desde una perspectiva integral.<\/li>\n<\/ul>\n<p>[\/et_pb_text][et_pb_post_nav prev_text=&#8221;Anterior&#8221; next_text=&#8221;Siguiente&#8221; _builder_version=&#8221;3.22.4&#8243;][\/et_pb_post_nav][\/et_pb_column][\/et_pb_row][\/et_pb_section]<\/p>\n","protected":false},"excerpt":{"rendered":"<p>[et_pb_section fb_built=&#8221;1&#8243; _builder_version=&#8221;4.0.4&#8243; custom_padding=&#8221;0px||2px|||&#8221;][et_pb_row _builder_version=&#8221;3.25&#8243; background_size=&#8221;initial&#8221; background_position=&#8221;top_left&#8221; background_repeat=&#8221;repeat&#8221; custom_margin=&#8221;|||||&#8221; custom_padding=&#8221;|||||&#8221;][et_pb_column type=&#8221;4_4&#8243; _builder_version=&#8221;3.25&#8243; custom_padding=&#8221;|||&#8221; custom_padding__hover=&#8221;|||&#8221;][et_pb_text admin_label=&#8221;Noticia&#8221; _builder_version=&#8221;4.1&#8243; text_font=&#8221;||||||||&#8221; background_size=&#8221;initial&#8221; background_position=&#8221;top_left&#8221; background_repeat=&#8221;repeat&#8221; text_orientation=&#8221;justified&#8221; min_height=&#8221;711px&#8221; custom_margin=&#8221;||||false|false&#8221; custom_padding=&#8221;|||||&#8221; hover_enabled=&#8221;0&#8243;] CEMUDIS, COCEMFE, CIMUDIS y FENAMUDIP reclaman medidas concretas para la protecci\u00f3n de las mujeres y ni\u00f1as con discapacidad ante la pandemia Toledo, 10 de junio.- Con motivo del ciclo de [&hellip;]<\/p>\n","protected":false},"author":1,"featured_media":3790,"comment_status":"closed","ping_status":"closed","sticky":false,"template":"","format":"standard","meta":{"_et_pb_use_builder":"on","_et_pb_old_content":"<h5 style=\"text-align: justify;\">La Confederaci\u00f3n CLM Inclusiva y la asociaci\u00f3n empresarial de Centros Especiales de Empleo de COCEMFE en Castilla-La Mancha, AECEMCO CLM, han firmado un acuerdo para promover las oportunidades de formaci\u00f3n y empleo de las personas del colectivo.<\/h5>\r\n<p style=\"text-align: justify;\"><img class=\"alignnone size-full wp-image-471\" src=\"http:\/\/clm-inclusiva.org\/wp-content\/uploads\/2019\/04\/3500_fotonoticia_20190402151941_1920.jpg\" alt=\"\" width=\"670\" height=\"300\"><\/p>\r\n<p style=\"text-align: justify;\">El presidente de la confederaci\u00f3n CLM Inclusiva, Enrique Alarc\u00f3n Garc\u00eda, y el presidente de AECEMCO CLM, \u00d3scar Sillas, han rubricado este acuerdo de colaboraci\u00f3n para coordinar su labor y actuaciones de apoyo a la promoci\u00f3n de los derechos de las personas con discapacidad f\u00edsica y org\u00e1nica en Castilla-La Mancha, ha informado esta confederaci\u00f3n en nota de prensa.<\/p>\r\nEl sector empresarial promovido por las organizaciones de COCEMFE sin \u00e1nimo de lucro, integrado en AECEMCO, da empleo actualmente a m\u00e1s de 800 personas con discapacidad de todo tipo, con actividades productivas y de prestaci\u00f3n de servicios muy variados como obras, lavander\u00eda, limpieza, medioambiente, manipulados, formaci\u00f3n, etc.\r\n\r\nAmbas organizaciones que comparten valores sociales y visi\u00f3n sobre los derechos de las personas con discapacidad coordinar\u00e1n todas sus actividades para incrementar las oportunidades de formaci\u00f3n, aprendizaje en el puesto de trabajo y calidad de los mismos, tanto en empleo protegido como ordinario.\r\n\r\nDentro de las actuaciones objeto del acuerdo se pondr\u00e1 especial atenci\u00f3n a dar a conocer la normativa de reserva de empleo para personas con discapacidad, as\u00ed como el adecuado cumplimiento de las medidas alternativas, para lo que se informar\u00e1 conjuntamente a administraciones, federaciones empresariales y grandes empresas sobre las oportunidades de empleabilidad de las personas con discapacidad f\u00edsica y org\u00e1nica.\r\n\r\nCLM Inclusiva dispone actualmente de Servicio de Empleo en todas las provincias de Castilla-La Mancha, gracias al apoyo de Fundaci\u00f3n ONCE y la financiaci\u00f3n de proyectos con cargo al IRPF, que realiza labor de intermediaci\u00f3n entre personas con discapacidad demandantes de empleo y empresas, asegurando la adecuaci\u00f3n de trabajadores al puesto de trabajo e informando sobre incentivos a la contrataci\u00f3n y ajustes t\u00e9cnicos necesarios en el puesto.\r\n\r\nLa Confederaci\u00f3n regional de entidades de personas con discapacidad f\u00edsica y org\u00e1nica, Castilla-La Mancha Inclusiva, agrupa al movimiento asociativo de COCEMFE en la Regi\u00f3n, con casi un centenar de entidades que representan en torno a 10.000 personas con discapacidad.\r\n\r\nActualmente se encuentra compuesta por cinco federaciones provinciales, COCEMFE Albacete, COCEMFE Cuenca, COCEMFE Guadalajara, COCEMFE Toledo y Ciudad Real Inclusiva, las entidades regionales AFANION, Federaci\u00f3n LUNA CLM de mujeres con discapacidad, AIDISCAM, y la asociaci\u00f3n nacional AMIAB.","_et_gb_content_width":"","footnotes":""},"categories":[39,47,5,44,8,41],"tags":[],"yoast_head":"<!-- This site is optimized with the Yoast SEO plugin v21.3 - https:\/\/yoast.com\/wordpress\/plugins\/seo\/ -->\n<title>Mujeres con discapacidad reclaman medidas concretas para su protecci\u00f3n frente a la pandemia - Clm-Inclusiva<\/title>\n<meta name=\"robots\" content=\"index, follow, max-snippet:-1, max-image-preview:large, max-video-preview:-1\" \/>\n<link rel=\"canonical\" href=\"https:\/\/clm-inclusiva.org\/?p=3788\" \/>\n<meta property=\"og:locale\" content=\"es_ES\" \/>\n<meta property=\"og:type\" content=\"article\" \/>\n<meta property=\"og:title\" content=\"Mujeres con discapacidad reclaman medidas concretas para su protecci\u00f3n frente a la pandemia - Clm-Inclusiva\" \/>\n<meta property=\"og:description\" content=\"[et_pb_section fb_built=&#8221;1&#8243; _builder_version=&#8221;4.0.4&#8243; custom_padding=&#8221;0px||2px|||&#8221;][et_pb_row _builder_version=&#8221;3.25&#8243; background_size=&#8221;initial&#8221; background_position=&#8221;top_left&#8221; background_repeat=&#8221;repeat&#8221; custom_margin=&#8221;|||||&#8221; custom_padding=&#8221;|||||&#8221;][et_pb_column type=&#8221;4_4&#8243; _builder_version=&#8221;3.25&#8243; custom_padding=&#8221;|||&#8221; custom_padding__hover=&#8221;|||&#8221;][et_pb_text admin_label=&#8221;Noticia&#8221; _builder_version=&#8221;4.1&#8243; text_font=&#8221;||||||||&#8221; background_size=&#8221;initial&#8221; background_position=&#8221;top_left&#8221; background_repeat=&#8221;repeat&#8221; text_orientation=&#8221;justified&#8221; min_height=&#8221;711px&#8221; custom_margin=&#8221;||||false|false&#8221; custom_padding=&#8221;|||||&#8221; hover_enabled=&#8221;0&#8243;] CEMUDIS, COCEMFE, CIMUDIS y FENAMUDIP reclaman medidas concretas para la protecci\u00f3n de las mujeres y ni\u00f1as con discapacidad ante la pandemia Toledo, 10 de junio.- Con motivo del ciclo de [&hellip;]\" \/>\n<meta property=\"og:url\" content=\"https:\/\/clm-inclusiva.org\/?p=3788\" \/>\n<meta property=\"og:site_name\" content=\"Clm-Inclusiva\" \/>\n<meta property=\"article:publisher\" content=\"https:\/\/www.facebook.com\/castillalamancha.inclusiva\/\" \/>\n<meta property=\"article:published_time\" content=\"2020-06-10T10:14:11+00:00\" \/>\n<meta property=\"article:modified_time\" content=\"2020-06-10T10:14:17+00:00\" \/>\n<meta property=\"og:image\" content=\"https:\/\/clm-inclusiva.org\/wp-content\/uploads\/2020\/06\/COCEMFE-cemudis-cimudis-fenamudip-manifiesto.jpg\" \/>\n\t<meta property=\"og:image:width\" content=\"867\" \/>\n\t<meta property=\"og:image:height\" content=\"456\" \/>\n\t<meta property=\"og:image:type\" content=\"image\/jpeg\" \/>\n<meta name=\"author\" content=\"clm-inclusiva\" \/>\n<meta name=\"twitter:card\" content=\"summary_large_image\" \/>\n<meta name=\"twitter:creator\" content=\"@ClmInclusiva\" \/>\n<meta name=\"twitter:site\" content=\"@ClmInclusiva\" \/>\n<meta name=\"twitter:label1\" content=\"Escrito por\" \/>\n\t<meta name=\"twitter:data1\" content=\"clm-inclusiva\" \/>\n\t<meta name=\"twitter:label2\" content=\"Tiempo de lectura\" \/>\n\t<meta name=\"twitter:data2\" content=\"6 minutos\" \/>\n<script type=\"application\/ld+json\" class=\"yoast-schema-graph\">{\"@context\":\"https:\/\/schema.org\",\"@graph\":[{\"@type\":\"Article\",\"@id\":\"https:\/\/clm-inclusiva.org\/?p=3788#article\",\"isPartOf\":{\"@id\":\"https:\/\/clm-inclusiva.org\/?p=3788\"},\"author\":{\"name\":\"clm-inclusiva\",\"@id\":\"https:\/\/clm-inclusiva.org\/#\/schema\/person\/0cff84aaa5bb8fd3521c55d1578d902b\"},\"headline\":\"Mujeres con discapacidad reclaman medidas concretas para su protecci\u00f3n frente a la pandemia\",\"datePublished\":\"2020-06-10T10:14:11+00:00\",\"dateModified\":\"2020-06-10T10:14:17+00:00\",\"mainEntityOfPage\":{\"@id\":\"https:\/\/clm-inclusiva.org\/?p=3788\"},\"wordCount\":1236,\"publisher\":{\"@id\":\"https:\/\/clm-inclusiva.org\/#organization\"},\"articleSection\":[\"Bienestar social\",\"cocemfe\",\"Discapacidad\",\"Politica social\",\"Sociedad\",\"Tercer sector\"],\"inLanguage\":\"es\"},{\"@type\":\"WebPage\",\"@id\":\"https:\/\/clm-inclusiva.org\/?p=3788\",\"url\":\"https:\/\/clm-inclusiva.org\/?p=3788\",\"name\":\"Mujeres con discapacidad reclaman medidas concretas para su protecci\u00f3n frente a la pandemia - Clm-Inclusiva\",\"isPartOf\":{\"@id\":\"https:\/\/clm-inclusiva.org\/#website\"},\"datePublished\":\"2020-06-10T10:14:11+00:00\",\"dateModified\":\"2020-06-10T10:14:17+00:00\",\"breadcrumb\":{\"@id\":\"https:\/\/clm-inclusiva.org\/?p=3788#breadcrumb\"},\"inLanguage\":\"es\",\"potentialAction\":[{\"@type\":\"ReadAction\",\"target\":[\"https:\/\/clm-inclusiva.org\/?p=3788\"]}]},{\"@type\":\"BreadcrumbList\",\"@id\":\"https:\/\/clm-inclusiva.org\/?p=3788#breadcrumb\",\"itemListElement\":[{\"@type\":\"ListItem\",\"position\":1,\"name\":\"Portada\",\"item\":\"https:\/\/clm-inclusiva.org\/\"},{\"@type\":\"ListItem\",\"position\":2,\"name\":\"Mujeres con discapacidad reclaman medidas concretas para su protecci\u00f3n frente a la pandemia\"}]},{\"@type\":\"WebSite\",\"@id\":\"https:\/\/clm-inclusiva.org\/#website\",\"url\":\"https:\/\/clm-inclusiva.org\/\",\"name\":\"Clm-Inclusiva\",\"description\":\"Confederaci\u00f3n de entidades de personas con discapacidad f\u00edsica y org\u00e1nica CLM\",\"publisher\":{\"@id\":\"https:\/\/clm-inclusiva.org\/#organization\"},\"potentialAction\":[{\"@type\":\"SearchAction\",\"target\":{\"@type\":\"EntryPoint\",\"urlTemplate\":\"https:\/\/clm-inclusiva.org\/?s={search_term_string}\"},\"query-input\":\"required name=search_term_string\"}],\"inLanguage\":\"es\"},{\"@type\":\"Organization\",\"@id\":\"https:\/\/clm-inclusiva.org\/#organization\",\"name\":\"Clm-Inclusiva\",\"url\":\"https:\/\/clm-inclusiva.org\/\",\"logo\":{\"@type\":\"ImageObject\",\"inLanguage\":\"es\",\"@id\":\"https:\/\/clm-inclusiva.org\/#\/schema\/logo\/image\/\",\"url\":\"http:\/\/clm-inclusiva.org\/wp-content\/uploads\/2019\/04\/banner-e1533720812836.jpg\",\"contentUrl\":\"http:\/\/clm-inclusiva.org\/wp-content\/uploads\/2019\/04\/banner-e1533720812836.jpg\",\"width\":600,\"height\":332,\"caption\":\"Clm-Inclusiva\"},\"image\":{\"@id\":\"https:\/\/clm-inclusiva.org\/#\/schema\/logo\/image\/\"},\"sameAs\":[\"https:\/\/www.facebook.com\/castillalamancha.inclusiva\/\",\"https:\/\/twitter.com\/ClmInclusiva\"]},{\"@type\":\"Person\",\"@id\":\"https:\/\/clm-inclusiva.org\/#\/schema\/person\/0cff84aaa5bb8fd3521c55d1578d902b\",\"name\":\"clm-inclusiva\",\"image\":{\"@type\":\"ImageObject\",\"inLanguage\":\"es\",\"@id\":\"https:\/\/clm-inclusiva.org\/#\/schema\/person\/image\/\",\"url\":\"https:\/\/secure.gravatar.com\/avatar\/88948567af770dc9cd5597b329011884?s=96&d=blank&r=g\",\"contentUrl\":\"https:\/\/secure.gravatar.com\/avatar\/88948567af770dc9cd5597b329011884?s=96&d=blank&r=g\",\"caption\":\"clm-inclusiva\"},\"sameAs\":[\"http:\/\/clm-inclusiva.org\"],\"url\":\"https:\/\/clm-inclusiva.org\/?author=1\"}]}<\/script>\n<!-- \/ Yoast SEO plugin. -->","yoast_head_json":{"title":"Mujeres con discapacidad reclaman medidas concretas para su protecci\u00f3n frente a la pandemia - Clm-Inclusiva","robots":{"index":"index","follow":"follow","max-snippet":"max-snippet:-1","max-image-preview":"max-image-preview:large","max-video-preview":"max-video-preview:-1"},"canonical":"https:\/\/clm-inclusiva.org\/?p=3788","og_locale":"es_ES","og_type":"article","og_title":"Mujeres con discapacidad reclaman medidas concretas para su protecci\u00f3n frente a la pandemia - Clm-Inclusiva","og_description":"[et_pb_section fb_built=&#8221;1&#8243; _builder_version=&#8221;4.0.4&#8243; custom_padding=&#8221;0px||2px|||&#8221;][et_pb_row _builder_version=&#8221;3.25&#8243; background_size=&#8221;initial&#8221; background_position=&#8221;top_left&#8221; background_repeat=&#8221;repeat&#8221; custom_margin=&#8221;|||||&#8221; custom_padding=&#8221;|||||&#8221;][et_pb_column type=&#8221;4_4&#8243; _builder_version=&#8221;3.25&#8243; custom_padding=&#8221;|||&#8221; custom_padding__hover=&#8221;|||&#8221;][et_pb_text admin_label=&#8221;Noticia&#8221; _builder_version=&#8221;4.1&#8243; text_font=&#8221;||||||||&#8221; background_size=&#8221;initial&#8221; background_position=&#8221;top_left&#8221; background_repeat=&#8221;repeat&#8221; text_orientation=&#8221;justified&#8221; min_height=&#8221;711px&#8221; custom_margin=&#8221;||||false|false&#8221; custom_padding=&#8221;|||||&#8221; hover_enabled=&#8221;0&#8243;] CEMUDIS, COCEMFE, CIMUDIS y FENAMUDIP reclaman medidas concretas para la protecci\u00f3n de las mujeres y ni\u00f1as con discapacidad ante la pandemia Toledo, 10 de junio.- Con motivo del ciclo de [&hellip;]","og_url":"https:\/\/clm-inclusiva.org\/?p=3788","og_site_name":"Clm-Inclusiva","article_publisher":"https:\/\/www.facebook.com\/castillalamancha.inclusiva\/","article_published_time":"2020-06-10T10:14:11+00:00","article_modified_time":"2020-06-10T10:14:17+00:00","og_image":[{"width":867,"height":456,"url":"https:\/\/clm-inclusiva.org\/wp-content\/uploads\/2020\/06\/COCEMFE-cemudis-cimudis-fenamudip-manifiesto.jpg","type":"image\/jpeg"}],"author":"clm-inclusiva","twitter_card":"summary_large_image","twitter_creator":"@ClmInclusiva","twitter_site":"@ClmInclusiva","twitter_misc":{"Escrito por":"clm-inclusiva","Tiempo de lectura":"6 minutos"},"schema":{"@context":"https:\/\/schema.org","@graph":[{"@type":"Article","@id":"https:\/\/clm-inclusiva.org\/?p=3788#article","isPartOf":{"@id":"https:\/\/clm-inclusiva.org\/?p=3788"},"author":{"name":"clm-inclusiva","@id":"https:\/\/clm-inclusiva.org\/#\/schema\/person\/0cff84aaa5bb8fd3521c55d1578d902b"},"headline":"Mujeres con discapacidad reclaman medidas concretas para su protecci\u00f3n frente a la pandemia","datePublished":"2020-06-10T10:14:11+00:00","dateModified":"2020-06-10T10:14:17+00:00","mainEntityOfPage":{"@id":"https:\/\/clm-inclusiva.org\/?p=3788"},"wordCount":1236,"publisher":{"@id":"https:\/\/clm-inclusiva.org\/#organization"},"articleSection":["Bienestar social","cocemfe","Discapacidad","Politica social","Sociedad","Tercer sector"],"inLanguage":"es"},{"@type":"WebPage","@id":"https:\/\/clm-inclusiva.org\/?p=3788","url":"https:\/\/clm-inclusiva.org\/?p=3788","name":"Mujeres con discapacidad reclaman medidas concretas para su protecci\u00f3n frente a la pandemia - Clm-Inclusiva","isPartOf":{"@id":"https:\/\/clm-inclusiva.org\/#website"},"datePublished":"2020-06-10T10:14:11+00:00","dateModified":"2020-06-10T10:14:17+00:00","breadcrumb":{"@id":"https:\/\/clm-inclusiva.org\/?p=3788#breadcrumb"},"inLanguage":"es","potentialAction":[{"@type":"ReadAction","target":["https:\/\/clm-inclusiva.org\/?p=3788"]}]},{"@type":"BreadcrumbList","@id":"https:\/\/clm-inclusiva.org\/?p=3788#breadcrumb","itemListElement":[{"@type":"ListItem","position":1,"name":"Portada","item":"https:\/\/clm-inclusiva.org\/"},{"@type":"ListItem","position":2,"name":"Mujeres con discapacidad reclaman medidas concretas para su protecci\u00f3n frente a la pandemia"}]},{"@type":"WebSite","@id":"https:\/\/clm-inclusiva.org\/#website","url":"https:\/\/clm-inclusiva.org\/","name":"Clm-Inclusiva","description":"Confederaci\u00f3n de entidades de personas con discapacidad f\u00edsica y org\u00e1nica CLM","publisher":{"@id":"https:\/\/clm-inclusiva.org\/#organization"},"potentialAction":[{"@type":"SearchAction","target":{"@type":"EntryPoint","urlTemplate":"https:\/\/clm-inclusiva.org\/?s={search_term_string}"},"query-input":"required name=search_term_string"}],"inLanguage":"es"},{"@type":"Organization","@id":"https:\/\/clm-inclusiva.org\/#organization","name":"Clm-Inclusiva","url":"https:\/\/clm-inclusiva.org\/","logo":{"@type":"ImageObject","inLanguage":"es","@id":"https:\/\/clm-inclusiva.org\/#\/schema\/logo\/image\/","url":"http:\/\/clm-inclusiva.org\/wp-content\/uploads\/2019\/04\/banner-e1533720812836.jpg","contentUrl":"http:\/\/clm-inclusiva.org\/wp-content\/uploads\/2019\/04\/banner-e1533720812836.jpg","width":600,"height":332,"caption":"Clm-Inclusiva"},"image":{"@id":"https:\/\/clm-inclusiva.org\/#\/schema\/logo\/image\/"},"sameAs":["https:\/\/www.facebook.com\/castillalamancha.inclusiva\/","https:\/\/twitter.com\/ClmInclusiva"]},{"@type":"Person","@id":"https:\/\/clm-inclusiva.org\/#\/schema\/person\/0cff84aaa5bb8fd3521c55d1578d902b","name":"clm-inclusiva","image":{"@type":"ImageObject","inLanguage":"es","@id":"https:\/\/clm-inclusiva.org\/#\/schema\/person\/image\/","url":"https:\/\/secure.gravatar.com\/avatar\/88948567af770dc9cd5597b329011884?s=96&d=blank&r=g","contentUrl":"https:\/\/secure.gravatar.com\/avatar\/88948567af770dc9cd5597b329011884?s=96&d=blank&r=g","caption":"clm-inclusiva"},"sameAs":["http:\/\/clm-inclusiva.org"],"url":"https:\/\/clm-inclusiva.org\/?author=1"}]}},"_links":{"self":[{"href":"https:\/\/clm-inclusiva.org\/index.php?rest_route=\/wp\/v2\/posts\/3788"}],"collection":[{"href":"https:\/\/clm-inclusiva.org\/index.php?rest_route=\/wp\/v2\/posts"}],"about":[{"href":"https:\/\/clm-inclusiva.org\/index.php?rest_route=\/wp\/v2\/types\/post"}],"author":[{"embeddable":true,"href":"https:\/\/clm-inclusiva.org\/index.php?rest_route=\/wp\/v2\/users\/1"}],"replies":[{"embeddable":true,"href":"https:\/\/clm-inclusiva.org\/index.php?rest_route=%2Fwp%2Fv2%2Fcomments&post=3788"}],"version-history":[{"count":3,"href":"https:\/\/clm-inclusiva.org\/index.php?rest_route=\/wp\/v2\/posts\/3788\/revisions"}],"predecessor-version":[{"id":3793,"href":"https:\/\/clm-inclusiva.org\/index.php?rest_route=\/wp\/v2\/posts\/3788\/revisions\/3793"}],"wp:featuredmedia":[{"embeddable":true,"href":"https:\/\/clm-inclusiva.org\/index.php?rest_route=\/wp\/v2\/media\/3790"}],"wp:attachment":[{"href":"https:\/\/clm-inclusiva.org\/index.php?rest_route=%2Fwp%2Fv2%2Fmedia&parent=3788"}],"wp:term":[{"taxonomy":"category","embeddable":true,"href":"https:\/\/clm-inclusiva.org\/index.php?rest_route=%2Fwp%2Fv2%2Fcategories&post=3788"},{"taxonomy":"post_tag","embeddable":true,"href":"https:\/\/clm-inclusiva.org\/index.php?rest_route=%2Fwp%2Fv2%2Ftags&post=3788"}],"curies":[{"name":"wp","href":"https:\/\/api.w.org\/{rel}","templated":true}]}}