{"id":3754,"date":"2020-05-21T18:51:45","date_gmt":"2020-05-21T16:51:45","guid":{"rendered":"http:\/\/clm-inclusiva.org\/?p=3754"},"modified":"2020-05-21T18:51:54","modified_gmt":"2020-05-21T16:51:54","slug":"el-tercer-sector-denuncia-la-decision-del-ministerio-de-derechos-sociales-de-recortar-la-financiacion-a-las-ong-estatales-de-accion-social-en-plena-pandemia","status":"publish","type":"post","link":"https:\/\/clm-inclusiva.org\/?p=3754","title":{"rendered":"El Tercer Sector denuncia la decisi\u00f3n del Ministerio de Derechos Sociales de recortar la financiaci\u00f3n a las ONG estatales de Acci\u00f3n Social en plena pandemia"},"content":{"rendered":"<p>[et_pb_section fb_built=&#8221;1&#8243; _builder_version=&#8221;4.0.4&#8243; custom_padding=&#8221;0px||2px|||&#8221;][et_pb_row _builder_version=&#8221;3.25&#8243; background_size=&#8221;initial&#8221; background_position=&#8221;top_left&#8221; background_repeat=&#8221;repeat&#8221; custom_margin=&#8221;|||||&#8221; custom_padding=&#8221;|||||&#8221;][et_pb_column type=&#8221;4_4&#8243; _builder_version=&#8221;3.25&#8243; custom_padding=&#8221;|||&#8221; custom_padding__hover=&#8221;|||&#8221;][et_pb_text admin_label=&#8221;Noticia&#8221; _builder_version=&#8221;4.1&#8243; text_font=&#8221;||||||||&#8221; background_size=&#8221;initial&#8221; background_position=&#8221;top_left&#8221; background_repeat=&#8221;repeat&#8221; text_orientation=&#8221;justified&#8221; min_height=&#8221;711px&#8221; custom_margin=&#8221;||||false|false&#8221; custom_padding=&#8221;|||||&#8221; hover_enabled=&#8221;0&#8243;]<\/p>\n<ul>\n<li><strong>Durante una reuni\u00f3n con el secretario de Estado de Derechos Sociales, Ignacio \u00c1lvarez, para abordar\u00a0<\/strong><strong>la distribuci\u00f3n\u00a0del 0,7% del IRPF y del Impuesto de Sociedades<\/strong><\/li>\n<\/ul>\n<p><strong>Madrid, 21 de mayo de 2020:\u00a0<\/strong>La\u00a0<strong>Plataforma del Tercer Sector\u00a0<\/strong>(PTS), compuesta por 28.000 ONG, ha denunciado la decisi\u00f3n del Ministerio de Derechos Sociales y Agenda 2030 del Gobierno de Espa\u00f1a de\u00a0<strong>recortar\u00a0<\/strong><strong>dr\u00e1sticamente\u00a0la\u00a0financiaci\u00f3n a las ONG estatales de Acci\u00f3n Social<\/strong>\u00a0en un momento de crisis\u00a0<strong>devastadora causada por la pandemia<\/strong>. \u00a0El papel de las entidades es m\u00e1s esencial que nunca, ya que son ellas las que est\u00e1n contribuyendo, en mayor medida, con sus estructuras y redes al sostenimiento de las necesidades de los colectivos m\u00e1s vulnerables.<\/p>\n<p>As\u00ed lo ha manifestado el\u00a0<strong>presidente de la Plataforma del Tercer Sector (PTS), Luciano Poyato,<\/strong>\u00a0tras mantener una reuni\u00f3n con el secretario de Estado de Derechos Sociales, Ignacio \u00c1lvarez, y en la que tambi\u00e9n estuvieron presentes las organizaciones miembros de la propia plataforma. En ella se han abordado temas relacionados con la financiaci\u00f3n del Tercer Sector, concretamente con el 0,7% del IRPF\u00a0de inter\u00e9s social\u00a0y del Impuesto de Sociedades, para \u00a0hacer frente a la cr\u00edtica situaci\u00f3n actual.<\/p>\n<p>Poyato ha asegurado que, durante el estado de alarma, cuando los servicios sociales han estado desbordados, <strong>las entidades del Tercer Sector de Acci\u00f3n Social han sido factor clave<\/strong> en la ayuda a las personas en situaci\u00f3n de vulnerabilidad social y el reconocimiento a esta labor se deber\u00eda mostrar, en su opini\u00f3n, con garant\u00edas econ\u00f3micas y jur\u00eddicas para que puedan mantener la capacidad de respuesta demostrada. Por esto, ha criticado la decisi\u00f3n del Ministerio de Derechos Sociales y Agenda 2030 ya que solo hace, a su juicio, debilitar las respuestas y los instrumentos de las pol\u00edticas sociales del Estado.<\/p>\n<p>Hasta ahora, y tras una resoluci\u00f3n del Tribunal Constitucional, el total recaudado a trav\u00e9s del\u00a0<strong>0,7% del IRPF<\/strong>\u00a0era gestionando en un 80% por las Comunidades Aut\u00f3nomas y en un 20% por el Estado. \u00a0Igualmente, la Ley 6\/2018, de 3 de julio, de Presupuestos Generales del Estado, dicta que la recaudaci\u00f3n a trav\u00e9s de la casilla con fines sociales del\u00a0<strong>0,7 % del Impuesto de Sociedades<\/strong>\u00a0se debe articular como una convocatoria supraterritorial y en su totalidad debe ir destinada a financiar proyectos de inter\u00e9s social presentados por entidades de acci\u00f3n social de \u00e1mbito estatal. \u00a0<\/p>\n<p><strong>REDUCCI\u00d3N DE LA CAPACIDAD DE INTERVENCI\u00d3N SOCIAL<\/strong><\/p>\n<p>Sin embargo, en el encuentro la secretar\u00eda de Estado de Derechos Sociales ha comunicado a los representantes de la PTS que las entidades estatales\u00a0<strong>podr\u00e1n gestionar el 14% de lo recaudado en el IRPF<\/strong> una cifra que no se corresponde con el 20% fijado sobre el total para acci\u00f3n social, que asciende a 283 millones de euros. \u00a0\u201cEsta reducci\u00f3n del 20% al 14% supone una p\u00e9rdida de 14,5 millones de euros, que servir\u00edan para garantizar la solvencia de las entidades sociales estatales y para seguir trabajando en favor de las personas que verdaderamente lo necesitan\u201d, ha indicado Poyato.<\/p>\n<p>Adem\u00e1s, ha alertado de que \u201cesta disminuci\u00f3n sustancial de los fondos sociales de este a\u00f1o, se repetir\u00eda en los siguientes, y terminar\u00e1 desapareciendo cualquier participaci\u00f3n del Estado y de las organizaciones de acci\u00f3n social a nivel estatal en el 0,7% del IRPF\u201d.<\/p>\n<p><strong>IMPUESTO DE SOCIEDADES <\/strong><\/p>\n<p>En relaci\u00f3n con el\u00a0<strong>0,7% del Impuesto de Sociedades<\/strong>, la secretar\u00eda de Estado ha informado que la distribuci\u00f3n de los recursos se ver\u00e1 tambi\u00e9n modificada y las entidades de Acci\u00f3n Social estatales ver\u00e1n recortada su financiaci\u00f3n en este caso en casi un 23%, ya que esta cuant\u00eda ir\u00e1 destinada a proyectos de cooperaci\u00f3n y medioambientales.<\/p>\n<p>En este sentido, el presidente de la PTS ha defendido la recuperaci\u00f3n de medios econ\u00f3micos para las organizaciones de cooperaci\u00f3n y medio ambiente \u201cinjustamente\u201d recortada en los \u00faltimos a\u00f1os, pero con cargo a otros mecanismos de financiaci\u00f3n.<\/p>\n<p>Ligado a esto, ha insistido en que la Ley 6\/2018, de 3 de julio, de Presupuestos Generales del Estado, dice claramente que la recaudaci\u00f3n del 0,7% del Impuesto de Sociedades debe destinarse\u00a0<strong>\u201cexclusivamente\u201d a proyectos presentados por entidades estatales del Tercer Sector de Acci\u00f3n Social.<\/strong><\/p>\n<p><strong>Nula aportaci\u00f3n del Ministerio <\/strong><\/p>\n<p>Adem\u00e1s, ha subrayado que las entidades sociales est\u00e1n atendiendo a m\u00e1s de 6 millones de personas al a\u00f1o en una situaci\u00f3n de\u00a0<strong>financiaci\u00f3n p\u00fablica \u201cmuy precaria\u201d,\u00a0<\/strong>por lo que esta \u00faltima medida de recorte impide que el Tercer Sector pueda contribuir como hasta ahora en la atenci\u00f3n social de los grupos m\u00e1s vulnerables. \u201cSi no existe compromiso y medidas adecuadas de apoyo y refuerzo no podremos defender los derechos de las personas que m\u00e1s lo necesitan, ni avanzar en el proceso de reconstrucci\u00f3n social del pa\u00eds\u201d, ha puesto sobre la mesa.<\/p>\n<p><strong>\u201c<\/strong>Esta pol\u00edtica unilateral de recortes sociales sobre fondos ya consolidados en plena pandemia contrasta con la <strong>nula aportaci\u00f3n por el Ministerio de Derechos<\/strong> <strong>Sociales <\/strong>de nuevos recursos financieros para atender las nuevas necesidades exacerbadas por la crisis de masiva de salud p\u00fablica\u201d, ha subrayado.<\/p>\n<p>Por \u00faltimo, ha manifestado el absoluto rechazo del Tercer Sector a estas decisiones tomadas por el Ministerio y ha dicho que\u00a0<strong>las entidades sociales estatales no pueden verse <\/strong>tan perjudicadas hasta el punto de poner en riesgo su misi\u00f3n social en un momento de m\u00e1xima urgencia en el que la prioridad deber\u00eda ser la reconstrucci\u00f3n social para que de verdad nadie quede atr\u00e1s.<\/p>\n<p><strong>Plataforma del Tercer Sector<\/strong><\/p>\n<p>Fundada en enero de 2012 por siete de las organizaciones m\u00e1s representativas del \u00e1mbito de lo social en Espa\u00f1a (PVE, POAS, EAPN, CERMI, Cruz Roja, C\u00e1ritas y ONCE), a la Plataforma se han sumado posteriormente la Coordinadora de ONGD de Espa\u00f1a, la Plataforma de Infancia.<\/p>\n<p>Adem\u00e1s, forman parte de la PTS diez plataformas y mesas territoriales. Actualmente, representa a cerca de 30.000 entidades del \u00e1mbito social.<\/p>\n<p>[\/et_pb_text][et_pb_post_nav prev_text=&#8221;Anterior&#8221; next_text=&#8221;Siguiente&#8221; _builder_version=&#8221;3.22.4&#8243;][\/et_pb_post_nav][\/et_pb_column][\/et_pb_row][\/et_pb_section]<\/p>\n","protected":false},"excerpt":{"rendered":"<p>[et_pb_section fb_built=&#8221;1&#8243; _builder_version=&#8221;4.0.4&#8243; custom_padding=&#8221;0px||2px|||&#8221;][et_pb_row _builder_version=&#8221;3.25&#8243; background_size=&#8221;initial&#8221; background_position=&#8221;top_left&#8221; background_repeat=&#8221;repeat&#8221; custom_margin=&#8221;|||||&#8221; custom_padding=&#8221;|||||&#8221;][et_pb_column type=&#8221;4_4&#8243; _builder_version=&#8221;3.25&#8243; custom_padding=&#8221;|||&#8221; custom_padding__hover=&#8221;|||&#8221;][et_pb_text admin_label=&#8221;Noticia&#8221; _builder_version=&#8221;4.1&#8243; text_font=&#8221;||||||||&#8221; background_size=&#8221;initial&#8221; background_position=&#8221;top_left&#8221; background_repeat=&#8221;repeat&#8221; text_orientation=&#8221;justified&#8221; min_height=&#8221;711px&#8221; custom_margin=&#8221;||||false|false&#8221; custom_padding=&#8221;|||||&#8221; hover_enabled=&#8221;0&#8243;] Durante una reuni\u00f3n con el secretario de Estado de Derechos Sociales, Ignacio \u00c1lvarez, para abordar\u00a0la distribuci\u00f3n\u00a0del 0,7% del IRPF y del Impuesto de Sociedades Madrid, 21 de mayo de 2020:\u00a0La\u00a0Plataforma [&hellip;]<\/p>\n","protected":false},"author":1,"featured_media":3756,"comment_status":"closed","ping_status":"closed","sticky":false,"template":"","format":"standard","meta":{"_et_pb_use_builder":"on","_et_pb_old_content":"<h5 style=\"text-align: justify;\">La Confederaci\u00f3n CLM Inclusiva y la asociaci\u00f3n empresarial de Centros Especiales de Empleo de COCEMFE en Castilla-La Mancha, AECEMCO CLM, han firmado un acuerdo para promover las oportunidades de formaci\u00f3n y empleo de las personas del colectivo.<\/h5>\r\n<p style=\"text-align: justify;\"><img class=\"alignnone size-full wp-image-471\" src=\"http:\/\/clm-inclusiva.org\/wp-content\/uploads\/2019\/04\/3500_fotonoticia_20190402151941_1920.jpg\" alt=\"\" width=\"670\" height=\"300\"><\/p>\r\n<p style=\"text-align: justify;\">El presidente de la confederaci\u00f3n CLM Inclusiva, Enrique Alarc\u00f3n Garc\u00eda, y el presidente de AECEMCO CLM, \u00d3scar Sillas, han rubricado este acuerdo de colaboraci\u00f3n para coordinar su labor y actuaciones de apoyo a la promoci\u00f3n de los derechos de las personas con discapacidad f\u00edsica y org\u00e1nica en Castilla-La Mancha, ha informado esta confederaci\u00f3n en nota de prensa.<\/p>\r\nEl sector empresarial promovido por las organizaciones de COCEMFE sin \u00e1nimo de lucro, integrado en AECEMCO, da empleo actualmente a m\u00e1s de 800 personas con discapacidad de todo tipo, con actividades productivas y de prestaci\u00f3n de servicios muy variados como obras, lavander\u00eda, limpieza, medioambiente, manipulados, formaci\u00f3n, etc.\r\n\r\nAmbas organizaciones que comparten valores sociales y visi\u00f3n sobre los derechos de las personas con discapacidad coordinar\u00e1n todas sus actividades para incrementar las oportunidades de formaci\u00f3n, aprendizaje en el puesto de trabajo y calidad de los mismos, tanto en empleo protegido como ordinario.\r\n\r\nDentro de las actuaciones objeto del acuerdo se pondr\u00e1 especial atenci\u00f3n a dar a conocer la normativa de reserva de empleo para personas con discapacidad, as\u00ed como el adecuado cumplimiento de las medidas alternativas, para lo que se informar\u00e1 conjuntamente a administraciones, federaciones empresariales y grandes empresas sobre las oportunidades de empleabilidad de las personas con discapacidad f\u00edsica y org\u00e1nica.\r\n\r\nCLM Inclusiva dispone actualmente de Servicio de Empleo en todas las provincias de Castilla-La Mancha, gracias al apoyo de Fundaci\u00f3n ONCE y la financiaci\u00f3n de proyectos con cargo al IRPF, que realiza labor de intermediaci\u00f3n entre personas con discapacidad demandantes de empleo y empresas, asegurando la adecuaci\u00f3n de trabajadores al puesto de trabajo e informando sobre incentivos a la contrataci\u00f3n y ajustes t\u00e9cnicos necesarios en el puesto.\r\n\r\nLa Confederaci\u00f3n regional de entidades de personas con discapacidad f\u00edsica y org\u00e1nica, Castilla-La Mancha Inclusiva, agrupa al movimiento asociativo de COCEMFE en la Regi\u00f3n, con casi un centenar de entidades que representan en torno a 10.000 personas con discapacidad.\r\n\r\nActualmente se encuentra compuesta por cinco federaciones provinciales, COCEMFE Albacete, COCEMFE Cuenca, COCEMFE Guadalajara, COCEMFE Toledo y Ciudad Real Inclusiva, las entidades regionales AFANION, Federaci\u00f3n LUNA CLM de mujeres con discapacidad, AIDISCAM, y la asociaci\u00f3n nacional AMIAB.","_et_gb_content_width":"","footnotes":""},"categories":[39,5,44,8,41],"tags":[],"yoast_head":"<!-- This site is optimized with the Yoast SEO plugin v21.3 - https:\/\/yoast.com\/wordpress\/plugins\/seo\/ -->\n<title>El Tercer Sector denuncia la decisi\u00f3n del Ministerio de Derechos Sociales de recortar la financiaci\u00f3n a las ONG estatales de Acci\u00f3n Social en plena pandemia - Clm-Inclusiva<\/title>\n<meta name=\"robots\" content=\"index, follow, max-snippet:-1, max-image-preview:large, max-video-preview:-1\" \/>\n<link rel=\"canonical\" href=\"https:\/\/clm-inclusiva.org\/?p=3754\" \/>\n<meta property=\"og:locale\" content=\"es_ES\" \/>\n<meta property=\"og:type\" content=\"article\" \/>\n<meta property=\"og:title\" content=\"El Tercer Sector denuncia la decisi\u00f3n del Ministerio de Derechos Sociales de recortar la financiaci\u00f3n a las ONG estatales de Acci\u00f3n Social en plena pandemia - Clm-Inclusiva\" \/>\n<meta property=\"og:description\" content=\"[et_pb_section fb_built=&#8221;1&#8243; _builder_version=&#8221;4.0.4&#8243; custom_padding=&#8221;0px||2px|||&#8221;][et_pb_row _builder_version=&#8221;3.25&#8243; background_size=&#8221;initial&#8221; background_position=&#8221;top_left&#8221; background_repeat=&#8221;repeat&#8221; custom_margin=&#8221;|||||&#8221; custom_padding=&#8221;|||||&#8221;][et_pb_column type=&#8221;4_4&#8243; _builder_version=&#8221;3.25&#8243; custom_padding=&#8221;|||&#8221; custom_padding__hover=&#8221;|||&#8221;][et_pb_text admin_label=&#8221;Noticia&#8221; _builder_version=&#8221;4.1&#8243; text_font=&#8221;||||||||&#8221; background_size=&#8221;initial&#8221; background_position=&#8221;top_left&#8221; background_repeat=&#8221;repeat&#8221; text_orientation=&#8221;justified&#8221; min_height=&#8221;711px&#8221; custom_margin=&#8221;||||false|false&#8221; custom_padding=&#8221;|||||&#8221; hover_enabled=&#8221;0&#8243;] Durante una reuni\u00f3n con el secretario de Estado de Derechos Sociales, Ignacio \u00c1lvarez, para abordar\u00a0la distribuci\u00f3n\u00a0del 0,7% del IRPF y del Impuesto de Sociedades Madrid, 21 de mayo de 2020:\u00a0La\u00a0Plataforma [&hellip;]\" \/>\n<meta property=\"og:url\" content=\"https:\/\/clm-inclusiva.org\/?p=3754\" \/>\n<meta property=\"og:site_name\" content=\"Clm-Inclusiva\" \/>\n<meta property=\"article:publisher\" content=\"https:\/\/www.facebook.com\/castillalamancha.inclusiva\/\" \/>\n<meta property=\"article:published_time\" content=\"2020-05-21T16:51:45+00:00\" \/>\n<meta property=\"article:modified_time\" content=\"2020-05-21T16:51:54+00:00\" \/>\n<meta property=\"og:image\" content=\"https:\/\/clm-inclusiva.org\/wp-content\/uploads\/2020\/05\/hourglass-1703349_1920.jpg\" \/>\n\t<meta property=\"og:image:width\" content=\"480\" \/>\n\t<meta property=\"og:image:height\" content=\"320\" \/>\n\t<meta property=\"og:image:type\" content=\"image\/jpeg\" \/>\n<meta name=\"author\" content=\"clm-inclusiva\" \/>\n<meta name=\"twitter:card\" content=\"summary_large_image\" \/>\n<meta name=\"twitter:creator\" content=\"@ClmInclusiva\" \/>\n<meta name=\"twitter:site\" content=\"@ClmInclusiva\" \/>\n<meta name=\"twitter:label1\" content=\"Escrito por\" \/>\n\t<meta name=\"twitter:data1\" content=\"clm-inclusiva\" \/>\n\t<meta name=\"twitter:label2\" content=\"Tiempo de lectura\" \/>\n\t<meta name=\"twitter:data2\" content=\"6 minutos\" \/>\n<script type=\"application\/ld+json\" class=\"yoast-schema-graph\">{\"@context\":\"https:\/\/schema.org\",\"@graph\":[{\"@type\":\"Article\",\"@id\":\"https:\/\/clm-inclusiva.org\/?p=3754#article\",\"isPartOf\":{\"@id\":\"https:\/\/clm-inclusiva.org\/?p=3754\"},\"author\":{\"name\":\"clm-inclusiva\",\"@id\":\"https:\/\/clm-inclusiva.org\/#\/schema\/person\/0cff84aaa5bb8fd3521c55d1578d902b\"},\"headline\":\"El Tercer Sector denuncia la decisi\u00f3n del Ministerio de Derechos Sociales de recortar la financiaci\u00f3n a las ONG estatales de Acci\u00f3n Social en plena pandemia\",\"datePublished\":\"2020-05-21T16:51:45+00:00\",\"dateModified\":\"2020-05-21T16:51:54+00:00\",\"mainEntityOfPage\":{\"@id\":\"https:\/\/clm-inclusiva.org\/?p=3754\"},\"wordCount\":1136,\"publisher\":{\"@id\":\"https:\/\/clm-inclusiva.org\/#organization\"},\"articleSection\":[\"Bienestar social\",\"Discapacidad\",\"Politica social\",\"Sociedad\",\"Tercer sector\"],\"inLanguage\":\"es\"},{\"@type\":\"WebPage\",\"@id\":\"https:\/\/clm-inclusiva.org\/?p=3754\",\"url\":\"https:\/\/clm-inclusiva.org\/?p=3754\",\"name\":\"El Tercer Sector denuncia la decisi\u00f3n del Ministerio de Derechos Sociales de recortar la financiaci\u00f3n a las ONG estatales de Acci\u00f3n Social en plena pandemia - Clm-Inclusiva\",\"isPartOf\":{\"@id\":\"https:\/\/clm-inclusiva.org\/#website\"},\"datePublished\":\"2020-05-21T16:51:45+00:00\",\"dateModified\":\"2020-05-21T16:51:54+00:00\",\"breadcrumb\":{\"@id\":\"https:\/\/clm-inclusiva.org\/?p=3754#breadcrumb\"},\"inLanguage\":\"es\",\"potentialAction\":[{\"@type\":\"ReadAction\",\"target\":[\"https:\/\/clm-inclusiva.org\/?p=3754\"]}]},{\"@type\":\"BreadcrumbList\",\"@id\":\"https:\/\/clm-inclusiva.org\/?p=3754#breadcrumb\",\"itemListElement\":[{\"@type\":\"ListItem\",\"position\":1,\"name\":\"Portada\",\"item\":\"https:\/\/clm-inclusiva.org\/\"},{\"@type\":\"ListItem\",\"position\":2,\"name\":\"El Tercer Sector denuncia la decisi\u00f3n del Ministerio de Derechos Sociales de recortar la financiaci\u00f3n a las ONG estatales de Acci\u00f3n Social en plena pandemia\"}]},{\"@type\":\"WebSite\",\"@id\":\"https:\/\/clm-inclusiva.org\/#website\",\"url\":\"https:\/\/clm-inclusiva.org\/\",\"name\":\"Clm-Inclusiva\",\"description\":\"Confederaci\u00f3n de entidades de personas con discapacidad f\u00edsica y org\u00e1nica CLM\",\"publisher\":{\"@id\":\"https:\/\/clm-inclusiva.org\/#organization\"},\"potentialAction\":[{\"@type\":\"SearchAction\",\"target\":{\"@type\":\"EntryPoint\",\"urlTemplate\":\"https:\/\/clm-inclusiva.org\/?s={search_term_string}\"},\"query-input\":\"required name=search_term_string\"}],\"inLanguage\":\"es\"},{\"@type\":\"Organization\",\"@id\":\"https:\/\/clm-inclusiva.org\/#organization\",\"name\":\"Clm-Inclusiva\",\"url\":\"https:\/\/clm-inclusiva.org\/\",\"logo\":{\"@type\":\"ImageObject\",\"inLanguage\":\"es\",\"@id\":\"https:\/\/clm-inclusiva.org\/#\/schema\/logo\/image\/\",\"url\":\"http:\/\/clm-inclusiva.org\/wp-content\/uploads\/2019\/04\/banner-e1533720812836.jpg\",\"contentUrl\":\"http:\/\/clm-inclusiva.org\/wp-content\/uploads\/2019\/04\/banner-e1533720812836.jpg\",\"width\":600,\"height\":332,\"caption\":\"Clm-Inclusiva\"},\"image\":{\"@id\":\"https:\/\/clm-inclusiva.org\/#\/schema\/logo\/image\/\"},\"sameAs\":[\"https:\/\/www.facebook.com\/castillalamancha.inclusiva\/\",\"https:\/\/twitter.com\/ClmInclusiva\"]},{\"@type\":\"Person\",\"@id\":\"https:\/\/clm-inclusiva.org\/#\/schema\/person\/0cff84aaa5bb8fd3521c55d1578d902b\",\"name\":\"clm-inclusiva\",\"image\":{\"@type\":\"ImageObject\",\"inLanguage\":\"es\",\"@id\":\"https:\/\/clm-inclusiva.org\/#\/schema\/person\/image\/\",\"url\":\"https:\/\/secure.gravatar.com\/avatar\/88948567af770dc9cd5597b329011884?s=96&d=blank&r=g\",\"contentUrl\":\"https:\/\/secure.gravatar.com\/avatar\/88948567af770dc9cd5597b329011884?s=96&d=blank&r=g\",\"caption\":\"clm-inclusiva\"},\"sameAs\":[\"http:\/\/clm-inclusiva.org\"],\"url\":\"https:\/\/clm-inclusiva.org\/?author=1\"}]}<\/script>\n<!-- \/ Yoast SEO plugin. -->","yoast_head_json":{"title":"El Tercer Sector denuncia la decisi\u00f3n del Ministerio de Derechos Sociales de recortar la financiaci\u00f3n a las ONG estatales de Acci\u00f3n Social en plena pandemia - Clm-Inclusiva","robots":{"index":"index","follow":"follow","max-snippet":"max-snippet:-1","max-image-preview":"max-image-preview:large","max-video-preview":"max-video-preview:-1"},"canonical":"https:\/\/clm-inclusiva.org\/?p=3754","og_locale":"es_ES","og_type":"article","og_title":"El Tercer Sector denuncia la decisi\u00f3n del Ministerio de Derechos Sociales de recortar la financiaci\u00f3n a las ONG estatales de Acci\u00f3n Social en plena pandemia - Clm-Inclusiva","og_description":"[et_pb_section fb_built=&#8221;1&#8243; _builder_version=&#8221;4.0.4&#8243; custom_padding=&#8221;0px||2px|||&#8221;][et_pb_row _builder_version=&#8221;3.25&#8243; background_size=&#8221;initial&#8221; background_position=&#8221;top_left&#8221; background_repeat=&#8221;repeat&#8221; custom_margin=&#8221;|||||&#8221; custom_padding=&#8221;|||||&#8221;][et_pb_column type=&#8221;4_4&#8243; _builder_version=&#8221;3.25&#8243; custom_padding=&#8221;|||&#8221; custom_padding__hover=&#8221;|||&#8221;][et_pb_text admin_label=&#8221;Noticia&#8221; _builder_version=&#8221;4.1&#8243; text_font=&#8221;||||||||&#8221; background_size=&#8221;initial&#8221; background_position=&#8221;top_left&#8221; background_repeat=&#8221;repeat&#8221; text_orientation=&#8221;justified&#8221; min_height=&#8221;711px&#8221; custom_margin=&#8221;||||false|false&#8221; custom_padding=&#8221;|||||&#8221; hover_enabled=&#8221;0&#8243;] Durante una reuni\u00f3n con el secretario de Estado de Derechos Sociales, Ignacio \u00c1lvarez, para abordar\u00a0la distribuci\u00f3n\u00a0del 0,7% del IRPF y del Impuesto de Sociedades Madrid, 21 de mayo de 2020:\u00a0La\u00a0Plataforma [&hellip;]","og_url":"https:\/\/clm-inclusiva.org\/?p=3754","og_site_name":"Clm-Inclusiva","article_publisher":"https:\/\/www.facebook.com\/castillalamancha.inclusiva\/","article_published_time":"2020-05-21T16:51:45+00:00","article_modified_time":"2020-05-21T16:51:54+00:00","og_image":[{"width":480,"height":320,"url":"https:\/\/clm-inclusiva.org\/wp-content\/uploads\/2020\/05\/hourglass-1703349_1920.jpg","type":"image\/jpeg"}],"author":"clm-inclusiva","twitter_card":"summary_large_image","twitter_creator":"@ClmInclusiva","twitter_site":"@ClmInclusiva","twitter_misc":{"Escrito por":"clm-inclusiva","Tiempo de lectura":"6 minutos"},"schema":{"@context":"https:\/\/schema.org","@graph":[{"@type":"Article","@id":"https:\/\/clm-inclusiva.org\/?p=3754#article","isPartOf":{"@id":"https:\/\/clm-inclusiva.org\/?p=3754"},"author":{"name":"clm-inclusiva","@id":"https:\/\/clm-inclusiva.org\/#\/schema\/person\/0cff84aaa5bb8fd3521c55d1578d902b"},"headline":"El Tercer Sector denuncia la decisi\u00f3n del Ministerio de Derechos Sociales de recortar la financiaci\u00f3n a las ONG estatales de Acci\u00f3n Social en plena pandemia","datePublished":"2020-05-21T16:51:45+00:00","dateModified":"2020-05-21T16:51:54+00:00","mainEntityOfPage":{"@id":"https:\/\/clm-inclusiva.org\/?p=3754"},"wordCount":1136,"publisher":{"@id":"https:\/\/clm-inclusiva.org\/#organization"},"articleSection":["Bienestar social","Discapacidad","Politica social","Sociedad","Tercer sector"],"inLanguage":"es"},{"@type":"WebPage","@id":"https:\/\/clm-inclusiva.org\/?p=3754","url":"https:\/\/clm-inclusiva.org\/?p=3754","name":"El Tercer Sector denuncia la decisi\u00f3n del Ministerio de Derechos Sociales de recortar la financiaci\u00f3n a las ONG estatales de Acci\u00f3n Social en plena pandemia - Clm-Inclusiva","isPartOf":{"@id":"https:\/\/clm-inclusiva.org\/#website"},"datePublished":"2020-05-21T16:51:45+00:00","dateModified":"2020-05-21T16:51:54+00:00","breadcrumb":{"@id":"https:\/\/clm-inclusiva.org\/?p=3754#breadcrumb"},"inLanguage":"es","potentialAction":[{"@type":"ReadAction","target":["https:\/\/clm-inclusiva.org\/?p=3754"]}]},{"@type":"BreadcrumbList","@id":"https:\/\/clm-inclusiva.org\/?p=3754#breadcrumb","itemListElement":[{"@type":"ListItem","position":1,"name":"Portada","item":"https:\/\/clm-inclusiva.org\/"},{"@type":"ListItem","position":2,"name":"El Tercer Sector denuncia la decisi\u00f3n del Ministerio de Derechos Sociales de recortar la financiaci\u00f3n a las ONG estatales de Acci\u00f3n Social en plena pandemia"}]},{"@type":"WebSite","@id":"https:\/\/clm-inclusiva.org\/#website","url":"https:\/\/clm-inclusiva.org\/","name":"Clm-Inclusiva","description":"Confederaci\u00f3n de entidades de personas con discapacidad f\u00edsica y org\u00e1nica CLM","publisher":{"@id":"https:\/\/clm-inclusiva.org\/#organization"},"potentialAction":[{"@type":"SearchAction","target":{"@type":"EntryPoint","urlTemplate":"https:\/\/clm-inclusiva.org\/?s={search_term_string}"},"query-input":"required name=search_term_string"}],"inLanguage":"es"},{"@type":"Organization","@id":"https:\/\/clm-inclusiva.org\/#organization","name":"Clm-Inclusiva","url":"https:\/\/clm-inclusiva.org\/","logo":{"@type":"ImageObject","inLanguage":"es","@id":"https:\/\/clm-inclusiva.org\/#\/schema\/logo\/image\/","url":"http:\/\/clm-inclusiva.org\/wp-content\/uploads\/2019\/04\/banner-e1533720812836.jpg","contentUrl":"http:\/\/clm-inclusiva.org\/wp-content\/uploads\/2019\/04\/banner-e1533720812836.jpg","width":600,"height":332,"caption":"Clm-Inclusiva"},"image":{"@id":"https:\/\/clm-inclusiva.org\/#\/schema\/logo\/image\/"},"sameAs":["https:\/\/www.facebook.com\/castillalamancha.inclusiva\/","https:\/\/twitter.com\/ClmInclusiva"]},{"@type":"Person","@id":"https:\/\/clm-inclusiva.org\/#\/schema\/person\/0cff84aaa5bb8fd3521c55d1578d902b","name":"clm-inclusiva","image":{"@type":"ImageObject","inLanguage":"es","@id":"https:\/\/clm-inclusiva.org\/#\/schema\/person\/image\/","url":"https:\/\/secure.gravatar.com\/avatar\/88948567af770dc9cd5597b329011884?s=96&d=blank&r=g","contentUrl":"https:\/\/secure.gravatar.com\/avatar\/88948567af770dc9cd5597b329011884?s=96&d=blank&r=g","caption":"clm-inclusiva"},"sameAs":["http:\/\/clm-inclusiva.org"],"url":"https:\/\/clm-inclusiva.org\/?author=1"}]}},"_links":{"self":[{"href":"https:\/\/clm-inclusiva.org\/index.php?rest_route=\/wp\/v2\/posts\/3754"}],"collection":[{"href":"https:\/\/clm-inclusiva.org\/index.php?rest_route=\/wp\/v2\/posts"}],"about":[{"href":"https:\/\/clm-inclusiva.org\/index.php?rest_route=\/wp\/v2\/types\/post"}],"author":[{"embeddable":true,"href":"https:\/\/clm-inclusiva.org\/index.php?rest_route=\/wp\/v2\/users\/1"}],"replies":[{"embeddable":true,"href":"https:\/\/clm-inclusiva.org\/index.php?rest_route=%2Fwp%2Fv2%2Fcomments&post=3754"}],"version-history":[{"count":3,"href":"https:\/\/clm-inclusiva.org\/index.php?rest_route=\/wp\/v2\/posts\/3754\/revisions"}],"predecessor-version":[{"id":3759,"href":"https:\/\/clm-inclusiva.org\/index.php?rest_route=\/wp\/v2\/posts\/3754\/revisions\/3759"}],"wp:featuredmedia":[{"embeddable":true,"href":"https:\/\/clm-inclusiva.org\/index.php?rest_route=\/wp\/v2\/media\/3756"}],"wp:attachment":[{"href":"https:\/\/clm-inclusiva.org\/index.php?rest_route=%2Fwp%2Fv2%2Fmedia&parent=3754"}],"wp:term":[{"taxonomy":"category","embeddable":true,"href":"https:\/\/clm-inclusiva.org\/index.php?rest_route=%2Fwp%2Fv2%2Fcategories&post=3754"},{"taxonomy":"post_tag","embeddable":true,"href":"https:\/\/clm-inclusiva.org\/index.php?rest_route=%2Fwp%2Fv2%2Ftags&post=3754"}],"curies":[{"name":"wp","href":"https:\/\/api.w.org\/{rel}","templated":true}]}}