{"id":3740,"date":"2020-04-30T13:51:10","date_gmt":"2020-04-30T11:51:10","guid":{"rendered":"http:\/\/clm-inclusiva.org\/?p=3740"},"modified":"2020-04-30T13:51:16","modified_gmt":"2020-04-30T11:51:16","slug":"clm-inclusiva-cocemfe-defiende-la-inclusionimparable-en-tiempos-de-pandemia","status":"publish","type":"post","link":"https:\/\/clm-inclusiva.org\/?p=3740","title":{"rendered":"CLM Inclusiva COCEMFE defiende la #Inclusi\u00f3nImparable en tiempos de pandemia"},"content":{"rendered":"<p>[et_pb_section fb_built=&#8221;1&#8243; _builder_version=&#8221;4.0.4&#8243; custom_padding=&#8221;0px||2px|||&#8221;][et_pb_row _builder_version=&#8221;3.25&#8243; background_size=&#8221;initial&#8221; background_position=&#8221;top_left&#8221; background_repeat=&#8221;repeat&#8221; custom_margin=&#8221;|||||&#8221; custom_padding=&#8221;|||||&#8221;][et_pb_column type=&#8221;4_4&#8243; _builder_version=&#8221;3.25&#8243; custom_padding=&#8221;|||&#8221; custom_padding__hover=&#8221;|||&#8221;][et_pb_text admin_label=&#8221;Noticia&#8221; _builder_version=&#8221;4.1&#8243; text_font=&#8221;||||||||&#8221; background_size=&#8221;initial&#8221; background_position=&#8221;top_left&#8221; background_repeat=&#8221;repeat&#8221; text_orientation=&#8221;justified&#8221; min_height=&#8221;711px&#8221; custom_margin=&#8221;||||false|false&#8221; custom_padding=&#8221;|||||&#8221; hover_enabled=&#8221;0&#8243;]<\/p>\n<ul>\n<li><strong>Las organizaciones de personas con discapacidad f\u00edsica y org\u00e1nica defienden el cumplimiento de la Convenci\u00f3n sobre los derechos de las personas con discapacidad de Naciones Unidas.<\/strong><\/li>\n<li><strong>Bajo el lema \u201cLa defensa de derechos no para\u201d, Castilla-La Mancha Inclusiva COCEMFE y el Movimiento Asociativo de COCEMFE conmemoran el D\u00eda Nacional de este tratado internacional que se celebra el 3 de mayo.<\/strong><\/li>\n<li><strong>\u00a0<\/strong><strong>Castilla-La Mancha Inclusiva COCEMFE reivindica que se garantice el derecho a la salud y la protecci\u00f3n de las personas con discapacidad f\u00edsica y org\u00e1nica y personas con enfermedades cr\u00f3nicas.<\/strong><\/li>\n<\/ul>\n<p>(Toledo, 30 de abril de 2020)<\/p>\n<p>Bajo el lema \u201cLa defensa de derechos no para\u201d, La Confederaci\u00f3n de Entidades de Personas con Discapacidad F\u00edsica y Org\u00e1nica, <strong>CLM Inclusiva COCEMFE<\/strong> conmemora el 2\u00ba D\u00eda Nacional de la Convenci\u00f3n sobre los Derechos de las Personas con Discapacidad de Naciones Unidas, que se celebra el 3 de mayo, a trav\u00e9s de la campa\u00f1a #Inclusi\u00f3nImparable.<\/p>\n<p>La campa\u00f1a tiene como objetivo reivindicar el cumplimiento de la Convenci\u00f3n sobre los Derechos de las Personas con Discapacidad de Naciones Unidas, tambi\u00e9n en situaciones de pandemia como la actual, haciendo \u00e9nfasis en la defensa del derecho a la salud. De igual modo, a trav\u00e9s de esta iniciativa se pretende visibilizar la labor desarrollada por COCEMFE y su Movimiento Asociativo a pesar de la crisis del COVID-19.<\/p>\n<p><strong>Enrique Alarc\u00f3n, Presidente de CLM Inclusiva COCEMFE,<\/strong> declara que \u201cDesde CLM Inclusiva COCEMFE y nuestro Movimiento Asociativo no hemos dejado de trabajar y de transformar nuestra actividad durante la crisis sanitaria ocasionada por la pandemia de COVID-19 para prestar atenci\u00f3n a las personas y a las organizaciones, dando prioridad a las necesidades m\u00e1s urgentes y velando por la dignidad y derechos de las personas con discapacidad\u201d<\/p>\n<p><strong>El presidente de COCEMFE, Anxo Queiruga<\/strong>, \u201cHemos denunciado las pr\u00e1cticas o recomendaciones discriminatorias, hemos trasladado al Gobierno las necesidades de las personas con discapacidad f\u00edsica y org\u00e1nica, en situaci\u00f3n de dependencia o con enfermedades cr\u00f3nicas y hemos facilitado a la poblaci\u00f3n el acceso a tratamientos farmacol\u00f3gicos y a equipos de protecci\u00f3n individual y material sanitario\u201d<\/p>\n<p>La actual crisis masiva de salud p\u00fablica est\u00e1 provocando una crisis social y econ\u00f3mica de efectos devastadores que est\u00e1 castigando severamente a las personas con discapacidad y a sus familias, comprometiendo su salud y ocasionando fallecimientos entre las personas de este grupo social. Por ello, COCEMFE y su Movimiento Asociativo hacen hincapi\u00e9 en la necesidad del cumplimiento de la Convenci\u00f3n para garantizar en situaciones de emergencia como la actual el derecho a la salud y la seguridad y la protecci\u00f3n de las personas con discapacidad f\u00edsica y org\u00e1nica y personas con enfermedades cr\u00f3nicas.<\/p>\n<p>Bajo el hashtag #Inclusi\u00f3nImparable, <strong>CLM Inclusiva COCEMFE<\/strong> y el Movimiento Asociativo de COCEMFE animan a la ciudadan\u00eda a participar en esta campa\u00f1a en redes sociales y sumarse a la reivindicaci\u00f3n del m\u00e1ximo respeto a esta norma jur\u00eddica de cumplimiento imperativo en Espa\u00f1a, como tratado internacional de derechos humanos.<\/p>\n<p>Concretamente, las organizaciones que engloba COCEMFE reclaman que se garantice el acceso a todas las personas con discapacidad f\u00edsica y org\u00e1nica, en situaci\u00f3n de dependencia o con enfermedades cr\u00f3nicas a todos los medicamentos o productos sanitarios que necesitan, as\u00ed como a los Equipos de Protecci\u00f3n Individual (EPIs) y test r\u00e1pidos de COVID-19 en los centros sociosanitarios de atenci\u00f3n a personas con discapacidad f\u00edsica y org\u00e1nica o en situaci\u00f3n de dependencia, entre otras cuestiones.<\/p>\n<p>\u201cEs necesario proporcionar protecci\u00f3n de las mujeres y ni\u00f1as con discapacidad, promoviendo el ejercicio de su derecho a la salud, evitando las restricciones de acceso a atenci\u00f3n y protocolos sanitarios, especialmente para las situaciones de mayor riesgo de exclusi\u00f3n, como las mujeres con discapacidad org\u00e1nica no reconocida, con enfermedades cr\u00f3nicas o las que son v\u00edctimas de violencia y abuso\u201d, afirma el presidente de COCEMFE.<\/p>\n<p>De igual modo, <strong>CLM Inclusiva<\/strong> \u00a0y COCEMFE reclama al Gobierno la participaci\u00f3n de las personas con discapacidad y de sus familias, a trav\u00e9s de sus organizaciones representativas, en los planes de reconstrucci\u00f3n social y econ\u00f3mica que se desarrollen a nivel europeo, estatal y auton\u00f3mico, as\u00ed como el cumplimiento de la Agenda 2030 y los Objetivos de Desarrollo Sostenible orientados a mantener el car\u00e1cter universal, p\u00fablico y gratuito de los sistemas de salud, a no dejar a nadie atr\u00e1s en la atenci\u00f3n sanitaria; a defender la Igualdad de G\u00e9nero; a reconocer y valorar los cuidados y el trabajo dom\u00e9stico no remunerados mediante servicios p\u00fablicos, infraestructuras y pol\u00edticas de protecci\u00f3n social; y a reducir las desigualdades.<\/p>\n<p>La realizaci\u00f3n de esta campa\u00f1a organizada por COCEMFE es posible gracias a una subvenci\u00f3n procedente del 0,7% del IRPF del Ministerio de Sanidad, Consumo y Bienestar Social.<\/p>\n<p>La <strong>Confederaci\u00f3n de entidades de personas con discapacidad f\u00edsica y org\u00e1nica Castilla-La Mancha INCLUSIVA COCEMFE<\/strong> se constituy\u00f3 en el a\u00f1o 2017. Agrupa a casi un centenar de entidades que representan casi a 10.000 personas con discapacidad. Se encuentra compuesta por las federaciones provinciales, COCEMFE Albacete, COCEMFE Guadalajara, COCEMFE Toledo, COCEMFE Cuenca y Ciudad Real INCLUSIVA, as\u00ed como las entidades de car\u00e1cter regional AFANION, LUNA, AIDISCAM CLM y la asociaci\u00f3n nacional AMIAB. El objetivo fundamental de la confederaci\u00f3n es articular y vertebrar en nuestra regi\u00f3n el asociacionismo de la discapacidad f\u00edsica y org\u00e1nica, desde la unidad y respeto al pluralismo, para desarrollar una acci\u00f3n representativa efectiva en defensas de los derechos e intereses de las personas con discapacidad y sus familias.<\/p>\n<p>[\/et_pb_text][et_pb_post_nav prev_text=&#8221;Anterior&#8221; next_text=&#8221;Siguiente&#8221; _builder_version=&#8221;3.22.4&#8243;][\/et_pb_post_nav][\/et_pb_column][\/et_pb_row][\/et_pb_section]<\/p>\n","protected":false},"excerpt":{"rendered":"<p>[et_pb_section fb_built=&#8221;1&#8243; _builder_version=&#8221;4.0.4&#8243; custom_padding=&#8221;0px||2px|||&#8221;][et_pb_row _builder_version=&#8221;3.25&#8243; background_size=&#8221;initial&#8221; background_position=&#8221;top_left&#8221; background_repeat=&#8221;repeat&#8221; custom_margin=&#8221;|||||&#8221; custom_padding=&#8221;|||||&#8221;][et_pb_column type=&#8221;4_4&#8243; _builder_version=&#8221;3.25&#8243; custom_padding=&#8221;|||&#8221; custom_padding__hover=&#8221;|||&#8221;][et_pb_text admin_label=&#8221;Noticia&#8221; _builder_version=&#8221;4.1&#8243; text_font=&#8221;||||||||&#8221; background_size=&#8221;initial&#8221; background_position=&#8221;top_left&#8221; background_repeat=&#8221;repeat&#8221; text_orientation=&#8221;justified&#8221; min_height=&#8221;711px&#8221; custom_margin=&#8221;||||false|false&#8221; custom_padding=&#8221;|||||&#8221; hover_enabled=&#8221;0&#8243;] Las organizaciones de personas con discapacidad f\u00edsica y org\u00e1nica defienden el cumplimiento de la Convenci\u00f3n sobre los derechos de las personas con discapacidad de Naciones Unidas. Bajo el lema \u201cLa [&hellip;]<\/p>\n","protected":false},"author":1,"featured_media":3742,"comment_status":"closed","ping_status":"closed","sticky":false,"template":"","format":"standard","meta":{"_et_pb_use_builder":"on","_et_pb_old_content":"<h5 style=\"text-align: justify;\">La Confederaci\u00f3n CLM Inclusiva y la asociaci\u00f3n empresarial de Centros Especiales de Empleo de COCEMFE en Castilla-La Mancha, AECEMCO CLM, han firmado un acuerdo para promover las oportunidades de formaci\u00f3n y empleo de las personas del colectivo.<\/h5>\r\n<p style=\"text-align: justify;\"><img class=\"alignnone size-full wp-image-471\" src=\"http:\/\/clm-inclusiva.org\/wp-content\/uploads\/2019\/04\/3500_fotonoticia_20190402151941_1920.jpg\" alt=\"\" width=\"670\" height=\"300\"><\/p>\r\n<p style=\"text-align: justify;\">El presidente de la confederaci\u00f3n CLM Inclusiva, Enrique Alarc\u00f3n Garc\u00eda, y el presidente de AECEMCO CLM, \u00d3scar Sillas, han rubricado este acuerdo de colaboraci\u00f3n para coordinar su labor y actuaciones de apoyo a la promoci\u00f3n de los derechos de las personas con discapacidad f\u00edsica y org\u00e1nica en Castilla-La Mancha, ha informado esta confederaci\u00f3n en nota de prensa.<\/p>\r\nEl sector empresarial promovido por las organizaciones de COCEMFE sin \u00e1nimo de lucro, integrado en AECEMCO, da empleo actualmente a m\u00e1s de 800 personas con discapacidad de todo tipo, con actividades productivas y de prestaci\u00f3n de servicios muy variados como obras, lavander\u00eda, limpieza, medioambiente, manipulados, formaci\u00f3n, etc.\r\n\r\nAmbas organizaciones que comparten valores sociales y visi\u00f3n sobre los derechos de las personas con discapacidad coordinar\u00e1n todas sus actividades para incrementar las oportunidades de formaci\u00f3n, aprendizaje en el puesto de trabajo y calidad de los mismos, tanto en empleo protegido como ordinario.\r\n\r\nDentro de las actuaciones objeto del acuerdo se pondr\u00e1 especial atenci\u00f3n a dar a conocer la normativa de reserva de empleo para personas con discapacidad, as\u00ed como el adecuado cumplimiento de las medidas alternativas, para lo que se informar\u00e1 conjuntamente a administraciones, federaciones empresariales y grandes empresas sobre las oportunidades de empleabilidad de las personas con discapacidad f\u00edsica y org\u00e1nica.\r\n\r\nCLM Inclusiva dispone actualmente de Servicio de Empleo en todas las provincias de Castilla-La Mancha, gracias al apoyo de Fundaci\u00f3n ONCE y la financiaci\u00f3n de proyectos con cargo al IRPF, que realiza labor de intermediaci\u00f3n entre personas con discapacidad demandantes de empleo y empresas, asegurando la adecuaci\u00f3n de trabajadores al puesto de trabajo e informando sobre incentivos a la contrataci\u00f3n y ajustes t\u00e9cnicos necesarios en el puesto.\r\n\r\nLa Confederaci\u00f3n regional de entidades de personas con discapacidad f\u00edsica y org\u00e1nica, Castilla-La Mancha Inclusiva, agrupa al movimiento asociativo de COCEMFE en la Regi\u00f3n, con casi un centenar de entidades que representan en torno a 10.000 personas con discapacidad.\r\n\r\nActualmente se encuentra compuesta por cinco federaciones provinciales, COCEMFE Albacete, COCEMFE Cuenca, COCEMFE Guadalajara, COCEMFE Toledo y Ciudad Real Inclusiva, las entidades regionales AFANION, Federaci\u00f3n LUNA CLM de mujeres con discapacidad, AIDISCAM, y la asociaci\u00f3n nacional AMIAB.","_et_gb_content_width":"","footnotes":""},"categories":[4,47,5,44,41],"tags":[],"yoast_head":"<!-- This site is optimized with the Yoast SEO plugin v21.3 - https:\/\/yoast.com\/wordpress\/plugins\/seo\/ -->\n<title>CLM Inclusiva COCEMFE defiende la #Inclusi\u00f3nImparable en tiempos de pandemia - Clm-Inclusiva<\/title>\n<meta name=\"robots\" content=\"index, follow, max-snippet:-1, max-image-preview:large, max-video-preview:-1\" \/>\n<link rel=\"canonical\" href=\"https:\/\/clm-inclusiva.org\/?p=3740\" \/>\n<meta property=\"og:locale\" content=\"es_ES\" \/>\n<meta property=\"og:type\" content=\"article\" \/>\n<meta property=\"og:title\" content=\"CLM Inclusiva COCEMFE defiende la #Inclusi\u00f3nImparable en tiempos de pandemia - Clm-Inclusiva\" \/>\n<meta property=\"og:description\" content=\"[et_pb_section fb_built=&#8221;1&#8243; _builder_version=&#8221;4.0.4&#8243; custom_padding=&#8221;0px||2px|||&#8221;][et_pb_row _builder_version=&#8221;3.25&#8243; background_size=&#8221;initial&#8221; background_position=&#8221;top_left&#8221; background_repeat=&#8221;repeat&#8221; custom_margin=&#8221;|||||&#8221; custom_padding=&#8221;|||||&#8221;][et_pb_column type=&#8221;4_4&#8243; _builder_version=&#8221;3.25&#8243; custom_padding=&#8221;|||&#8221; custom_padding__hover=&#8221;|||&#8221;][et_pb_text admin_label=&#8221;Noticia&#8221; _builder_version=&#8221;4.1&#8243; text_font=&#8221;||||||||&#8221; background_size=&#8221;initial&#8221; background_position=&#8221;top_left&#8221; background_repeat=&#8221;repeat&#8221; text_orientation=&#8221;justified&#8221; min_height=&#8221;711px&#8221; custom_margin=&#8221;||||false|false&#8221; custom_padding=&#8221;|||||&#8221; hover_enabled=&#8221;0&#8243;] Las organizaciones de personas con discapacidad f\u00edsica y org\u00e1nica defienden el cumplimiento de la Convenci\u00f3n sobre los derechos de las personas con discapacidad de Naciones Unidas. Bajo el lema \u201cLa [&hellip;]\" \/>\n<meta property=\"og:url\" content=\"https:\/\/clm-inclusiva.org\/?p=3740\" \/>\n<meta property=\"og:site_name\" content=\"Clm-Inclusiva\" \/>\n<meta property=\"article:publisher\" content=\"https:\/\/www.facebook.com\/castillalamancha.inclusiva\/\" \/>\n<meta property=\"article:published_time\" content=\"2020-04-30T11:51:10+00:00\" \/>\n<meta property=\"article:modified_time\" content=\"2020-04-30T11:51:16+00:00\" \/>\n<meta property=\"og:image\" content=\"https:\/\/clm-inclusiva.org\/wp-content\/uploads\/2020\/04\/3mayo.jpg\" \/>\n\t<meta property=\"og:image:width\" content=\"768\" \/>\n\t<meta property=\"og:image:height\" content=\"406\" \/>\n\t<meta property=\"og:image:type\" content=\"image\/jpeg\" \/>\n<meta name=\"author\" content=\"clm-inclusiva\" \/>\n<meta name=\"twitter:card\" content=\"summary_large_image\" \/>\n<meta name=\"twitter:creator\" content=\"@ClmInclusiva\" \/>\n<meta name=\"twitter:site\" content=\"@ClmInclusiva\" \/>\n<meta name=\"twitter:label1\" content=\"Escrito por\" \/>\n\t<meta name=\"twitter:data1\" content=\"clm-inclusiva\" \/>\n\t<meta name=\"twitter:label2\" content=\"Tiempo de lectura\" \/>\n\t<meta name=\"twitter:data2\" content=\"5 minutos\" \/>\n<script type=\"application\/ld+json\" class=\"yoast-schema-graph\">{\"@context\":\"https:\/\/schema.org\",\"@graph\":[{\"@type\":\"Article\",\"@id\":\"https:\/\/clm-inclusiva.org\/?p=3740#article\",\"isPartOf\":{\"@id\":\"https:\/\/clm-inclusiva.org\/?p=3740\"},\"author\":{\"name\":\"clm-inclusiva\",\"@id\":\"https:\/\/clm-inclusiva.org\/#\/schema\/person\/0cff84aaa5bb8fd3521c55d1578d902b\"},\"headline\":\"CLM Inclusiva COCEMFE defiende la #Inclusi\u00f3nImparable en tiempos de pandemia\",\"datePublished\":\"2020-04-30T11:51:10+00:00\",\"dateModified\":\"2020-04-30T11:51:16+00:00\",\"mainEntityOfPage\":{\"@id\":\"https:\/\/clm-inclusiva.org\/?p=3740\"},\"wordCount\":1072,\"publisher\":{\"@id\":\"https:\/\/clm-inclusiva.org\/#organization\"},\"articleSection\":[\"Clm inclusiva\",\"cocemfe\",\"Discapacidad\",\"Politica social\",\"Tercer sector\"],\"inLanguage\":\"es\"},{\"@type\":\"WebPage\",\"@id\":\"https:\/\/clm-inclusiva.org\/?p=3740\",\"url\":\"https:\/\/clm-inclusiva.org\/?p=3740\",\"name\":\"CLM Inclusiva COCEMFE defiende la #Inclusi\u00f3nImparable en tiempos de pandemia - Clm-Inclusiva\",\"isPartOf\":{\"@id\":\"https:\/\/clm-inclusiva.org\/#website\"},\"datePublished\":\"2020-04-30T11:51:10+00:00\",\"dateModified\":\"2020-04-30T11:51:16+00:00\",\"breadcrumb\":{\"@id\":\"https:\/\/clm-inclusiva.org\/?p=3740#breadcrumb\"},\"inLanguage\":\"es\",\"potentialAction\":[{\"@type\":\"ReadAction\",\"target\":[\"https:\/\/clm-inclusiva.org\/?p=3740\"]}]},{\"@type\":\"BreadcrumbList\",\"@id\":\"https:\/\/clm-inclusiva.org\/?p=3740#breadcrumb\",\"itemListElement\":[{\"@type\":\"ListItem\",\"position\":1,\"name\":\"Portada\",\"item\":\"https:\/\/clm-inclusiva.org\/\"},{\"@type\":\"ListItem\",\"position\":2,\"name\":\"CLM Inclusiva COCEMFE defiende la #Inclusi\u00f3nImparable en tiempos de pandemia\"}]},{\"@type\":\"WebSite\",\"@id\":\"https:\/\/clm-inclusiva.org\/#website\",\"url\":\"https:\/\/clm-inclusiva.org\/\",\"name\":\"Clm-Inclusiva\",\"description\":\"Confederaci\u00f3n de entidades de personas con discapacidad f\u00edsica y org\u00e1nica CLM\",\"publisher\":{\"@id\":\"https:\/\/clm-inclusiva.org\/#organization\"},\"potentialAction\":[{\"@type\":\"SearchAction\",\"target\":{\"@type\":\"EntryPoint\",\"urlTemplate\":\"https:\/\/clm-inclusiva.org\/?s={search_term_string}\"},\"query-input\":\"required name=search_term_string\"}],\"inLanguage\":\"es\"},{\"@type\":\"Organization\",\"@id\":\"https:\/\/clm-inclusiva.org\/#organization\",\"name\":\"Clm-Inclusiva\",\"url\":\"https:\/\/clm-inclusiva.org\/\",\"logo\":{\"@type\":\"ImageObject\",\"inLanguage\":\"es\",\"@id\":\"https:\/\/clm-inclusiva.org\/#\/schema\/logo\/image\/\",\"url\":\"http:\/\/clm-inclusiva.org\/wp-content\/uploads\/2019\/04\/banner-e1533720812836.jpg\",\"contentUrl\":\"http:\/\/clm-inclusiva.org\/wp-content\/uploads\/2019\/04\/banner-e1533720812836.jpg\",\"width\":600,\"height\":332,\"caption\":\"Clm-Inclusiva\"},\"image\":{\"@id\":\"https:\/\/clm-inclusiva.org\/#\/schema\/logo\/image\/\"},\"sameAs\":[\"https:\/\/www.facebook.com\/castillalamancha.inclusiva\/\",\"https:\/\/twitter.com\/ClmInclusiva\"]},{\"@type\":\"Person\",\"@id\":\"https:\/\/clm-inclusiva.org\/#\/schema\/person\/0cff84aaa5bb8fd3521c55d1578d902b\",\"name\":\"clm-inclusiva\",\"image\":{\"@type\":\"ImageObject\",\"inLanguage\":\"es\",\"@id\":\"https:\/\/clm-inclusiva.org\/#\/schema\/person\/image\/\",\"url\":\"https:\/\/secure.gravatar.com\/avatar\/88948567af770dc9cd5597b329011884?s=96&d=blank&r=g\",\"contentUrl\":\"https:\/\/secure.gravatar.com\/avatar\/88948567af770dc9cd5597b329011884?s=96&d=blank&r=g\",\"caption\":\"clm-inclusiva\"},\"sameAs\":[\"http:\/\/clm-inclusiva.org\"],\"url\":\"https:\/\/clm-inclusiva.org\/?author=1\"}]}<\/script>\n<!-- \/ Yoast SEO plugin. -->","yoast_head_json":{"title":"CLM Inclusiva COCEMFE defiende la #Inclusi\u00f3nImparable en tiempos de pandemia - Clm-Inclusiva","robots":{"index":"index","follow":"follow","max-snippet":"max-snippet:-1","max-image-preview":"max-image-preview:large","max-video-preview":"max-video-preview:-1"},"canonical":"https:\/\/clm-inclusiva.org\/?p=3740","og_locale":"es_ES","og_type":"article","og_title":"CLM Inclusiva COCEMFE defiende la #Inclusi\u00f3nImparable en tiempos de pandemia - Clm-Inclusiva","og_description":"[et_pb_section fb_built=&#8221;1&#8243; _builder_version=&#8221;4.0.4&#8243; custom_padding=&#8221;0px||2px|||&#8221;][et_pb_row _builder_version=&#8221;3.25&#8243; background_size=&#8221;initial&#8221; background_position=&#8221;top_left&#8221; background_repeat=&#8221;repeat&#8221; custom_margin=&#8221;|||||&#8221; custom_padding=&#8221;|||||&#8221;][et_pb_column type=&#8221;4_4&#8243; _builder_version=&#8221;3.25&#8243; custom_padding=&#8221;|||&#8221; custom_padding__hover=&#8221;|||&#8221;][et_pb_text admin_label=&#8221;Noticia&#8221; _builder_version=&#8221;4.1&#8243; text_font=&#8221;||||||||&#8221; background_size=&#8221;initial&#8221; background_position=&#8221;top_left&#8221; background_repeat=&#8221;repeat&#8221; text_orientation=&#8221;justified&#8221; min_height=&#8221;711px&#8221; custom_margin=&#8221;||||false|false&#8221; custom_padding=&#8221;|||||&#8221; hover_enabled=&#8221;0&#8243;] Las organizaciones de personas con discapacidad f\u00edsica y org\u00e1nica defienden el cumplimiento de la Convenci\u00f3n sobre los derechos de las personas con discapacidad de Naciones Unidas. Bajo el lema \u201cLa [&hellip;]","og_url":"https:\/\/clm-inclusiva.org\/?p=3740","og_site_name":"Clm-Inclusiva","article_publisher":"https:\/\/www.facebook.com\/castillalamancha.inclusiva\/","article_published_time":"2020-04-30T11:51:10+00:00","article_modified_time":"2020-04-30T11:51:16+00:00","og_image":[{"width":768,"height":406,"url":"https:\/\/clm-inclusiva.org\/wp-content\/uploads\/2020\/04\/3mayo.jpg","type":"image\/jpeg"}],"author":"clm-inclusiva","twitter_card":"summary_large_image","twitter_creator":"@ClmInclusiva","twitter_site":"@ClmInclusiva","twitter_misc":{"Escrito por":"clm-inclusiva","Tiempo de lectura":"5 minutos"},"schema":{"@context":"https:\/\/schema.org","@graph":[{"@type":"Article","@id":"https:\/\/clm-inclusiva.org\/?p=3740#article","isPartOf":{"@id":"https:\/\/clm-inclusiva.org\/?p=3740"},"author":{"name":"clm-inclusiva","@id":"https:\/\/clm-inclusiva.org\/#\/schema\/person\/0cff84aaa5bb8fd3521c55d1578d902b"},"headline":"CLM Inclusiva COCEMFE defiende la #Inclusi\u00f3nImparable en tiempos de pandemia","datePublished":"2020-04-30T11:51:10+00:00","dateModified":"2020-04-30T11:51:16+00:00","mainEntityOfPage":{"@id":"https:\/\/clm-inclusiva.org\/?p=3740"},"wordCount":1072,"publisher":{"@id":"https:\/\/clm-inclusiva.org\/#organization"},"articleSection":["Clm inclusiva","cocemfe","Discapacidad","Politica social","Tercer sector"],"inLanguage":"es"},{"@type":"WebPage","@id":"https:\/\/clm-inclusiva.org\/?p=3740","url":"https:\/\/clm-inclusiva.org\/?p=3740","name":"CLM Inclusiva COCEMFE defiende la #Inclusi\u00f3nImparable en tiempos de pandemia - Clm-Inclusiva","isPartOf":{"@id":"https:\/\/clm-inclusiva.org\/#website"},"datePublished":"2020-04-30T11:51:10+00:00","dateModified":"2020-04-30T11:51:16+00:00","breadcrumb":{"@id":"https:\/\/clm-inclusiva.org\/?p=3740#breadcrumb"},"inLanguage":"es","potentialAction":[{"@type":"ReadAction","target":["https:\/\/clm-inclusiva.org\/?p=3740"]}]},{"@type":"BreadcrumbList","@id":"https:\/\/clm-inclusiva.org\/?p=3740#breadcrumb","itemListElement":[{"@type":"ListItem","position":1,"name":"Portada","item":"https:\/\/clm-inclusiva.org\/"},{"@type":"ListItem","position":2,"name":"CLM Inclusiva COCEMFE defiende la #Inclusi\u00f3nImparable en tiempos de pandemia"}]},{"@type":"WebSite","@id":"https:\/\/clm-inclusiva.org\/#website","url":"https:\/\/clm-inclusiva.org\/","name":"Clm-Inclusiva","description":"Confederaci\u00f3n de entidades de personas con discapacidad f\u00edsica y org\u00e1nica CLM","publisher":{"@id":"https:\/\/clm-inclusiva.org\/#organization"},"potentialAction":[{"@type":"SearchAction","target":{"@type":"EntryPoint","urlTemplate":"https:\/\/clm-inclusiva.org\/?s={search_term_string}"},"query-input":"required name=search_term_string"}],"inLanguage":"es"},{"@type":"Organization","@id":"https:\/\/clm-inclusiva.org\/#organization","name":"Clm-Inclusiva","url":"https:\/\/clm-inclusiva.org\/","logo":{"@type":"ImageObject","inLanguage":"es","@id":"https:\/\/clm-inclusiva.org\/#\/schema\/logo\/image\/","url":"http:\/\/clm-inclusiva.org\/wp-content\/uploads\/2019\/04\/banner-e1533720812836.jpg","contentUrl":"http:\/\/clm-inclusiva.org\/wp-content\/uploads\/2019\/04\/banner-e1533720812836.jpg","width":600,"height":332,"caption":"Clm-Inclusiva"},"image":{"@id":"https:\/\/clm-inclusiva.org\/#\/schema\/logo\/image\/"},"sameAs":["https:\/\/www.facebook.com\/castillalamancha.inclusiva\/","https:\/\/twitter.com\/ClmInclusiva"]},{"@type":"Person","@id":"https:\/\/clm-inclusiva.org\/#\/schema\/person\/0cff84aaa5bb8fd3521c55d1578d902b","name":"clm-inclusiva","image":{"@type":"ImageObject","inLanguage":"es","@id":"https:\/\/clm-inclusiva.org\/#\/schema\/person\/image\/","url":"https:\/\/secure.gravatar.com\/avatar\/88948567af770dc9cd5597b329011884?s=96&d=blank&r=g","contentUrl":"https:\/\/secure.gravatar.com\/avatar\/88948567af770dc9cd5597b329011884?s=96&d=blank&r=g","caption":"clm-inclusiva"},"sameAs":["http:\/\/clm-inclusiva.org"],"url":"https:\/\/clm-inclusiva.org\/?author=1"}]}},"_links":{"self":[{"href":"https:\/\/clm-inclusiva.org\/index.php?rest_route=\/wp\/v2\/posts\/3740"}],"collection":[{"href":"https:\/\/clm-inclusiva.org\/index.php?rest_route=\/wp\/v2\/posts"}],"about":[{"href":"https:\/\/clm-inclusiva.org\/index.php?rest_route=\/wp\/v2\/types\/post"}],"author":[{"embeddable":true,"href":"https:\/\/clm-inclusiva.org\/index.php?rest_route=\/wp\/v2\/users\/1"}],"replies":[{"embeddable":true,"href":"https:\/\/clm-inclusiva.org\/index.php?rest_route=%2Fwp%2Fv2%2Fcomments&post=3740"}],"version-history":[{"count":3,"href":"https:\/\/clm-inclusiva.org\/index.php?rest_route=\/wp\/v2\/posts\/3740\/revisions"}],"predecessor-version":[{"id":3745,"href":"https:\/\/clm-inclusiva.org\/index.php?rest_route=\/wp\/v2\/posts\/3740\/revisions\/3745"}],"wp:featuredmedia":[{"embeddable":true,"href":"https:\/\/clm-inclusiva.org\/index.php?rest_route=\/wp\/v2\/media\/3742"}],"wp:attachment":[{"href":"https:\/\/clm-inclusiva.org\/index.php?rest_route=%2Fwp%2Fv2%2Fmedia&parent=3740"}],"wp:term":[{"taxonomy":"category","embeddable":true,"href":"https:\/\/clm-inclusiva.org\/index.php?rest_route=%2Fwp%2Fv2%2Fcategories&post=3740"},{"taxonomy":"post_tag","embeddable":true,"href":"https:\/\/clm-inclusiva.org\/index.php?rest_route=%2Fwp%2Fv2%2Ftags&post=3740"}],"curies":[{"name":"wp","href":"https:\/\/api.w.org\/{rel}","templated":true}]}}