{"id":3636,"date":"2020-01-29T18:49:17","date_gmt":"2020-01-29T16:49:17","guid":{"rendered":"http:\/\/clm-inclusiva.org\/?p=3636"},"modified":"2020-01-31T10:31:45","modified_gmt":"2020-01-31T08:31:45","slug":"libros-y-mas-entrega-la-recaudacion-del-teatro-solidario-a-cocemfe-guadalajara","status":"publish","type":"post","link":"https:\/\/clm-inclusiva.org\/?p=3636","title":{"rendered":"Nueve empresas de Albacete dar\u00e1n trabajo a once personas con discapacidad a trav\u00e9s del proyecto CREA de AIDISCAM CLM."},"content":{"rendered":"<p>[et_pb_section fb_built=&#8221;1&#8243; _builder_version=&#8221;4.0.4&#8243; custom_padding=&#8221;0px||2px|||&#8221;][et_pb_row _builder_version=&#8221;3.25&#8243; background_size=&#8221;initial&#8221; background_position=&#8221;top_left&#8221; background_repeat=&#8221;repeat&#8221; custom_margin=&#8221;|||||&#8221; custom_padding=&#8221;|||||&#8221;][et_pb_column type=&#8221;4_4&#8243; _builder_version=&#8221;3.25&#8243; custom_padding=&#8221;|||&#8221; custom_padding__hover=&#8221;|||&#8221;][et_pb_text admin_label=&#8221;Noticia&#8221; _builder_version=&#8221;4.1&#8243; text_font=&#8221;||||||||&#8221; background_size=&#8221;initial&#8221; background_position=&#8221;top_left&#8221; background_repeat=&#8221;repeat&#8221; text_orientation=&#8221;justified&#8221; min_height=&#8221;711px&#8221; custom_margin=&#8221;||||false|false&#8221; custom_padding=&#8221;|||||&#8221;]<\/p>\n<ul>\n<li>La asociaci\u00f3n para la inclusi\u00f3n de personas con discapacidad de Castilla-La mancha, AIDISCAM CLM, junto con la junta de comunidades de Castilla-La Mancha y financiado por el fondo social europeo, pone en marcha el proyecto CREA para personas con discapacidad en Albacete.<\/li>\n<\/ul>\n<p>Albacete, 30 de enero 2020.- Hace tres d\u00edas se inaugur\u00f3 en Albacete por parte de AIDISCAM CLM, el tercer proyecto de esta caracter\u00edstica en esta ciudad, por parte de la asociaci\u00f3n. Aunque ha sido hoy cuando tanto empresarios\/as y la propia asociaci\u00f3n regional se han reunido para celebrar este encuentro de comienzo del proyecto.<\/p>\n<p>La inauguraci\u00f3n del encuentro institucional de este proyecto corri\u00f3 a cargo del presidente regional de esta asociaci\u00f3n, Francisco Javier Cebri\u00e1n, que estuvo acompa\u00f1ado del secretario regional de la misma, Jos\u00e9 Antonio L\u00f3pez y de cada uno de los representantes de las empresas adheridas al proyecto.<\/p>\n<p>En este proyecto son nueve empresas albacetenses las que participan en el mismo; calefacciones Alfonso Tendero S.L., Jeans Atmosfera, Chumillas S.L. (distribuidor CANON), ASPRONA, Formaciona avanzada XXI, Imprenta Imagrafic, centros de estudios Galfer, Indoorland Sport campollano y cl\u00ednica fisioterapia CENTROFISIO.<\/p>\n<p>Hace ya casi 3 a\u00f1os que AIDISCAM CLM comenz\u00f3 a colaborar con empresas de esta regi\u00f3n en varias ediciones de este proyecto, y durante este tiempo, adem\u00e1s de que las personas con discapacidad de nuestra tierra tuviesen un contrato durante el periodo de ejecuci\u00f3n del proyecto, despu\u00e9s, m\u00e1s del 60 % de los y las mismas ampliaron sus contratos en las empresas.<\/p>\n<p>Este proyecto de formaci\u00f3n y empleo, se basa en que los y las participantes se formen durante diez meses y medio en un certificado profesional de tareas auxiliares de administraci\u00f3n y a la vez, durante ese tiempo, est\u00e9n trabajando en empresas adheridas, con contratos normalizados.<\/p>\n<p>Jos\u00e9 Antonio L\u00f3pez, secretario de AIDISCAM CLM explic\u00f3 en que se fundamenta este proyecto; \u201cadem\u00e1s de que durante 2 horas los y las alumnas se formen, se les contratan 6 horas diarias en las empresas, con contratos normalizados; con lo cual se van adentrando en el mundo laboral a la vez que van consiguiendo un certificado que avale lo que han aprendido durante este tiempo y les sirva para futuras contrataciones en el \u00e1rea administrativa\u201d.<\/p>\n<p>Este a\u00f1o adem\u00e1s de Albacete, tambi\u00e9n se ha contado con un proyecto similar en la ciudad de Toledo. Ambos proyectos crear\u00e1n 27 puestos de trabajo, p\u00faes adem\u00e1s de los\/as alumnos\/as, tambi\u00e9n se contrata, a orientadores\/as laborales, formadores\/as ocupacionales y personal auxiliar.<\/p>\n<p>En palabras del presidente de AIDISCAM CLM, Francisco Javier Cebri\u00e1n, \u201cEste tipo de proyectos, hace que las personas con discapacidad podamos llegar a tener nuestra propia autonom\u00eda, y con ello, la plena inclusi\u00f3n que defendemos. Es un orgullo ver como el trabajo de esta asociaci\u00f3n consigue metas tan importantes como est\u00e1. Somos una asociaci\u00f3n que defendemos cualquier acci\u00f3n que sea para defender el derecho de las personas con discapacidad. Agradecer a todas las empresas que han participado y creado esos puestos de trabajo, su esfuerzo y oportunidad a cada uno y una de las trabajadoras que participan. Sin estas empresas ser\u00eda imposible conseguir esta meta. Esperamos desde AIDISCAM CLM que estos proyectos contin\u00faen en el tiempo, y agradecemos a la Junta de comunidades de esta regi\u00f3n que apueste por este tipo de ayudas\u201d.<\/p>\n<p>AIDISCAM CLM se fund\u00f3 en el a\u00f1o 2012, est\u00e1 compuesta por seis asociaciones adheridas a la misma; AIDISCAM TOLEDO, AIDISCAM ALBACETE, AIDISCAM GUADALAJARA, AIDISCAM CIUDAD REAL, AIDISCAM CUENCA Y AIDIS ILLESCAS.<\/p>\n<p>Est\u00e1 presente en las cinco provincias de nuestra regi\u00f3n y tiene asociados y asociadas a m\u00e1s de 450 personas con discapacidad.<\/p>\n<p>Es fundadora junto con otras entidades, de la confederaci\u00f3n Castilla-La Mancha INCLUSIVA COCEMFE y de la federaci\u00f3n de personas con discapacidad FAPDIS CLM.<br \/>\n[\/et_pb_text][et_pb_post_nav prev_text=&#8221;Anterior&#8221; next_text=&#8221;Siguiente&#8221; _builder_version=&#8221;3.22.4&#8243;][\/et_pb_post_nav][\/et_pb_column][\/et_pb_row][\/et_pb_section]<\/p>\n","protected":false},"excerpt":{"rendered":"<p>[et_pb_section fb_built=&#8221;1&#8243; _builder_version=&#8221;4.0.4&#8243; custom_padding=&#8221;0px||2px|||&#8221;][et_pb_row _builder_version=&#8221;3.25&#8243; background_size=&#8221;initial&#8221; background_position=&#8221;top_left&#8221; background_repeat=&#8221;repeat&#8221; custom_margin=&#8221;|||||&#8221; custom_padding=&#8221;|||||&#8221;][et_pb_column type=&#8221;4_4&#8243; _builder_version=&#8221;3.25&#8243; custom_padding=&#8221;|||&#8221; custom_padding__hover=&#8221;|||&#8221;][et_pb_text admin_label=&#8221;Noticia&#8221; _builder_version=&#8221;4.1&#8243; text_font=&#8221;||||||||&#8221; background_size=&#8221;initial&#8221; background_position=&#8221;top_left&#8221; background_repeat=&#8221;repeat&#8221; text_orientation=&#8221;justified&#8221; min_height=&#8221;711px&#8221; custom_margin=&#8221;||||false|false&#8221; custom_padding=&#8221;|||||&#8221;] La asociaci\u00f3n para la inclusi\u00f3n de personas con discapacidad de Castilla-La mancha, AIDISCAM CLM, junto con la junta de comunidades de Castilla-La Mancha y financiado por el fondo social europeo, pone [&hellip;]<\/p>\n","protected":false},"author":1,"featured_media":3649,"comment_status":"closed","ping_status":"closed","sticky":false,"template":"","format":"standard","meta":{"_et_pb_use_builder":"on","_et_pb_old_content":"<h5 style=\"text-align: justify;\">La Confederaci\u00f3n CLM Inclusiva y la asociaci\u00f3n empresarial de Centros Especiales de Empleo de COCEMFE en Castilla-La Mancha, AECEMCO CLM, han firmado un acuerdo para promover las oportunidades de formaci\u00f3n y empleo de las personas del colectivo.<\/h5>\r\n<p style=\"text-align: justify;\"><img class=\"alignnone size-full wp-image-471\" src=\"http:\/\/clm-inclusiva.org\/wp-content\/uploads\/2019\/04\/3500_fotonoticia_20190402151941_1920.jpg\" alt=\"\" width=\"670\" height=\"300\"><\/p>\r\n<p style=\"text-align: justify;\">El presidente de la confederaci\u00f3n CLM Inclusiva, Enrique Alarc\u00f3n Garc\u00eda, y el presidente de AECEMCO CLM, \u00d3scar Sillas, han rubricado este acuerdo de colaboraci\u00f3n para coordinar su labor y actuaciones de apoyo a la promoci\u00f3n de los derechos de las personas con discapacidad f\u00edsica y org\u00e1nica en Castilla-La Mancha, ha informado esta confederaci\u00f3n en nota de prensa.<\/p>\r\nEl sector empresarial promovido por las organizaciones de COCEMFE sin \u00e1nimo de lucro, integrado en AECEMCO, da empleo actualmente a m\u00e1s de 800 personas con discapacidad de todo tipo, con actividades productivas y de prestaci\u00f3n de servicios muy variados como obras, lavander\u00eda, limpieza, medioambiente, manipulados, formaci\u00f3n, etc.\r\n\r\nAmbas organizaciones que comparten valores sociales y visi\u00f3n sobre los derechos de las personas con discapacidad coordinar\u00e1n todas sus actividades para incrementar las oportunidades de formaci\u00f3n, aprendizaje en el puesto de trabajo y calidad de los mismos, tanto en empleo protegido como ordinario.\r\n\r\nDentro de las actuaciones objeto del acuerdo se pondr\u00e1 especial atenci\u00f3n a dar a conocer la normativa de reserva de empleo para personas con discapacidad, as\u00ed como el adecuado cumplimiento de las medidas alternativas, para lo que se informar\u00e1 conjuntamente a administraciones, federaciones empresariales y grandes empresas sobre las oportunidades de empleabilidad de las personas con discapacidad f\u00edsica y org\u00e1nica.\r\n\r\nCLM Inclusiva dispone actualmente de Servicio de Empleo en todas las provincias de Castilla-La Mancha, gracias al apoyo de Fundaci\u00f3n ONCE y la financiaci\u00f3n de proyectos con cargo al IRPF, que realiza labor de intermediaci\u00f3n entre personas con discapacidad demandantes de empleo y empresas, asegurando la adecuaci\u00f3n de trabajadores al puesto de trabajo e informando sobre incentivos a la contrataci\u00f3n y ajustes t\u00e9cnicos necesarios en el puesto.\r\n\r\nLa Confederaci\u00f3n regional de entidades de personas con discapacidad f\u00edsica y org\u00e1nica, Castilla-La Mancha Inclusiva, agrupa al movimiento asociativo de COCEMFE en la Regi\u00f3n, con casi un centenar de entidades que representan en torno a 10.000 personas con discapacidad.\r\n\r\nActualmente se encuentra compuesta por cinco federaciones provinciales, COCEMFE Albacete, COCEMFE Cuenca, COCEMFE Guadalajara, COCEMFE Toledo y Ciudad Real Inclusiva, las entidades regionales AFANION, Federaci\u00f3n LUNA CLM de mujeres con discapacidad, AIDISCAM, y la asociaci\u00f3n nacional AMIAB.","_et_gb_content_width":"","footnotes":""},"categories":[46,45,39,49,5,6,8,41,9],"tags":[],"yoast_head":"<!-- This site is optimized with the Yoast SEO plugin v21.3 - https:\/\/yoast.com\/wordpress\/plugins\/seo\/ -->\n<title>Nueve empresas de Albacete dar\u00e1n trabajo a once personas con discapacidad a trav\u00e9s del proyecto CREA de AIDISCAM CLM. - Clm-Inclusiva<\/title>\n<meta name=\"robots\" content=\"index, follow, max-snippet:-1, max-image-preview:large, max-video-preview:-1\" \/>\n<link rel=\"canonical\" href=\"https:\/\/clm-inclusiva.org\/?p=3636\" \/>\n<meta property=\"og:locale\" content=\"es_ES\" \/>\n<meta property=\"og:type\" content=\"article\" \/>\n<meta property=\"og:title\" content=\"Nueve empresas de Albacete dar\u00e1n trabajo a once personas con discapacidad a trav\u00e9s del proyecto CREA de AIDISCAM CLM. - Clm-Inclusiva\" \/>\n<meta property=\"og:description\" content=\"[et_pb_section fb_built=&#8221;1&#8243; _builder_version=&#8221;4.0.4&#8243; custom_padding=&#8221;0px||2px|||&#8221;][et_pb_row _builder_version=&#8221;3.25&#8243; background_size=&#8221;initial&#8221; background_position=&#8221;top_left&#8221; background_repeat=&#8221;repeat&#8221; custom_margin=&#8221;|||||&#8221; custom_padding=&#8221;|||||&#8221;][et_pb_column type=&#8221;4_4&#8243; _builder_version=&#8221;3.25&#8243; custom_padding=&#8221;|||&#8221; custom_padding__hover=&#8221;|||&#8221;][et_pb_text admin_label=&#8221;Noticia&#8221; _builder_version=&#8221;4.1&#8243; text_font=&#8221;||||||||&#8221; background_size=&#8221;initial&#8221; background_position=&#8221;top_left&#8221; background_repeat=&#8221;repeat&#8221; text_orientation=&#8221;justified&#8221; min_height=&#8221;711px&#8221; custom_margin=&#8221;||||false|false&#8221; custom_padding=&#8221;|||||&#8221;] La asociaci\u00f3n para la inclusi\u00f3n de personas con discapacidad de Castilla-La mancha, AIDISCAM CLM, junto con la junta de comunidades de Castilla-La Mancha y financiado por el fondo social europeo, pone [&hellip;]\" \/>\n<meta property=\"og:url\" content=\"https:\/\/clm-inclusiva.org\/?p=3636\" \/>\n<meta property=\"og:site_name\" content=\"Clm-Inclusiva\" \/>\n<meta property=\"article:publisher\" content=\"https:\/\/www.facebook.com\/castillalamancha.inclusiva\/\" \/>\n<meta property=\"article:published_time\" content=\"2020-01-29T16:49:17+00:00\" \/>\n<meta property=\"article:modified_time\" content=\"2020-01-31T08:31:45+00:00\" \/>\n<meta property=\"og:image\" content=\"https:\/\/clm-inclusiva.org\/wp-content\/uploads\/2020\/01\/IMG_20200130_172230-1-scaled.jpg\" \/>\n\t<meta property=\"og:image:width\" content=\"2560\" \/>\n\t<meta property=\"og:image:height\" content=\"1485\" \/>\n\t<meta property=\"og:image:type\" content=\"image\/jpeg\" \/>\n<meta name=\"author\" content=\"clm-inclusiva\" \/>\n<meta name=\"twitter:card\" content=\"summary_large_image\" \/>\n<meta name=\"twitter:creator\" content=\"@ClmInclusiva\" \/>\n<meta name=\"twitter:site\" content=\"@ClmInclusiva\" \/>\n<meta name=\"twitter:label1\" content=\"Escrito por\" \/>\n\t<meta name=\"twitter:data1\" content=\"clm-inclusiva\" \/>\n\t<meta name=\"twitter:label2\" content=\"Tiempo de lectura\" \/>\n\t<meta name=\"twitter:data2\" content=\"4 minutos\" \/>\n<script type=\"application\/ld+json\" class=\"yoast-schema-graph\">{\"@context\":\"https:\/\/schema.org\",\"@graph\":[{\"@type\":\"Article\",\"@id\":\"https:\/\/clm-inclusiva.org\/?p=3636#article\",\"isPartOf\":{\"@id\":\"https:\/\/clm-inclusiva.org\/?p=3636\"},\"author\":{\"name\":\"clm-inclusiva\",\"@id\":\"https:\/\/clm-inclusiva.org\/#\/schema\/person\/0cff84aaa5bb8fd3521c55d1578d902b\"},\"headline\":\"Nueve empresas de Albacete dar\u00e1n trabajo a once personas con discapacidad a trav\u00e9s del proyecto CREA de AIDISCAM CLM.\",\"datePublished\":\"2020-01-29T16:49:17+00:00\",\"dateModified\":\"2020-01-31T08:31:45+00:00\",\"mainEntityOfPage\":{\"@id\":\"https:\/\/clm-inclusiva.org\/?p=3636\"},\"wordCount\":776,\"publisher\":{\"@id\":\"https:\/\/clm-inclusiva.org\/#organization\"},\"articleSection\":[\"Aidiscam\",\"Albacete\",\"Bienestar social\",\"castilla-la mancha\",\"Discapacidad\",\"Empleo\",\"Sociedad\",\"Tercer sector\",\"Trabajo\"],\"inLanguage\":\"es\"},{\"@type\":\"WebPage\",\"@id\":\"https:\/\/clm-inclusiva.org\/?p=3636\",\"url\":\"https:\/\/clm-inclusiva.org\/?p=3636\",\"name\":\"Nueve empresas de Albacete dar\u00e1n trabajo a once personas con discapacidad a trav\u00e9s del proyecto CREA de AIDISCAM CLM. - Clm-Inclusiva\",\"isPartOf\":{\"@id\":\"https:\/\/clm-inclusiva.org\/#website\"},\"datePublished\":\"2020-01-29T16:49:17+00:00\",\"dateModified\":\"2020-01-31T08:31:45+00:00\",\"breadcrumb\":{\"@id\":\"https:\/\/clm-inclusiva.org\/?p=3636#breadcrumb\"},\"inLanguage\":\"es\",\"potentialAction\":[{\"@type\":\"ReadAction\",\"target\":[\"https:\/\/clm-inclusiva.org\/?p=3636\"]}]},{\"@type\":\"BreadcrumbList\",\"@id\":\"https:\/\/clm-inclusiva.org\/?p=3636#breadcrumb\",\"itemListElement\":[{\"@type\":\"ListItem\",\"position\":1,\"name\":\"Portada\",\"item\":\"https:\/\/clm-inclusiva.org\/\"},{\"@type\":\"ListItem\",\"position\":2,\"name\":\"Nueve empresas de Albacete dar\u00e1n trabajo a once personas con discapacidad a trav\u00e9s del proyecto CREA de AIDISCAM CLM.\"}]},{\"@type\":\"WebSite\",\"@id\":\"https:\/\/clm-inclusiva.org\/#website\",\"url\":\"https:\/\/clm-inclusiva.org\/\",\"name\":\"Clm-Inclusiva\",\"description\":\"Confederaci\u00f3n de entidades de personas con discapacidad f\u00edsica y org\u00e1nica CLM\",\"publisher\":{\"@id\":\"https:\/\/clm-inclusiva.org\/#organization\"},\"potentialAction\":[{\"@type\":\"SearchAction\",\"target\":{\"@type\":\"EntryPoint\",\"urlTemplate\":\"https:\/\/clm-inclusiva.org\/?s={search_term_string}\"},\"query-input\":\"required name=search_term_string\"}],\"inLanguage\":\"es\"},{\"@type\":\"Organization\",\"@id\":\"https:\/\/clm-inclusiva.org\/#organization\",\"name\":\"Clm-Inclusiva\",\"url\":\"https:\/\/clm-inclusiva.org\/\",\"logo\":{\"@type\":\"ImageObject\",\"inLanguage\":\"es\",\"@id\":\"https:\/\/clm-inclusiva.org\/#\/schema\/logo\/image\/\",\"url\":\"http:\/\/clm-inclusiva.org\/wp-content\/uploads\/2019\/04\/banner-e1533720812836.jpg\",\"contentUrl\":\"http:\/\/clm-inclusiva.org\/wp-content\/uploads\/2019\/04\/banner-e1533720812836.jpg\",\"width\":600,\"height\":332,\"caption\":\"Clm-Inclusiva\"},\"image\":{\"@id\":\"https:\/\/clm-inclusiva.org\/#\/schema\/logo\/image\/\"},\"sameAs\":[\"https:\/\/www.facebook.com\/castillalamancha.inclusiva\/\",\"https:\/\/twitter.com\/ClmInclusiva\"]},{\"@type\":\"Person\",\"@id\":\"https:\/\/clm-inclusiva.org\/#\/schema\/person\/0cff84aaa5bb8fd3521c55d1578d902b\",\"name\":\"clm-inclusiva\",\"image\":{\"@type\":\"ImageObject\",\"inLanguage\":\"es\",\"@id\":\"https:\/\/clm-inclusiva.org\/#\/schema\/person\/image\/\",\"url\":\"https:\/\/secure.gravatar.com\/avatar\/88948567af770dc9cd5597b329011884?s=96&d=blank&r=g\",\"contentUrl\":\"https:\/\/secure.gravatar.com\/avatar\/88948567af770dc9cd5597b329011884?s=96&d=blank&r=g\",\"caption\":\"clm-inclusiva\"},\"sameAs\":[\"http:\/\/clm-inclusiva.org\"],\"url\":\"https:\/\/clm-inclusiva.org\/?author=1\"}]}<\/script>\n<!-- \/ Yoast SEO plugin. -->","yoast_head_json":{"title":"Nueve empresas de Albacete dar\u00e1n trabajo a once personas con discapacidad a trav\u00e9s del proyecto CREA de AIDISCAM CLM. - Clm-Inclusiva","robots":{"index":"index","follow":"follow","max-snippet":"max-snippet:-1","max-image-preview":"max-image-preview:large","max-video-preview":"max-video-preview:-1"},"canonical":"https:\/\/clm-inclusiva.org\/?p=3636","og_locale":"es_ES","og_type":"article","og_title":"Nueve empresas de Albacete dar\u00e1n trabajo a once personas con discapacidad a trav\u00e9s del proyecto CREA de AIDISCAM CLM. - Clm-Inclusiva","og_description":"[et_pb_section fb_built=&#8221;1&#8243; _builder_version=&#8221;4.0.4&#8243; custom_padding=&#8221;0px||2px|||&#8221;][et_pb_row _builder_version=&#8221;3.25&#8243; background_size=&#8221;initial&#8221; background_position=&#8221;top_left&#8221; background_repeat=&#8221;repeat&#8221; custom_margin=&#8221;|||||&#8221; custom_padding=&#8221;|||||&#8221;][et_pb_column type=&#8221;4_4&#8243; _builder_version=&#8221;3.25&#8243; custom_padding=&#8221;|||&#8221; custom_padding__hover=&#8221;|||&#8221;][et_pb_text admin_label=&#8221;Noticia&#8221; _builder_version=&#8221;4.1&#8243; text_font=&#8221;||||||||&#8221; background_size=&#8221;initial&#8221; background_position=&#8221;top_left&#8221; background_repeat=&#8221;repeat&#8221; text_orientation=&#8221;justified&#8221; min_height=&#8221;711px&#8221; custom_margin=&#8221;||||false|false&#8221; custom_padding=&#8221;|||||&#8221;] La asociaci\u00f3n para la inclusi\u00f3n de personas con discapacidad de Castilla-La mancha, AIDISCAM CLM, junto con la junta de comunidades de Castilla-La Mancha y financiado por el fondo social europeo, pone [&hellip;]","og_url":"https:\/\/clm-inclusiva.org\/?p=3636","og_site_name":"Clm-Inclusiva","article_publisher":"https:\/\/www.facebook.com\/castillalamancha.inclusiva\/","article_published_time":"2020-01-29T16:49:17+00:00","article_modified_time":"2020-01-31T08:31:45+00:00","og_image":[{"width":2560,"height":1485,"url":"https:\/\/clm-inclusiva.org\/wp-content\/uploads\/2020\/01\/IMG_20200130_172230-1-scaled.jpg","type":"image\/jpeg"}],"author":"clm-inclusiva","twitter_card":"summary_large_image","twitter_creator":"@ClmInclusiva","twitter_site":"@ClmInclusiva","twitter_misc":{"Escrito por":"clm-inclusiva","Tiempo de lectura":"4 minutos"},"schema":{"@context":"https:\/\/schema.org","@graph":[{"@type":"Article","@id":"https:\/\/clm-inclusiva.org\/?p=3636#article","isPartOf":{"@id":"https:\/\/clm-inclusiva.org\/?p=3636"},"author":{"name":"clm-inclusiva","@id":"https:\/\/clm-inclusiva.org\/#\/schema\/person\/0cff84aaa5bb8fd3521c55d1578d902b"},"headline":"Nueve empresas de Albacete dar\u00e1n trabajo a once personas con discapacidad a trav\u00e9s del proyecto CREA de AIDISCAM CLM.","datePublished":"2020-01-29T16:49:17+00:00","dateModified":"2020-01-31T08:31:45+00:00","mainEntityOfPage":{"@id":"https:\/\/clm-inclusiva.org\/?p=3636"},"wordCount":776,"publisher":{"@id":"https:\/\/clm-inclusiva.org\/#organization"},"articleSection":["Aidiscam","Albacete","Bienestar social","castilla-la mancha","Discapacidad","Empleo","Sociedad","Tercer sector","Trabajo"],"inLanguage":"es"},{"@type":"WebPage","@id":"https:\/\/clm-inclusiva.org\/?p=3636","url":"https:\/\/clm-inclusiva.org\/?p=3636","name":"Nueve empresas de Albacete dar\u00e1n trabajo a once personas con discapacidad a trav\u00e9s del proyecto CREA de AIDISCAM CLM. - Clm-Inclusiva","isPartOf":{"@id":"https:\/\/clm-inclusiva.org\/#website"},"datePublished":"2020-01-29T16:49:17+00:00","dateModified":"2020-01-31T08:31:45+00:00","breadcrumb":{"@id":"https:\/\/clm-inclusiva.org\/?p=3636#breadcrumb"},"inLanguage":"es","potentialAction":[{"@type":"ReadAction","target":["https:\/\/clm-inclusiva.org\/?p=3636"]}]},{"@type":"BreadcrumbList","@id":"https:\/\/clm-inclusiva.org\/?p=3636#breadcrumb","itemListElement":[{"@type":"ListItem","position":1,"name":"Portada","item":"https:\/\/clm-inclusiva.org\/"},{"@type":"ListItem","position":2,"name":"Nueve empresas de Albacete dar\u00e1n trabajo a once personas con discapacidad a trav\u00e9s del proyecto CREA de AIDISCAM CLM."}]},{"@type":"WebSite","@id":"https:\/\/clm-inclusiva.org\/#website","url":"https:\/\/clm-inclusiva.org\/","name":"Clm-Inclusiva","description":"Confederaci\u00f3n de entidades de personas con discapacidad f\u00edsica y org\u00e1nica CLM","publisher":{"@id":"https:\/\/clm-inclusiva.org\/#organization"},"potentialAction":[{"@type":"SearchAction","target":{"@type":"EntryPoint","urlTemplate":"https:\/\/clm-inclusiva.org\/?s={search_term_string}"},"query-input":"required name=search_term_string"}],"inLanguage":"es"},{"@type":"Organization","@id":"https:\/\/clm-inclusiva.org\/#organization","name":"Clm-Inclusiva","url":"https:\/\/clm-inclusiva.org\/","logo":{"@type":"ImageObject","inLanguage":"es","@id":"https:\/\/clm-inclusiva.org\/#\/schema\/logo\/image\/","url":"http:\/\/clm-inclusiva.org\/wp-content\/uploads\/2019\/04\/banner-e1533720812836.jpg","contentUrl":"http:\/\/clm-inclusiva.org\/wp-content\/uploads\/2019\/04\/banner-e1533720812836.jpg","width":600,"height":332,"caption":"Clm-Inclusiva"},"image":{"@id":"https:\/\/clm-inclusiva.org\/#\/schema\/logo\/image\/"},"sameAs":["https:\/\/www.facebook.com\/castillalamancha.inclusiva\/","https:\/\/twitter.com\/ClmInclusiva"]},{"@type":"Person","@id":"https:\/\/clm-inclusiva.org\/#\/schema\/person\/0cff84aaa5bb8fd3521c55d1578d902b","name":"clm-inclusiva","image":{"@type":"ImageObject","inLanguage":"es","@id":"https:\/\/clm-inclusiva.org\/#\/schema\/person\/image\/","url":"https:\/\/secure.gravatar.com\/avatar\/88948567af770dc9cd5597b329011884?s=96&d=blank&r=g","contentUrl":"https:\/\/secure.gravatar.com\/avatar\/88948567af770dc9cd5597b329011884?s=96&d=blank&r=g","caption":"clm-inclusiva"},"sameAs":["http:\/\/clm-inclusiva.org"],"url":"https:\/\/clm-inclusiva.org\/?author=1"}]}},"_links":{"self":[{"href":"https:\/\/clm-inclusiva.org\/index.php?rest_route=\/wp\/v2\/posts\/3636"}],"collection":[{"href":"https:\/\/clm-inclusiva.org\/index.php?rest_route=\/wp\/v2\/posts"}],"about":[{"href":"https:\/\/clm-inclusiva.org\/index.php?rest_route=\/wp\/v2\/types\/post"}],"author":[{"embeddable":true,"href":"https:\/\/clm-inclusiva.org\/index.php?rest_route=\/wp\/v2\/users\/1"}],"replies":[{"embeddable":true,"href":"https:\/\/clm-inclusiva.org\/index.php?rest_route=%2Fwp%2Fv2%2Fcomments&post=3636"}],"version-history":[{"count":8,"href":"https:\/\/clm-inclusiva.org\/index.php?rest_route=\/wp\/v2\/posts\/3636\/revisions"}],"predecessor-version":[{"id":3650,"href":"https:\/\/clm-inclusiva.org\/index.php?rest_route=\/wp\/v2\/posts\/3636\/revisions\/3650"}],"wp:featuredmedia":[{"embeddable":true,"href":"https:\/\/clm-inclusiva.org\/index.php?rest_route=\/wp\/v2\/media\/3649"}],"wp:attachment":[{"href":"https:\/\/clm-inclusiva.org\/index.php?rest_route=%2Fwp%2Fv2%2Fmedia&parent=3636"}],"wp:term":[{"taxonomy":"category","embeddable":true,"href":"https:\/\/clm-inclusiva.org\/index.php?rest_route=%2Fwp%2Fv2%2Fcategories&post=3636"},{"taxonomy":"post_tag","embeddable":true,"href":"https:\/\/clm-inclusiva.org\/index.php?rest_route=%2Fwp%2Fv2%2Ftags&post=3636"}],"curies":[{"name":"wp","href":"https:\/\/api.w.org\/{rel}","templated":true}]}}