{"id":363,"date":"2019-03-07T11:35:12","date_gmt":"2019-03-07T11:35:12","guid":{"rendered":"http:\/\/clm-inclusiva.org\/?p=363"},"modified":"2019-06-29T09:45:10","modified_gmt":"2019-06-29T07:45:10","slug":"aidiscam-insta-a-podemos-a-colaborar-en-la-modificacion-de-la-ley-de-empleo-de-c-lm","status":"publish","type":"post","link":"https:\/\/clm-inclusiva.org\/?p=363","title":{"rendered":"AIDISCAM insta a podemos a colaborar en la modificaci\u00f3n de la ley de empleo de C-LM"},"content":{"rendered":"<p>[et_pb_section fb_built=&#8221;1&#8243; _builder_version=&#8221;3.22.4&#8243; custom_padding=&#8221;0px||2px|||&#8221;][et_pb_row custom_padding=&#8221;|||||&#8221; custom_margin=&#8221;|||||&#8221; _builder_version=&#8221;3.25&#8243; background_size=&#8221;initial&#8221; background_position=&#8221;top_left&#8221; background_repeat=&#8221;repeat&#8221;][et_pb_column type=&#8221;4_4&#8243; _builder_version=&#8221;3.25&#8243; custom_padding=&#8221;|||&#8221; custom_padding__hover=&#8221;|||&#8221;][et_pb_text admin_label=&#8221;Text&#8221; _builder_version=&#8221;3.22.4&#8243; text_font=&#8221;||||||||&#8221; background_size=&#8221;initial&#8221; background_position=&#8221;top_left&#8221; background_repeat=&#8221;repeat&#8221; text_orientation=&#8221;justified&#8221;]<\/p>\n<p>Toledo, 7 de marzo de 2019<\/p>\n<p><a class=\"fancyboxforwp\" href=\"https:\/\/i1.wp.com\/aidiscam.org\/wp-content\/uploads\/2019\/03\/IMG_20190305_134720.jpg\" data-fancybox=\"gallery\"><img decoding=\"async\" loading=\"lazy\" class=\"alignleft size-full wp-image-2251\" src=\"https:\/\/i1.wp.com\/aidiscam.org\/wp-content\/uploads\/2019\/03\/IMG_20190305_134720.jpg?resize=1024%2C768\" sizes=\"(max-width: 1000px) 100vw, 1000px\" alt=\"\" width=\"723\" height=\"542\" data-large-file=\"https:\/\/i1.wp.com\/aidiscam.org\/wp-content\/uploads\/2019\/03\/IMG_20190305_134720.jpg?fit=1024%2C768\" data-medium-file=\"https:\/\/i1.wp.com\/aidiscam.org\/wp-content\/uploads\/2019\/03\/IMG_20190305_134720.jpg?fit=300%2C225\" data-image-description=\"\" data-image-title=\"IMG_20190305_134720\" data-image-meta=\"{&quot;aperture&quot;:&quot;1.9&quot;,&quot;credit&quot;:&quot;&quot;,&quot;camera&quot;:&quot;POCOPHONE F1&quot;,&quot;caption&quot;:&quot;&quot;,&quot;created_timestamp&quot;:&quot;1551793639&quot;,&quot;copyright&quot;:&quot;&quot;,&quot;focal_length&quot;:&quot;3.94&quot;,&quot;iso&quot;:&quot;353&quot;,&quot;shutter_speed&quot;:&quot;0.01&quot;,&quot;title&quot;:&quot;&quot;,&quot;orientation&quot;:&quot;1&quot;}\" data-comments-opened=\"1\" data-orig-size=\"4032,3024\" data-orig-file=\"https:\/\/i1.wp.com\/aidiscam.org\/wp-content\/uploads\/2019\/03\/IMG_20190305_134720.jpg?fit=4032%2C3024\" data-permalink=\"http:\/\/aidiscam.org\/2019\/03\/07\/aidiscam-insta-a-podemos-a-colaborar-en-la-modificacion-de-la-ley-de-empleo-de-c-lm\/img_20190305_134720\/\" data-attachment-id=\"2251\" \/><\/a><\/p>\n<p>La Asociaci\u00f3n para la integraci\u00f3n de personas con discapacidad de Castilla-La Mancha (AIDISCAM) ha pedido a Podemos que colabore para que se modifique la normativa regional contenida en el cap\u00edtulo II de la Ley 4\/2011 del Empleo P\u00fablico de Castilla-La Mancha para que se adapte al Real Decreto 2271\/2004 que regula el acceso al empleo p\u00fablico y la provisi\u00f3n de puestos de trabajo de las personas con discapacidad.<br \/> As\u00ed se lo ha hecho saber el presidente de AIDISCAM, Jos\u00e9 Antonio L\u00f3pez, y la responsable de relaciones institucionales de AIDISCAM, Llanos Beneyto, al actual secretario general de Podemos en Castilla-La Mancha y vicepresidente segundo del Gobierno regional, Jos\u00e9 Garc\u00eda Molina, en una reuni\u00f3n.<br \/> AIDISCAM ha realizado esta petici\u00f3n a la formaci\u00f3n morada debido a que en la actualidad se pueden estar perdiendo multitud de empleos p\u00fablicos para personas con discapacidad en Castilla-La Mancha al no modificarse la Ley de Empleo.<br \/> En este sentido, tanto el presidente como la responsable de relaciones institucionales de AIDISCAM han considerado que en la actualidad no se tiene en cuenta el principio de prevalencia o primac\u00eda del derecho comunitario con eficacia directa frente a la normativa nacional o auton\u00f3mica.<br \/> L\u00f3pez ha indicado que en algunas comunidades aut\u00f3nomas ya han adaptado su legislaci\u00f3n mientras que en Castilla-La Mancha hay diferentes legislaciones en distintos sectores p\u00fablicos de la regi\u00f3n como son los funcionarios de carrera, interinos o docentes, entre otros.<br \/> Por ello, ha trasladado a Garc\u00eda Molina el mensaje claro de que hay que normalizar la legislaci\u00f3n en Castilla-La Mancha de manera igualitaria reformando la Ley de Empleo.<br \/> Por su parte, el secretario general de Podemos en Castilla-La Mancha, Jos\u00e9 Garc\u00eda Molina, ha recogido la petici\u00f3n que le han trasladado los representantes de ADISCAM. No obstante, ha indicado que este es un primer contacto que se debe retomar m\u00e1s adelante ya que en estos momentos no se puede llevar a cabo ninguna acci\u00f3n legislativa.<br \/> Adem\u00e1s, ante la petici\u00f3n que le han realizado desde AIDISCAM, ha a\u00f1adido que \u201clo ideal ser\u00eda que haya una adaptaci\u00f3n de la Ley de Empleo\u201d mostrando as\u00ed su apoyo hacia las personas con discapacidad.<\/p>\n<p>[\/et_pb_text][et_pb_post_nav prev_text=&#8221;Anterior&#8221; next_text=&#8221;Siguiente&#8221; _builder_version=&#8221;3.22.4&#8243;][\/et_pb_post_nav][\/et_pb_column][\/et_pb_row][\/et_pb_section]<\/p>\n","protected":false},"excerpt":{"rendered":"<p>[et_pb_section fb_built=&#8221;1&#8243; _builder_version=&#8221;3.22.4&#8243; custom_padding=&#8221;0px||2px|||&#8221;][et_pb_row custom_padding=&#8221;|||||&#8221; custom_margin=&#8221;|||||&#8221; _builder_version=&#8221;3.25&#8243; background_size=&#8221;initial&#8221; background_position=&#8221;top_left&#8221; background_repeat=&#8221;repeat&#8221;][et_pb_column type=&#8221;4_4&#8243; _builder_version=&#8221;3.25&#8243; custom_padding=&#8221;|||&#8221; custom_padding__hover=&#8221;|||&#8221;][et_pb_text admin_label=&#8221;Text&#8221; _builder_version=&#8221;3.22.4&#8243; text_font=&#8221;||||||||&#8221; background_size=&#8221;initial&#8221; background_position=&#8221;top_left&#8221; background_repeat=&#8221;repeat&#8221; text_orientation=&#8221;justified&#8221;] Toledo, 7 de marzo de 2019 La Asociaci\u00f3n para la integraci\u00f3n de personas con discapacidad de Castilla-La Mancha (AIDISCAM) ha pedido a Podemos que colabore para que se modifique la normativa regional contenida en [&hellip;]<\/p>\n","protected":false},"author":1,"featured_media":364,"comment_status":"closed","ping_status":"closed","sticky":false,"template":"","format":"standard","meta":{"_et_pb_use_builder":"on","_et_pb_old_content":"\t\t\t\t\r\n\t\t\t\tToledo, 7 de marzo de 2019\r\n\r\n<a class=\"fancyboxforwp\" href=\"https:\/\/i1.wp.com\/aidiscam.org\/wp-content\/uploads\/2019\/03\/IMG_20190305_134720.jpg\" data-fancybox=\"gallery\"><img class=\"alignleft size-full wp-image-2251\" src=\"https:\/\/i1.wp.com\/aidiscam.org\/wp-content\/uploads\/2019\/03\/IMG_20190305_134720.jpg?resize=1024%2C768\" sizes=\"(max-width: 1000px) 100vw, 1000px\" alt=\"\" width=\"723\" height=\"542\" data-large-file=\"https:\/\/i1.wp.com\/aidiscam.org\/wp-content\/uploads\/2019\/03\/IMG_20190305_134720.jpg?fit=1024%2C768\" data-medium-file=\"https:\/\/i1.wp.com\/aidiscam.org\/wp-content\/uploads\/2019\/03\/IMG_20190305_134720.jpg?fit=300%2C225\" data-image-description=\"\" data-image-title=\"IMG_20190305_134720\" data-image-meta=\"{\"aperture\":\"1.9\",\"credit\":\"\",\"camera\":\"POCOPHONE F1\",\"caption\":\"\",\"created_timestamp\":\"1551793639\",\"copyright\":\"\",\"focal_length\":\"3.94\",\"iso\":\"353\",\"shutter_speed\":\"0.01\",\"title\":\"\",\"orientation\":\"1\"}\" data-comments-opened=\"1\" data-orig-size=\"4032,3024\" data-orig-file=\"https:\/\/i1.wp.com\/aidiscam.org\/wp-content\/uploads\/2019\/03\/IMG_20190305_134720.jpg?fit=4032%2C3024\" data-permalink=\"http:\/\/aidiscam.org\/2019\/03\/07\/aidiscam-insta-a-podemos-a-colaborar-en-la-modificacion-de-la-ley-de-empleo-de-c-lm\/img_20190305_134720\/\" data-attachment-id=\"2251\" \/><\/a>\r\n\r\nLa Asociaci\u00f3n para la integraci\u00f3n de personas con discapacidad de Castilla-La Mancha (AIDISCAM) ha pedido a Podemos que colabore para que se modifique la normativa regional contenida en el cap\u00edtulo II de la Ley 4\/2011 del Empleo P\u00fablico de Castilla-La Mancha para que se adapte al Real Decreto 2271\/2004 que regula el acceso al empleo p\u00fablico y la provisi\u00f3n de puestos de trabajo de las personas con discapacidad.\r\nAs\u00ed se lo ha hecho saber el presidente de AIDISCAM, Jos\u00e9 Antonio L\u00f3pez, y la responsable de relaciones institucionales de AIDISCAM, Llanos Beneyto, al actual secretario general de Podemos en Castilla-La Mancha y vicepresidente segundo del Gobierno regional, Jos\u00e9 Garc\u00eda Molina, en una reuni\u00f3n.\r\nAIDISCAM ha realizado esta petici\u00f3n a la formaci\u00f3n morada debido a que en la actualidad se pueden estar perdiendo multitud de empleos p\u00fablicos para personas con discapacidad en Castilla-La Mancha al no modificarse la Ley de Empleo.\r\nEn este sentido, tanto el presidente como la responsable de relaciones institucionales de AIDISCAM han considerado que en la actualidad no se tiene en cuenta el principio de prevalencia o primac\u00eda del derecho comunitario con eficacia directa frente a la normativa nacional o auton\u00f3mica.\r\nL\u00f3pez ha indicado que en algunas comunidades aut\u00f3nomas ya han adaptado su legislaci\u00f3n mientras que en Castilla-La Mancha hay diferentes legislaciones en distintos sectores p\u00fablicos de la regi\u00f3n como son los funcionarios de carrera, interinos o docentes, entre otros.\r\nPor ello, ha trasladado a Garc\u00eda Molina el mensaje claro de que hay que normalizar la legislaci\u00f3n en Castilla-La Mancha de manera igualitaria reformando la Ley de Empleo.\r\nPor su parte, el secretario general de Podemos en Castilla-La Mancha, Jos\u00e9 Garc\u00eda Molina, ha recogido la petici\u00f3n que le han trasladado los representantes de ADISCAM. No obstante, ha indicado que este es un primer contacto que se debe retomar m\u00e1s adelante ya que en estos momentos no se puede llevar a cabo ninguna acci\u00f3n legislativa.\r\nAdem\u00e1s, ante la petici\u00f3n que le han realizado desde AIDISCAM, ha a\u00f1adido que \u201clo ideal ser\u00eda que haya una adaptaci\u00f3n de la Ley de Empleo\u201d mostrando as\u00ed su apoyo hacia las personas con discapacidad.\t\t\t\t","_et_gb_content_width":"","footnotes":""},"categories":[5],"tags":[],"yoast_head":"<!-- This site is optimized with the Yoast SEO plugin v21.3 - https:\/\/yoast.com\/wordpress\/plugins\/seo\/ -->\n<title>AIDISCAM insta a podemos a colaborar en la modificaci\u00f3n de la ley de empleo de C-LM - Clm-Inclusiva<\/title>\n<meta name=\"robots\" content=\"index, follow, max-snippet:-1, max-image-preview:large, max-video-preview:-1\" \/>\n<link rel=\"canonical\" href=\"https:\/\/clm-inclusiva.org\/?p=363\" \/>\n<meta property=\"og:locale\" content=\"es_ES\" \/>\n<meta property=\"og:type\" content=\"article\" \/>\n<meta property=\"og:title\" content=\"AIDISCAM insta a podemos a colaborar en la modificaci\u00f3n de la ley de empleo de C-LM - Clm-Inclusiva\" \/>\n<meta property=\"og:description\" content=\"[et_pb_section fb_built=&#8221;1&#8243; _builder_version=&#8221;3.22.4&#8243; custom_padding=&#8221;0px||2px|||&#8221;][et_pb_row custom_padding=&#8221;|||||&#8221; custom_margin=&#8221;|||||&#8221; _builder_version=&#8221;3.25&#8243; background_size=&#8221;initial&#8221; background_position=&#8221;top_left&#8221; background_repeat=&#8221;repeat&#8221;][et_pb_column type=&#8221;4_4&#8243; _builder_version=&#8221;3.25&#8243; custom_padding=&#8221;|||&#8221; custom_padding__hover=&#8221;|||&#8221;][et_pb_text admin_label=&#8221;Text&#8221; _builder_version=&#8221;3.22.4&#8243; text_font=&#8221;||||||||&#8221; background_size=&#8221;initial&#8221; background_position=&#8221;top_left&#8221; background_repeat=&#8221;repeat&#8221; text_orientation=&#8221;justified&#8221;] Toledo, 7 de marzo de 2019 La Asociaci\u00f3n para la integraci\u00f3n de personas con discapacidad de Castilla-La Mancha (AIDISCAM) ha pedido a Podemos que colabore para que se modifique la normativa regional contenida en [&hellip;]\" \/>\n<meta property=\"og:url\" content=\"https:\/\/clm-inclusiva.org\/?p=363\" \/>\n<meta property=\"og:site_name\" content=\"Clm-Inclusiva\" \/>\n<meta property=\"article:publisher\" content=\"https:\/\/www.facebook.com\/castillalamancha.inclusiva\/\" \/>\n<meta property=\"article:published_time\" content=\"2019-03-07T11:35:12+00:00\" \/>\n<meta property=\"article:modified_time\" content=\"2019-06-29T07:45:10+00:00\" \/>\n<meta property=\"og:image\" content=\"https:\/\/clm-inclusiva.org\/wp-content\/uploads\/2019\/03\/IMG_20190305_134720-1-1024x768.jpg\" \/>\n\t<meta property=\"og:image:width\" content=\"1024\" \/>\n\t<meta property=\"og:image:height\" content=\"768\" \/>\n\t<meta property=\"og:image:type\" content=\"image\/jpeg\" \/>\n<meta name=\"author\" content=\"clm-inclusiva\" \/>\n<meta name=\"twitter:card\" content=\"summary_large_image\" \/>\n<meta name=\"twitter:creator\" content=\"@ClmInclusiva\" \/>\n<meta name=\"twitter:site\" content=\"@ClmInclusiva\" \/>\n<meta name=\"twitter:label1\" content=\"Escrito por\" \/>\n\t<meta name=\"twitter:data1\" content=\"clm-inclusiva\" \/>\n\t<meta name=\"twitter:label2\" content=\"Tiempo de lectura\" \/>\n\t<meta name=\"twitter:data2\" content=\"2 minutos\" \/>\n<script type=\"application\/ld+json\" class=\"yoast-schema-graph\">{\"@context\":\"https:\/\/schema.org\",\"@graph\":[{\"@type\":\"Article\",\"@id\":\"https:\/\/clm-inclusiva.org\/?p=363#article\",\"isPartOf\":{\"@id\":\"https:\/\/clm-inclusiva.org\/?p=363\"},\"author\":{\"name\":\"clm-inclusiva\",\"@id\":\"https:\/\/clm-inclusiva.org\/#\/schema\/person\/0cff84aaa5bb8fd3521c55d1578d902b\"},\"headline\":\"AIDISCAM insta a podemos a colaborar en la modificaci\u00f3n de la ley de empleo de C-LM\",\"datePublished\":\"2019-03-07T11:35:12+00:00\",\"dateModified\":\"2019-06-29T07:45:10+00:00\",\"mainEntityOfPage\":{\"@id\":\"https:\/\/clm-inclusiva.org\/?p=363\"},\"wordCount\":491,\"publisher\":{\"@id\":\"https:\/\/clm-inclusiva.org\/#organization\"},\"articleSection\":[\"Discapacidad\"],\"inLanguage\":\"es\"},{\"@type\":\"WebPage\",\"@id\":\"https:\/\/clm-inclusiva.org\/?p=363\",\"url\":\"https:\/\/clm-inclusiva.org\/?p=363\",\"name\":\"AIDISCAM insta a podemos a colaborar en la modificaci\u00f3n de la ley de empleo de C-LM - Clm-Inclusiva\",\"isPartOf\":{\"@id\":\"https:\/\/clm-inclusiva.org\/#website\"},\"datePublished\":\"2019-03-07T11:35:12+00:00\",\"dateModified\":\"2019-06-29T07:45:10+00:00\",\"breadcrumb\":{\"@id\":\"https:\/\/clm-inclusiva.org\/?p=363#breadcrumb\"},\"inLanguage\":\"es\",\"potentialAction\":[{\"@type\":\"ReadAction\",\"target\":[\"https:\/\/clm-inclusiva.org\/?p=363\"]}]},{\"@type\":\"BreadcrumbList\",\"@id\":\"https:\/\/clm-inclusiva.org\/?p=363#breadcrumb\",\"itemListElement\":[{\"@type\":\"ListItem\",\"position\":1,\"name\":\"Portada\",\"item\":\"https:\/\/clm-inclusiva.org\/\"},{\"@type\":\"ListItem\",\"position\":2,\"name\":\"AIDISCAM insta a podemos a colaborar en la modificaci\u00f3n de la ley de empleo de C-LM\"}]},{\"@type\":\"WebSite\",\"@id\":\"https:\/\/clm-inclusiva.org\/#website\",\"url\":\"https:\/\/clm-inclusiva.org\/\",\"name\":\"Clm-Inclusiva\",\"description\":\"Confederaci\u00f3n de entidades de personas con discapacidad f\u00edsica y org\u00e1nica CLM\",\"publisher\":{\"@id\":\"https:\/\/clm-inclusiva.org\/#organization\"},\"potentialAction\":[{\"@type\":\"SearchAction\",\"target\":{\"@type\":\"EntryPoint\",\"urlTemplate\":\"https:\/\/clm-inclusiva.org\/?s={search_term_string}\"},\"query-input\":\"required name=search_term_string\"}],\"inLanguage\":\"es\"},{\"@type\":\"Organization\",\"@id\":\"https:\/\/clm-inclusiva.org\/#organization\",\"name\":\"Clm-Inclusiva\",\"url\":\"https:\/\/clm-inclusiva.org\/\",\"logo\":{\"@type\":\"ImageObject\",\"inLanguage\":\"es\",\"@id\":\"https:\/\/clm-inclusiva.org\/#\/schema\/logo\/image\/\",\"url\":\"http:\/\/clm-inclusiva.org\/wp-content\/uploads\/2019\/04\/banner-e1533720812836.jpg\",\"contentUrl\":\"http:\/\/clm-inclusiva.org\/wp-content\/uploads\/2019\/04\/banner-e1533720812836.jpg\",\"width\":600,\"height\":332,\"caption\":\"Clm-Inclusiva\"},\"image\":{\"@id\":\"https:\/\/clm-inclusiva.org\/#\/schema\/logo\/image\/\"},\"sameAs\":[\"https:\/\/www.facebook.com\/castillalamancha.inclusiva\/\",\"https:\/\/twitter.com\/ClmInclusiva\"]},{\"@type\":\"Person\",\"@id\":\"https:\/\/clm-inclusiva.org\/#\/schema\/person\/0cff84aaa5bb8fd3521c55d1578d902b\",\"name\":\"clm-inclusiva\",\"image\":{\"@type\":\"ImageObject\",\"inLanguage\":\"es\",\"@id\":\"https:\/\/clm-inclusiva.org\/#\/schema\/person\/image\/\",\"url\":\"https:\/\/secure.gravatar.com\/avatar\/88948567af770dc9cd5597b329011884?s=96&d=blank&r=g\",\"contentUrl\":\"https:\/\/secure.gravatar.com\/avatar\/88948567af770dc9cd5597b329011884?s=96&d=blank&r=g\",\"caption\":\"clm-inclusiva\"},\"sameAs\":[\"http:\/\/clm-inclusiva.org\"],\"url\":\"https:\/\/clm-inclusiva.org\/?author=1\"}]}<\/script>\n<!-- \/ Yoast SEO plugin. -->","yoast_head_json":{"title":"AIDISCAM insta a podemos a colaborar en la modificaci\u00f3n de la ley de empleo de C-LM - Clm-Inclusiva","robots":{"index":"index","follow":"follow","max-snippet":"max-snippet:-1","max-image-preview":"max-image-preview:large","max-video-preview":"max-video-preview:-1"},"canonical":"https:\/\/clm-inclusiva.org\/?p=363","og_locale":"es_ES","og_type":"article","og_title":"AIDISCAM insta a podemos a colaborar en la modificaci\u00f3n de la ley de empleo de C-LM - Clm-Inclusiva","og_description":"[et_pb_section fb_built=&#8221;1&#8243; _builder_version=&#8221;3.22.4&#8243; custom_padding=&#8221;0px||2px|||&#8221;][et_pb_row custom_padding=&#8221;|||||&#8221; custom_margin=&#8221;|||||&#8221; _builder_version=&#8221;3.25&#8243; background_size=&#8221;initial&#8221; background_position=&#8221;top_left&#8221; background_repeat=&#8221;repeat&#8221;][et_pb_column type=&#8221;4_4&#8243; _builder_version=&#8221;3.25&#8243; custom_padding=&#8221;|||&#8221; custom_padding__hover=&#8221;|||&#8221;][et_pb_text admin_label=&#8221;Text&#8221; _builder_version=&#8221;3.22.4&#8243; text_font=&#8221;||||||||&#8221; background_size=&#8221;initial&#8221; background_position=&#8221;top_left&#8221; background_repeat=&#8221;repeat&#8221; text_orientation=&#8221;justified&#8221;] Toledo, 7 de marzo de 2019 La Asociaci\u00f3n para la integraci\u00f3n de personas con discapacidad de Castilla-La Mancha (AIDISCAM) ha pedido a Podemos que colabore para que se modifique la normativa regional contenida en [&hellip;]","og_url":"https:\/\/clm-inclusiva.org\/?p=363","og_site_name":"Clm-Inclusiva","article_publisher":"https:\/\/www.facebook.com\/castillalamancha.inclusiva\/","article_published_time":"2019-03-07T11:35:12+00:00","article_modified_time":"2019-06-29T07:45:10+00:00","og_image":[{"width":1024,"height":768,"url":"https:\/\/clm-inclusiva.org\/wp-content\/uploads\/2019\/03\/IMG_20190305_134720-1-1024x768.jpg","type":"image\/jpeg"}],"author":"clm-inclusiva","twitter_card":"summary_large_image","twitter_creator":"@ClmInclusiva","twitter_site":"@ClmInclusiva","twitter_misc":{"Escrito por":"clm-inclusiva","Tiempo de lectura":"2 minutos"},"schema":{"@context":"https:\/\/schema.org","@graph":[{"@type":"Article","@id":"https:\/\/clm-inclusiva.org\/?p=363#article","isPartOf":{"@id":"https:\/\/clm-inclusiva.org\/?p=363"},"author":{"name":"clm-inclusiva","@id":"https:\/\/clm-inclusiva.org\/#\/schema\/person\/0cff84aaa5bb8fd3521c55d1578d902b"},"headline":"AIDISCAM insta a podemos a colaborar en la modificaci\u00f3n de la ley de empleo de C-LM","datePublished":"2019-03-07T11:35:12+00:00","dateModified":"2019-06-29T07:45:10+00:00","mainEntityOfPage":{"@id":"https:\/\/clm-inclusiva.org\/?p=363"},"wordCount":491,"publisher":{"@id":"https:\/\/clm-inclusiva.org\/#organization"},"articleSection":["Discapacidad"],"inLanguage":"es"},{"@type":"WebPage","@id":"https:\/\/clm-inclusiva.org\/?p=363","url":"https:\/\/clm-inclusiva.org\/?p=363","name":"AIDISCAM insta a podemos a colaborar en la modificaci\u00f3n de la ley de empleo de C-LM - Clm-Inclusiva","isPartOf":{"@id":"https:\/\/clm-inclusiva.org\/#website"},"datePublished":"2019-03-07T11:35:12+00:00","dateModified":"2019-06-29T07:45:10+00:00","breadcrumb":{"@id":"https:\/\/clm-inclusiva.org\/?p=363#breadcrumb"},"inLanguage":"es","potentialAction":[{"@type":"ReadAction","target":["https:\/\/clm-inclusiva.org\/?p=363"]}]},{"@type":"BreadcrumbList","@id":"https:\/\/clm-inclusiva.org\/?p=363#breadcrumb","itemListElement":[{"@type":"ListItem","position":1,"name":"Portada","item":"https:\/\/clm-inclusiva.org\/"},{"@type":"ListItem","position":2,"name":"AIDISCAM insta a podemos a colaborar en la modificaci\u00f3n de la ley de empleo de C-LM"}]},{"@type":"WebSite","@id":"https:\/\/clm-inclusiva.org\/#website","url":"https:\/\/clm-inclusiva.org\/","name":"Clm-Inclusiva","description":"Confederaci\u00f3n de entidades de personas con discapacidad f\u00edsica y org\u00e1nica CLM","publisher":{"@id":"https:\/\/clm-inclusiva.org\/#organization"},"potentialAction":[{"@type":"SearchAction","target":{"@type":"EntryPoint","urlTemplate":"https:\/\/clm-inclusiva.org\/?s={search_term_string}"},"query-input":"required name=search_term_string"}],"inLanguage":"es"},{"@type":"Organization","@id":"https:\/\/clm-inclusiva.org\/#organization","name":"Clm-Inclusiva","url":"https:\/\/clm-inclusiva.org\/","logo":{"@type":"ImageObject","inLanguage":"es","@id":"https:\/\/clm-inclusiva.org\/#\/schema\/logo\/image\/","url":"http:\/\/clm-inclusiva.org\/wp-content\/uploads\/2019\/04\/banner-e1533720812836.jpg","contentUrl":"http:\/\/clm-inclusiva.org\/wp-content\/uploads\/2019\/04\/banner-e1533720812836.jpg","width":600,"height":332,"caption":"Clm-Inclusiva"},"image":{"@id":"https:\/\/clm-inclusiva.org\/#\/schema\/logo\/image\/"},"sameAs":["https:\/\/www.facebook.com\/castillalamancha.inclusiva\/","https:\/\/twitter.com\/ClmInclusiva"]},{"@type":"Person","@id":"https:\/\/clm-inclusiva.org\/#\/schema\/person\/0cff84aaa5bb8fd3521c55d1578d902b","name":"clm-inclusiva","image":{"@type":"ImageObject","inLanguage":"es","@id":"https:\/\/clm-inclusiva.org\/#\/schema\/person\/image\/","url":"https:\/\/secure.gravatar.com\/avatar\/88948567af770dc9cd5597b329011884?s=96&d=blank&r=g","contentUrl":"https:\/\/secure.gravatar.com\/avatar\/88948567af770dc9cd5597b329011884?s=96&d=blank&r=g","caption":"clm-inclusiva"},"sameAs":["http:\/\/clm-inclusiva.org"],"url":"https:\/\/clm-inclusiva.org\/?author=1"}]}},"_links":{"self":[{"href":"https:\/\/clm-inclusiva.org\/index.php?rest_route=\/wp\/v2\/posts\/363"}],"collection":[{"href":"https:\/\/clm-inclusiva.org\/index.php?rest_route=\/wp\/v2\/posts"}],"about":[{"href":"https:\/\/clm-inclusiva.org\/index.php?rest_route=\/wp\/v2\/types\/post"}],"author":[{"embeddable":true,"href":"https:\/\/clm-inclusiva.org\/index.php?rest_route=\/wp\/v2\/users\/1"}],"replies":[{"embeddable":true,"href":"https:\/\/clm-inclusiva.org\/index.php?rest_route=%2Fwp%2Fv2%2Fcomments&post=363"}],"version-history":[{"count":3,"href":"https:\/\/clm-inclusiva.org\/index.php?rest_route=\/wp\/v2\/posts\/363\/revisions"}],"predecessor-version":[{"id":2602,"href":"https:\/\/clm-inclusiva.org\/index.php?rest_route=\/wp\/v2\/posts\/363\/revisions\/2602"}],"wp:featuredmedia":[{"embeddable":true,"href":"https:\/\/clm-inclusiva.org\/index.php?rest_route=\/wp\/v2\/media\/364"}],"wp:attachment":[{"href":"https:\/\/clm-inclusiva.org\/index.php?rest_route=%2Fwp%2Fv2%2Fmedia&parent=363"}],"wp:term":[{"taxonomy":"category","embeddable":true,"href":"https:\/\/clm-inclusiva.org\/index.php?rest_route=%2Fwp%2Fv2%2Fcategories&post=363"},{"taxonomy":"post_tag","embeddable":true,"href":"https:\/\/clm-inclusiva.org\/index.php?rest_route=%2Fwp%2Fv2%2Ftags&post=363"}],"curies":[{"name":"wp","href":"https:\/\/api.w.org\/{rel}","templated":true}]}}