{"id":3573,"date":"2020-01-08T09:51:45","date_gmt":"2020-01-08T07:51:45","guid":{"rendered":"http:\/\/clm-inclusiva.org\/?p=3573"},"modified":"2020-01-08T10:11:47","modified_gmt":"2020-01-08T08:11:47","slug":"cocemfe-pide-al-nuevo-gobierno-que-garantice-los-derechos-y-la-participacion-de-todas-las-personas-con-discapacidad","status":"publish","type":"post","link":"https:\/\/clm-inclusiva.org\/?p=3573","title":{"rendered":"COCEMFE pide al nuevo Gobierno que garantice los derechos y la participaci\u00f3n de todas las personas con discapacidad"},"content":{"rendered":"<p>[et_pb_section fb_built=&#8221;1&#8243; _builder_version=&#8221;4.0.4&#8243; custom_padding=&#8221;0px||2px|||&#8221;][et_pb_row _builder_version=&#8221;3.25&#8243; background_size=&#8221;initial&#8221; background_position=&#8221;top_left&#8221; background_repeat=&#8221;repeat&#8221; custom_margin=&#8221;|||||&#8221; custom_padding=&#8221;|||||&#8221;][et_pb_column type=&#8221;4_4&#8243; _builder_version=&#8221;3.25&#8243; custom_padding=&#8221;|||&#8221; custom_padding__hover=&#8221;|||&#8221;][et_pb_text admin_label=&#8221;Noticia&#8221; _builder_version=&#8221;4.0.11&#8243; text_font=&#8221;||||||||&#8221; background_size=&#8221;initial&#8221; background_position=&#8221;top_left&#8221; background_repeat=&#8221;repeat&#8221; text_orientation=&#8221;justified&#8221; min_height=&#8221;711px&#8221; custom_margin=&#8221;||||false|false&#8221; custom_padding=&#8221;|||||&#8221; hover_enabled=&#8221;0&#8243;]<\/p>\n<div class=\"post-meta date-color\">\n<div class=\"entry-meta single-post-meta clearfix gem-post-date\">\n<div class=\"post-meta-left\"><span class=\"post-meta-categories\"><a title=\"Ver noticias: COCEMFE\" href=\"https:\/\/www.cocemfe.es\/informate\/noticias\/category\/cocemfe\/\">COCEMFE<\/a><\/span>\u00a0\u00a0<span class=\"post-meta-date\">7 enero, 2020<\/span><\/div>\n<\/div>\n<\/div>\n<p>Con motivo de la investidura de Pedro S\u00e1nchez como presidente del Gobierno, la Confederaci\u00f3n Espa\u00f1ola de Personas con Discapacidad F\u00edsica y Org\u00e1nica (COCEMFE) se pone a disposici\u00f3n del nuevo Ejecutivo para contribuir a que todas las administraciones p\u00fablicas garanticen los derechos de todas las personas con discapacidad y su plena participaci\u00f3n en igualdad de condiciones en todos los aspectos de la vida.<\/p>\n<p>COCEMFE quiere hacer hincapi\u00e9 en la importancia de que el Gobierno se vuelque en promover el cumplimiento de la normativa nacional, la Convenci\u00f3n sobre los Derechos de las Personas con Discapacidad y la Agenda 2030 de Naciones Unidas, contando en todo momento con la participaci\u00f3n de las personas con discapacidad y su movimiento asociativo.<\/p>\n<p>\u201cLa legislaci\u00f3n que recoge los derechos de las personas con discapacidad tiene que tener el mismo peso que el resto del ordenamiento jur\u00eddico, estableciendo los mecanismos necesarios para que todos los horizontes que se van marcando se cumplan una vez llegada la fecha\u201d, afirma el presidente de COCEMFE, Anxo Queiruga, quien asevera que \u201cel nuevo Gobierno, y cualquier Administraci\u00f3n, tiene que ocuparse tambi\u00e9n de que no se produzca ning\u00fan retroceso y de establecer un marco normativo y financiero que consolide el ejercicio de derechos y el acceso a las prestaciones, con independencia de la situaci\u00f3n pol\u00edtica del momento\u201d.<\/p>\n<p>La entidad considera que nuestro pa\u00eds tiene importantes retos legislativos pendientes de aprobaci\u00f3n para avanzar en la igualdad de oportunidades de las personas con discapacidad, teniendo como marco de referencia que vivimos en una sociedad diversa e inclusiva, lo que implica que todas las pol\u00edticas deben estar basadas en esa concepci\u00f3n de la sociedad.<\/p>\n<p>\u201cTenemos que tener todas las posibilidades de alcanzar una autonom\u00eda plena y, para ello, es fundamental que el Gobierno garantice nuestro acceso a la sanidad universal y a todos los tratamientos necesarios para la protecci\u00f3n de nuestra salud y que legisle, de una vez por todas, la figura de la asistencia personal, un apoyo que surgi\u00f3 del movimiento asociativo para las personas con discapacidad f\u00edsica con un mayor nivel de dependencia y que despu\u00e9s de 13 a\u00f1os en nuestro ordenamiento jur\u00eddico sigue en el limbo\u201d, apunta Queiruga.<\/p>\n<p>De igual modo, las exenciones de copago para personas con discapacidad menores de 18 a\u00f1os previstas en el acuerdo de Gobierno de PSOE y Unidas Podemos, deber\u00edan extenderse a todas las personas con discapacidad, y las mejoras anunciadas por ambas formaciones para la prestaci\u00f3n ortoprot\u00e9sica responder a las necesidades individuales de las personas.<\/p>\n<p>En materia de inclusi\u00f3n laboral, COCEMFE apuesta por una nueva ley de empleo que garantice el acceso al mercado laboral en igualdad de condiciones e instaure un nuevo modelo que armonice todas las medidas existentes e incluya mejoras como una cuota de reserva en las medianas empresas y un aumento proporcional de la cuota de las grandes empresas en funci\u00f3n del n\u00famero de trabajadores en plantilla.<\/p>\n<p>Adem\u00e1s, \u201cel sistema educativo debe transformarse\u201d, a juicio de Queiruga, para \u201csuperar el actual modelo integrador y pasar al modelo de la inclusi\u00f3n que garantiza el derecho del alumnado con discapacidad a una educaci\u00f3n inclusiva, de calidad y en un \u00fanico sistema, donde la escolarizaci\u00f3n se realiza en centros ordinarios, que a su vez disponen de los recursos necesarios para atender la diversidad de las personas\u201d.<\/p>\n<p>En pleno a\u00f1o 2020, sigue habiendo m\u00e1s de 100.000 personas con movilidad reducida que no pueden salir de sus propias casas. Por eso, COCEMFE reivindica la modificaci\u00f3n de la Ley de Propiedad Horizontal para que sea obligatorio realizar las obras de accesibilidad en los edificios de viviendas y espera que el Plan Estatal para la Rehabilitaci\u00f3n de Viviendas, recogido en el acuerdo de Gobierno, proporcione la financiaci\u00f3n p\u00fablica suficiente para que la responsabilidad de garantizar la movilidad de las personas no recaiga en la ciudadan\u00eda.<\/p>\n<p>Con objeto de que todas las personas con discapacidad tengan el mismo reconocimiento y ejercicio de derechos, COCEMFE espera que el nuevo Gobierno proporcione una atenci\u00f3n prioritaria a la discapacidad org\u00e1nica, empezando por la aprobaci\u00f3n de un nuevo baremo de reconocimiento del grado de discapacidad que sea equitativo, justo y cumpla con los criterios de la Clasificaci\u00f3n Internacional del Funcionamiento, de la Discapacidad y de la Salud (CIF).<\/p>\n<p>\u201cPara conseguir nuestra inclusi\u00f3n social plena tambi\u00e9n es necesario un cambio cultural profundo que conciba a las personas con discapacidad desde una visi\u00f3n de derechos humanos, sin paternalismos y comprendiendo que tenemos los mismos derechos y obligaciones que cualquiera\u201d, afirma Queiruga. Como parte de este cambio cultural nos encontramos tambi\u00e9n con la necesidad de una correcta utilizaci\u00f3n del lenguaje para referirnos a nuestro grupo social ya que el lenguaje no es inocuo, por lo que pedimos encarecidamente se utilice el t\u00e9rmino \u201cpersonas con discapacidad\u201d, recogido en la Convenci\u00f3n sobre los Derechos de las Personas con Discapacidad y en el ordenamiento jur\u00eddico espa\u00f1ol y por el que COCEMFE y su movimiento asociativo apuesta.<\/p>\n<p>\u201cLa utilizaci\u00f3n de otra terminolog\u00eda, como diversidad funcional, genera confusi\u00f3n, inseguridad jur\u00eddica y rebaja la protecci\u00f3n que todav\u00eda es necesaria. La diversidad es aplicable a todas las personas, por tanto, adem\u00e1s de ser ambiguo, hace invisible a nuestro grupo social y oculta su realidad\u201d, concluye el presidente de COCEMFE.<\/p>\n<div class=\"at-below-post addthis_tool\" data-url=\"https:\/\/www.cocemfe.es\/informate\/noticias\/cocemfe-pide-al-nuevo-gobierno-que-garantice-los-derechos-y-la-participacion-de-todas-las-personas-con-discapacidad\/\" data-title=\"COCEMFE pide al nuevo Gobierno que garantice los derechos y la participaci\u00f3n de todas las personas con discapacidad\" data-description=\"Con motivo de la investidura de Pedro S\u00e1nchez como presidente del Gobierno, la Confederaci\u00f3n Espa\u00f1ola de Personas con Discapacidad F\u00edsica y Org\u00e1nica (COCEMFE) se pone a disposici\u00f3n del nuevo Ejecutivo para contribuir a que todas las administraciones p\u00fablicas garanticen los derechos de todas l\">\n<div id=\"atstbx\" class=\"at-resp-share-element at-style-responsive addthis-smartlayers addthis-animated at4-show\" role=\"region\" aria-labelledby=\"at-64fbb7a9-a656-4b9b-821a-556dc34e26e3\">\n<p>&nbsp;<\/p>\n<div class=\"at-share-btn-elements\">\u00a0<\/div>\n<\/div>\n<\/div>\n<p>[\/et_pb_text][et_pb_post_nav prev_text=&#8221;Anterior&#8221; next_text=&#8221;Siguiente&#8221; _builder_version=&#8221;3.22.4&#8243;][\/et_pb_post_nav][\/et_pb_column][\/et_pb_row][\/et_pb_section]<\/p>\n","protected":false},"excerpt":{"rendered":"<p>[et_pb_section fb_built=&#8221;1&#8243; _builder_version=&#8221;4.0.4&#8243; custom_padding=&#8221;0px||2px|||&#8221;][et_pb_row _builder_version=&#8221;3.25&#8243; background_size=&#8221;initial&#8221; background_position=&#8221;top_left&#8221; background_repeat=&#8221;repeat&#8221; custom_margin=&#8221;|||||&#8221; custom_padding=&#8221;|||||&#8221;][et_pb_column type=&#8221;4_4&#8243; _builder_version=&#8221;3.25&#8243; custom_padding=&#8221;|||&#8221; custom_padding__hover=&#8221;|||&#8221;][et_pb_text admin_label=&#8221;Noticia&#8221; _builder_version=&#8221;4.0.11&#8243; text_font=&#8221;||||||||&#8221; background_size=&#8221;initial&#8221; background_position=&#8221;top_left&#8221; background_repeat=&#8221;repeat&#8221; text_orientation=&#8221;justified&#8221; min_height=&#8221;711px&#8221; custom_margin=&#8221;||||false|false&#8221; custom_padding=&#8221;|||||&#8221; hover_enabled=&#8221;0&#8243;] COCEMFE\u00a0\u00a07 enero, 2020 Con motivo de la investidura de Pedro S\u00e1nchez como presidente del Gobierno, la Confederaci\u00f3n Espa\u00f1ola de Personas con Discapacidad F\u00edsica y Org\u00e1nica (COCEMFE) se pone a disposici\u00f3n [&hellip;]<\/p>\n","protected":false},"author":1,"featured_media":3575,"comment_status":"closed","ping_status":"closed","sticky":false,"template":"","format":"standard","meta":{"_et_pb_use_builder":"on","_et_pb_old_content":"<h5 style=\"text-align: justify;\">La Confederaci\u00f3n CLM Inclusiva y la asociaci\u00f3n empresarial de Centros Especiales de Empleo de COCEMFE en Castilla-La Mancha, AECEMCO CLM, han firmado un acuerdo para promover las oportunidades de formaci\u00f3n y empleo de las personas del colectivo.<\/h5>\r\n<p style=\"text-align: justify;\"><img class=\"alignnone size-full wp-image-471\" src=\"http:\/\/clm-inclusiva.org\/wp-content\/uploads\/2019\/04\/3500_fotonoticia_20190402151941_1920.jpg\" alt=\"\" width=\"670\" height=\"300\"><\/p>\r\n<p style=\"text-align: justify;\">El presidente de la confederaci\u00f3n CLM Inclusiva, Enrique Alarc\u00f3n Garc\u00eda, y el presidente de AECEMCO CLM, \u00d3scar Sillas, han rubricado este acuerdo de colaboraci\u00f3n para coordinar su labor y actuaciones de apoyo a la promoci\u00f3n de los derechos de las personas con discapacidad f\u00edsica y org\u00e1nica en Castilla-La Mancha, ha informado esta confederaci\u00f3n en nota de prensa.<\/p>\r\nEl sector empresarial promovido por las organizaciones de COCEMFE sin \u00e1nimo de lucro, integrado en AECEMCO, da empleo actualmente a m\u00e1s de 800 personas con discapacidad de todo tipo, con actividades productivas y de prestaci\u00f3n de servicios muy variados como obras, lavander\u00eda, limpieza, medioambiente, manipulados, formaci\u00f3n, etc.\r\n\r\nAmbas organizaciones que comparten valores sociales y visi\u00f3n sobre los derechos de las personas con discapacidad coordinar\u00e1n todas sus actividades para incrementar las oportunidades de formaci\u00f3n, aprendizaje en el puesto de trabajo y calidad de los mismos, tanto en empleo protegido como ordinario.\r\n\r\nDentro de las actuaciones objeto del acuerdo se pondr\u00e1 especial atenci\u00f3n a dar a conocer la normativa de reserva de empleo para personas con discapacidad, as\u00ed como el adecuado cumplimiento de las medidas alternativas, para lo que se informar\u00e1 conjuntamente a administraciones, federaciones empresariales y grandes empresas sobre las oportunidades de empleabilidad de las personas con discapacidad f\u00edsica y org\u00e1nica.\r\n\r\nCLM Inclusiva dispone actualmente de Servicio de Empleo en todas las provincias de Castilla-La Mancha, gracias al apoyo de Fundaci\u00f3n ONCE y la financiaci\u00f3n de proyectos con cargo al IRPF, que realiza labor de intermediaci\u00f3n entre personas con discapacidad demandantes de empleo y empresas, asegurando la adecuaci\u00f3n de trabajadores al puesto de trabajo e informando sobre incentivos a la contrataci\u00f3n y ajustes t\u00e9cnicos necesarios en el puesto.\r\n\r\nLa Confederaci\u00f3n regional de entidades de personas con discapacidad f\u00edsica y org\u00e1nica, Castilla-La Mancha Inclusiva, agrupa al movimiento asociativo de COCEMFE en la Regi\u00f3n, con casi un centenar de entidades que representan en torno a 10.000 personas con discapacidad.\r\n\r\nActualmente se encuentra compuesta por cinco federaciones provinciales, COCEMFE Albacete, COCEMFE Cuenca, COCEMFE Guadalajara, COCEMFE Toledo y Ciudad Real Inclusiva, las entidades regionales AFANION, Federaci\u00f3n LUNA CLM de mujeres con discapacidad, AIDISCAM, y la asociaci\u00f3n nacional AMIAB.","_et_gb_content_width":"","footnotes":""},"categories":[2,3,39,47,5,44,8,41],"tags":[52],"yoast_head":"<!-- This site is optimized with the Yoast SEO plugin v21.3 - https:\/\/yoast.com\/wordpress\/plugins\/seo\/ -->\n<title>COCEMFE pide al nuevo Gobierno que garantice los derechos y la participaci\u00f3n de todas las personas con discapacidad - Clm-Inclusiva<\/title>\n<meta name=\"robots\" content=\"index, follow, max-snippet:-1, max-image-preview:large, max-video-preview:-1\" \/>\n<link rel=\"canonical\" href=\"https:\/\/clm-inclusiva.org\/?p=3573\" \/>\n<meta property=\"og:locale\" content=\"es_ES\" \/>\n<meta property=\"og:type\" content=\"article\" \/>\n<meta property=\"og:title\" content=\"CLM-INCLUSIVA COCEMFE Y LA ASOCIACI\u00d3N DE PERSONAS CON DISCAPACIDAD, FAMILIARES Y AMIGOS DE CALZADA DE CALATRAVA, CELEBRAN SU D\u00cdA INTERNACIONAL.\" \/>\n<meta property=\"og:description\" content=\"[et_pb_section fb_built=&#8221;1&#8243; _builder_version=&#8221;4.0.4&#8243; custom_padding=&#8221;0px||2px|||&#8221;][et_pb_row _builder_version=&#8221;3.25&#8243; background_size=&#8221;initial&#8221; background_position=&#8221;top_left&#8221; background_repeat=&#8221;repeat&#8221; custom_margin=&#8221;|||||&#8221; custom_padding=&#8221;|||||&#8221;][et_pb_column type=&#8221;4_4&#8243; _builder_version=&#8221;3.25&#8243; custom_padding=&#8221;|||&#8221; custom_padding__hover=&#8221;|||&#8221;][et_pb_text admin_label=&#8221;Noticia&#8221; _builder_version=&#8221;4.0.11&#8243; text_font=&#8221;||||||||&#8221; background_size=&#8221;initial&#8221; background_position=&#8221;top_left&#8221; background_repeat=&#8221;repeat&#8221; text_orientation=&#8221;justified&#8221; min_height=&#8221;711px&#8221; custom_margin=&#8221;||||false|false&#8221; custom_padding=&#8221;|||||&#8221; hover_enabled=&#8221;0&#8243;] COCEMFE\u00a0\u00a07 enero, 2020 Con motivo de la investidura de Pedro S\u00e1nchez como presidente del Gobierno, la Confederaci\u00f3n Espa\u00f1ola de Personas con Discapacidad F\u00edsica y Org\u00e1nica (COCEMFE) se pone a disposici\u00f3n [&hellip;]\" \/>\n<meta property=\"og:url\" content=\"https:\/\/clm-inclusiva.org\/?p=3573\" \/>\n<meta property=\"og:site_name\" content=\"Clm-Inclusiva\" \/>\n<meta property=\"article:publisher\" content=\"https:\/\/www.facebook.com\/castillalamancha.inclusiva\/\" \/>\n<meta property=\"article:published_time\" content=\"2020-01-08T07:51:45+00:00\" \/>\n<meta property=\"article:modified_time\" content=\"2020-01-08T08:11:47+00:00\" \/>\n<meta property=\"og:image\" content=\"https:\/\/clm-inclusiva.org\/wp-content\/uploads\/2019\/12\/IMG-20191202-WA0001.jpg\" \/>\n\t<meta property=\"og:image:width\" content=\"1698\" \/>\n\t<meta property=\"og:image:height\" content=\"1150\" \/>\n\t<meta property=\"og:image:type\" content=\"image\/jpeg\" \/>\n<meta name=\"author\" content=\"clm-inclusiva\" \/>\n<meta name=\"twitter:card\" content=\"summary_large_image\" \/>\n<meta name=\"twitter:image\" content=\"https:\/\/clm-inclusiva.org\/wp-content\/uploads\/2019\/11\/imagen.jpeg\" \/>\n<meta name=\"twitter:creator\" content=\"@ClmInclusiva\" \/>\n<meta name=\"twitter:site\" content=\"@ClmInclusiva\" \/>\n<meta name=\"twitter:label1\" content=\"Escrito por\" \/>\n\t<meta name=\"twitter:data1\" content=\"clm-inclusiva\" \/>\n\t<meta name=\"twitter:label2\" content=\"Tiempo de lectura\" \/>\n\t<meta name=\"twitter:data2\" content=\"5 minutos\" \/>\n<script type=\"application\/ld+json\" class=\"yoast-schema-graph\">{\"@context\":\"https:\/\/schema.org\",\"@graph\":[{\"@type\":\"Article\",\"@id\":\"https:\/\/clm-inclusiva.org\/?p=3573#article\",\"isPartOf\":{\"@id\":\"https:\/\/clm-inclusiva.org\/?p=3573\"},\"author\":{\"name\":\"clm-inclusiva\",\"@id\":\"https:\/\/clm-inclusiva.org\/#\/schema\/person\/0cff84aaa5bb8fd3521c55d1578d902b\"},\"headline\":\"COCEMFE pide al nuevo Gobierno que garantice los derechos y la participaci\u00f3n de todas las personas con discapacidad\",\"datePublished\":\"2020-01-08T07:51:45+00:00\",\"dateModified\":\"2020-01-08T08:11:47+00:00\",\"mainEntityOfPage\":{\"@id\":\"https:\/\/clm-inclusiva.org\/?p=3573\"},\"wordCount\":1039,\"publisher\":{\"@id\":\"https:\/\/clm-inclusiva.org\/#organization\"},\"keywords\":[\"Ciudad Real\"],\"articleSection\":[\"Accesibilidad\",\"Ayudas\",\"Bienestar social\",\"cocemfe\",\"Discapacidad\",\"Politica social\",\"Sociedad\",\"Tercer sector\"],\"inLanguage\":\"es\"},{\"@type\":\"WebPage\",\"@id\":\"https:\/\/clm-inclusiva.org\/?p=3573\",\"url\":\"https:\/\/clm-inclusiva.org\/?p=3573\",\"name\":\"COCEMFE pide al nuevo Gobierno que garantice los derechos y la participaci\u00f3n de todas las personas con discapacidad - Clm-Inclusiva\",\"isPartOf\":{\"@id\":\"https:\/\/clm-inclusiva.org\/#website\"},\"datePublished\":\"2020-01-08T07:51:45+00:00\",\"dateModified\":\"2020-01-08T08:11:47+00:00\",\"breadcrumb\":{\"@id\":\"https:\/\/clm-inclusiva.org\/?p=3573#breadcrumb\"},\"inLanguage\":\"es\",\"potentialAction\":[{\"@type\":\"ReadAction\",\"target\":[\"https:\/\/clm-inclusiva.org\/?p=3573\"]}]},{\"@type\":\"BreadcrumbList\",\"@id\":\"https:\/\/clm-inclusiva.org\/?p=3573#breadcrumb\",\"itemListElement\":[{\"@type\":\"ListItem\",\"position\":1,\"name\":\"Portada\",\"item\":\"https:\/\/clm-inclusiva.org\/\"},{\"@type\":\"ListItem\",\"position\":2,\"name\":\"COCEMFE pide al nuevo Gobierno que garantice los derechos y la participaci\u00f3n de todas las personas con discapacidad\"}]},{\"@type\":\"WebSite\",\"@id\":\"https:\/\/clm-inclusiva.org\/#website\",\"url\":\"https:\/\/clm-inclusiva.org\/\",\"name\":\"Clm-Inclusiva\",\"description\":\"Confederaci\u00f3n de entidades de personas con discapacidad f\u00edsica y org\u00e1nica CLM\",\"publisher\":{\"@id\":\"https:\/\/clm-inclusiva.org\/#organization\"},\"potentialAction\":[{\"@type\":\"SearchAction\",\"target\":{\"@type\":\"EntryPoint\",\"urlTemplate\":\"https:\/\/clm-inclusiva.org\/?s={search_term_string}\"},\"query-input\":\"required name=search_term_string\"}],\"inLanguage\":\"es\"},{\"@type\":\"Organization\",\"@id\":\"https:\/\/clm-inclusiva.org\/#organization\",\"name\":\"Clm-Inclusiva\",\"url\":\"https:\/\/clm-inclusiva.org\/\",\"logo\":{\"@type\":\"ImageObject\",\"inLanguage\":\"es\",\"@id\":\"https:\/\/clm-inclusiva.org\/#\/schema\/logo\/image\/\",\"url\":\"http:\/\/clm-inclusiva.org\/wp-content\/uploads\/2019\/04\/banner-e1533720812836.jpg\",\"contentUrl\":\"http:\/\/clm-inclusiva.org\/wp-content\/uploads\/2019\/04\/banner-e1533720812836.jpg\",\"width\":600,\"height\":332,\"caption\":\"Clm-Inclusiva\"},\"image\":{\"@id\":\"https:\/\/clm-inclusiva.org\/#\/schema\/logo\/image\/\"},\"sameAs\":[\"https:\/\/www.facebook.com\/castillalamancha.inclusiva\/\",\"https:\/\/twitter.com\/ClmInclusiva\"]},{\"@type\":\"Person\",\"@id\":\"https:\/\/clm-inclusiva.org\/#\/schema\/person\/0cff84aaa5bb8fd3521c55d1578d902b\",\"name\":\"clm-inclusiva\",\"image\":{\"@type\":\"ImageObject\",\"inLanguage\":\"es\",\"@id\":\"https:\/\/clm-inclusiva.org\/#\/schema\/person\/image\/\",\"url\":\"https:\/\/secure.gravatar.com\/avatar\/88948567af770dc9cd5597b329011884?s=96&d=blank&r=g\",\"contentUrl\":\"https:\/\/secure.gravatar.com\/avatar\/88948567af770dc9cd5597b329011884?s=96&d=blank&r=g\",\"caption\":\"clm-inclusiva\"},\"sameAs\":[\"http:\/\/clm-inclusiva.org\"],\"url\":\"https:\/\/clm-inclusiva.org\/?author=1\"}]}<\/script>\n<!-- \/ Yoast SEO plugin. -->","yoast_head_json":{"title":"COCEMFE pide al nuevo Gobierno que garantice los derechos y la participaci\u00f3n de todas las personas con discapacidad - Clm-Inclusiva","robots":{"index":"index","follow":"follow","max-snippet":"max-snippet:-1","max-image-preview":"max-image-preview:large","max-video-preview":"max-video-preview:-1"},"canonical":"https:\/\/clm-inclusiva.org\/?p=3573","og_locale":"es_ES","og_type":"article","og_title":"CLM-INCLUSIVA COCEMFE Y LA ASOCIACI\u00d3N DE PERSONAS CON DISCAPACIDAD, FAMILIARES Y AMIGOS DE CALZADA DE CALATRAVA, CELEBRAN SU D\u00cdA INTERNACIONAL.","og_description":"[et_pb_section fb_built=&#8221;1&#8243; _builder_version=&#8221;4.0.4&#8243; custom_padding=&#8221;0px||2px|||&#8221;][et_pb_row _builder_version=&#8221;3.25&#8243; background_size=&#8221;initial&#8221; background_position=&#8221;top_left&#8221; background_repeat=&#8221;repeat&#8221; custom_margin=&#8221;|||||&#8221; custom_padding=&#8221;|||||&#8221;][et_pb_column type=&#8221;4_4&#8243; _builder_version=&#8221;3.25&#8243; custom_padding=&#8221;|||&#8221; custom_padding__hover=&#8221;|||&#8221;][et_pb_text admin_label=&#8221;Noticia&#8221; _builder_version=&#8221;4.0.11&#8243; text_font=&#8221;||||||||&#8221; background_size=&#8221;initial&#8221; background_position=&#8221;top_left&#8221; background_repeat=&#8221;repeat&#8221; text_orientation=&#8221;justified&#8221; min_height=&#8221;711px&#8221; custom_margin=&#8221;||||false|false&#8221; custom_padding=&#8221;|||||&#8221; hover_enabled=&#8221;0&#8243;] COCEMFE\u00a0\u00a07 enero, 2020 Con motivo de la investidura de Pedro S\u00e1nchez como presidente del Gobierno, la Confederaci\u00f3n Espa\u00f1ola de Personas con Discapacidad F\u00edsica y Org\u00e1nica (COCEMFE) se pone a disposici\u00f3n [&hellip;]","og_url":"https:\/\/clm-inclusiva.org\/?p=3573","og_site_name":"Clm-Inclusiva","article_publisher":"https:\/\/www.facebook.com\/castillalamancha.inclusiva\/","article_published_time":"2020-01-08T07:51:45+00:00","article_modified_time":"2020-01-08T08:11:47+00:00","og_image":[{"width":1698,"height":1150,"url":"https:\/\/clm-inclusiva.org\/wp-content\/uploads\/2019\/12\/IMG-20191202-WA0001.jpg","type":"image\/jpeg"}],"author":"clm-inclusiva","twitter_card":"summary_large_image","twitter_image":"https:\/\/clm-inclusiva.org\/wp-content\/uploads\/2019\/11\/imagen.jpeg","twitter_creator":"@ClmInclusiva","twitter_site":"@ClmInclusiva","twitter_misc":{"Escrito por":"clm-inclusiva","Tiempo de lectura":"5 minutos"},"schema":{"@context":"https:\/\/schema.org","@graph":[{"@type":"Article","@id":"https:\/\/clm-inclusiva.org\/?p=3573#article","isPartOf":{"@id":"https:\/\/clm-inclusiva.org\/?p=3573"},"author":{"name":"clm-inclusiva","@id":"https:\/\/clm-inclusiva.org\/#\/schema\/person\/0cff84aaa5bb8fd3521c55d1578d902b"},"headline":"COCEMFE pide al nuevo Gobierno que garantice los derechos y la participaci\u00f3n de todas las personas con discapacidad","datePublished":"2020-01-08T07:51:45+00:00","dateModified":"2020-01-08T08:11:47+00:00","mainEntityOfPage":{"@id":"https:\/\/clm-inclusiva.org\/?p=3573"},"wordCount":1039,"publisher":{"@id":"https:\/\/clm-inclusiva.org\/#organization"},"keywords":["Ciudad Real"],"articleSection":["Accesibilidad","Ayudas","Bienestar social","cocemfe","Discapacidad","Politica social","Sociedad","Tercer sector"],"inLanguage":"es"},{"@type":"WebPage","@id":"https:\/\/clm-inclusiva.org\/?p=3573","url":"https:\/\/clm-inclusiva.org\/?p=3573","name":"COCEMFE pide al nuevo Gobierno que garantice los derechos y la participaci\u00f3n de todas las personas con discapacidad - Clm-Inclusiva","isPartOf":{"@id":"https:\/\/clm-inclusiva.org\/#website"},"datePublished":"2020-01-08T07:51:45+00:00","dateModified":"2020-01-08T08:11:47+00:00","breadcrumb":{"@id":"https:\/\/clm-inclusiva.org\/?p=3573#breadcrumb"},"inLanguage":"es","potentialAction":[{"@type":"ReadAction","target":["https:\/\/clm-inclusiva.org\/?p=3573"]}]},{"@type":"BreadcrumbList","@id":"https:\/\/clm-inclusiva.org\/?p=3573#breadcrumb","itemListElement":[{"@type":"ListItem","position":1,"name":"Portada","item":"https:\/\/clm-inclusiva.org\/"},{"@type":"ListItem","position":2,"name":"COCEMFE pide al nuevo Gobierno que garantice los derechos y la participaci\u00f3n de todas las personas con discapacidad"}]},{"@type":"WebSite","@id":"https:\/\/clm-inclusiva.org\/#website","url":"https:\/\/clm-inclusiva.org\/","name":"Clm-Inclusiva","description":"Confederaci\u00f3n de entidades de personas con discapacidad f\u00edsica y org\u00e1nica CLM","publisher":{"@id":"https:\/\/clm-inclusiva.org\/#organization"},"potentialAction":[{"@type":"SearchAction","target":{"@type":"EntryPoint","urlTemplate":"https:\/\/clm-inclusiva.org\/?s={search_term_string}"},"query-input":"required name=search_term_string"}],"inLanguage":"es"},{"@type":"Organization","@id":"https:\/\/clm-inclusiva.org\/#organization","name":"Clm-Inclusiva","url":"https:\/\/clm-inclusiva.org\/","logo":{"@type":"ImageObject","inLanguage":"es","@id":"https:\/\/clm-inclusiva.org\/#\/schema\/logo\/image\/","url":"http:\/\/clm-inclusiva.org\/wp-content\/uploads\/2019\/04\/banner-e1533720812836.jpg","contentUrl":"http:\/\/clm-inclusiva.org\/wp-content\/uploads\/2019\/04\/banner-e1533720812836.jpg","width":600,"height":332,"caption":"Clm-Inclusiva"},"image":{"@id":"https:\/\/clm-inclusiva.org\/#\/schema\/logo\/image\/"},"sameAs":["https:\/\/www.facebook.com\/castillalamancha.inclusiva\/","https:\/\/twitter.com\/ClmInclusiva"]},{"@type":"Person","@id":"https:\/\/clm-inclusiva.org\/#\/schema\/person\/0cff84aaa5bb8fd3521c55d1578d902b","name":"clm-inclusiva","image":{"@type":"ImageObject","inLanguage":"es","@id":"https:\/\/clm-inclusiva.org\/#\/schema\/person\/image\/","url":"https:\/\/secure.gravatar.com\/avatar\/88948567af770dc9cd5597b329011884?s=96&d=blank&r=g","contentUrl":"https:\/\/secure.gravatar.com\/avatar\/88948567af770dc9cd5597b329011884?s=96&d=blank&r=g","caption":"clm-inclusiva"},"sameAs":["http:\/\/clm-inclusiva.org"],"url":"https:\/\/clm-inclusiva.org\/?author=1"}]}},"_links":{"self":[{"href":"https:\/\/clm-inclusiva.org\/index.php?rest_route=\/wp\/v2\/posts\/3573"}],"collection":[{"href":"https:\/\/clm-inclusiva.org\/index.php?rest_route=\/wp\/v2\/posts"}],"about":[{"href":"https:\/\/clm-inclusiva.org\/index.php?rest_route=\/wp\/v2\/types\/post"}],"author":[{"embeddable":true,"href":"https:\/\/clm-inclusiva.org\/index.php?rest_route=\/wp\/v2\/users\/1"}],"replies":[{"embeddable":true,"href":"https:\/\/clm-inclusiva.org\/index.php?rest_route=%2Fwp%2Fv2%2Fcomments&post=3573"}],"version-history":[{"count":5,"href":"https:\/\/clm-inclusiva.org\/index.php?rest_route=\/wp\/v2\/posts\/3573\/revisions"}],"predecessor-version":[{"id":3581,"href":"https:\/\/clm-inclusiva.org\/index.php?rest_route=\/wp\/v2\/posts\/3573\/revisions\/3581"}],"wp:featuredmedia":[{"embeddable":true,"href":"https:\/\/clm-inclusiva.org\/index.php?rest_route=\/wp\/v2\/media\/3575"}],"wp:attachment":[{"href":"https:\/\/clm-inclusiva.org\/index.php?rest_route=%2Fwp%2Fv2%2Fmedia&parent=3573"}],"wp:term":[{"taxonomy":"category","embeddable":true,"href":"https:\/\/clm-inclusiva.org\/index.php?rest_route=%2Fwp%2Fv2%2Fcategories&post=3573"},{"taxonomy":"post_tag","embeddable":true,"href":"https:\/\/clm-inclusiva.org\/index.php?rest_route=%2Fwp%2Fv2%2Ftags&post=3573"}],"curies":[{"name":"wp","href":"https:\/\/api.w.org\/{rel}","templated":true}]}}