{"id":3538,"date":"2019-12-09T10:14:24","date_gmt":"2019-12-09T08:14:24","guid":{"rendered":"http:\/\/clm-inclusiva.org\/?p=3538"},"modified":"2019-12-09T10:14:30","modified_gmt":"2019-12-09T08:14:30","slug":"clm-inclusiva-cocemfe-y-la-asociacion-de-personas-con-discapacidad-familiares-y-amigos-de-calzada-de-calatrava-celebran-su-dia-internacional","status":"publish","type":"post","link":"https:\/\/clm-inclusiva.org\/?p=3538","title":{"rendered":"CLM-INCLUSIVA COCEMFE  Y LA  ASOCIACI\u00d3N DE PERSONAS CON  DISCAPACIDAD, FAMILIARES Y AMIGOS DE CALZADA DE CALATRAVA, CELEBRAN SU D\u00cdA INTERNACIONAL."},"content":{"rendered":"<p>[et_pb_section fb_built=&#8221;1&#8243; _builder_version=&#8221;4.0.4&#8243; custom_padding=&#8221;0px||2px|||&#8221;][et_pb_row _builder_version=&#8221;3.25&#8243; background_size=&#8221;initial&#8221; background_position=&#8221;top_left&#8221; background_repeat=&#8221;repeat&#8221; custom_margin=&#8221;|||||&#8221; custom_padding=&#8221;|||||&#8221;][et_pb_column type=&#8221;4_4&#8243; _builder_version=&#8221;3.25&#8243; custom_padding=&#8221;|||&#8221; custom_padding__hover=&#8221;|||&#8221;][et_pb_text admin_label=&#8221;Noticia&#8221; _builder_version=&#8221;4.0.4&#8243; text_font=&#8221;||||||||&#8221; background_size=&#8221;initial&#8221; background_position=&#8221;top_left&#8221; background_repeat=&#8221;repeat&#8221; text_orientation=&#8221;justified&#8221; min_height=&#8221;711px&#8221; custom_margin=&#8221;||||false|false&#8221; custom_padding=&#8221;|||||&#8221; hover_enabled=&#8221;0&#8243;]<\/p>\n<ul>\n<li>CLM \u2013 INCLUSIVA COCEMFE, ofrece sus servicios presenciales al Ayuntamiento y la Asociaci\u00f3n, en su aspiraci\u00f3n por llegar hasta el \u00e1mbito rural.<\/li>\n<li>P.D.F.A.C.CVA, hace contar sus reivindicaciones en el D\u00eda Internacional de las Personas con Discapacidad.<\/li>\n<\/ul>\n<p>La Asociaci\u00f3n de personas con discapacidad, familiares y amigos de Calzada de Calatrava, en Ciudad Real, organiz\u00f3 el pasado s\u00e1bado, con motivo del D\u00eda Internacional de la Discapacidad, que se celebra cada 3 de Diciembre, \u00a0un acto de conmemoraci\u00f3n con car\u00e1cter reivindicativo.<\/p>\n<p>La Confederaci\u00f3n Regional CLM- INCLUSIVA COCEMFE,\u00a0 asiste a tal evento en calidad de ponente, representada en la persona de Josefa Amaro, T\u00e9cnica de Inserci\u00f3n de Laboral de la Confederaci\u00f3n en Ciudad Real.\u00a0 En su intervenci\u00f3n, Amaro, expuso a los asistentes, la necesidad de impulsar y vertebrar el movimiento asociativo por la discapacidad f\u00edsica y org\u00e1nica en Castilla \u2013 La Mancha para lograr mayor visibilidad e influencia del colectivo ante los poderes p\u00fablicos y la sociedad en su conjunto. Incidiendo en el papel protagonista que las\u00a0 entidades como A.P.D.F.A.C.CVA\u00a0 deben jugar en este proceso de cohesi\u00f3n. \u00a0As\u00ed mismo, se inform\u00f3 de la existencia del Servicio de Inserci\u00f3n Laboral (S.I.L), \u00a0uno de los imprescindibles en su cat\u00e1logo, y que con car\u00e1cter gratuito se ofrece a empresas y particulares, present\u00e1ndose el empleo como\u00a0 un elemento imprescindible en el desarrollo de la autonom\u00eda personal. Tambi\u00e9n se habl\u00f3 de estrechar lazos de colaboraci\u00f3n entre el Ayuntamiento y la Confederaci\u00f3n, que posibiliten acercar los servicios que presta la misma, al pueblo de Calzada de Calatrava, y con ello al \u00e1mbito rural.\u00a0 Hubo tiempo para dar difusi\u00f3n a la campa\u00f1a de sensibilizaci\u00f3n DisOrganic, que de la mano de COCEMFE, pretende concienciar sobre la discapacidad org\u00e1nica, d\u00e1ndole visibilidad con la creaci\u00f3n de un s\u00edmbolo propio que sirva para identificarse colectivamente.<\/p>\n<p>Adem\u00e1s,\u00a0 particip\u00f3 como ponente en este acto, el Centro de la Mujer de Calzada de Calatrava, que\u00a0 en su intervenci\u00f3n, invit\u00f3 a la A.P.D.F.A.C.CVA,\u00a0 a formar parte del Consejo de la Mujer, \u201capelando a la necesidad de proteger a la mujeres con discapacidad y hacer valer sus derechos, atendiendo a la mayor discriminaci\u00f3n que sufren por su doble condici\u00f3n\u201d, seg\u00fan afirmaba su Psic\u00f3loga, Tamara S\u00e1nchez.\u00a0<\/p>\n<p>Por su parte, la asociaci\u00f3n anfitriona, procedi\u00f3 la lectura de un manifiesto oficial en el que se recog\u00eda una descripci\u00f3n detallada de las situaciones de desigualdad por cuya erradicaci\u00f3n hay que seguir trabajando.\u00a0 En una segunda intervenci\u00f3n, su presidente Antonio Caballero, hizo p\u00fablicas las reivindicaciones que en materia de accesibilidad, se han hecho llegar al Consistorio de la localidad,\u00a0 a trav\u00e9s de diversos escritos registrados por el colectivo, valorando muy positivamente las actuaciones llevadas a cabo hasta el momento, pero sin olvidar que a\u00fan queda un largo camino por recorrer juntos.<\/p>\n<p>Al acto asistieron como invitados mostrando su apoyo y receptividad, representantes del Equipo de Gobierno en nombre de la Corporaci\u00f3n , as\u00ed como de los grupos municipales del\u00a0 PSOE\u00a0 y\u00a0 del\u00a0 Partido Popular, y\u00a0 la asociaci\u00f3n\u00a0 A. D.A de Aldea del Rey, adem\u00e1s de un nutrido grupo de socios.<\/p>\n<p>El acto concluy\u00f3 en ambiente festivo, con entrega de diplomas a los participantes en los talleres, y un \u00e1gape ofrecido por la Junta Directiva de A.P.D.F.A.C.CVA.<\/p>\n<p>La <strong>Confederaci\u00f3n Regional de Entidades de personas con Discapacidad F\u00edsica y Org\u00e1nica (CLM Inclusiva COCEMFE)<\/strong> se constituy\u00f3 en el a\u00f1o 2017. Agrupa a casi un centenar de entidades que representan casi a 10.000 personas con discapacidad. Se encuentra compuesta por las federaciones provinciales, COCEMFE Albacete, COCEMFE Guadalajara, COCEMFE\u00a0Toledo, COCEMFE Cuenca y Ciudad Real INCLUSIVA, as\u00ed como las entidades de car\u00e1cter regional AFANION, LUNA, AIDISCAM CLM y la asociaci\u00f3n\u00a0nacional AMIAB. El objetivo fundamental de la confederaci\u00f3n es articular en nuestra regi\u00f3n el movimiento asociativo de la discapacidad f\u00edsica y org\u00e1nica, para desarrollar una acci\u00f3n representativa eficaz en defensas de los derechos e intereses de las personas con discapacidad y sus familias.<\/p>\n<p>[\/et_pb_text][et_pb_post_nav prev_text=&#8221;Anterior&#8221; next_text=&#8221;Siguiente&#8221; _builder_version=&#8221;3.22.4&#8243;][\/et_pb_post_nav][\/et_pb_column][\/et_pb_row][\/et_pb_section]<\/p>\n","protected":false},"excerpt":{"rendered":"<p>[et_pb_section fb_built=&#8221;1&#8243; _builder_version=&#8221;4.0.4&#8243; custom_padding=&#8221;0px||2px|||&#8221;][et_pb_row _builder_version=&#8221;3.25&#8243; background_size=&#8221;initial&#8221; background_position=&#8221;top_left&#8221; background_repeat=&#8221;repeat&#8221; custom_margin=&#8221;|||||&#8221; custom_padding=&#8221;|||||&#8221;][et_pb_column type=&#8221;4_4&#8243; _builder_version=&#8221;3.25&#8243; custom_padding=&#8221;|||&#8221; custom_padding__hover=&#8221;|||&#8221;][et_pb_text admin_label=&#8221;Noticia&#8221; _builder_version=&#8221;4.0.4&#8243; text_font=&#8221;||||||||&#8221; background_size=&#8221;initial&#8221; background_position=&#8221;top_left&#8221; background_repeat=&#8221;repeat&#8221; text_orientation=&#8221;justified&#8221; min_height=&#8221;711px&#8221; custom_margin=&#8221;||||false|false&#8221; custom_padding=&#8221;|||||&#8221; hover_enabled=&#8221;0&#8243;] CLM \u2013 INCLUSIVA COCEMFE, ofrece sus servicios presenciales al Ayuntamiento y la Asociaci\u00f3n, en su aspiraci\u00f3n por llegar hasta el \u00e1mbito rural. P.D.F.A.C.CVA, hace contar sus reivindicaciones en el D\u00eda [&hellip;]<\/p>\n","protected":false},"author":1,"featured_media":3540,"comment_status":"closed","ping_status":"closed","sticky":false,"template":"","format":"standard","meta":{"_et_pb_use_builder":"on","_et_pb_old_content":"<h5 style=\"text-align: justify;\">La Confederaci\u00f3n CLM Inclusiva y la asociaci\u00f3n empresarial de Centros Especiales de Empleo de COCEMFE en Castilla-La Mancha, AECEMCO CLM, han firmado un acuerdo para promover las oportunidades de formaci\u00f3n y empleo de las personas del colectivo.<\/h5>\r\n<p style=\"text-align: justify;\"><img class=\"alignnone size-full wp-image-471\" src=\"http:\/\/clm-inclusiva.org\/wp-content\/uploads\/2019\/04\/3500_fotonoticia_20190402151941_1920.jpg\" alt=\"\" width=\"670\" height=\"300\"><\/p>\r\n<p style=\"text-align: justify;\">El presidente de la confederaci\u00f3n CLM Inclusiva, Enrique Alarc\u00f3n Garc\u00eda, y el presidente de AECEMCO CLM, \u00d3scar Sillas, han rubricado este acuerdo de colaboraci\u00f3n para coordinar su labor y actuaciones de apoyo a la promoci\u00f3n de los derechos de las personas con discapacidad f\u00edsica y org\u00e1nica en Castilla-La Mancha, ha informado esta confederaci\u00f3n en nota de prensa.<\/p>\r\nEl sector empresarial promovido por las organizaciones de COCEMFE sin \u00e1nimo de lucro, integrado en AECEMCO, da empleo actualmente a m\u00e1s de 800 personas con discapacidad de todo tipo, con actividades productivas y de prestaci\u00f3n de servicios muy variados como obras, lavander\u00eda, limpieza, medioambiente, manipulados, formaci\u00f3n, etc.\r\n\r\nAmbas organizaciones que comparten valores sociales y visi\u00f3n sobre los derechos de las personas con discapacidad coordinar\u00e1n todas sus actividades para incrementar las oportunidades de formaci\u00f3n, aprendizaje en el puesto de trabajo y calidad de los mismos, tanto en empleo protegido como ordinario.\r\n\r\nDentro de las actuaciones objeto del acuerdo se pondr\u00e1 especial atenci\u00f3n a dar a conocer la normativa de reserva de empleo para personas con discapacidad, as\u00ed como el adecuado cumplimiento de las medidas alternativas, para lo que se informar\u00e1 conjuntamente a administraciones, federaciones empresariales y grandes empresas sobre las oportunidades de empleabilidad de las personas con discapacidad f\u00edsica y org\u00e1nica.\r\n\r\nCLM Inclusiva dispone actualmente de Servicio de Empleo en todas las provincias de Castilla-La Mancha, gracias al apoyo de Fundaci\u00f3n ONCE y la financiaci\u00f3n de proyectos con cargo al IRPF, que realiza labor de intermediaci\u00f3n entre personas con discapacidad demandantes de empleo y empresas, asegurando la adecuaci\u00f3n de trabajadores al puesto de trabajo e informando sobre incentivos a la contrataci\u00f3n y ajustes t\u00e9cnicos necesarios en el puesto.\r\n\r\nLa Confederaci\u00f3n regional de entidades de personas con discapacidad f\u00edsica y org\u00e1nica, Castilla-La Mancha Inclusiva, agrupa al movimiento asociativo de COCEMFE en la Regi\u00f3n, con casi un centenar de entidades que representan en torno a 10.000 personas con discapacidad.\r\n\r\nActualmente se encuentra compuesta por cinco federaciones provinciales, COCEMFE Albacete, COCEMFE Cuenca, COCEMFE Guadalajara, COCEMFE Toledo y Ciudad Real Inclusiva, las entidades regionales AFANION, Federaci\u00f3n LUNA CLM de mujeres con discapacidad, AIDISCAM, y la asociaci\u00f3n nacional AMIAB.","_et_gb_content_width":"","footnotes":""},"categories":[2,39,49,48,4,47,5,41],"tags":[52],"yoast_head":"<!-- This site is optimized with the Yoast SEO plugin v21.3 - https:\/\/yoast.com\/wordpress\/plugins\/seo\/ -->\n<title>CLM-INCLUSIVA COCEMFE Y LA ASOCIACI\u00d3N DE PERSONAS CON DISCAPACIDAD, FAMILIARES Y AMIGOS DE CALZADA DE CALATRAVA, CELEBRAN SU D\u00cdA INTERNACIONAL. - Clm-Inclusiva<\/title>\n<meta name=\"robots\" content=\"index, follow, max-snippet:-1, max-image-preview:large, max-video-preview:-1\" \/>\n<link rel=\"canonical\" href=\"https:\/\/clm-inclusiva.org\/?p=3538\" \/>\n<meta property=\"og:locale\" content=\"es_ES\" \/>\n<meta property=\"og:type\" content=\"article\" \/>\n<meta property=\"og:title\" content=\"CLM-INCLUSIVA COCEMFE Y LA ASOCIACI\u00d3N DE PERSONAS CON DISCAPACIDAD, FAMILIARES Y AMIGOS DE CALZADA DE CALATRAVA, CELEBRAN SU D\u00cdA INTERNACIONAL.\" \/>\n<meta property=\"og:description\" content=\"[et_pb_section fb_built=&#8221;1&#8243; _builder_version=&#8221;4.0.4&#8243; custom_padding=&#8221;0px||2px|||&#8221;][et_pb_row _builder_version=&#8221;3.25&#8243; background_size=&#8221;initial&#8221; background_position=&#8221;top_left&#8221; background_repeat=&#8221;repeat&#8221; custom_margin=&#8221;|||||&#8221; custom_padding=&#8221;|||||&#8221;][et_pb_column type=&#8221;4_4&#8243; _builder_version=&#8221;3.25&#8243; custom_padding=&#8221;|||&#8221; custom_padding__hover=&#8221;|||&#8221;][et_pb_text admin_label=&#8221;Noticia&#8221; _builder_version=&#8221;4.0.4&#8243; text_font=&#8221;||||||||&#8221; background_size=&#8221;initial&#8221; background_position=&#8221;top_left&#8221; background_repeat=&#8221;repeat&#8221; text_orientation=&#8221;justified&#8221; min_height=&#8221;711px&#8221; custom_margin=&#8221;||||false|false&#8221; custom_padding=&#8221;|||||&#8221; hover_enabled=&#8221;0&#8243;] CLM \u2013 INCLUSIVA COCEMFE, ofrece sus servicios presenciales al Ayuntamiento y la Asociaci\u00f3n, en su aspiraci\u00f3n por llegar hasta el \u00e1mbito rural. P.D.F.A.C.CVA, hace contar sus reivindicaciones en el D\u00eda [&hellip;]\" \/>\n<meta property=\"og:url\" content=\"https:\/\/clm-inclusiva.org\/?p=3538\" \/>\n<meta property=\"og:site_name\" content=\"Clm-Inclusiva\" \/>\n<meta property=\"article:publisher\" content=\"https:\/\/www.facebook.com\/castillalamancha.inclusiva\/\" \/>\n<meta property=\"article:published_time\" content=\"2019-12-09T08:14:24+00:00\" \/>\n<meta property=\"article:modified_time\" content=\"2019-12-09T08:14:30+00:00\" \/>\n<meta property=\"og:image\" content=\"https:\/\/clm-inclusiva.org\/wp-content\/uploads\/2019\/12\/IMG-20191202-WA0001.jpg\" \/>\n\t<meta property=\"og:image:width\" content=\"1698\" \/>\n\t<meta property=\"og:image:height\" content=\"1150\" \/>\n\t<meta property=\"og:image:type\" content=\"image\/jpeg\" \/>\n<meta name=\"author\" content=\"clm-inclusiva\" \/>\n<meta name=\"twitter:card\" content=\"summary_large_image\" \/>\n<meta name=\"twitter:image\" content=\"https:\/\/clm-inclusiva.org\/wp-content\/uploads\/2019\/11\/imagen.jpeg\" \/>\n<meta name=\"twitter:creator\" content=\"@ClmInclusiva\" \/>\n<meta name=\"twitter:site\" content=\"@ClmInclusiva\" \/>\n<meta name=\"twitter:label1\" content=\"Escrito por\" \/>\n\t<meta name=\"twitter:data1\" content=\"clm-inclusiva\" \/>\n\t<meta name=\"twitter:label2\" content=\"Tiempo de lectura\" \/>\n\t<meta name=\"twitter:data2\" content=\"4 minutos\" \/>\n<script type=\"application\/ld+json\" class=\"yoast-schema-graph\">{\"@context\":\"https:\/\/schema.org\",\"@graph\":[{\"@type\":\"Article\",\"@id\":\"https:\/\/clm-inclusiva.org\/?p=3538#article\",\"isPartOf\":{\"@id\":\"https:\/\/clm-inclusiva.org\/?p=3538\"},\"author\":{\"name\":\"clm-inclusiva\",\"@id\":\"https:\/\/clm-inclusiva.org\/#\/schema\/person\/0cff84aaa5bb8fd3521c55d1578d902b\"},\"headline\":\"CLM-INCLUSIVA COCEMFE Y LA ASOCIACI\u00d3N DE PERSONAS CON DISCAPACIDAD, FAMILIARES Y AMIGOS DE CALZADA DE CALATRAVA, CELEBRAN SU D\u00cdA INTERNACIONAL.\",\"datePublished\":\"2019-12-09T08:14:24+00:00\",\"dateModified\":\"2019-12-09T08:14:30+00:00\",\"mainEntityOfPage\":{\"@id\":\"https:\/\/clm-inclusiva.org\/?p=3538\"},\"wordCount\":839,\"publisher\":{\"@id\":\"https:\/\/clm-inclusiva.org\/#organization\"},\"keywords\":[\"Ciudad Real\"],\"articleSection\":[\"Accesibilidad\",\"Bienestar social\",\"castilla-la mancha\",\"Ciudad Real\",\"Clm inclusiva\",\"cocemfe\",\"Discapacidad\",\"Tercer sector\"],\"inLanguage\":\"es\"},{\"@type\":\"WebPage\",\"@id\":\"https:\/\/clm-inclusiva.org\/?p=3538\",\"url\":\"https:\/\/clm-inclusiva.org\/?p=3538\",\"name\":\"CLM-INCLUSIVA COCEMFE Y LA ASOCIACI\u00d3N DE PERSONAS CON DISCAPACIDAD, FAMILIARES Y AMIGOS DE CALZADA DE CALATRAVA, CELEBRAN SU D\u00cdA INTERNACIONAL. - Clm-Inclusiva\",\"isPartOf\":{\"@id\":\"https:\/\/clm-inclusiva.org\/#website\"},\"datePublished\":\"2019-12-09T08:14:24+00:00\",\"dateModified\":\"2019-12-09T08:14:30+00:00\",\"breadcrumb\":{\"@id\":\"https:\/\/clm-inclusiva.org\/?p=3538#breadcrumb\"},\"inLanguage\":\"es\",\"potentialAction\":[{\"@type\":\"ReadAction\",\"target\":[\"https:\/\/clm-inclusiva.org\/?p=3538\"]}]},{\"@type\":\"BreadcrumbList\",\"@id\":\"https:\/\/clm-inclusiva.org\/?p=3538#breadcrumb\",\"itemListElement\":[{\"@type\":\"ListItem\",\"position\":1,\"name\":\"Portada\",\"item\":\"https:\/\/clm-inclusiva.org\/\"},{\"@type\":\"ListItem\",\"position\":2,\"name\":\"CLM-INCLUSIVA COCEMFE Y LA ASOCIACI\u00d3N DE PERSONAS CON DISCAPACIDAD, FAMILIARES Y AMIGOS DE CALZADA DE CALATRAVA, CELEBRAN SU D\u00cdA INTERNACIONAL.\"}]},{\"@type\":\"WebSite\",\"@id\":\"https:\/\/clm-inclusiva.org\/#website\",\"url\":\"https:\/\/clm-inclusiva.org\/\",\"name\":\"Clm-Inclusiva\",\"description\":\"Confederaci\u00f3n de entidades de personas con discapacidad f\u00edsica y org\u00e1nica CLM\",\"publisher\":{\"@id\":\"https:\/\/clm-inclusiva.org\/#organization\"},\"potentialAction\":[{\"@type\":\"SearchAction\",\"target\":{\"@type\":\"EntryPoint\",\"urlTemplate\":\"https:\/\/clm-inclusiva.org\/?s={search_term_string}\"},\"query-input\":\"required name=search_term_string\"}],\"inLanguage\":\"es\"},{\"@type\":\"Organization\",\"@id\":\"https:\/\/clm-inclusiva.org\/#organization\",\"name\":\"Clm-Inclusiva\",\"url\":\"https:\/\/clm-inclusiva.org\/\",\"logo\":{\"@type\":\"ImageObject\",\"inLanguage\":\"es\",\"@id\":\"https:\/\/clm-inclusiva.org\/#\/schema\/logo\/image\/\",\"url\":\"http:\/\/clm-inclusiva.org\/wp-content\/uploads\/2019\/04\/banner-e1533720812836.jpg\",\"contentUrl\":\"http:\/\/clm-inclusiva.org\/wp-content\/uploads\/2019\/04\/banner-e1533720812836.jpg\",\"width\":600,\"height\":332,\"caption\":\"Clm-Inclusiva\"},\"image\":{\"@id\":\"https:\/\/clm-inclusiva.org\/#\/schema\/logo\/image\/\"},\"sameAs\":[\"https:\/\/www.facebook.com\/castillalamancha.inclusiva\/\",\"https:\/\/twitter.com\/ClmInclusiva\"]},{\"@type\":\"Person\",\"@id\":\"https:\/\/clm-inclusiva.org\/#\/schema\/person\/0cff84aaa5bb8fd3521c55d1578d902b\",\"name\":\"clm-inclusiva\",\"image\":{\"@type\":\"ImageObject\",\"inLanguage\":\"es\",\"@id\":\"https:\/\/clm-inclusiva.org\/#\/schema\/person\/image\/\",\"url\":\"https:\/\/secure.gravatar.com\/avatar\/88948567af770dc9cd5597b329011884?s=96&d=blank&r=g\",\"contentUrl\":\"https:\/\/secure.gravatar.com\/avatar\/88948567af770dc9cd5597b329011884?s=96&d=blank&r=g\",\"caption\":\"clm-inclusiva\"},\"sameAs\":[\"http:\/\/clm-inclusiva.org\"],\"url\":\"https:\/\/clm-inclusiva.org\/?author=1\"}]}<\/script>\n<!-- \/ Yoast SEO plugin. -->","yoast_head_json":{"title":"CLM-INCLUSIVA COCEMFE Y LA ASOCIACI\u00d3N DE PERSONAS CON DISCAPACIDAD, FAMILIARES Y AMIGOS DE CALZADA DE CALATRAVA, CELEBRAN SU D\u00cdA INTERNACIONAL. - Clm-Inclusiva","robots":{"index":"index","follow":"follow","max-snippet":"max-snippet:-1","max-image-preview":"max-image-preview:large","max-video-preview":"max-video-preview:-1"},"canonical":"https:\/\/clm-inclusiva.org\/?p=3538","og_locale":"es_ES","og_type":"article","og_title":"CLM-INCLUSIVA COCEMFE Y LA ASOCIACI\u00d3N DE PERSONAS CON DISCAPACIDAD, FAMILIARES Y AMIGOS DE CALZADA DE CALATRAVA, CELEBRAN SU D\u00cdA INTERNACIONAL.","og_description":"[et_pb_section fb_built=&#8221;1&#8243; _builder_version=&#8221;4.0.4&#8243; custom_padding=&#8221;0px||2px|||&#8221;][et_pb_row _builder_version=&#8221;3.25&#8243; background_size=&#8221;initial&#8221; background_position=&#8221;top_left&#8221; background_repeat=&#8221;repeat&#8221; custom_margin=&#8221;|||||&#8221; custom_padding=&#8221;|||||&#8221;][et_pb_column type=&#8221;4_4&#8243; _builder_version=&#8221;3.25&#8243; custom_padding=&#8221;|||&#8221; custom_padding__hover=&#8221;|||&#8221;][et_pb_text admin_label=&#8221;Noticia&#8221; _builder_version=&#8221;4.0.4&#8243; text_font=&#8221;||||||||&#8221; background_size=&#8221;initial&#8221; background_position=&#8221;top_left&#8221; background_repeat=&#8221;repeat&#8221; text_orientation=&#8221;justified&#8221; min_height=&#8221;711px&#8221; custom_margin=&#8221;||||false|false&#8221; custom_padding=&#8221;|||||&#8221; hover_enabled=&#8221;0&#8243;] CLM \u2013 INCLUSIVA COCEMFE, ofrece sus servicios presenciales al Ayuntamiento y la Asociaci\u00f3n, en su aspiraci\u00f3n por llegar hasta el \u00e1mbito rural. P.D.F.A.C.CVA, hace contar sus reivindicaciones en el D\u00eda [&hellip;]","og_url":"https:\/\/clm-inclusiva.org\/?p=3538","og_site_name":"Clm-Inclusiva","article_publisher":"https:\/\/www.facebook.com\/castillalamancha.inclusiva\/","article_published_time":"2019-12-09T08:14:24+00:00","article_modified_time":"2019-12-09T08:14:30+00:00","og_image":[{"width":1698,"height":1150,"url":"https:\/\/clm-inclusiva.org\/wp-content\/uploads\/2019\/12\/IMG-20191202-WA0001.jpg","type":"image\/jpeg"}],"author":"clm-inclusiva","twitter_card":"summary_large_image","twitter_image":"https:\/\/clm-inclusiva.org\/wp-content\/uploads\/2019\/11\/imagen.jpeg","twitter_creator":"@ClmInclusiva","twitter_site":"@ClmInclusiva","twitter_misc":{"Escrito por":"clm-inclusiva","Tiempo de lectura":"4 minutos"},"schema":{"@context":"https:\/\/schema.org","@graph":[{"@type":"Article","@id":"https:\/\/clm-inclusiva.org\/?p=3538#article","isPartOf":{"@id":"https:\/\/clm-inclusiva.org\/?p=3538"},"author":{"name":"clm-inclusiva","@id":"https:\/\/clm-inclusiva.org\/#\/schema\/person\/0cff84aaa5bb8fd3521c55d1578d902b"},"headline":"CLM-INCLUSIVA COCEMFE Y LA ASOCIACI\u00d3N DE PERSONAS CON DISCAPACIDAD, FAMILIARES Y AMIGOS DE CALZADA DE CALATRAVA, CELEBRAN SU D\u00cdA INTERNACIONAL.","datePublished":"2019-12-09T08:14:24+00:00","dateModified":"2019-12-09T08:14:30+00:00","mainEntityOfPage":{"@id":"https:\/\/clm-inclusiva.org\/?p=3538"},"wordCount":839,"publisher":{"@id":"https:\/\/clm-inclusiva.org\/#organization"},"keywords":["Ciudad Real"],"articleSection":["Accesibilidad","Bienestar social","castilla-la mancha","Ciudad Real","Clm inclusiva","cocemfe","Discapacidad","Tercer sector"],"inLanguage":"es"},{"@type":"WebPage","@id":"https:\/\/clm-inclusiva.org\/?p=3538","url":"https:\/\/clm-inclusiva.org\/?p=3538","name":"CLM-INCLUSIVA COCEMFE Y LA ASOCIACI\u00d3N DE PERSONAS CON DISCAPACIDAD, FAMILIARES Y AMIGOS DE CALZADA DE CALATRAVA, CELEBRAN SU D\u00cdA INTERNACIONAL. - Clm-Inclusiva","isPartOf":{"@id":"https:\/\/clm-inclusiva.org\/#website"},"datePublished":"2019-12-09T08:14:24+00:00","dateModified":"2019-12-09T08:14:30+00:00","breadcrumb":{"@id":"https:\/\/clm-inclusiva.org\/?p=3538#breadcrumb"},"inLanguage":"es","potentialAction":[{"@type":"ReadAction","target":["https:\/\/clm-inclusiva.org\/?p=3538"]}]},{"@type":"BreadcrumbList","@id":"https:\/\/clm-inclusiva.org\/?p=3538#breadcrumb","itemListElement":[{"@type":"ListItem","position":1,"name":"Portada","item":"https:\/\/clm-inclusiva.org\/"},{"@type":"ListItem","position":2,"name":"CLM-INCLUSIVA COCEMFE Y LA ASOCIACI\u00d3N DE PERSONAS CON DISCAPACIDAD, FAMILIARES Y AMIGOS DE CALZADA DE CALATRAVA, CELEBRAN SU D\u00cdA INTERNACIONAL."}]},{"@type":"WebSite","@id":"https:\/\/clm-inclusiva.org\/#website","url":"https:\/\/clm-inclusiva.org\/","name":"Clm-Inclusiva","description":"Confederaci\u00f3n de entidades de personas con discapacidad f\u00edsica y org\u00e1nica CLM","publisher":{"@id":"https:\/\/clm-inclusiva.org\/#organization"},"potentialAction":[{"@type":"SearchAction","target":{"@type":"EntryPoint","urlTemplate":"https:\/\/clm-inclusiva.org\/?s={search_term_string}"},"query-input":"required name=search_term_string"}],"inLanguage":"es"},{"@type":"Organization","@id":"https:\/\/clm-inclusiva.org\/#organization","name":"Clm-Inclusiva","url":"https:\/\/clm-inclusiva.org\/","logo":{"@type":"ImageObject","inLanguage":"es","@id":"https:\/\/clm-inclusiva.org\/#\/schema\/logo\/image\/","url":"http:\/\/clm-inclusiva.org\/wp-content\/uploads\/2019\/04\/banner-e1533720812836.jpg","contentUrl":"http:\/\/clm-inclusiva.org\/wp-content\/uploads\/2019\/04\/banner-e1533720812836.jpg","width":600,"height":332,"caption":"Clm-Inclusiva"},"image":{"@id":"https:\/\/clm-inclusiva.org\/#\/schema\/logo\/image\/"},"sameAs":["https:\/\/www.facebook.com\/castillalamancha.inclusiva\/","https:\/\/twitter.com\/ClmInclusiva"]},{"@type":"Person","@id":"https:\/\/clm-inclusiva.org\/#\/schema\/person\/0cff84aaa5bb8fd3521c55d1578d902b","name":"clm-inclusiva","image":{"@type":"ImageObject","inLanguage":"es","@id":"https:\/\/clm-inclusiva.org\/#\/schema\/person\/image\/","url":"https:\/\/secure.gravatar.com\/avatar\/88948567af770dc9cd5597b329011884?s=96&d=blank&r=g","contentUrl":"https:\/\/secure.gravatar.com\/avatar\/88948567af770dc9cd5597b329011884?s=96&d=blank&r=g","caption":"clm-inclusiva"},"sameAs":["http:\/\/clm-inclusiva.org"],"url":"https:\/\/clm-inclusiva.org\/?author=1"}]}},"_links":{"self":[{"href":"https:\/\/clm-inclusiva.org\/index.php?rest_route=\/wp\/v2\/posts\/3538"}],"collection":[{"href":"https:\/\/clm-inclusiva.org\/index.php?rest_route=\/wp\/v2\/posts"}],"about":[{"href":"https:\/\/clm-inclusiva.org\/index.php?rest_route=\/wp\/v2\/types\/post"}],"author":[{"embeddable":true,"href":"https:\/\/clm-inclusiva.org\/index.php?rest_route=\/wp\/v2\/users\/1"}],"replies":[{"embeddable":true,"href":"https:\/\/clm-inclusiva.org\/index.php?rest_route=%2Fwp%2Fv2%2Fcomments&post=3538"}],"version-history":[{"count":3,"href":"https:\/\/clm-inclusiva.org\/index.php?rest_route=\/wp\/v2\/posts\/3538\/revisions"}],"predecessor-version":[{"id":3543,"href":"https:\/\/clm-inclusiva.org\/index.php?rest_route=\/wp\/v2\/posts\/3538\/revisions\/3543"}],"wp:featuredmedia":[{"embeddable":true,"href":"https:\/\/clm-inclusiva.org\/index.php?rest_route=\/wp\/v2\/media\/3540"}],"wp:attachment":[{"href":"https:\/\/clm-inclusiva.org\/index.php?rest_route=%2Fwp%2Fv2%2Fmedia&parent=3538"}],"wp:term":[{"taxonomy":"category","embeddable":true,"href":"https:\/\/clm-inclusiva.org\/index.php?rest_route=%2Fwp%2Fv2%2Fcategories&post=3538"},{"taxonomy":"post_tag","embeddable":true,"href":"https:\/\/clm-inclusiva.org\/index.php?rest_route=%2Fwp%2Fv2%2Ftags&post=3538"}],"curies":[{"name":"wp","href":"https:\/\/api.w.org\/{rel}","templated":true}]}}