{"id":3531,"date":"2019-11-27T18:53:45","date_gmt":"2019-11-27T16:53:45","guid":{"rendered":"http:\/\/clm-inclusiva.org\/?p=3531"},"modified":"2019-11-27T18:53:51","modified_gmt":"2019-11-27T16:53:51","slug":"castilla-la-mancha-inclusiva-cocemfe-presenta-en-las-5-capitales-de-provincia-el-simbolo-internacional-de-la-discapacidad-organica","status":"publish","type":"post","link":"https:\/\/clm-inclusiva.org\/?p=3531","title":{"rendered":"CASTILLA-LA MANCHA INCLUSIVA COCEMFE presenta en las 5 capitales de provincia el S\u00edmbolo Internacional de la Discapacidad Org\u00e1nica"},"content":{"rendered":"<p>[et_pb_section fb_built=&#8221;1&#8243; _builder_version=&#8221;4.0.4&#8243; custom_padding=&#8221;0px||2px|||&#8221;][et_pb_row _builder_version=&#8221;3.25&#8243; background_size=&#8221;initial&#8221; background_position=&#8221;top_left&#8221; background_repeat=&#8221;repeat&#8221; custom_margin=&#8221;|||||&#8221; custom_padding=&#8221;|||||&#8221;][et_pb_column type=&#8221;4_4&#8243; _builder_version=&#8221;3.25&#8243; custom_padding=&#8221;|||&#8221; custom_padding__hover=&#8221;|||&#8221;][et_pb_text admin_label=&#8221;Noticia&#8221; _builder_version=&#8221;4.0.4&#8243; text_font=&#8221;||||||||&#8221; background_size=&#8221;initial&#8221; background_position=&#8221;top_left&#8221; background_repeat=&#8221;repeat&#8221; text_orientation=&#8221;justified&#8221; min_height=&#8221;711px&#8221; custom_margin=&#8221;||||false|false&#8221; custom_padding=&#8221;|||||&#8221; hover_enabled=&#8221;0&#8243;]<\/p>\n<ul>\n<li><strong>COCEMFE y su movimiento asociativo han presentado esta ma\u00f1ana en 41 ciudades del pa\u00eds <\/strong><strong>el S\u00edmbolo Internacional de la Discapacidad Org\u00e1nica (DisOrganic)<\/strong><\/li>\n<li><strong>Nace para acabar con la invisibilidad de este tipo de discapacidad y promover la concienciaci\u00f3n ciudadana y ejercicio de derechos<\/strong><\/li>\n<li><strong>\u00a0<\/strong><strong>Este s\u00edmbolo es una obra de Dominio P\u00fablico, que puede ser utilizada libremente, creada por Rafa Garc\u00e9s e impulsada por COCEMFE <\/strong><\/li>\n<\/ul>\n<p><strong>\u00a0<\/strong>(Toledo, 27 de noviembre de 2019)<\/p>\n<p>CLM INCLUSIVA COCEMFE, ha presentado esta ma\u00f1ana de forma simult\u00e1nea en Albacete, Ciudad Real, Cuenca, Guadalajara, y Toledo el <strong>S\u00edmbolo Internacional de la Discapacidad Org\u00e1nica (DisOrganic),<\/strong> una obra de Dominio P\u00fablico que nace para acabar con la invisibilidad de este tipo de discapacidad, promover la concienciaci\u00f3n ciudadana y avanzar en el ejercicio de los derechos de las personas con discapacidad org\u00e1nica.<\/p>\n<p>Creado por Rafa Garc\u00e9s, este s\u00edmbolo ha sido impulsado por la Confederaci\u00f3n Espa\u00f1ola de Personas con Discapacidad F\u00edsica y Org\u00e1nica (COCEMFE) y sus entidades y presentado hoy simult\u00e1neamente en <a href=\"https:\/\/www.google.com\/maps\/d\/viewer?mid=1UxmIvzW99PrPRVdpebMgKyL5fhzuuknO&amp;ll=35.306668565802404%2C-3.0178058826223833&amp;z=5\"><strong>41 actos de presentaci\u00f3n<\/strong><\/a> repartidos por todo el pa\u00eds.<\/p>\n<p>En el acto celebrado simult\u00e1neamente en las <strong>5 capitales de provincia de la Regi\u00f3n<\/strong> se ha explicado que \u201ceste s\u00edmbolo responde a la invisibilidad, la incomprensi\u00f3n y la falta de reconocimiento a las que tienen que hacer frente las personas con discapacidad org\u00e1nica en su d\u00eda a d\u00eda. Con \u00e9l, buscamos socializar la discapacidad org\u00e1nica, concienciar a la poblaci\u00f3n sobre su existencia y promover la inclusi\u00f3n y el empoderamiento de las personas con este tipo de discapacidad\u201d.<\/p>\n<p>En este sentido, <strong>Enrique Alarc\u00f3n, Presidente de CLM Inclusiva COCEMFE<\/strong> ha argumentado que esta invisibilidad se debe a que se trata de un tipo de discapacidad que \u201ca simple vista no se detecta\u201d, lo cual provoca que sea \u201colvidada por las pol\u00edticas p\u00fablicas y los medios de comunicaci\u00f3n y desconocida por la poblaci\u00f3n en general\u201d.<\/p>\n<p>De la misma manera, ha se\u00f1alado que \u201cla incomprensi\u00f3n por la que pasan estas personas se debe a que la invisibilidad y desconocimiento provoca una falta de empat\u00eda, tanto a nivel social y laboral como en el propio entorno familiar\u201d, la cual se junta con una \u201cfalta de reconocimiento\u201d, porque \u201clos servicios de valoraci\u00f3n de la discapacidad de nuestro pa\u00eds, en muchas ocasiones, no reconocen oficialmente la discapacidad org\u00e1nica\u201d.<\/p>\n<p>\u201cEl s\u00edmbolo consigue mostrar algo invisible y muy diverso al mismo tiempo\u201d, ha afirmado, destacando que \u201ctransmite la esencia de una discapacidad org\u00e1nica, que son alteraciones que se originan en el interior del cuerpo humano\u201d. Adem\u00e1s, ha agregado, \u201cmuestra el objetivo final que queremos conseguir, que es la inclusi\u00f3n y participaci\u00f3n, ya que se encuentra en una actitud activa y positiva; y al no ser corpulenta y recurrir a formas curvas es una figura andr\u00f3gina que representa cualquier g\u00e9nero\u201d.<\/p>\n<p>\u201cCon DisOrganic queremos simbolizar la discapacidad org\u00e1nica, hacerla presente en la sociedad y en las administraciones\u201d, \u201cqueremos empoderar a las personas con discapacidad org\u00e1nica, que la sociedad cuando vea el s\u00edmbolo identifique este tipo de discapacidad\u201d.<\/p>\n<p>La <strong>Confederaci\u00f3n de entidades de personas con discapacidad f\u00edsica y org\u00e1nica Castilla-La Mancha INCLUSIVA COCEMFE<\/strong> se constituy\u00f3 en el a\u00f1o 2017. Agrupa a casi un centenar de entidades que representan casi a 10.000 personas con discapacidad. Se encuentra compuesta por las federaciones provinciales, COCEMFE Albacete, COCEMFE Guadalajara, COCEMFE Toledo, COCEMFE Cuenca y Ciudad Real INCLUSIVA, as\u00ed como las entidades de car\u00e1cter regional AFANION, LUNA, AIDISCAM CLM y la asociaci\u00f3n nacional AMIAB. El objetivo fundamental de la confederaci\u00f3n es articular y vertebrar en nuestra regi\u00f3n el asociacionismo de la discapacidad f\u00edsica y org\u00e1nica, desde la unidad y respeto al pluralismo, para desarrollar una acci\u00f3n representativa efectiva en defensas de los derechos e intereses de las personas con discapacidad y sus familias.<\/p>\n<p>[\/et_pb_text][et_pb_post_nav prev_text=&#8221;Anterior&#8221; next_text=&#8221;Siguiente&#8221; _builder_version=&#8221;3.22.4&#8243;][\/et_pb_post_nav][\/et_pb_column][\/et_pb_row][\/et_pb_section]<\/p>\n","protected":false},"excerpt":{"rendered":"<p>[et_pb_section fb_built=&#8221;1&#8243; _builder_version=&#8221;4.0.4&#8243; custom_padding=&#8221;0px||2px|||&#8221;][et_pb_row _builder_version=&#8221;3.25&#8243; background_size=&#8221;initial&#8221; background_position=&#8221;top_left&#8221; background_repeat=&#8221;repeat&#8221; custom_margin=&#8221;|||||&#8221; custom_padding=&#8221;|||||&#8221;][et_pb_column type=&#8221;4_4&#8243; _builder_version=&#8221;3.25&#8243; custom_padding=&#8221;|||&#8221; custom_padding__hover=&#8221;|||&#8221;][et_pb_text admin_label=&#8221;Noticia&#8221; _builder_version=&#8221;4.0.4&#8243; text_font=&#8221;||||||||&#8221; background_size=&#8221;initial&#8221; background_position=&#8221;top_left&#8221; background_repeat=&#8221;repeat&#8221; text_orientation=&#8221;justified&#8221; min_height=&#8221;711px&#8221; custom_margin=&#8221;||||false|false&#8221; custom_padding=&#8221;|||||&#8221; hover_enabled=&#8221;0&#8243;] COCEMFE y su movimiento asociativo han presentado esta ma\u00f1ana en 41 ciudades del pa\u00eds el S\u00edmbolo Internacional de la Discapacidad Org\u00e1nica (DisOrganic) Nace para acabar con la invisibilidad de este [&hellip;]<\/p>\n","protected":false},"author":1,"featured_media":3533,"comment_status":"closed","ping_status":"closed","sticky":false,"template":"","format":"standard","meta":{"_et_pb_use_builder":"on","_et_pb_old_content":"<h5 style=\"text-align: justify;\">La Confederaci\u00f3n CLM Inclusiva y la asociaci\u00f3n empresarial de Centros Especiales de Empleo de COCEMFE en Castilla-La Mancha, AECEMCO CLM, han firmado un acuerdo para promover las oportunidades de formaci\u00f3n y empleo de las personas del colectivo.<\/h5>\r\n<p style=\"text-align: justify;\"><img class=\"alignnone size-full wp-image-471\" src=\"http:\/\/clm-inclusiva.org\/wp-content\/uploads\/2019\/04\/3500_fotonoticia_20190402151941_1920.jpg\" alt=\"\" width=\"670\" height=\"300\"><\/p>\r\n<p style=\"text-align: justify;\">El presidente de la confederaci\u00f3n CLM Inclusiva, Enrique Alarc\u00f3n Garc\u00eda, y el presidente de AECEMCO CLM, \u00d3scar Sillas, han rubricado este acuerdo de colaboraci\u00f3n para coordinar su labor y actuaciones de apoyo a la promoci\u00f3n de los derechos de las personas con discapacidad f\u00edsica y org\u00e1nica en Castilla-La Mancha, ha informado esta confederaci\u00f3n en nota de prensa.<\/p>\r\nEl sector empresarial promovido por las organizaciones de COCEMFE sin \u00e1nimo de lucro, integrado en AECEMCO, da empleo actualmente a m\u00e1s de 800 personas con discapacidad de todo tipo, con actividades productivas y de prestaci\u00f3n de servicios muy variados como obras, lavander\u00eda, limpieza, medioambiente, manipulados, formaci\u00f3n, etc.\r\n\r\nAmbas organizaciones que comparten valores sociales y visi\u00f3n sobre los derechos de las personas con discapacidad coordinar\u00e1n todas sus actividades para incrementar las oportunidades de formaci\u00f3n, aprendizaje en el puesto de trabajo y calidad de los mismos, tanto en empleo protegido como ordinario.\r\n\r\nDentro de las actuaciones objeto del acuerdo se pondr\u00e1 especial atenci\u00f3n a dar a conocer la normativa de reserva de empleo para personas con discapacidad, as\u00ed como el adecuado cumplimiento de las medidas alternativas, para lo que se informar\u00e1 conjuntamente a administraciones, federaciones empresariales y grandes empresas sobre las oportunidades de empleabilidad de las personas con discapacidad f\u00edsica y org\u00e1nica.\r\n\r\nCLM Inclusiva dispone actualmente de Servicio de Empleo en todas las provincias de Castilla-La Mancha, gracias al apoyo de Fundaci\u00f3n ONCE y la financiaci\u00f3n de proyectos con cargo al IRPF, que realiza labor de intermediaci\u00f3n entre personas con discapacidad demandantes de empleo y empresas, asegurando la adecuaci\u00f3n de trabajadores al puesto de trabajo e informando sobre incentivos a la contrataci\u00f3n y ajustes t\u00e9cnicos necesarios en el puesto.\r\n\r\nLa Confederaci\u00f3n regional de entidades de personas con discapacidad f\u00edsica y org\u00e1nica, Castilla-La Mancha Inclusiva, agrupa al movimiento asociativo de COCEMFE en la Regi\u00f3n, con casi un centenar de entidades que representan en torno a 10.000 personas con discapacidad.\r\n\r\nActualmente se encuentra compuesta por cinco federaciones provinciales, COCEMFE Albacete, COCEMFE Cuenca, COCEMFE Guadalajara, COCEMFE Toledo y Ciudad Real Inclusiva, las entidades regionales AFANION, Federaci\u00f3n LUNA CLM de mujeres con discapacidad, AIDISCAM, y la asociaci\u00f3n nacional AMIAB.","_et_gb_content_width":"","footnotes":""},"categories":[45,49,48,4,47,50,5,51,41,42],"tags":[52],"yoast_head":"<!-- This site is optimized with the Yoast SEO plugin v21.3 - https:\/\/yoast.com\/wordpress\/plugins\/seo\/ -->\n<title>CASTILLA-LA MANCHA INCLUSIVA COCEMFE presenta en las 5 capitales de provincia el S\u00edmbolo Internacional de la Discapacidad Org\u00e1nica - Clm-Inclusiva<\/title>\n<meta name=\"robots\" content=\"index, follow, max-snippet:-1, max-image-preview:large, max-video-preview:-1\" \/>\n<link rel=\"canonical\" href=\"https:\/\/clm-inclusiva.org\/?p=3531\" \/>\n<meta property=\"og:locale\" content=\"es_ES\" \/>\n<meta property=\"og:type\" content=\"article\" \/>\n<meta property=\"og:title\" content=\"CASTILLA-LA MANCHA INCLUSIVA COCEMFE logra visibilizar lo invisible\" \/>\n<meta property=\"og:description\" content=\"\u2022 CLM INCLUSIVA COCEMFE presentar\u00e1 el S\u00edmbolo Internacional de la Discapacidad Org\u00e1nica (DisOrganic) el pr\u00f3ximo mi\u00e9rcoles, 27 de noviembre, a las 12.00 horas en las 5 capitales de provincia de Castilla-La Mancha. \u2022 La falta de reconocimiento, la invisibilidad y la incomprensi\u00f3n son los principales problemas con los que se enfrentan las personas con discapacidad org\u00e1nica \u2022 Este s\u00edmbolo busca socializar la discapacidad org\u00e1nica, concienciar a la poblaci\u00f3n sobre su existencia y promover la inclusi\u00f3n y el empoderamiento de las personas con este tipo de discapacidad\" \/>\n<meta property=\"og:url\" content=\"https:\/\/clm-inclusiva.org\/?p=3531\" \/>\n<meta property=\"og:site_name\" content=\"Clm-Inclusiva\" \/>\n<meta property=\"article:publisher\" content=\"https:\/\/www.facebook.com\/castillalamancha.inclusiva\/\" \/>\n<meta property=\"article:published_time\" content=\"2019-11-27T16:53:45+00:00\" \/>\n<meta property=\"article:modified_time\" content=\"2019-11-27T16:53:51+00:00\" \/>\n<meta property=\"og:image\" content=\"https:\/\/clm-inclusiva.org\/wp-content\/uploads\/2019\/11\/20191107-Mailing-banner.jpg\" \/>\n\t<meta property=\"og:image:width\" content=\"1500\" \/>\n\t<meta property=\"og:image:height\" content=\"431\" \/>\n\t<meta property=\"og:image:type\" content=\"image\/jpeg\" \/>\n<meta name=\"author\" content=\"clm-inclusiva\" \/>\n<meta name=\"twitter:card\" content=\"summary_large_image\" \/>\n<meta name=\"twitter:image\" content=\"https:\/\/clm-inclusiva.org\/wp-content\/uploads\/2019\/11\/imagen.jpeg\" \/>\n<meta name=\"twitter:creator\" content=\"@ClmInclusiva\" \/>\n<meta name=\"twitter:site\" content=\"@ClmInclusiva\" \/>\n<meta name=\"twitter:label1\" content=\"Escrito por\" \/>\n\t<meta name=\"twitter:data1\" content=\"clm-inclusiva\" \/>\n\t<meta name=\"twitter:label2\" content=\"Tiempo de lectura\" \/>\n\t<meta name=\"twitter:data2\" content=\"4 minutos\" \/>\n<script type=\"application\/ld+json\" class=\"yoast-schema-graph\">{\"@context\":\"https:\/\/schema.org\",\"@graph\":[{\"@type\":\"Article\",\"@id\":\"https:\/\/clm-inclusiva.org\/?p=3531#article\",\"isPartOf\":{\"@id\":\"https:\/\/clm-inclusiva.org\/?p=3531\"},\"author\":{\"name\":\"clm-inclusiva\",\"@id\":\"https:\/\/clm-inclusiva.org\/#\/schema\/person\/0cff84aaa5bb8fd3521c55d1578d902b\"},\"headline\":\"CASTILLA-LA MANCHA INCLUSIVA COCEMFE presenta en las 5 capitales de provincia el S\u00edmbolo Internacional de la Discapacidad Org\u00e1nica\",\"datePublished\":\"2019-11-27T16:53:45+00:00\",\"dateModified\":\"2019-11-27T16:53:51+00:00\",\"mainEntityOfPage\":{\"@id\":\"https:\/\/clm-inclusiva.org\/?p=3531\"},\"wordCount\":785,\"publisher\":{\"@id\":\"https:\/\/clm-inclusiva.org\/#organization\"},\"keywords\":[\"Ciudad Real\"],\"articleSection\":[\"Albacete\",\"castilla-la mancha\",\"Ciudad Real\",\"Clm inclusiva\",\"cocemfe\",\"Cuenca\",\"Discapacidad\",\"Guadalajara\",\"Tercer sector\",\"Toledo\"],\"inLanguage\":\"es\"},{\"@type\":\"WebPage\",\"@id\":\"https:\/\/clm-inclusiva.org\/?p=3531\",\"url\":\"https:\/\/clm-inclusiva.org\/?p=3531\",\"name\":\"CASTILLA-LA MANCHA INCLUSIVA COCEMFE presenta en las 5 capitales de provincia el S\u00edmbolo Internacional de la Discapacidad Org\u00e1nica - Clm-Inclusiva\",\"isPartOf\":{\"@id\":\"https:\/\/clm-inclusiva.org\/#website\"},\"datePublished\":\"2019-11-27T16:53:45+00:00\",\"dateModified\":\"2019-11-27T16:53:51+00:00\",\"breadcrumb\":{\"@id\":\"https:\/\/clm-inclusiva.org\/?p=3531#breadcrumb\"},\"inLanguage\":\"es\",\"potentialAction\":[{\"@type\":\"ReadAction\",\"target\":[\"https:\/\/clm-inclusiva.org\/?p=3531\"]}]},{\"@type\":\"BreadcrumbList\",\"@id\":\"https:\/\/clm-inclusiva.org\/?p=3531#breadcrumb\",\"itemListElement\":[{\"@type\":\"ListItem\",\"position\":1,\"name\":\"Portada\",\"item\":\"https:\/\/clm-inclusiva.org\/\"},{\"@type\":\"ListItem\",\"position\":2,\"name\":\"CASTILLA-LA MANCHA INCLUSIVA COCEMFE presenta en las 5 capitales de provincia el S\u00edmbolo Internacional de la Discapacidad Org\u00e1nica\"}]},{\"@type\":\"WebSite\",\"@id\":\"https:\/\/clm-inclusiva.org\/#website\",\"url\":\"https:\/\/clm-inclusiva.org\/\",\"name\":\"Clm-Inclusiva\",\"description\":\"Confederaci\u00f3n de entidades de personas con discapacidad f\u00edsica y org\u00e1nica CLM\",\"publisher\":{\"@id\":\"https:\/\/clm-inclusiva.org\/#organization\"},\"potentialAction\":[{\"@type\":\"SearchAction\",\"target\":{\"@type\":\"EntryPoint\",\"urlTemplate\":\"https:\/\/clm-inclusiva.org\/?s={search_term_string}\"},\"query-input\":\"required name=search_term_string\"}],\"inLanguage\":\"es\"},{\"@type\":\"Organization\",\"@id\":\"https:\/\/clm-inclusiva.org\/#organization\",\"name\":\"Clm-Inclusiva\",\"url\":\"https:\/\/clm-inclusiva.org\/\",\"logo\":{\"@type\":\"ImageObject\",\"inLanguage\":\"es\",\"@id\":\"https:\/\/clm-inclusiva.org\/#\/schema\/logo\/image\/\",\"url\":\"http:\/\/clm-inclusiva.org\/wp-content\/uploads\/2019\/04\/banner-e1533720812836.jpg\",\"contentUrl\":\"http:\/\/clm-inclusiva.org\/wp-content\/uploads\/2019\/04\/banner-e1533720812836.jpg\",\"width\":600,\"height\":332,\"caption\":\"Clm-Inclusiva\"},\"image\":{\"@id\":\"https:\/\/clm-inclusiva.org\/#\/schema\/logo\/image\/\"},\"sameAs\":[\"https:\/\/www.facebook.com\/castillalamancha.inclusiva\/\",\"https:\/\/twitter.com\/ClmInclusiva\"]},{\"@type\":\"Person\",\"@id\":\"https:\/\/clm-inclusiva.org\/#\/schema\/person\/0cff84aaa5bb8fd3521c55d1578d902b\",\"name\":\"clm-inclusiva\",\"image\":{\"@type\":\"ImageObject\",\"inLanguage\":\"es\",\"@id\":\"https:\/\/clm-inclusiva.org\/#\/schema\/person\/image\/\",\"url\":\"https:\/\/secure.gravatar.com\/avatar\/88948567af770dc9cd5597b329011884?s=96&d=blank&r=g\",\"contentUrl\":\"https:\/\/secure.gravatar.com\/avatar\/88948567af770dc9cd5597b329011884?s=96&d=blank&r=g\",\"caption\":\"clm-inclusiva\"},\"sameAs\":[\"http:\/\/clm-inclusiva.org\"],\"url\":\"https:\/\/clm-inclusiva.org\/?author=1\"}]}<\/script>\n<!-- \/ Yoast SEO plugin. -->","yoast_head_json":{"title":"CASTILLA-LA MANCHA INCLUSIVA COCEMFE presenta en las 5 capitales de provincia el S\u00edmbolo Internacional de la Discapacidad Org\u00e1nica - Clm-Inclusiva","robots":{"index":"index","follow":"follow","max-snippet":"max-snippet:-1","max-image-preview":"max-image-preview:large","max-video-preview":"max-video-preview:-1"},"canonical":"https:\/\/clm-inclusiva.org\/?p=3531","og_locale":"es_ES","og_type":"article","og_title":"CASTILLA-LA MANCHA INCLUSIVA COCEMFE logra visibilizar lo invisible","og_description":"\u2022 CLM INCLUSIVA COCEMFE presentar\u00e1 el S\u00edmbolo Internacional de la Discapacidad Org\u00e1nica (DisOrganic) el pr\u00f3ximo mi\u00e9rcoles, 27 de noviembre, a las 12.00 horas en las 5 capitales de provincia de Castilla-La Mancha. \u2022 La falta de reconocimiento, la invisibilidad y la incomprensi\u00f3n son los principales problemas con los que se enfrentan las personas con discapacidad org\u00e1nica \u2022 Este s\u00edmbolo busca socializar la discapacidad org\u00e1nica, concienciar a la poblaci\u00f3n sobre su existencia y promover la inclusi\u00f3n y el empoderamiento de las personas con este tipo de discapacidad","og_url":"https:\/\/clm-inclusiva.org\/?p=3531","og_site_name":"Clm-Inclusiva","article_publisher":"https:\/\/www.facebook.com\/castillalamancha.inclusiva\/","article_published_time":"2019-11-27T16:53:45+00:00","article_modified_time":"2019-11-27T16:53:51+00:00","og_image":[{"width":1500,"height":431,"url":"https:\/\/clm-inclusiva.org\/wp-content\/uploads\/2019\/11\/20191107-Mailing-banner.jpg","type":"image\/jpeg"}],"author":"clm-inclusiva","twitter_card":"summary_large_image","twitter_image":"https:\/\/clm-inclusiva.org\/wp-content\/uploads\/2019\/11\/imagen.jpeg","twitter_creator":"@ClmInclusiva","twitter_site":"@ClmInclusiva","twitter_misc":{"Escrito por":"clm-inclusiva","Tiempo de lectura":"4 minutos"},"schema":{"@context":"https:\/\/schema.org","@graph":[{"@type":"Article","@id":"https:\/\/clm-inclusiva.org\/?p=3531#article","isPartOf":{"@id":"https:\/\/clm-inclusiva.org\/?p=3531"},"author":{"name":"clm-inclusiva","@id":"https:\/\/clm-inclusiva.org\/#\/schema\/person\/0cff84aaa5bb8fd3521c55d1578d902b"},"headline":"CASTILLA-LA MANCHA INCLUSIVA COCEMFE presenta en las 5 capitales de provincia el S\u00edmbolo Internacional de la Discapacidad Org\u00e1nica","datePublished":"2019-11-27T16:53:45+00:00","dateModified":"2019-11-27T16:53:51+00:00","mainEntityOfPage":{"@id":"https:\/\/clm-inclusiva.org\/?p=3531"},"wordCount":785,"publisher":{"@id":"https:\/\/clm-inclusiva.org\/#organization"},"keywords":["Ciudad Real"],"articleSection":["Albacete","castilla-la mancha","Ciudad Real","Clm inclusiva","cocemfe","Cuenca","Discapacidad","Guadalajara","Tercer sector","Toledo"],"inLanguage":"es"},{"@type":"WebPage","@id":"https:\/\/clm-inclusiva.org\/?p=3531","url":"https:\/\/clm-inclusiva.org\/?p=3531","name":"CASTILLA-LA MANCHA INCLUSIVA COCEMFE presenta en las 5 capitales de provincia el S\u00edmbolo Internacional de la Discapacidad Org\u00e1nica - Clm-Inclusiva","isPartOf":{"@id":"https:\/\/clm-inclusiva.org\/#website"},"datePublished":"2019-11-27T16:53:45+00:00","dateModified":"2019-11-27T16:53:51+00:00","breadcrumb":{"@id":"https:\/\/clm-inclusiva.org\/?p=3531#breadcrumb"},"inLanguage":"es","potentialAction":[{"@type":"ReadAction","target":["https:\/\/clm-inclusiva.org\/?p=3531"]}]},{"@type":"BreadcrumbList","@id":"https:\/\/clm-inclusiva.org\/?p=3531#breadcrumb","itemListElement":[{"@type":"ListItem","position":1,"name":"Portada","item":"https:\/\/clm-inclusiva.org\/"},{"@type":"ListItem","position":2,"name":"CASTILLA-LA MANCHA INCLUSIVA COCEMFE presenta en las 5 capitales de provincia el S\u00edmbolo Internacional de la Discapacidad Org\u00e1nica"}]},{"@type":"WebSite","@id":"https:\/\/clm-inclusiva.org\/#website","url":"https:\/\/clm-inclusiva.org\/","name":"Clm-Inclusiva","description":"Confederaci\u00f3n de entidades de personas con discapacidad f\u00edsica y org\u00e1nica CLM","publisher":{"@id":"https:\/\/clm-inclusiva.org\/#organization"},"potentialAction":[{"@type":"SearchAction","target":{"@type":"EntryPoint","urlTemplate":"https:\/\/clm-inclusiva.org\/?s={search_term_string}"},"query-input":"required name=search_term_string"}],"inLanguage":"es"},{"@type":"Organization","@id":"https:\/\/clm-inclusiva.org\/#organization","name":"Clm-Inclusiva","url":"https:\/\/clm-inclusiva.org\/","logo":{"@type":"ImageObject","inLanguage":"es","@id":"https:\/\/clm-inclusiva.org\/#\/schema\/logo\/image\/","url":"http:\/\/clm-inclusiva.org\/wp-content\/uploads\/2019\/04\/banner-e1533720812836.jpg","contentUrl":"http:\/\/clm-inclusiva.org\/wp-content\/uploads\/2019\/04\/banner-e1533720812836.jpg","width":600,"height":332,"caption":"Clm-Inclusiva"},"image":{"@id":"https:\/\/clm-inclusiva.org\/#\/schema\/logo\/image\/"},"sameAs":["https:\/\/www.facebook.com\/castillalamancha.inclusiva\/","https:\/\/twitter.com\/ClmInclusiva"]},{"@type":"Person","@id":"https:\/\/clm-inclusiva.org\/#\/schema\/person\/0cff84aaa5bb8fd3521c55d1578d902b","name":"clm-inclusiva","image":{"@type":"ImageObject","inLanguage":"es","@id":"https:\/\/clm-inclusiva.org\/#\/schema\/person\/image\/","url":"https:\/\/secure.gravatar.com\/avatar\/88948567af770dc9cd5597b329011884?s=96&d=blank&r=g","contentUrl":"https:\/\/secure.gravatar.com\/avatar\/88948567af770dc9cd5597b329011884?s=96&d=blank&r=g","caption":"clm-inclusiva"},"sameAs":["http:\/\/clm-inclusiva.org"],"url":"https:\/\/clm-inclusiva.org\/?author=1"}]}},"_links":{"self":[{"href":"https:\/\/clm-inclusiva.org\/index.php?rest_route=\/wp\/v2\/posts\/3531"}],"collection":[{"href":"https:\/\/clm-inclusiva.org\/index.php?rest_route=\/wp\/v2\/posts"}],"about":[{"href":"https:\/\/clm-inclusiva.org\/index.php?rest_route=\/wp\/v2\/types\/post"}],"author":[{"embeddable":true,"href":"https:\/\/clm-inclusiva.org\/index.php?rest_route=\/wp\/v2\/users\/1"}],"replies":[{"embeddable":true,"href":"https:\/\/clm-inclusiva.org\/index.php?rest_route=%2Fwp%2Fv2%2Fcomments&post=3531"}],"version-history":[{"count":3,"href":"https:\/\/clm-inclusiva.org\/index.php?rest_route=\/wp\/v2\/posts\/3531\/revisions"}],"predecessor-version":[{"id":3536,"href":"https:\/\/clm-inclusiva.org\/index.php?rest_route=\/wp\/v2\/posts\/3531\/revisions\/3536"}],"wp:featuredmedia":[{"embeddable":true,"href":"https:\/\/clm-inclusiva.org\/index.php?rest_route=\/wp\/v2\/media\/3533"}],"wp:attachment":[{"href":"https:\/\/clm-inclusiva.org\/index.php?rest_route=%2Fwp%2Fv2%2Fmedia&parent=3531"}],"wp:term":[{"taxonomy":"category","embeddable":true,"href":"https:\/\/clm-inclusiva.org\/index.php?rest_route=%2Fwp%2Fv2%2Fcategories&post=3531"},{"taxonomy":"post_tag","embeddable":true,"href":"https:\/\/clm-inclusiva.org\/index.php?rest_route=%2Fwp%2Fv2%2Ftags&post=3531"}],"curies":[{"name":"wp","href":"https:\/\/api.w.org\/{rel}","templated":true}]}}