{"id":3519,"date":"2019-11-21T13:14:51","date_gmt":"2019-11-21T11:14:51","guid":{"rendered":"http:\/\/clm-inclusiva.org\/?p=3519"},"modified":"2019-11-21T13:17:14","modified_gmt":"2019-11-21T11:17:14","slug":"castilla-la-mancha-inclusiva-cocemfe-logra-visibilizar-lo-invisible","status":"publish","type":"post","link":"https:\/\/clm-inclusiva.org\/?p=3519","title":{"rendered":"CASTILLA-LA MANCHA INCLUSIVA COCEMFE logra visibilizar lo invisible"},"content":{"rendered":"<p>[et_pb_section fb_built=&#8221;1&#8243; _builder_version=&#8221;4.0.4&#8243; custom_padding=&#8221;0px||2px|||&#8221;][et_pb_row _builder_version=&#8221;3.25&#8243; background_size=&#8221;initial&#8221; background_position=&#8221;top_left&#8221; background_repeat=&#8221;repeat&#8221; custom_margin=&#8221;|||||&#8221; custom_padding=&#8221;|||||&#8221;][et_pb_column type=&#8221;4_4&#8243; _builder_version=&#8221;3.25&#8243; custom_padding=&#8221;|||&#8221; custom_padding__hover=&#8221;|||&#8221;][et_pb_text admin_label=&#8221;Noticia&#8221; _builder_version=&#8221;4.0.4&#8243; text_font=&#8221;||||||||&#8221; background_size=&#8221;initial&#8221; background_position=&#8221;top_left&#8221; background_repeat=&#8221;repeat&#8221; text_orientation=&#8221;justified&#8221; min_height=&#8221;711px&#8221; custom_margin=&#8221;||||false|false&#8221; custom_padding=&#8221;|||||&#8221;]<\/p>\n<ul>\n<li><strong>CLM INCLUSIVA COCEMFE presentar\u00e1 <\/strong><strong>el S\u00edmbolo Internacional de la Discapacidad Org\u00e1nica (DisOrganic)<\/strong><strong> el pr\u00f3ximo mi\u00e9rcoles, 27 de noviembre, a las 12.00 horas en las 5 capitales de provincia de Castilla-La Mancha.<\/strong><\/li>\n<li><strong>L<\/strong><strong>a falta de reconocimiento, la invisibilidad y la incomprensi\u00f3n son los principales problemas con los que se enfrentan las personas con discapacidad org\u00e1nica.<\/strong><\/li>\n<li><strong>Este s\u00edmbolo busca <\/strong><strong>socializar la discapacidad org\u00e1nica, concienciar a la poblaci\u00f3n sobre su existencia y promover la inclusi\u00f3n y el empoderamiento de las personas con este tipo de discapacidad<\/strong><\/li>\n<\/ul>\n<p>(Toledo, 21 de noviembre de 2019)<\/p>\n<p><strong>CLM INCLUSIVA COCEMFE<\/strong> presentar\u00e1 el pr\u00f3ximo mi\u00e9rcoles, 27 de septiembre, a las 12.00 horas de forma simult\u00e1nea en las <strong>5 capitales de provincia (Albacete, Ciudad Real, Cuenca, Guadalajara, y Toledo)<\/strong> el <strong>S\u00edmbolo Internacional de la Discapacidad Org\u00e1nica<\/strong> (DisOrganic), que nace para acabar con la invisibilidad de este tipo de discapacidad y ser\u00e1 una obra de Dominio P\u00fablico.<\/p>\n<p>El acto organizado en:<\/p>\n<ul>\n<li><strong>Albacete<\/strong>, Plaza del Altozano (Frente a la Filmoteca)<\/li>\n<li><strong>Ciudad Real,<\/strong> Plaza Mayor<\/li>\n<li><strong>Cuenca,<\/strong> Calle Carreter\u00eda (zona de la palma)<\/li>\n<li><strong>Guadalajara<\/strong>, Plaza Mayor<\/li>\n<li><strong>Toledo,<\/strong> Plaza de Zocodover<\/li>\n<\/ul>\n<p>Comenzar\u00e1n a las 10.00 horas con la instalaci\u00f3n de <strong>murales participativos<\/strong> en los que se podr\u00e1n escribir mensajes de apoyo a las personas con discapacidad hasta las 12.00 horas, momento en que comenzar\u00e1 la <strong>presentaci\u00f3n oficial del s\u00edmbolo<\/strong>, contando con la participaci\u00f3n de personas con discapacidad org\u00e1nica, que explicar\u00e1n en primera persona los problemas a los que se han enfrentado debido a la invisibilidad de este tipo de discapacidad..<\/p>\n<p>Este s\u00edmbolo, impulsado por COCEMFE nacional, <a href=\"https:\/\/www.google.com\/maps\/d\/viewer?mid=1UxmIvzW99PrPRVdpebMgKyL5fhzuuknO&amp;ll=35.306668565802404%2C-3.0178058826223833&amp;z=5\">se presentar\u00e1 simult\u00e1neamente en 41 ciudades del pa\u00eds<\/a> y tiene como objetivo socializar la discapacidad org\u00e1nica, <strong>concienciar a la poblaci\u00f3n y los poderes p\u00fablicos sobre su existencia y promover la inclusi\u00f3n y el empoderamiento<\/strong> de las personas con este tipo de discapacidad a trav\u00e9s del conocimiento y el ejercicio de derechos.<\/p>\n<p>La falta de reconocimiento, la invisibilidad y la incomprensi\u00f3n son los<strong> principales problemas con los que se enfrentan las personas con discapacidad org\u00e1nica<\/strong>, como consecuencia de ser alteraciones que se originan en el interior del cuerpo humano y pasan desapercibidas para la mayor\u00eda de la poblaci\u00f3n.<\/p>\n<p>Ante esta problem\u00e1tica, COCEMFE y <strong>CLM INCLUSIVA COCEMFE<\/strong>, como parte de su movimiento asociativo, se han volcado este a\u00f1o en conseguir una imagen que identifique este tipo de discapacidad a trav\u00e9s de un proceso que comenz\u00f3 con una convocatoria de dise\u00f1o gr\u00e1fico, en colaboraci\u00f3n con Termas de Cuntis y la Asociaci\u00f3n de Dise\u00f1adores de Madrid (di_mad), y que culmina el pr\u00f3ximo 27 de noviembre con la presentaci\u00f3n simult\u00e1nea del s\u00edmbolo en 41 ciudades del pa\u00eds, gracias a una subvenci\u00f3n procedente del 0,7% del IRPF del Ministerio de Sanidad, Consumo y Bienestar Social.<\/p>\n<p>La <strong>Confederaci\u00f3n de entidades de personas con discapacidad f\u00edsica y org\u00e1nica Castilla-La Mancha INCLUSIVA COCEMFE<\/strong> se constituy\u00f3 en el a\u00f1o 2017. Agrupa a casi un centenar de entidades que representan casi a 10.000 personas con discapacidad. Se encuentra compuesta por las federaciones provinciales, COCEMFE Albacete, COCEMFE Guadalajara, COCEMFE Toledo, COCEMFE Cuenca y Ciudad Real INCLUSIVA, as\u00ed como las entidades de car\u00e1cter regional AFANION, LUNA, AIDISCAM CLM y la asociaci\u00f3n nacional AMIAB. El objetivo fundamental de la confederaci\u00f3n es articular y vertebrar en nuestra regi\u00f3n el asociacionismo de la discapacidad f\u00edsica y org\u00e1nica, desde la unidad y respeto al pluralismo, para desarrollar una acci\u00f3n representativa efectiva en defensas de los derechos e intereses de las personas con discapacidad y sus familias.<\/p>\n<p>La <strong>Confederaci\u00f3n Espa\u00f1ola de Personas con Discapacidad F\u00edsica y Org\u00e1nica (COCEMFE)<\/strong> es una ONG sin \u00e1nimo de lucro constituida en 1980. Su objetivo es conseguir la plena inclusi\u00f3n y participaci\u00f3n activa de las personas con discapacidad f\u00edsica y org\u00e1nica en todos los \u00e1mbitos de la sociedad, a trav\u00e9s de la promoci\u00f3n, defensa y reivindicaci\u00f3n del ejercicio de sus derechos, as\u00ed como de la coordinaci\u00f3n, representaci\u00f3n e impulso de su Movimiento Asociativo, contribuyendo as\u00ed a la construcci\u00f3n de una sociedad inclusiva y diversa. Est\u00e1 formada por 89 entidades estatales, auton\u00f3micas y provinciales que aglutinan a m\u00e1s de 1.600 asociaciones.<\/p>\n<p>[\/et_pb_text][et_pb_post_nav prev_text=&#8221;Anterior&#8221; next_text=&#8221;Siguiente&#8221; _builder_version=&#8221;3.22.4&#8243;][\/et_pb_post_nav][\/et_pb_column][\/et_pb_row][\/et_pb_section]<\/p>\n","protected":false},"excerpt":{"rendered":"<p>[et_pb_section fb_built=&#8221;1&#8243; _builder_version=&#8221;4.0.4&#8243; custom_padding=&#8221;0px||2px|||&#8221;][et_pb_row _builder_version=&#8221;3.25&#8243; background_size=&#8221;initial&#8221; background_position=&#8221;top_left&#8221; background_repeat=&#8221;repeat&#8221; custom_margin=&#8221;|||||&#8221; custom_padding=&#8221;|||||&#8221;][et_pb_column type=&#8221;4_4&#8243; _builder_version=&#8221;3.25&#8243; custom_padding=&#8221;|||&#8221; custom_padding__hover=&#8221;|||&#8221;][et_pb_text admin_label=&#8221;Noticia&#8221; _builder_version=&#8221;4.0.4&#8243; text_font=&#8221;||||||||&#8221; background_size=&#8221;initial&#8221; background_position=&#8221;top_left&#8221; background_repeat=&#8221;repeat&#8221; text_orientation=&#8221;justified&#8221; min_height=&#8221;711px&#8221; custom_margin=&#8221;||||false|false&#8221; custom_padding=&#8221;|||||&#8221;] CLM INCLUSIVA COCEMFE presentar\u00e1 el S\u00edmbolo Internacional de la Discapacidad Org\u00e1nica (DisOrganic) el pr\u00f3ximo mi\u00e9rcoles, 27 de noviembre, a las 12.00 horas en las 5 capitales de provincia de Castilla-La Mancha. [&hellip;]<\/p>\n","protected":false},"author":1,"featured_media":3521,"comment_status":"closed","ping_status":"closed","sticky":false,"template":"","format":"standard","meta":{"_et_pb_use_builder":"on","_et_pb_old_content":"<h5 style=\"text-align: justify;\">La Confederaci\u00f3n CLM Inclusiva y la asociaci\u00f3n empresarial de Centros Especiales de Empleo de COCEMFE en Castilla-La Mancha, AECEMCO CLM, han firmado un acuerdo para promover las oportunidades de formaci\u00f3n y empleo de las personas del colectivo.<\/h5>\r\n<p style=\"text-align: justify;\"><img class=\"alignnone size-full wp-image-471\" src=\"http:\/\/clm-inclusiva.org\/wp-content\/uploads\/2019\/04\/3500_fotonoticia_20190402151941_1920.jpg\" alt=\"\" width=\"670\" height=\"300\"><\/p>\r\n<p style=\"text-align: justify;\">El presidente de la confederaci\u00f3n CLM Inclusiva, Enrique Alarc\u00f3n Garc\u00eda, y el presidente de AECEMCO CLM, \u00d3scar Sillas, han rubricado este acuerdo de colaboraci\u00f3n para coordinar su labor y actuaciones de apoyo a la promoci\u00f3n de los derechos de las personas con discapacidad f\u00edsica y org\u00e1nica en Castilla-La Mancha, ha informado esta confederaci\u00f3n en nota de prensa.<\/p>\r\nEl sector empresarial promovido por las organizaciones de COCEMFE sin \u00e1nimo de lucro, integrado en AECEMCO, da empleo actualmente a m\u00e1s de 800 personas con discapacidad de todo tipo, con actividades productivas y de prestaci\u00f3n de servicios muy variados como obras, lavander\u00eda, limpieza, medioambiente, manipulados, formaci\u00f3n, etc.\r\n\r\nAmbas organizaciones que comparten valores sociales y visi\u00f3n sobre los derechos de las personas con discapacidad coordinar\u00e1n todas sus actividades para incrementar las oportunidades de formaci\u00f3n, aprendizaje en el puesto de trabajo y calidad de los mismos, tanto en empleo protegido como ordinario.\r\n\r\nDentro de las actuaciones objeto del acuerdo se pondr\u00e1 especial atenci\u00f3n a dar a conocer la normativa de reserva de empleo para personas con discapacidad, as\u00ed como el adecuado cumplimiento de las medidas alternativas, para lo que se informar\u00e1 conjuntamente a administraciones, federaciones empresariales y grandes empresas sobre las oportunidades de empleabilidad de las personas con discapacidad f\u00edsica y org\u00e1nica.\r\n\r\nCLM Inclusiva dispone actualmente de Servicio de Empleo en todas las provincias de Castilla-La Mancha, gracias al apoyo de Fundaci\u00f3n ONCE y la financiaci\u00f3n de proyectos con cargo al IRPF, que realiza labor de intermediaci\u00f3n entre personas con discapacidad demandantes de empleo y empresas, asegurando la adecuaci\u00f3n de trabajadores al puesto de trabajo e informando sobre incentivos a la contrataci\u00f3n y ajustes t\u00e9cnicos necesarios en el puesto.\r\n\r\nLa Confederaci\u00f3n regional de entidades de personas con discapacidad f\u00edsica y org\u00e1nica, Castilla-La Mancha Inclusiva, agrupa al movimiento asociativo de COCEMFE en la Regi\u00f3n, con casi un centenar de entidades que representan en torno a 10.000 personas con discapacidad.\r\n\r\nActualmente se encuentra compuesta por cinco federaciones provinciales, COCEMFE Albacete, COCEMFE Cuenca, COCEMFE Guadalajara, COCEMFE Toledo y Ciudad Real Inclusiva, las entidades regionales AFANION, Federaci\u00f3n LUNA CLM de mujeres con discapacidad, AIDISCAM, y la asociaci\u00f3n nacional AMIAB.","_et_gb_content_width":"","footnotes":""},"categories":[39,48,4,47,5,41],"tags":[],"yoast_head":"<!-- This site is optimized with the Yoast SEO plugin v21.3 - https:\/\/yoast.com\/wordpress\/plugins\/seo\/ -->\n<title>CASTILLA-LA MANCHA INCLUSIVA COCEMFE logra visibilizar lo invisible - Clm-Inclusiva<\/title>\n<meta name=\"robots\" content=\"index, follow, max-snippet:-1, max-image-preview:large, max-video-preview:-1\" \/>\n<link rel=\"canonical\" href=\"https:\/\/clm-inclusiva.org\/?p=3519\" \/>\n<meta property=\"og:locale\" content=\"es_ES\" \/>\n<meta property=\"og:type\" content=\"article\" \/>\n<meta property=\"og:title\" content=\"CASTILLA-LA MANCHA INCLUSIVA COCEMFE logra visibilizar lo invisible\" \/>\n<meta property=\"og:description\" content=\"\u2022 CLM INCLUSIVA COCEMFE presentar\u00e1 el S\u00edmbolo Internacional de la Discapacidad Org\u00e1nica (DisOrganic) el pr\u00f3ximo mi\u00e9rcoles, 27 de noviembre, a las 12.00 horas en las 5 capitales de provincia de Castilla-La Mancha. \u2022 La falta de reconocimiento, la invisibilidad y la incomprensi\u00f3n son los principales problemas con los que se enfrentan las personas con discapacidad org\u00e1nica \u2022 Este s\u00edmbolo busca socializar la discapacidad org\u00e1nica, concienciar a la poblaci\u00f3n sobre su existencia y promover la inclusi\u00f3n y el empoderamiento de las personas con este tipo de discapacidad\" \/>\n<meta property=\"og:url\" content=\"https:\/\/clm-inclusiva.org\/?p=3519\" \/>\n<meta property=\"og:site_name\" content=\"Clm-Inclusiva\" \/>\n<meta property=\"article:publisher\" content=\"https:\/\/www.facebook.com\/castillalamancha.inclusiva\/\" \/>\n<meta property=\"article:published_time\" content=\"2019-11-21T11:14:51+00:00\" \/>\n<meta property=\"article:modified_time\" content=\"2019-11-21T11:17:14+00:00\" \/>\n<meta property=\"og:image\" content=\"https:\/\/clm-inclusiva.org\/wp-content\/uploads\/2019\/11\/20191107-Mailing-banner.jpg\" \/>\n\t<meta property=\"og:image:width\" content=\"1500\" \/>\n\t<meta property=\"og:image:height\" content=\"431\" \/>\n\t<meta property=\"og:image:type\" content=\"image\/jpeg\" \/>\n<meta name=\"author\" content=\"clm-inclusiva\" \/>\n<meta name=\"twitter:card\" content=\"summary_large_image\" \/>\n<meta name=\"twitter:image\" content=\"https:\/\/clm-inclusiva.org\/wp-content\/uploads\/2019\/11\/imagen.jpeg\" \/>\n<meta name=\"twitter:creator\" content=\"@ClmInclusiva\" \/>\n<meta name=\"twitter:site\" content=\"@ClmInclusiva\" \/>\n<meta name=\"twitter:label1\" content=\"Escrito por\" \/>\n\t<meta name=\"twitter:data1\" content=\"clm-inclusiva\" \/>\n\t<meta name=\"twitter:label2\" content=\"Tiempo de lectura\" \/>\n\t<meta name=\"twitter:data2\" content=\"4 minutos\" \/>\n<script type=\"application\/ld+json\" class=\"yoast-schema-graph\">{\"@context\":\"https:\/\/schema.org\",\"@graph\":[{\"@type\":\"Article\",\"@id\":\"https:\/\/clm-inclusiva.org\/?p=3519#article\",\"isPartOf\":{\"@id\":\"https:\/\/clm-inclusiva.org\/?p=3519\"},\"author\":{\"name\":\"clm-inclusiva\",\"@id\":\"https:\/\/clm-inclusiva.org\/#\/schema\/person\/0cff84aaa5bb8fd3521c55d1578d902b\"},\"headline\":\"CASTILLA-LA MANCHA INCLUSIVA COCEMFE logra visibilizar lo invisible\",\"datePublished\":\"2019-11-21T11:14:51+00:00\",\"dateModified\":\"2019-11-21T11:17:14+00:00\",\"mainEntityOfPage\":{\"@id\":\"https:\/\/clm-inclusiva.org\/?p=3519\"},\"wordCount\":828,\"publisher\":{\"@id\":\"https:\/\/clm-inclusiva.org\/#organization\"},\"articleSection\":[\"Bienestar social\",\"Ciudad Real\",\"Clm inclusiva\",\"cocemfe\",\"Discapacidad\",\"Tercer sector\"],\"inLanguage\":\"es\"},{\"@type\":\"WebPage\",\"@id\":\"https:\/\/clm-inclusiva.org\/?p=3519\",\"url\":\"https:\/\/clm-inclusiva.org\/?p=3519\",\"name\":\"CASTILLA-LA MANCHA INCLUSIVA COCEMFE logra visibilizar lo invisible - Clm-Inclusiva\",\"isPartOf\":{\"@id\":\"https:\/\/clm-inclusiva.org\/#website\"},\"datePublished\":\"2019-11-21T11:14:51+00:00\",\"dateModified\":\"2019-11-21T11:17:14+00:00\",\"breadcrumb\":{\"@id\":\"https:\/\/clm-inclusiva.org\/?p=3519#breadcrumb\"},\"inLanguage\":\"es\",\"potentialAction\":[{\"@type\":\"ReadAction\",\"target\":[\"https:\/\/clm-inclusiva.org\/?p=3519\"]}]},{\"@type\":\"BreadcrumbList\",\"@id\":\"https:\/\/clm-inclusiva.org\/?p=3519#breadcrumb\",\"itemListElement\":[{\"@type\":\"ListItem\",\"position\":1,\"name\":\"Portada\",\"item\":\"https:\/\/clm-inclusiva.org\/\"},{\"@type\":\"ListItem\",\"position\":2,\"name\":\"CASTILLA-LA MANCHA INCLUSIVA COCEMFE logra visibilizar lo invisible\"}]},{\"@type\":\"WebSite\",\"@id\":\"https:\/\/clm-inclusiva.org\/#website\",\"url\":\"https:\/\/clm-inclusiva.org\/\",\"name\":\"Clm-Inclusiva\",\"description\":\"Confederaci\u00f3n de entidades de personas con discapacidad f\u00edsica y org\u00e1nica CLM\",\"publisher\":{\"@id\":\"https:\/\/clm-inclusiva.org\/#organization\"},\"potentialAction\":[{\"@type\":\"SearchAction\",\"target\":{\"@type\":\"EntryPoint\",\"urlTemplate\":\"https:\/\/clm-inclusiva.org\/?s={search_term_string}\"},\"query-input\":\"required name=search_term_string\"}],\"inLanguage\":\"es\"},{\"@type\":\"Organization\",\"@id\":\"https:\/\/clm-inclusiva.org\/#organization\",\"name\":\"Clm-Inclusiva\",\"url\":\"https:\/\/clm-inclusiva.org\/\",\"logo\":{\"@type\":\"ImageObject\",\"inLanguage\":\"es\",\"@id\":\"https:\/\/clm-inclusiva.org\/#\/schema\/logo\/image\/\",\"url\":\"http:\/\/clm-inclusiva.org\/wp-content\/uploads\/2019\/04\/banner-e1533720812836.jpg\",\"contentUrl\":\"http:\/\/clm-inclusiva.org\/wp-content\/uploads\/2019\/04\/banner-e1533720812836.jpg\",\"width\":600,\"height\":332,\"caption\":\"Clm-Inclusiva\"},\"image\":{\"@id\":\"https:\/\/clm-inclusiva.org\/#\/schema\/logo\/image\/\"},\"sameAs\":[\"https:\/\/www.facebook.com\/castillalamancha.inclusiva\/\",\"https:\/\/twitter.com\/ClmInclusiva\"]},{\"@type\":\"Person\",\"@id\":\"https:\/\/clm-inclusiva.org\/#\/schema\/person\/0cff84aaa5bb8fd3521c55d1578d902b\",\"name\":\"clm-inclusiva\",\"image\":{\"@type\":\"ImageObject\",\"inLanguage\":\"es\",\"@id\":\"https:\/\/clm-inclusiva.org\/#\/schema\/person\/image\/\",\"url\":\"https:\/\/secure.gravatar.com\/avatar\/88948567af770dc9cd5597b329011884?s=96&d=blank&r=g\",\"contentUrl\":\"https:\/\/secure.gravatar.com\/avatar\/88948567af770dc9cd5597b329011884?s=96&d=blank&r=g\",\"caption\":\"clm-inclusiva\"},\"sameAs\":[\"http:\/\/clm-inclusiva.org\"],\"url\":\"https:\/\/clm-inclusiva.org\/?author=1\"}]}<\/script>\n<!-- \/ Yoast SEO plugin. -->","yoast_head_json":{"title":"CASTILLA-LA MANCHA INCLUSIVA COCEMFE logra visibilizar lo invisible - Clm-Inclusiva","robots":{"index":"index","follow":"follow","max-snippet":"max-snippet:-1","max-image-preview":"max-image-preview:large","max-video-preview":"max-video-preview:-1"},"canonical":"https:\/\/clm-inclusiva.org\/?p=3519","og_locale":"es_ES","og_type":"article","og_title":"CASTILLA-LA MANCHA INCLUSIVA COCEMFE logra visibilizar lo invisible","og_description":"\u2022 CLM INCLUSIVA COCEMFE presentar\u00e1 el S\u00edmbolo Internacional de la Discapacidad Org\u00e1nica (DisOrganic) el pr\u00f3ximo mi\u00e9rcoles, 27 de noviembre, a las 12.00 horas en las 5 capitales de provincia de Castilla-La Mancha. \u2022 La falta de reconocimiento, la invisibilidad y la incomprensi\u00f3n son los principales problemas con los que se enfrentan las personas con discapacidad org\u00e1nica \u2022 Este s\u00edmbolo busca socializar la discapacidad org\u00e1nica, concienciar a la poblaci\u00f3n sobre su existencia y promover la inclusi\u00f3n y el empoderamiento de las personas con este tipo de discapacidad","og_url":"https:\/\/clm-inclusiva.org\/?p=3519","og_site_name":"Clm-Inclusiva","article_publisher":"https:\/\/www.facebook.com\/castillalamancha.inclusiva\/","article_published_time":"2019-11-21T11:14:51+00:00","article_modified_time":"2019-11-21T11:17:14+00:00","og_image":[{"width":1500,"height":431,"url":"https:\/\/clm-inclusiva.org\/wp-content\/uploads\/2019\/11\/20191107-Mailing-banner.jpg","type":"image\/jpeg"}],"author":"clm-inclusiva","twitter_card":"summary_large_image","twitter_image":"https:\/\/clm-inclusiva.org\/wp-content\/uploads\/2019\/11\/imagen.jpeg","twitter_creator":"@ClmInclusiva","twitter_site":"@ClmInclusiva","twitter_misc":{"Escrito por":"clm-inclusiva","Tiempo de lectura":"4 minutos"},"schema":{"@context":"https:\/\/schema.org","@graph":[{"@type":"Article","@id":"https:\/\/clm-inclusiva.org\/?p=3519#article","isPartOf":{"@id":"https:\/\/clm-inclusiva.org\/?p=3519"},"author":{"name":"clm-inclusiva","@id":"https:\/\/clm-inclusiva.org\/#\/schema\/person\/0cff84aaa5bb8fd3521c55d1578d902b"},"headline":"CASTILLA-LA MANCHA INCLUSIVA COCEMFE logra visibilizar lo invisible","datePublished":"2019-11-21T11:14:51+00:00","dateModified":"2019-11-21T11:17:14+00:00","mainEntityOfPage":{"@id":"https:\/\/clm-inclusiva.org\/?p=3519"},"wordCount":828,"publisher":{"@id":"https:\/\/clm-inclusiva.org\/#organization"},"articleSection":["Bienestar social","Ciudad Real","Clm inclusiva","cocemfe","Discapacidad","Tercer sector"],"inLanguage":"es"},{"@type":"WebPage","@id":"https:\/\/clm-inclusiva.org\/?p=3519","url":"https:\/\/clm-inclusiva.org\/?p=3519","name":"CASTILLA-LA MANCHA INCLUSIVA COCEMFE logra visibilizar lo invisible - Clm-Inclusiva","isPartOf":{"@id":"https:\/\/clm-inclusiva.org\/#website"},"datePublished":"2019-11-21T11:14:51+00:00","dateModified":"2019-11-21T11:17:14+00:00","breadcrumb":{"@id":"https:\/\/clm-inclusiva.org\/?p=3519#breadcrumb"},"inLanguage":"es","potentialAction":[{"@type":"ReadAction","target":["https:\/\/clm-inclusiva.org\/?p=3519"]}]},{"@type":"BreadcrumbList","@id":"https:\/\/clm-inclusiva.org\/?p=3519#breadcrumb","itemListElement":[{"@type":"ListItem","position":1,"name":"Portada","item":"https:\/\/clm-inclusiva.org\/"},{"@type":"ListItem","position":2,"name":"CASTILLA-LA MANCHA INCLUSIVA COCEMFE logra visibilizar lo invisible"}]},{"@type":"WebSite","@id":"https:\/\/clm-inclusiva.org\/#website","url":"https:\/\/clm-inclusiva.org\/","name":"Clm-Inclusiva","description":"Confederaci\u00f3n de entidades de personas con discapacidad f\u00edsica y org\u00e1nica CLM","publisher":{"@id":"https:\/\/clm-inclusiva.org\/#organization"},"potentialAction":[{"@type":"SearchAction","target":{"@type":"EntryPoint","urlTemplate":"https:\/\/clm-inclusiva.org\/?s={search_term_string}"},"query-input":"required name=search_term_string"}],"inLanguage":"es"},{"@type":"Organization","@id":"https:\/\/clm-inclusiva.org\/#organization","name":"Clm-Inclusiva","url":"https:\/\/clm-inclusiva.org\/","logo":{"@type":"ImageObject","inLanguage":"es","@id":"https:\/\/clm-inclusiva.org\/#\/schema\/logo\/image\/","url":"http:\/\/clm-inclusiva.org\/wp-content\/uploads\/2019\/04\/banner-e1533720812836.jpg","contentUrl":"http:\/\/clm-inclusiva.org\/wp-content\/uploads\/2019\/04\/banner-e1533720812836.jpg","width":600,"height":332,"caption":"Clm-Inclusiva"},"image":{"@id":"https:\/\/clm-inclusiva.org\/#\/schema\/logo\/image\/"},"sameAs":["https:\/\/www.facebook.com\/castillalamancha.inclusiva\/","https:\/\/twitter.com\/ClmInclusiva"]},{"@type":"Person","@id":"https:\/\/clm-inclusiva.org\/#\/schema\/person\/0cff84aaa5bb8fd3521c55d1578d902b","name":"clm-inclusiva","image":{"@type":"ImageObject","inLanguage":"es","@id":"https:\/\/clm-inclusiva.org\/#\/schema\/person\/image\/","url":"https:\/\/secure.gravatar.com\/avatar\/88948567af770dc9cd5597b329011884?s=96&d=blank&r=g","contentUrl":"https:\/\/secure.gravatar.com\/avatar\/88948567af770dc9cd5597b329011884?s=96&d=blank&r=g","caption":"clm-inclusiva"},"sameAs":["http:\/\/clm-inclusiva.org"],"url":"https:\/\/clm-inclusiva.org\/?author=1"}]}},"_links":{"self":[{"href":"https:\/\/clm-inclusiva.org\/index.php?rest_route=\/wp\/v2\/posts\/3519"}],"collection":[{"href":"https:\/\/clm-inclusiva.org\/index.php?rest_route=\/wp\/v2\/posts"}],"about":[{"href":"https:\/\/clm-inclusiva.org\/index.php?rest_route=\/wp\/v2\/types\/post"}],"author":[{"embeddable":true,"href":"https:\/\/clm-inclusiva.org\/index.php?rest_route=\/wp\/v2\/users\/1"}],"replies":[{"embeddable":true,"href":"https:\/\/clm-inclusiva.org\/index.php?rest_route=%2Fwp%2Fv2%2Fcomments&post=3519"}],"version-history":[{"count":4,"href":"https:\/\/clm-inclusiva.org\/index.php?rest_route=\/wp\/v2\/posts\/3519\/revisions"}],"predecessor-version":[{"id":3525,"href":"https:\/\/clm-inclusiva.org\/index.php?rest_route=\/wp\/v2\/posts\/3519\/revisions\/3525"}],"wp:featuredmedia":[{"embeddable":true,"href":"https:\/\/clm-inclusiva.org\/index.php?rest_route=\/wp\/v2\/media\/3521"}],"wp:attachment":[{"href":"https:\/\/clm-inclusiva.org\/index.php?rest_route=%2Fwp%2Fv2%2Fmedia&parent=3519"}],"wp:term":[{"taxonomy":"category","embeddable":true,"href":"https:\/\/clm-inclusiva.org\/index.php?rest_route=%2Fwp%2Fv2%2Fcategories&post=3519"},{"taxonomy":"post_tag","embeddable":true,"href":"https:\/\/clm-inclusiva.org\/index.php?rest_route=%2Fwp%2Fv2%2Ftags&post=3519"}],"curies":[{"name":"wp","href":"https:\/\/api.w.org\/{rel}","templated":true}]}}