{"id":3509,"date":"2019-11-20T18:48:07","date_gmt":"2019-11-20T16:48:07","guid":{"rendered":"http:\/\/clm-inclusiva.org\/?p=3509"},"modified":"2019-11-21T03:15:11","modified_gmt":"2019-11-21T01:15:11","slug":"clm-inclusiva-cocemfe-y-cr-inclusiva-cocemfe-presentan-sus-entidades-ante-la-nueva-delegada-provincial-manuela-gonzalez-horcajo","status":"publish","type":"post","link":"https:\/\/clm-inclusiva.org\/?p=3509","title":{"rendered":"CLM Inclusiva COCEMFE y CR Inclusiva COCEMFE presentan sus entidades ante la nueva delegada provincial, Manuela Gonz\u00e1lez-Horcajo"},"content":{"rendered":"<p>[et_pb_section fb_built=&#8221;1&#8243; _builder_version=&#8221;4.0.4&#8243; custom_padding=&#8221;0px||2px|||&#8221;][et_pb_row _builder_version=&#8221;3.25&#8243; background_size=&#8221;initial&#8221; background_position=&#8221;top_left&#8221; background_repeat=&#8221;repeat&#8221; custom_margin=&#8221;|||||&#8221; custom_padding=&#8221;|||||&#8221;][et_pb_column type=&#8221;4_4&#8243; _builder_version=&#8221;3.25&#8243; custom_padding=&#8221;|||&#8221; custom_padding__hover=&#8221;|||&#8221;][et_pb_text admin_label=&#8221;Noticia&#8221; _builder_version=&#8221;4.0.4&#8243; text_font=&#8221;||||||||&#8221; background_size=&#8221;initial&#8221; background_position=&#8221;top_left&#8221; background_repeat=&#8221;repeat&#8221; text_orientation=&#8221;justified&#8221; min_height=&#8221;711px&#8221; custom_margin=&#8221;||||false|false&#8221; custom_padding=&#8221;|||||&#8221;]<\/p>\n<ul>\n<li><strong>Ambas entidades se reunieron con la delegada provincial de Bienestar Social de Ciudad Real y la jefa de Servicio de Atenci\u00f3n a Personas Mayores y con Discapacidad.\u00a0<\/strong><\/li>\n<\/ul>\n<p>Fuente: CLM INCLUSIVA (Lunes 18 de noviembre 2019)<\/p>\n<p>En la ma\u00f1ana del lunes, 18 de noviembre, la Confederaci\u00f3n de Entidades de Personas con Discapacidad F\u00edsica y Org\u00e1nica, CLM Inclusiva COCEMFE y la Federaci\u00f3n de Entidades de Personas con Discapacidad F\u00edsica y Org\u00e1nica, CR Inclusiva COCEMFE se reunieron por primera vez con la delegada provincial de Bienestar Social.<\/p>\n<p>En el encuentro estuvieron presentes, \u00c1ngel Pablo Sendarrubias, presidente de la Federaci\u00f3n provincial, Lara Fern\u00e1ndez, coordinadora provincial de CLM Inclusiva COCEMFE, Pepi Amaro, t\u00e9cnica de inclusi\u00f3n laboral, Manuela Gonz\u00e1lez-Horcajo, delegada provincial de Bienestar Social y Almudena Ram\u00edrez de Arellano, jefa de Servicio de Atenci\u00f3n a Personas Mayores y con Discapacidad.<\/p>\n<p>En este primer encuentro, ambas entidades presentaron ante la delegada y su jefa de servicio el trabajo que vienen desarrollando en la provincia desde su creaci\u00f3n e implantaci\u00f3n en la misma. Manuela Gonz\u00e1lez-Horcajo pudo conocer en primera persona como la Confederaci\u00f3n regional representa e impulsa el movimiento asociativo del colectivo de las personas con discapacidad f\u00edsica y org\u00e1nica a trav\u00e9s de sus programas de Dinamizaci\u00f3n Asociativa y de Inclusi\u00f3n Laboral con los que CLM Inclusiva COCEMFE trabaja en la provincia y en toda la regi\u00f3n, ambos proyectos son pilares fundamentales en la misi\u00f3n de la Confederaci\u00f3n, el fortalecimiento del movimiento asociativo y la inclusi\u00f3n plena de las personas con discapacidad en la sociedad y la defesa de sus derechos en todos los \u00e1mbitos de la vida.<\/p>\n<p>Adem\u00e1s, los representantes de las entidades sociales aprovecharon la reuni\u00f3n para trasladar a la representante institucional su preocupaci\u00f3n por los tiempos medios de espera para la obtenci\u00f3n de las resoluciones del grado de discapacidad en el Centro Base de Ciudad Real, por su parte, Manuela Gonz\u00e1lez-Horcajo se congratul\u00f3 de anunciar la incorporaci\u00f3n de un nuevo profesional m\u00e9dico en los equipos de valoraci\u00f3n, \u201cque sin duda redundar\u00e1 en el beneficio de los usuarios y usuarias de este servicio, as\u00ed como en la mejora de los tiempos medios de emisi\u00f3n de los certificados de discapacidad\u201d, afirm\u00f3 la delegada.<\/p>\n<p>Por \u00faltimo, CLM Inclusiva COCEMFE y CR Inclusiva COCEMFE valoran de forma muy positiva este encuentro y agradecen la buena disposici\u00f3n a colaborar que ha trasladado la delegada provincial de Bienestar Social y la jefa de Servicio de Atenci\u00f3n a Personas Mayores y con Discapacidad.<\/p>\n<p>La <strong>Confederaci\u00f3n Regional de Entidades de personas con Discapacidad F\u00edsica y Org\u00e1nica (CLM Inclusiva COCEMFE)<\/strong> se constituy\u00f3 en el a\u00f1o 2017. Agrupa a casi un centenar de entidades que representan casi a 10.000 personas con discapacidad. Se encuentra compuesta por las federaciones provinciales, COCEMFE Albacete, COCEMFE Guadalajara, COCEMFE\u00a0Toledo, COCEMFE Cuenca y Ciudad Real INCLUSIVA, as\u00ed como las entidades de car\u00e1cter regional AFANION, LUNA, AIDISCAM CLM y la asociaci\u00f3n\u00a0nacional AMIAB. El objetivo fundamental de la confederaci\u00f3n es articular y vertebrar en nuestra regi\u00f3n el asociacionismo de la discapacidad f\u00edsica y org\u00e1nica, desde la unidad y respeto al pluralismo, para desarrollar una acci\u00f3n representativa efectiva en defensas de los derechos e intereses de las personas con discapacidad y sus familias.<\/p>\n<p><strong>CR Inclusiva COCEMFE <\/strong>\u00a0es la <strong>Federaci\u00f3n provincial de entidades de personas con Discapacidad F\u00edsica y org\u00e1nica de Ciudad Real<\/strong>, es una entidad sin \u00e1nimo de lucro, dedicada a promover todo tipo de estrategias y acciones a favor de la defensa y mejora de la calidad de vida de las personas con discapacidad f\u00edsica y org\u00e1nica, construida por la uni\u00f3n voluntaria de asociaciones integradas, en su totalidad o mayoritariamente, por personas con discapacidad f\u00edsica y org\u00e1nica.<\/p>\n<p>[\/et_pb_text][et_pb_post_nav prev_text=&#8221;Anterior&#8221; next_text=&#8221;Siguiente&#8221; _builder_version=&#8221;3.22.4&#8243;][\/et_pb_post_nav][\/et_pb_column][\/et_pb_row][\/et_pb_section]<\/p>\n","protected":false},"excerpt":{"rendered":"<p>[et_pb_section fb_built=&#8221;1&#8243; _builder_version=&#8221;4.0.4&#8243; custom_padding=&#8221;0px||2px|||&#8221;][et_pb_row _builder_version=&#8221;3.25&#8243; background_size=&#8221;initial&#8221; background_position=&#8221;top_left&#8221; background_repeat=&#8221;repeat&#8221; custom_margin=&#8221;|||||&#8221; custom_padding=&#8221;|||||&#8221;][et_pb_column type=&#8221;4_4&#8243; _builder_version=&#8221;3.25&#8243; custom_padding=&#8221;|||&#8221; custom_padding__hover=&#8221;|||&#8221;][et_pb_text admin_label=&#8221;Noticia&#8221; _builder_version=&#8221;4.0.4&#8243; text_font=&#8221;||||||||&#8221; background_size=&#8221;initial&#8221; background_position=&#8221;top_left&#8221; background_repeat=&#8221;repeat&#8221; text_orientation=&#8221;justified&#8221; min_height=&#8221;711px&#8221; custom_margin=&#8221;||||false|false&#8221; custom_padding=&#8221;|||||&#8221;] Ambas entidades se reunieron con la delegada provincial de Bienestar Social de Ciudad Real y la jefa de Servicio de Atenci\u00f3n a Personas Mayores y con Discapacidad.\u00a0 Fuente: CLM INCLUSIVA (Lunes [&hellip;]<\/p>\n","protected":false},"author":1,"featured_media":3511,"comment_status":"closed","ping_status":"closed","sticky":false,"template":"","format":"standard","meta":{"_et_pb_use_builder":"on","_et_pb_old_content":"<h5 style=\"text-align: justify;\">La Confederaci\u00f3n CLM Inclusiva y la asociaci\u00f3n empresarial de Centros Especiales de Empleo de COCEMFE en Castilla-La Mancha, AECEMCO CLM, han firmado un acuerdo para promover las oportunidades de formaci\u00f3n y empleo de las personas del colectivo.<\/h5>\r\n<p style=\"text-align: justify;\"><img class=\"alignnone size-full wp-image-471\" src=\"http:\/\/clm-inclusiva.org\/wp-content\/uploads\/2019\/04\/3500_fotonoticia_20190402151941_1920.jpg\" alt=\"\" width=\"670\" height=\"300\"><\/p>\r\n<p style=\"text-align: justify;\">El presidente de la confederaci\u00f3n CLM Inclusiva, Enrique Alarc\u00f3n Garc\u00eda, y el presidente de AECEMCO CLM, \u00d3scar Sillas, han rubricado este acuerdo de colaboraci\u00f3n para coordinar su labor y actuaciones de apoyo a la promoci\u00f3n de los derechos de las personas con discapacidad f\u00edsica y org\u00e1nica en Castilla-La Mancha, ha informado esta confederaci\u00f3n en nota de prensa.<\/p>\r\nEl sector empresarial promovido por las organizaciones de COCEMFE sin \u00e1nimo de lucro, integrado en AECEMCO, da empleo actualmente a m\u00e1s de 800 personas con discapacidad de todo tipo, con actividades productivas y de prestaci\u00f3n de servicios muy variados como obras, lavander\u00eda, limpieza, medioambiente, manipulados, formaci\u00f3n, etc.\r\n\r\nAmbas organizaciones que comparten valores sociales y visi\u00f3n sobre los derechos de las personas con discapacidad coordinar\u00e1n todas sus actividades para incrementar las oportunidades de formaci\u00f3n, aprendizaje en el puesto de trabajo y calidad de los mismos, tanto en empleo protegido como ordinario.\r\n\r\nDentro de las actuaciones objeto del acuerdo se pondr\u00e1 especial atenci\u00f3n a dar a conocer la normativa de reserva de empleo para personas con discapacidad, as\u00ed como el adecuado cumplimiento de las medidas alternativas, para lo que se informar\u00e1 conjuntamente a administraciones, federaciones empresariales y grandes empresas sobre las oportunidades de empleabilidad de las personas con discapacidad f\u00edsica y org\u00e1nica.\r\n\r\nCLM Inclusiva dispone actualmente de Servicio de Empleo en todas las provincias de Castilla-La Mancha, gracias al apoyo de Fundaci\u00f3n ONCE y la financiaci\u00f3n de proyectos con cargo al IRPF, que realiza labor de intermediaci\u00f3n entre personas con discapacidad demandantes de empleo y empresas, asegurando la adecuaci\u00f3n de trabajadores al puesto de trabajo e informando sobre incentivos a la contrataci\u00f3n y ajustes t\u00e9cnicos necesarios en el puesto.\r\n\r\nLa Confederaci\u00f3n regional de entidades de personas con discapacidad f\u00edsica y org\u00e1nica, Castilla-La Mancha Inclusiva, agrupa al movimiento asociativo de COCEMFE en la Regi\u00f3n, con casi un centenar de entidades que representan en torno a 10.000 personas con discapacidad.\r\n\r\nActualmente se encuentra compuesta por cinco federaciones provinciales, COCEMFE Albacete, COCEMFE Cuenca, COCEMFE Guadalajara, COCEMFE Toledo y Ciudad Real Inclusiva, las entidades regionales AFANION, Federaci\u00f3n LUNA CLM de mujeres con discapacidad, AIDISCAM, y la asociaci\u00f3n nacional AMIAB.","_et_gb_content_width":"","footnotes":""},"categories":[39,48,4,47,5,41],"tags":[],"yoast_head":"<!-- This site is optimized with the Yoast SEO plugin v21.3 - https:\/\/yoast.com\/wordpress\/plugins\/seo\/ -->\n<title>CLM Inclusiva COCEMFE y CR Inclusiva COCEMFE presentan sus entidades ante la nueva delegada provincial, Manuela Gonz\u00e1lez-Horcajo - Clm-Inclusiva<\/title>\n<meta name=\"robots\" content=\"index, follow, max-snippet:-1, max-image-preview:large, max-video-preview:-1\" \/>\n<link rel=\"canonical\" href=\"https:\/\/clm-inclusiva.org\/?p=3509\" \/>\n<meta property=\"og:locale\" content=\"es_ES\" \/>\n<meta property=\"og:type\" content=\"article\" \/>\n<meta property=\"og:title\" content=\"CLM Inclusiva COCEMFE y CR Inclusiva COCEMFE presentan sus entidades ante la nueva delegada provincial, Manuela Gonz\u00e1lez-Horcajo - Clm-Inclusiva\" \/>\n<meta property=\"og:description\" content=\"[et_pb_section fb_built=&#8221;1&#8243; _builder_version=&#8221;4.0.4&#8243; custom_padding=&#8221;0px||2px|||&#8221;][et_pb_row _builder_version=&#8221;3.25&#8243; background_size=&#8221;initial&#8221; background_position=&#8221;top_left&#8221; background_repeat=&#8221;repeat&#8221; custom_margin=&#8221;|||||&#8221; custom_padding=&#8221;|||||&#8221;][et_pb_column type=&#8221;4_4&#8243; _builder_version=&#8221;3.25&#8243; custom_padding=&#8221;|||&#8221; custom_padding__hover=&#8221;|||&#8221;][et_pb_text admin_label=&#8221;Noticia&#8221; _builder_version=&#8221;4.0.4&#8243; text_font=&#8221;||||||||&#8221; background_size=&#8221;initial&#8221; background_position=&#8221;top_left&#8221; background_repeat=&#8221;repeat&#8221; text_orientation=&#8221;justified&#8221; min_height=&#8221;711px&#8221; custom_margin=&#8221;||||false|false&#8221; custom_padding=&#8221;|||||&#8221;] Ambas entidades se reunieron con la delegada provincial de Bienestar Social de Ciudad Real y la jefa de Servicio de Atenci\u00f3n a Personas Mayores y con Discapacidad.\u00a0 Fuente: CLM INCLUSIVA (Lunes [&hellip;]\" \/>\n<meta property=\"og:url\" content=\"https:\/\/clm-inclusiva.org\/?p=3509\" \/>\n<meta property=\"og:site_name\" content=\"Clm-Inclusiva\" \/>\n<meta property=\"article:publisher\" content=\"https:\/\/www.facebook.com\/castillalamancha.inclusiva\/\" \/>\n<meta property=\"article:published_time\" content=\"2019-11-20T16:48:07+00:00\" \/>\n<meta property=\"article:modified_time\" content=\"2019-11-21T01:15:11+00:00\" \/>\n<meta property=\"og:image\" content=\"https:\/\/clm-inclusiva.org\/wp-content\/uploads\/2019\/11\/imagen.jpeg\" \/>\n\t<meta property=\"og:image:width\" content=\"1984\" \/>\n\t<meta property=\"og:image:height\" content=\"1488\" \/>\n\t<meta property=\"og:image:type\" content=\"image\/jpeg\" \/>\n<meta name=\"author\" content=\"clm-inclusiva\" \/>\n<meta name=\"twitter:card\" content=\"summary_large_image\" \/>\n<meta name=\"twitter:image\" content=\"https:\/\/clm-inclusiva.org\/wp-content\/uploads\/2019\/11\/imagen.jpeg\" \/>\n<meta name=\"twitter:creator\" content=\"@ClmInclusiva\" \/>\n<meta name=\"twitter:site\" content=\"@ClmInclusiva\" \/>\n<meta name=\"twitter:label1\" content=\"Escrito por\" \/>\n\t<meta name=\"twitter:data1\" content=\"clm-inclusiva\" \/>\n\t<meta name=\"twitter:label2\" content=\"Tiempo de lectura\" \/>\n\t<meta name=\"twitter:data2\" content=\"4 minutos\" \/>\n<script type=\"application\/ld+json\" class=\"yoast-schema-graph\">{\"@context\":\"https:\/\/schema.org\",\"@graph\":[{\"@type\":\"Article\",\"@id\":\"https:\/\/clm-inclusiva.org\/?p=3509#article\",\"isPartOf\":{\"@id\":\"https:\/\/clm-inclusiva.org\/?p=3509\"},\"author\":{\"name\":\"clm-inclusiva\",\"@id\":\"https:\/\/clm-inclusiva.org\/#\/schema\/person\/0cff84aaa5bb8fd3521c55d1578d902b\"},\"headline\":\"CLM Inclusiva COCEMFE y CR Inclusiva COCEMFE presentan sus entidades ante la nueva delegada provincial, Manuela Gonz\u00e1lez-Horcajo\",\"datePublished\":\"2019-11-20T16:48:07+00:00\",\"dateModified\":\"2019-11-21T01:15:11+00:00\",\"mainEntityOfPage\":{\"@id\":\"https:\/\/clm-inclusiva.org\/?p=3509\"},\"wordCount\":768,\"publisher\":{\"@id\":\"https:\/\/clm-inclusiva.org\/#organization\"},\"articleSection\":[\"Bienestar social\",\"Ciudad Real\",\"Clm inclusiva\",\"cocemfe\",\"Discapacidad\",\"Tercer sector\"],\"inLanguage\":\"es\"},{\"@type\":\"WebPage\",\"@id\":\"https:\/\/clm-inclusiva.org\/?p=3509\",\"url\":\"https:\/\/clm-inclusiva.org\/?p=3509\",\"name\":\"CLM Inclusiva COCEMFE y CR Inclusiva COCEMFE presentan sus entidades ante la nueva delegada provincial, Manuela Gonz\u00e1lez-Horcajo - Clm-Inclusiva\",\"isPartOf\":{\"@id\":\"https:\/\/clm-inclusiva.org\/#website\"},\"datePublished\":\"2019-11-20T16:48:07+00:00\",\"dateModified\":\"2019-11-21T01:15:11+00:00\",\"breadcrumb\":{\"@id\":\"https:\/\/clm-inclusiva.org\/?p=3509#breadcrumb\"},\"inLanguage\":\"es\",\"potentialAction\":[{\"@type\":\"ReadAction\",\"target\":[\"https:\/\/clm-inclusiva.org\/?p=3509\"]}]},{\"@type\":\"BreadcrumbList\",\"@id\":\"https:\/\/clm-inclusiva.org\/?p=3509#breadcrumb\",\"itemListElement\":[{\"@type\":\"ListItem\",\"position\":1,\"name\":\"Portada\",\"item\":\"https:\/\/clm-inclusiva.org\/\"},{\"@type\":\"ListItem\",\"position\":2,\"name\":\"CLM Inclusiva COCEMFE y CR Inclusiva COCEMFE presentan sus entidades ante la nueva delegada provincial, Manuela Gonz\u00e1lez-Horcajo\"}]},{\"@type\":\"WebSite\",\"@id\":\"https:\/\/clm-inclusiva.org\/#website\",\"url\":\"https:\/\/clm-inclusiva.org\/\",\"name\":\"Clm-Inclusiva\",\"description\":\"Confederaci\u00f3n de entidades de personas con discapacidad f\u00edsica y org\u00e1nica CLM\",\"publisher\":{\"@id\":\"https:\/\/clm-inclusiva.org\/#organization\"},\"potentialAction\":[{\"@type\":\"SearchAction\",\"target\":{\"@type\":\"EntryPoint\",\"urlTemplate\":\"https:\/\/clm-inclusiva.org\/?s={search_term_string}\"},\"query-input\":\"required name=search_term_string\"}],\"inLanguage\":\"es\"},{\"@type\":\"Organization\",\"@id\":\"https:\/\/clm-inclusiva.org\/#organization\",\"name\":\"Clm-Inclusiva\",\"url\":\"https:\/\/clm-inclusiva.org\/\",\"logo\":{\"@type\":\"ImageObject\",\"inLanguage\":\"es\",\"@id\":\"https:\/\/clm-inclusiva.org\/#\/schema\/logo\/image\/\",\"url\":\"http:\/\/clm-inclusiva.org\/wp-content\/uploads\/2019\/04\/banner-e1533720812836.jpg\",\"contentUrl\":\"http:\/\/clm-inclusiva.org\/wp-content\/uploads\/2019\/04\/banner-e1533720812836.jpg\",\"width\":600,\"height\":332,\"caption\":\"Clm-Inclusiva\"},\"image\":{\"@id\":\"https:\/\/clm-inclusiva.org\/#\/schema\/logo\/image\/\"},\"sameAs\":[\"https:\/\/www.facebook.com\/castillalamancha.inclusiva\/\",\"https:\/\/twitter.com\/ClmInclusiva\"]},{\"@type\":\"Person\",\"@id\":\"https:\/\/clm-inclusiva.org\/#\/schema\/person\/0cff84aaa5bb8fd3521c55d1578d902b\",\"name\":\"clm-inclusiva\",\"image\":{\"@type\":\"ImageObject\",\"inLanguage\":\"es\",\"@id\":\"https:\/\/clm-inclusiva.org\/#\/schema\/person\/image\/\",\"url\":\"https:\/\/secure.gravatar.com\/avatar\/88948567af770dc9cd5597b329011884?s=96&d=blank&r=g\",\"contentUrl\":\"https:\/\/secure.gravatar.com\/avatar\/88948567af770dc9cd5597b329011884?s=96&d=blank&r=g\",\"caption\":\"clm-inclusiva\"},\"sameAs\":[\"http:\/\/clm-inclusiva.org\"],\"url\":\"https:\/\/clm-inclusiva.org\/?author=1\"}]}<\/script>\n<!-- \/ Yoast SEO plugin. -->","yoast_head_json":{"title":"CLM Inclusiva COCEMFE y CR Inclusiva COCEMFE presentan sus entidades ante la nueva delegada provincial, Manuela Gonz\u00e1lez-Horcajo - Clm-Inclusiva","robots":{"index":"index","follow":"follow","max-snippet":"max-snippet:-1","max-image-preview":"max-image-preview:large","max-video-preview":"max-video-preview:-1"},"canonical":"https:\/\/clm-inclusiva.org\/?p=3509","og_locale":"es_ES","og_type":"article","og_title":"CLM Inclusiva COCEMFE y CR Inclusiva COCEMFE presentan sus entidades ante la nueva delegada provincial, Manuela Gonz\u00e1lez-Horcajo - Clm-Inclusiva","og_description":"[et_pb_section fb_built=&#8221;1&#8243; _builder_version=&#8221;4.0.4&#8243; custom_padding=&#8221;0px||2px|||&#8221;][et_pb_row _builder_version=&#8221;3.25&#8243; background_size=&#8221;initial&#8221; background_position=&#8221;top_left&#8221; background_repeat=&#8221;repeat&#8221; custom_margin=&#8221;|||||&#8221; custom_padding=&#8221;|||||&#8221;][et_pb_column type=&#8221;4_4&#8243; _builder_version=&#8221;3.25&#8243; custom_padding=&#8221;|||&#8221; custom_padding__hover=&#8221;|||&#8221;][et_pb_text admin_label=&#8221;Noticia&#8221; _builder_version=&#8221;4.0.4&#8243; text_font=&#8221;||||||||&#8221; background_size=&#8221;initial&#8221; background_position=&#8221;top_left&#8221; background_repeat=&#8221;repeat&#8221; text_orientation=&#8221;justified&#8221; min_height=&#8221;711px&#8221; custom_margin=&#8221;||||false|false&#8221; custom_padding=&#8221;|||||&#8221;] Ambas entidades se reunieron con la delegada provincial de Bienestar Social de Ciudad Real y la jefa de Servicio de Atenci\u00f3n a Personas Mayores y con Discapacidad.\u00a0 Fuente: CLM INCLUSIVA (Lunes [&hellip;]","og_url":"https:\/\/clm-inclusiva.org\/?p=3509","og_site_name":"Clm-Inclusiva","article_publisher":"https:\/\/www.facebook.com\/castillalamancha.inclusiva\/","article_published_time":"2019-11-20T16:48:07+00:00","article_modified_time":"2019-11-21T01:15:11+00:00","og_image":[{"width":1984,"height":1488,"url":"https:\/\/clm-inclusiva.org\/wp-content\/uploads\/2019\/11\/imagen.jpeg","type":"image\/jpeg"}],"author":"clm-inclusiva","twitter_card":"summary_large_image","twitter_image":"https:\/\/clm-inclusiva.org\/wp-content\/uploads\/2019\/11\/imagen.jpeg","twitter_creator":"@ClmInclusiva","twitter_site":"@ClmInclusiva","twitter_misc":{"Escrito por":"clm-inclusiva","Tiempo de lectura":"4 minutos"},"schema":{"@context":"https:\/\/schema.org","@graph":[{"@type":"Article","@id":"https:\/\/clm-inclusiva.org\/?p=3509#article","isPartOf":{"@id":"https:\/\/clm-inclusiva.org\/?p=3509"},"author":{"name":"clm-inclusiva","@id":"https:\/\/clm-inclusiva.org\/#\/schema\/person\/0cff84aaa5bb8fd3521c55d1578d902b"},"headline":"CLM Inclusiva COCEMFE y CR Inclusiva COCEMFE presentan sus entidades ante la nueva delegada provincial, Manuela Gonz\u00e1lez-Horcajo","datePublished":"2019-11-20T16:48:07+00:00","dateModified":"2019-11-21T01:15:11+00:00","mainEntityOfPage":{"@id":"https:\/\/clm-inclusiva.org\/?p=3509"},"wordCount":768,"publisher":{"@id":"https:\/\/clm-inclusiva.org\/#organization"},"articleSection":["Bienestar social","Ciudad Real","Clm inclusiva","cocemfe","Discapacidad","Tercer sector"],"inLanguage":"es"},{"@type":"WebPage","@id":"https:\/\/clm-inclusiva.org\/?p=3509","url":"https:\/\/clm-inclusiva.org\/?p=3509","name":"CLM Inclusiva COCEMFE y CR Inclusiva COCEMFE presentan sus entidades ante la nueva delegada provincial, Manuela Gonz\u00e1lez-Horcajo - Clm-Inclusiva","isPartOf":{"@id":"https:\/\/clm-inclusiva.org\/#website"},"datePublished":"2019-11-20T16:48:07+00:00","dateModified":"2019-11-21T01:15:11+00:00","breadcrumb":{"@id":"https:\/\/clm-inclusiva.org\/?p=3509#breadcrumb"},"inLanguage":"es","potentialAction":[{"@type":"ReadAction","target":["https:\/\/clm-inclusiva.org\/?p=3509"]}]},{"@type":"BreadcrumbList","@id":"https:\/\/clm-inclusiva.org\/?p=3509#breadcrumb","itemListElement":[{"@type":"ListItem","position":1,"name":"Portada","item":"https:\/\/clm-inclusiva.org\/"},{"@type":"ListItem","position":2,"name":"CLM Inclusiva COCEMFE y CR Inclusiva COCEMFE presentan sus entidades ante la nueva delegada provincial, Manuela Gonz\u00e1lez-Horcajo"}]},{"@type":"WebSite","@id":"https:\/\/clm-inclusiva.org\/#website","url":"https:\/\/clm-inclusiva.org\/","name":"Clm-Inclusiva","description":"Confederaci\u00f3n de entidades de personas con discapacidad f\u00edsica y org\u00e1nica CLM","publisher":{"@id":"https:\/\/clm-inclusiva.org\/#organization"},"potentialAction":[{"@type":"SearchAction","target":{"@type":"EntryPoint","urlTemplate":"https:\/\/clm-inclusiva.org\/?s={search_term_string}"},"query-input":"required name=search_term_string"}],"inLanguage":"es"},{"@type":"Organization","@id":"https:\/\/clm-inclusiva.org\/#organization","name":"Clm-Inclusiva","url":"https:\/\/clm-inclusiva.org\/","logo":{"@type":"ImageObject","inLanguage":"es","@id":"https:\/\/clm-inclusiva.org\/#\/schema\/logo\/image\/","url":"http:\/\/clm-inclusiva.org\/wp-content\/uploads\/2019\/04\/banner-e1533720812836.jpg","contentUrl":"http:\/\/clm-inclusiva.org\/wp-content\/uploads\/2019\/04\/banner-e1533720812836.jpg","width":600,"height":332,"caption":"Clm-Inclusiva"},"image":{"@id":"https:\/\/clm-inclusiva.org\/#\/schema\/logo\/image\/"},"sameAs":["https:\/\/www.facebook.com\/castillalamancha.inclusiva\/","https:\/\/twitter.com\/ClmInclusiva"]},{"@type":"Person","@id":"https:\/\/clm-inclusiva.org\/#\/schema\/person\/0cff84aaa5bb8fd3521c55d1578d902b","name":"clm-inclusiva","image":{"@type":"ImageObject","inLanguage":"es","@id":"https:\/\/clm-inclusiva.org\/#\/schema\/person\/image\/","url":"https:\/\/secure.gravatar.com\/avatar\/88948567af770dc9cd5597b329011884?s=96&d=blank&r=g","contentUrl":"https:\/\/secure.gravatar.com\/avatar\/88948567af770dc9cd5597b329011884?s=96&d=blank&r=g","caption":"clm-inclusiva"},"sameAs":["http:\/\/clm-inclusiva.org"],"url":"https:\/\/clm-inclusiva.org\/?author=1"}]}},"_links":{"self":[{"href":"https:\/\/clm-inclusiva.org\/index.php?rest_route=\/wp\/v2\/posts\/3509"}],"collection":[{"href":"https:\/\/clm-inclusiva.org\/index.php?rest_route=\/wp\/v2\/posts"}],"about":[{"href":"https:\/\/clm-inclusiva.org\/index.php?rest_route=\/wp\/v2\/types\/post"}],"author":[{"embeddable":true,"href":"https:\/\/clm-inclusiva.org\/index.php?rest_route=\/wp\/v2\/users\/1"}],"replies":[{"embeddable":true,"href":"https:\/\/clm-inclusiva.org\/index.php?rest_route=%2Fwp%2Fv2%2Fcomments&post=3509"}],"version-history":[{"count":4,"href":"https:\/\/clm-inclusiva.org\/index.php?rest_route=\/wp\/v2\/posts\/3509\/revisions"}],"predecessor-version":[{"id":3517,"href":"https:\/\/clm-inclusiva.org\/index.php?rest_route=\/wp\/v2\/posts\/3509\/revisions\/3517"}],"wp:featuredmedia":[{"embeddable":true,"href":"https:\/\/clm-inclusiva.org\/index.php?rest_route=\/wp\/v2\/media\/3511"}],"wp:attachment":[{"href":"https:\/\/clm-inclusiva.org\/index.php?rest_route=%2Fwp%2Fv2%2Fmedia&parent=3509"}],"wp:term":[{"taxonomy":"category","embeddable":true,"href":"https:\/\/clm-inclusiva.org\/index.php?rest_route=%2Fwp%2Fv2%2Fcategories&post=3509"},{"taxonomy":"post_tag","embeddable":true,"href":"https:\/\/clm-inclusiva.org\/index.php?rest_route=%2Fwp%2Fv2%2Ftags&post=3509"}],"curies":[{"name":"wp","href":"https:\/\/api.w.org\/{rel}","templated":true}]}}