{"id":3488,"date":"2019-11-06T10:13:37","date_gmt":"2019-11-06T08:13:37","guid":{"rendered":"http:\/\/clm-inclusiva.org\/?p=3488"},"modified":"2019-11-06T10:13:42","modified_gmt":"2019-11-06T08:13:42","slug":"castilla-la-mancha-inclusiva-cocemfe-se-reune-con-el-ayuntamiento-de-toledo-para-visualizar-la-realidad-de-las-personas-con-discapacidad-fisica-y-organica","status":"publish","type":"post","link":"https:\/\/clm-inclusiva.org\/?p=3488","title":{"rendered":"Castilla-La Mancha Inclusiva COCEMFE se re\u00fane con el ayuntamiento de Toledo para visualizar la realidad de las personas con discapacidad f\u00edsica y org\u00e1nica."},"content":{"rendered":"<p>[et_pb_section fb_built=&#8221;1&#8243; _builder_version=&#8221;4.0.4&#8243; custom_padding=&#8221;0px||2px|||&#8221;][et_pb_row _builder_version=&#8221;3.25&#8243; background_size=&#8221;initial&#8221; background_position=&#8221;top_left&#8221; background_repeat=&#8221;repeat&#8221; custom_margin=&#8221;|||||&#8221; custom_padding=&#8221;|||||&#8221;][et_pb_column type=&#8221;4_4&#8243; _builder_version=&#8221;3.25&#8243; custom_padding=&#8221;|||&#8221; custom_padding__hover=&#8221;|||&#8221;][et_pb_text admin_label=&#8221;Noticia&#8221; _builder_version=&#8221;4.0.4&#8243; text_font=&#8221;||||||||&#8221; background_size=&#8221;initial&#8221; background_position=&#8221;top_left&#8221; background_repeat=&#8221;repeat&#8221; text_orientation=&#8221;justified&#8221; min_height=&#8221;711px&#8221; custom_margin=&#8221;||||false|false&#8221; custom_padding=&#8221;|||||&#8221; hover_enabled=&#8221;0&#8243;]<\/p>\n<ul>\n<li>\n<ul>\n<li style=\"font-weight: 400;\">\n<ul>\n<li><em>Castilla-La Mancha Inclusiva COCEMFE se re\u00fane con el ayuntamiento de Toledo y presenta sus diferentes campa\u00f1as para visualizar las realidades del colectivo de personas con discapacidad, dentro del programa \u201cplaneta 10\u201d<\/em><\/li>\n<\/ul>\n<p>Toledo. 5 de noviembre. &#8211; En la ma\u00f1ana del martes 5 de noviembre se ha mantenido una reuni\u00f3n de Castilla-La Mancha Inclusiva COCEMFE con la Concejala <strong>Ana Bel\u00e9n Abell\u00e1n Garc\u00eda, <\/strong>Concejala Delegada de Servicios Sociales, Igualdad, Mayores y Personas con Discapacidad, del Excelent\u00edsimo Ayuntamiento de Toledo.<\/p>\n<p>Acud\u00edan a dicha reuni\u00f3n el Coordinador Regional, <strong>Carlos Mora de Marcos<\/strong>, y la Coordinadora Provincial de Toledo, <strong>Blanca Rodado<\/strong>, por parte de Castilla-La Mancha Inclusiva COCEMFE.<\/p>\n<p>Por parte de CLM Inclusiva COCEMFE, se ha presentado la Confederaci\u00f3n, la cual representa e impulsa al Movimiento Asociativo de Personas con Discapacidad F\u00edsica y Org\u00e1nica, a la vez que desarrolla una serie de servicios y actividades orientadas a sus organizaciones miembro con la intenci\u00f3n de mejorar la calidad de vida, la plena integraci\u00f3n en la sociedad y la defensa de los derechos de las Personas con Discapacidad F\u00edsica y Org\u00e1nica en todos los \u00e1mbitos de la vida.<\/p>\n<p>En CLM INCLUSIVA est\u00e1n integradas casi la totalidad de federaciones y asociaciones de personas con discapacidad f\u00edsica y org\u00e1nica de Castilla-La Mancha, que representan a m\u00e1s de 10.500 socios\/as.<\/p>\n<p>Se ha informado de las diferentes campa\u00f1as que est\u00e1 llevando a cabo la Confederaci\u00f3n, dentro de su marco provincial y regional, y por lo que el Coordinador Regional <em>\u201cconsidera indispensable para ello la alianza entre las administraciones p\u00fablicas y las entidades que representan al colectivo\u201d.<\/em><\/p>\n<p>As\u00ed mismo han explicado la colaboraci\u00f3n de la Confederaci\u00f3n con COCEMFE Espa\u00f1a para desarrollar la campa\u00f1a \u201cPlaneta 10\u201d con el objetivo de promover la incorporaci\u00f3n de las necesidades de las personas con discapacidad f\u00edsica y org\u00e1nica en el cumplimiento de los 17 Objetivos de Desarrollo Sostenible (ODS) de la Agenda 2030 de la ONU.<\/p>\n<p>Por \u00faltimo, CLM Inclusiva COCEMFE quiere agradecer la buena disposici\u00f3n a colaborar que ha trasladado la Concejala estableciendo una canal de comunicaci\u00f3n activo.<\/p>\n<p><em>La Confederaci\u00f3n Regional de Entidades de personas con Discapacidad F\u00edsica y Org\u00e1nica (CLM Inclusiva COCEMFE) se constituy\u00f3 en el a\u00f1o 2017. Agrupa a casi un centenar de entidades que representan casi a 10.000 personas con discapacidad. Se encuentra compuesta por las federaciones provinciales, COCEMFE Albacete, COCEMFE Guadalajara, COCEMFE\u00a0<\/em><a href=\"http:\/\/www.lacerca.com\/etiquetas\/1\/toledo\"><em>Toledo<\/em><\/a><em>, COCEMFE Cuenca y Ciudad Real INCLUSIVA, as\u00ed como las entidades de car\u00e1cter regional AFANION, LUNA, AIDISCAM CLM y la asociaci\u00f3n\u00a0<\/em><a href=\"http:\/\/www.lacerca.com\/etiquetas\/1\/nacional%20amiab\"><em>nacional AMIAB<\/em><\/a><em>. El objetivo fundamental de la confederaci\u00f3n es articular y vertebrar en nuestra regi\u00f3n el asociacionismo de la discapacidad f\u00edsica y org\u00e1nica, desde la unidad y respeto al pluralismo, para desarrollar una acci\u00f3n representativa efectiva en defensas de los derechos e intereses de las personas con discapacidad y sus familias.<\/em><\/p>\n<p><em>\u00a0<\/em><\/p>\n<p>&nbsp;<\/p>\n<\/li>\n<\/ul>\n<p style=\"font-weight: 400;\">\n<\/li>\n<\/ul>\n<p>[\/et_pb_text][et_pb_post_nav prev_text=&#8221;Anterior&#8221; next_text=&#8221;Siguiente&#8221; _builder_version=&#8221;3.22.4&#8243;][\/et_pb_post_nav][\/et_pb_column][\/et_pb_row][\/et_pb_section]<\/p>\n","protected":false},"excerpt":{"rendered":"<p>[et_pb_section fb_built=&#8221;1&#8243; _builder_version=&#8221;4.0.4&#8243; custom_padding=&#8221;0px||2px|||&#8221;][et_pb_row _builder_version=&#8221;3.25&#8243; background_size=&#8221;initial&#8221; background_position=&#8221;top_left&#8221; background_repeat=&#8221;repeat&#8221; custom_margin=&#8221;|||||&#8221; custom_padding=&#8221;|||||&#8221;][et_pb_column type=&#8221;4_4&#8243; _builder_version=&#8221;3.25&#8243; custom_padding=&#8221;|||&#8221; custom_padding__hover=&#8221;|||&#8221;][et_pb_text admin_label=&#8221;Noticia&#8221; _builder_version=&#8221;4.0.4&#8243; text_font=&#8221;||||||||&#8221; background_size=&#8221;initial&#8221; background_position=&#8221;top_left&#8221; background_repeat=&#8221;repeat&#8221; text_orientation=&#8221;justified&#8221; min_height=&#8221;711px&#8221; custom_margin=&#8221;||||false|false&#8221; custom_padding=&#8221;|||||&#8221; hover_enabled=&#8221;0&#8243;] Castilla-La Mancha Inclusiva COCEMFE se re\u00fane con el ayuntamiento de Toledo y presenta sus diferentes campa\u00f1as para visualizar las realidades del colectivo de personas con discapacidad, dentro del programa \u201cplaneta [&hellip;]<\/p>\n","protected":false},"author":1,"featured_media":3489,"comment_status":"closed","ping_status":"closed","sticky":false,"template":"","format":"standard","meta":{"_et_pb_use_builder":"on","_et_pb_old_content":"<h5 style=\"text-align: justify;\">La Confederaci\u00f3n CLM Inclusiva y la asociaci\u00f3n empresarial de Centros Especiales de Empleo de COCEMFE en Castilla-La Mancha, AECEMCO CLM, han firmado un acuerdo para promover las oportunidades de formaci\u00f3n y empleo de las personas del colectivo.<\/h5>\r\n<p style=\"text-align: justify;\"><img class=\"alignnone size-full wp-image-471\" src=\"http:\/\/clm-inclusiva.org\/wp-content\/uploads\/2019\/04\/3500_fotonoticia_20190402151941_1920.jpg\" alt=\"\" width=\"670\" height=\"300\"><\/p>\r\n<p style=\"text-align: justify;\">El presidente de la confederaci\u00f3n CLM Inclusiva, Enrique Alarc\u00f3n Garc\u00eda, y el presidente de AECEMCO CLM, \u00d3scar Sillas, han rubricado este acuerdo de colaboraci\u00f3n para coordinar su labor y actuaciones de apoyo a la promoci\u00f3n de los derechos de las personas con discapacidad f\u00edsica y org\u00e1nica en Castilla-La Mancha, ha informado esta confederaci\u00f3n en nota de prensa.<\/p>\r\nEl sector empresarial promovido por las organizaciones de COCEMFE sin \u00e1nimo de lucro, integrado en AECEMCO, da empleo actualmente a m\u00e1s de 800 personas con discapacidad de todo tipo, con actividades productivas y de prestaci\u00f3n de servicios muy variados como obras, lavander\u00eda, limpieza, medioambiente, manipulados, formaci\u00f3n, etc.\r\n\r\nAmbas organizaciones que comparten valores sociales y visi\u00f3n sobre los derechos de las personas con discapacidad coordinar\u00e1n todas sus actividades para incrementar las oportunidades de formaci\u00f3n, aprendizaje en el puesto de trabajo y calidad de los mismos, tanto en empleo protegido como ordinario.\r\n\r\nDentro de las actuaciones objeto del acuerdo se pondr\u00e1 especial atenci\u00f3n a dar a conocer la normativa de reserva de empleo para personas con discapacidad, as\u00ed como el adecuado cumplimiento de las medidas alternativas, para lo que se informar\u00e1 conjuntamente a administraciones, federaciones empresariales y grandes empresas sobre las oportunidades de empleabilidad de las personas con discapacidad f\u00edsica y org\u00e1nica.\r\n\r\nCLM Inclusiva dispone actualmente de Servicio de Empleo en todas las provincias de Castilla-La Mancha, gracias al apoyo de Fundaci\u00f3n ONCE y la financiaci\u00f3n de proyectos con cargo al IRPF, que realiza labor de intermediaci\u00f3n entre personas con discapacidad demandantes de empleo y empresas, asegurando la adecuaci\u00f3n de trabajadores al puesto de trabajo e informando sobre incentivos a la contrataci\u00f3n y ajustes t\u00e9cnicos necesarios en el puesto.\r\n\r\nLa Confederaci\u00f3n regional de entidades de personas con discapacidad f\u00edsica y org\u00e1nica, Castilla-La Mancha Inclusiva, agrupa al movimiento asociativo de COCEMFE en la Regi\u00f3n, con casi un centenar de entidades que representan en torno a 10.000 personas con discapacidad.\r\n\r\nActualmente se encuentra compuesta por cinco federaciones provinciales, COCEMFE Albacete, COCEMFE Cuenca, COCEMFE Guadalajara, COCEMFE Toledo y Ciudad Real Inclusiva, las entidades regionales AFANION, Federaci\u00f3n LUNA CLM de mujeres con discapacidad, AIDISCAM, y la asociaci\u00f3n nacional AMIAB.","_et_gb_content_width":"","footnotes":""},"categories":[46,5,41,42],"tags":[],"yoast_head":"<!-- This site is optimized with the Yoast SEO plugin v21.3 - https:\/\/yoast.com\/wordpress\/plugins\/seo\/ -->\n<title>Castilla-La Mancha Inclusiva COCEMFE se re\u00fane con el ayuntamiento de Toledo para visualizar la realidad de las personas con discapacidad f\u00edsica y org\u00e1nica. - Clm-Inclusiva<\/title>\n<meta name=\"robots\" content=\"index, follow, max-snippet:-1, max-image-preview:large, max-video-preview:-1\" \/>\n<link rel=\"canonical\" href=\"https:\/\/clm-inclusiva.org\/?p=3488\" \/>\n<meta property=\"og:locale\" content=\"es_ES\" \/>\n<meta property=\"og:type\" content=\"article\" \/>\n<meta property=\"og:title\" content=\"Castilla-La Mancha Inclusiva COCEMFE se re\u00fane con el ayuntamiento de Toledo para visualizar la realidad de las personas con discapacidad f\u00edsica y org\u00e1nica. - Clm-Inclusiva\" \/>\n<meta property=\"og:description\" content=\"[et_pb_section fb_built=&#8221;1&#8243; _builder_version=&#8221;4.0.4&#8243; custom_padding=&#8221;0px||2px|||&#8221;][et_pb_row _builder_version=&#8221;3.25&#8243; background_size=&#8221;initial&#8221; background_position=&#8221;top_left&#8221; background_repeat=&#8221;repeat&#8221; custom_margin=&#8221;|||||&#8221; custom_padding=&#8221;|||||&#8221;][et_pb_column type=&#8221;4_4&#8243; _builder_version=&#8221;3.25&#8243; custom_padding=&#8221;|||&#8221; custom_padding__hover=&#8221;|||&#8221;][et_pb_text admin_label=&#8221;Noticia&#8221; _builder_version=&#8221;4.0.4&#8243; text_font=&#8221;||||||||&#8221; background_size=&#8221;initial&#8221; background_position=&#8221;top_left&#8221; background_repeat=&#8221;repeat&#8221; text_orientation=&#8221;justified&#8221; min_height=&#8221;711px&#8221; custom_margin=&#8221;||||false|false&#8221; custom_padding=&#8221;|||||&#8221; hover_enabled=&#8221;0&#8243;] Castilla-La Mancha Inclusiva COCEMFE se re\u00fane con el ayuntamiento de Toledo y presenta sus diferentes campa\u00f1as para visualizar las realidades del colectivo de personas con discapacidad, dentro del programa \u201cplaneta [&hellip;]\" \/>\n<meta property=\"og:url\" content=\"https:\/\/clm-inclusiva.org\/?p=3488\" \/>\n<meta property=\"og:site_name\" content=\"Clm-Inclusiva\" \/>\n<meta property=\"article:publisher\" content=\"https:\/\/www.facebook.com\/castillalamancha.inclusiva\/\" \/>\n<meta property=\"article:published_time\" content=\"2019-11-06T08:13:37+00:00\" \/>\n<meta property=\"article:modified_time\" content=\"2019-11-06T08:13:42+00:00\" \/>\n<meta property=\"og:image\" content=\"https:\/\/clm-inclusiva.org\/wp-content\/uploads\/2019\/11\/Reuni\u00f3n-Concejala-Toledo-1024x768.jpg\" \/>\n\t<meta property=\"og:image:width\" content=\"1024\" \/>\n\t<meta property=\"og:image:height\" content=\"768\" \/>\n\t<meta property=\"og:image:type\" content=\"image\/jpeg\" \/>\n<meta name=\"author\" content=\"clm-inclusiva\" \/>\n<meta name=\"twitter:card\" content=\"summary_large_image\" \/>\n<meta name=\"twitter:creator\" content=\"@ClmInclusiva\" \/>\n<meta name=\"twitter:site\" content=\"@ClmInclusiva\" \/>\n<meta name=\"twitter:label1\" content=\"Escrito por\" \/>\n\t<meta name=\"twitter:data1\" content=\"clm-inclusiva\" \/>\n\t<meta name=\"twitter:label2\" content=\"Tiempo de lectura\" \/>\n\t<meta name=\"twitter:data2\" content=\"3 minutos\" \/>\n<script type=\"application\/ld+json\" class=\"yoast-schema-graph\">{\"@context\":\"https:\/\/schema.org\",\"@graph\":[{\"@type\":\"Article\",\"@id\":\"https:\/\/clm-inclusiva.org\/?p=3488#article\",\"isPartOf\":{\"@id\":\"https:\/\/clm-inclusiva.org\/?p=3488\"},\"author\":{\"name\":\"clm-inclusiva\",\"@id\":\"https:\/\/clm-inclusiva.org\/#\/schema\/person\/0cff84aaa5bb8fd3521c55d1578d902b\"},\"headline\":\"Castilla-La Mancha Inclusiva COCEMFE se re\u00fane con el ayuntamiento de Toledo para visualizar la realidad de las personas con discapacidad f\u00edsica y org\u00e1nica.\",\"datePublished\":\"2019-11-06T08:13:37+00:00\",\"dateModified\":\"2019-11-06T08:13:42+00:00\",\"mainEntityOfPage\":{\"@id\":\"https:\/\/clm-inclusiva.org\/?p=3488\"},\"wordCount\":618,\"publisher\":{\"@id\":\"https:\/\/clm-inclusiva.org\/#organization\"},\"articleSection\":[\"Aidiscam\",\"Discapacidad\",\"Tercer sector\",\"Toledo\"],\"inLanguage\":\"es\"},{\"@type\":\"WebPage\",\"@id\":\"https:\/\/clm-inclusiva.org\/?p=3488\",\"url\":\"https:\/\/clm-inclusiva.org\/?p=3488\",\"name\":\"Castilla-La Mancha Inclusiva COCEMFE se re\u00fane con el ayuntamiento de Toledo para visualizar la realidad de las personas con discapacidad f\u00edsica y org\u00e1nica. - Clm-Inclusiva\",\"isPartOf\":{\"@id\":\"https:\/\/clm-inclusiva.org\/#website\"},\"datePublished\":\"2019-11-06T08:13:37+00:00\",\"dateModified\":\"2019-11-06T08:13:42+00:00\",\"breadcrumb\":{\"@id\":\"https:\/\/clm-inclusiva.org\/?p=3488#breadcrumb\"},\"inLanguage\":\"es\",\"potentialAction\":[{\"@type\":\"ReadAction\",\"target\":[\"https:\/\/clm-inclusiva.org\/?p=3488\"]}]},{\"@type\":\"BreadcrumbList\",\"@id\":\"https:\/\/clm-inclusiva.org\/?p=3488#breadcrumb\",\"itemListElement\":[{\"@type\":\"ListItem\",\"position\":1,\"name\":\"Portada\",\"item\":\"https:\/\/clm-inclusiva.org\/\"},{\"@type\":\"ListItem\",\"position\":2,\"name\":\"Castilla-La Mancha Inclusiva COCEMFE se re\u00fane con el ayuntamiento de Toledo para visualizar la realidad de las personas con discapacidad f\u00edsica y org\u00e1nica.\"}]},{\"@type\":\"WebSite\",\"@id\":\"https:\/\/clm-inclusiva.org\/#website\",\"url\":\"https:\/\/clm-inclusiva.org\/\",\"name\":\"Clm-Inclusiva\",\"description\":\"Confederaci\u00f3n de entidades de personas con discapacidad f\u00edsica y org\u00e1nica CLM\",\"publisher\":{\"@id\":\"https:\/\/clm-inclusiva.org\/#organization\"},\"potentialAction\":[{\"@type\":\"SearchAction\",\"target\":{\"@type\":\"EntryPoint\",\"urlTemplate\":\"https:\/\/clm-inclusiva.org\/?s={search_term_string}\"},\"query-input\":\"required name=search_term_string\"}],\"inLanguage\":\"es\"},{\"@type\":\"Organization\",\"@id\":\"https:\/\/clm-inclusiva.org\/#organization\",\"name\":\"Clm-Inclusiva\",\"url\":\"https:\/\/clm-inclusiva.org\/\",\"logo\":{\"@type\":\"ImageObject\",\"inLanguage\":\"es\",\"@id\":\"https:\/\/clm-inclusiva.org\/#\/schema\/logo\/image\/\",\"url\":\"http:\/\/clm-inclusiva.org\/wp-content\/uploads\/2019\/04\/banner-e1533720812836.jpg\",\"contentUrl\":\"http:\/\/clm-inclusiva.org\/wp-content\/uploads\/2019\/04\/banner-e1533720812836.jpg\",\"width\":600,\"height\":332,\"caption\":\"Clm-Inclusiva\"},\"image\":{\"@id\":\"https:\/\/clm-inclusiva.org\/#\/schema\/logo\/image\/\"},\"sameAs\":[\"https:\/\/www.facebook.com\/castillalamancha.inclusiva\/\",\"https:\/\/twitter.com\/ClmInclusiva\"]},{\"@type\":\"Person\",\"@id\":\"https:\/\/clm-inclusiva.org\/#\/schema\/person\/0cff84aaa5bb8fd3521c55d1578d902b\",\"name\":\"clm-inclusiva\",\"image\":{\"@type\":\"ImageObject\",\"inLanguage\":\"es\",\"@id\":\"https:\/\/clm-inclusiva.org\/#\/schema\/person\/image\/\",\"url\":\"https:\/\/secure.gravatar.com\/avatar\/88948567af770dc9cd5597b329011884?s=96&d=blank&r=g\",\"contentUrl\":\"https:\/\/secure.gravatar.com\/avatar\/88948567af770dc9cd5597b329011884?s=96&d=blank&r=g\",\"caption\":\"clm-inclusiva\"},\"sameAs\":[\"http:\/\/clm-inclusiva.org\"],\"url\":\"https:\/\/clm-inclusiva.org\/?author=1\"}]}<\/script>\n<!-- \/ Yoast SEO plugin. -->","yoast_head_json":{"title":"Castilla-La Mancha Inclusiva COCEMFE se re\u00fane con el ayuntamiento de Toledo para visualizar la realidad de las personas con discapacidad f\u00edsica y org\u00e1nica. - Clm-Inclusiva","robots":{"index":"index","follow":"follow","max-snippet":"max-snippet:-1","max-image-preview":"max-image-preview:large","max-video-preview":"max-video-preview:-1"},"canonical":"https:\/\/clm-inclusiva.org\/?p=3488","og_locale":"es_ES","og_type":"article","og_title":"Castilla-La Mancha Inclusiva COCEMFE se re\u00fane con el ayuntamiento de Toledo para visualizar la realidad de las personas con discapacidad f\u00edsica y org\u00e1nica. - Clm-Inclusiva","og_description":"[et_pb_section fb_built=&#8221;1&#8243; _builder_version=&#8221;4.0.4&#8243; custom_padding=&#8221;0px||2px|||&#8221;][et_pb_row _builder_version=&#8221;3.25&#8243; background_size=&#8221;initial&#8221; background_position=&#8221;top_left&#8221; background_repeat=&#8221;repeat&#8221; custom_margin=&#8221;|||||&#8221; custom_padding=&#8221;|||||&#8221;][et_pb_column type=&#8221;4_4&#8243; _builder_version=&#8221;3.25&#8243; custom_padding=&#8221;|||&#8221; custom_padding__hover=&#8221;|||&#8221;][et_pb_text admin_label=&#8221;Noticia&#8221; _builder_version=&#8221;4.0.4&#8243; text_font=&#8221;||||||||&#8221; background_size=&#8221;initial&#8221; background_position=&#8221;top_left&#8221; background_repeat=&#8221;repeat&#8221; text_orientation=&#8221;justified&#8221; min_height=&#8221;711px&#8221; custom_margin=&#8221;||||false|false&#8221; custom_padding=&#8221;|||||&#8221; hover_enabled=&#8221;0&#8243;] Castilla-La Mancha Inclusiva COCEMFE se re\u00fane con el ayuntamiento de Toledo y presenta sus diferentes campa\u00f1as para visualizar las realidades del colectivo de personas con discapacidad, dentro del programa \u201cplaneta [&hellip;]","og_url":"https:\/\/clm-inclusiva.org\/?p=3488","og_site_name":"Clm-Inclusiva","article_publisher":"https:\/\/www.facebook.com\/castillalamancha.inclusiva\/","article_published_time":"2019-11-06T08:13:37+00:00","article_modified_time":"2019-11-06T08:13:42+00:00","og_image":[{"width":1024,"height":768,"url":"https:\/\/clm-inclusiva.org\/wp-content\/uploads\/2019\/11\/Reuni\u00f3n-Concejala-Toledo-1024x768.jpg","type":"image\/jpeg"}],"author":"clm-inclusiva","twitter_card":"summary_large_image","twitter_creator":"@ClmInclusiva","twitter_site":"@ClmInclusiva","twitter_misc":{"Escrito por":"clm-inclusiva","Tiempo de lectura":"3 minutos"},"schema":{"@context":"https:\/\/schema.org","@graph":[{"@type":"Article","@id":"https:\/\/clm-inclusiva.org\/?p=3488#article","isPartOf":{"@id":"https:\/\/clm-inclusiva.org\/?p=3488"},"author":{"name":"clm-inclusiva","@id":"https:\/\/clm-inclusiva.org\/#\/schema\/person\/0cff84aaa5bb8fd3521c55d1578d902b"},"headline":"Castilla-La Mancha Inclusiva COCEMFE se re\u00fane con el ayuntamiento de Toledo para visualizar la realidad de las personas con discapacidad f\u00edsica y org\u00e1nica.","datePublished":"2019-11-06T08:13:37+00:00","dateModified":"2019-11-06T08:13:42+00:00","mainEntityOfPage":{"@id":"https:\/\/clm-inclusiva.org\/?p=3488"},"wordCount":618,"publisher":{"@id":"https:\/\/clm-inclusiva.org\/#organization"},"articleSection":["Aidiscam","Discapacidad","Tercer sector","Toledo"],"inLanguage":"es"},{"@type":"WebPage","@id":"https:\/\/clm-inclusiva.org\/?p=3488","url":"https:\/\/clm-inclusiva.org\/?p=3488","name":"Castilla-La Mancha Inclusiva COCEMFE se re\u00fane con el ayuntamiento de Toledo para visualizar la realidad de las personas con discapacidad f\u00edsica y org\u00e1nica. - Clm-Inclusiva","isPartOf":{"@id":"https:\/\/clm-inclusiva.org\/#website"},"datePublished":"2019-11-06T08:13:37+00:00","dateModified":"2019-11-06T08:13:42+00:00","breadcrumb":{"@id":"https:\/\/clm-inclusiva.org\/?p=3488#breadcrumb"},"inLanguage":"es","potentialAction":[{"@type":"ReadAction","target":["https:\/\/clm-inclusiva.org\/?p=3488"]}]},{"@type":"BreadcrumbList","@id":"https:\/\/clm-inclusiva.org\/?p=3488#breadcrumb","itemListElement":[{"@type":"ListItem","position":1,"name":"Portada","item":"https:\/\/clm-inclusiva.org\/"},{"@type":"ListItem","position":2,"name":"Castilla-La Mancha Inclusiva COCEMFE se re\u00fane con el ayuntamiento de Toledo para visualizar la realidad de las personas con discapacidad f\u00edsica y org\u00e1nica."}]},{"@type":"WebSite","@id":"https:\/\/clm-inclusiva.org\/#website","url":"https:\/\/clm-inclusiva.org\/","name":"Clm-Inclusiva","description":"Confederaci\u00f3n de entidades de personas con discapacidad f\u00edsica y org\u00e1nica CLM","publisher":{"@id":"https:\/\/clm-inclusiva.org\/#organization"},"potentialAction":[{"@type":"SearchAction","target":{"@type":"EntryPoint","urlTemplate":"https:\/\/clm-inclusiva.org\/?s={search_term_string}"},"query-input":"required name=search_term_string"}],"inLanguage":"es"},{"@type":"Organization","@id":"https:\/\/clm-inclusiva.org\/#organization","name":"Clm-Inclusiva","url":"https:\/\/clm-inclusiva.org\/","logo":{"@type":"ImageObject","inLanguage":"es","@id":"https:\/\/clm-inclusiva.org\/#\/schema\/logo\/image\/","url":"http:\/\/clm-inclusiva.org\/wp-content\/uploads\/2019\/04\/banner-e1533720812836.jpg","contentUrl":"http:\/\/clm-inclusiva.org\/wp-content\/uploads\/2019\/04\/banner-e1533720812836.jpg","width":600,"height":332,"caption":"Clm-Inclusiva"},"image":{"@id":"https:\/\/clm-inclusiva.org\/#\/schema\/logo\/image\/"},"sameAs":["https:\/\/www.facebook.com\/castillalamancha.inclusiva\/","https:\/\/twitter.com\/ClmInclusiva"]},{"@type":"Person","@id":"https:\/\/clm-inclusiva.org\/#\/schema\/person\/0cff84aaa5bb8fd3521c55d1578d902b","name":"clm-inclusiva","image":{"@type":"ImageObject","inLanguage":"es","@id":"https:\/\/clm-inclusiva.org\/#\/schema\/person\/image\/","url":"https:\/\/secure.gravatar.com\/avatar\/88948567af770dc9cd5597b329011884?s=96&d=blank&r=g","contentUrl":"https:\/\/secure.gravatar.com\/avatar\/88948567af770dc9cd5597b329011884?s=96&d=blank&r=g","caption":"clm-inclusiva"},"sameAs":["http:\/\/clm-inclusiva.org"],"url":"https:\/\/clm-inclusiva.org\/?author=1"}]}},"_links":{"self":[{"href":"https:\/\/clm-inclusiva.org\/index.php?rest_route=\/wp\/v2\/posts\/3488"}],"collection":[{"href":"https:\/\/clm-inclusiva.org\/index.php?rest_route=\/wp\/v2\/posts"}],"about":[{"href":"https:\/\/clm-inclusiva.org\/index.php?rest_route=\/wp\/v2\/types\/post"}],"author":[{"embeddable":true,"href":"https:\/\/clm-inclusiva.org\/index.php?rest_route=\/wp\/v2\/users\/1"}],"replies":[{"embeddable":true,"href":"https:\/\/clm-inclusiva.org\/index.php?rest_route=%2Fwp%2Fv2%2Fcomments&post=3488"}],"version-history":[{"count":2,"href":"https:\/\/clm-inclusiva.org\/index.php?rest_route=\/wp\/v2\/posts\/3488\/revisions"}],"predecessor-version":[{"id":3492,"href":"https:\/\/clm-inclusiva.org\/index.php?rest_route=\/wp\/v2\/posts\/3488\/revisions\/3492"}],"wp:featuredmedia":[{"embeddable":true,"href":"https:\/\/clm-inclusiva.org\/index.php?rest_route=\/wp\/v2\/media\/3489"}],"wp:attachment":[{"href":"https:\/\/clm-inclusiva.org\/index.php?rest_route=%2Fwp%2Fv2%2Fmedia&parent=3488"}],"wp:term":[{"taxonomy":"category","embeddable":true,"href":"https:\/\/clm-inclusiva.org\/index.php?rest_route=%2Fwp%2Fv2%2Fcategories&post=3488"},{"taxonomy":"post_tag","embeddable":true,"href":"https:\/\/clm-inclusiva.org\/index.php?rest_route=%2Fwp%2Fv2%2Ftags&post=3488"}],"curies":[{"name":"wp","href":"https:\/\/api.w.org\/{rel}","templated":true}]}}