{"id":3479,"date":"2019-11-05T12:44:29","date_gmt":"2019-11-05T10:44:29","guid":{"rendered":"http:\/\/clm-inclusiva.org\/?p=3479"},"modified":"2019-11-05T12:44:34","modified_gmt":"2019-11-05T10:44:34","slug":"el-cermi-ante-el-10-n-si-no-hay-estabilidad-parlamentaria-la-agenda-politica-de-la-discapacidad-esta-paralizada-y-atorada","status":"publish","type":"post","link":"https:\/\/clm-inclusiva.org\/?p=3479","title":{"rendered":"El CERMI, ante el 10-N: \u201cSi no hay estabilidad parlamentaria, la agenda pol\u00edtica de la discapacidad est\u00e1 paralizada y atorada\u201d"},"content":{"rendered":"<p>[et_pb_section fb_built=&#8221;1&#8243; _builder_version=&#8221;4.0.4&#8243; custom_padding=&#8221;0px||2px|||&#8221;][et_pb_row _builder_version=&#8221;3.25&#8243; background_size=&#8221;initial&#8221; background_position=&#8221;top_left&#8221; background_repeat=&#8221;repeat&#8221; custom_margin=&#8221;|||||&#8221; custom_padding=&#8221;|||||&#8221;][et_pb_column type=&#8221;4_4&#8243; _builder_version=&#8221;3.25&#8243; custom_padding=&#8221;|||&#8221; custom_padding__hover=&#8221;|||&#8221;][et_pb_text admin_label=&#8221;Noticia&#8221; _builder_version=&#8221;4.0.4&#8243; text_font=&#8221;||||||||&#8221; background_size=&#8221;initial&#8221; background_position=&#8221;top_left&#8221; background_repeat=&#8221;repeat&#8221; text_orientation=&#8221;justified&#8221; min_height=&#8221;711px&#8221; custom_margin=&#8221;||||false|false&#8221; custom_padding=&#8221;|||||&#8221; hover_enabled=&#8221;0&#8243;]<\/p>\n<ul>\n<li>\n<ul>\n<li style=\"font-weight: 400;\"><strong>El presidente del CERMI Estatal concedi\u00f3 una entrevista a CMM, la radio auton\u00f3mica de Castilla-La Mancha, en la que subray\u00f3 la necesidad de retomar los trabajos iniciados para la reforma del art\u00edculo 49 de la Constituci\u00f3n<\/strong><\/li>\n<\/ul>\n<p style=\"font-weight: 400;\"><strong>\u00a0<\/strong>(Toledo, 4 de noviembre de 2019). &#8211; El presidente del\u00a0<strong>Comit\u00e9 Espa\u00f1ol de Representantes de Personas con Discapacidad<\/strong>\u00a0(CERMI), Luis Cayo P\u00e9rez Bueno, asegur\u00f3 este lunes que si desde la discapacidad organizada se pronuncian sobre la repetici\u00f3n de las elecciones \u201cno es porque lo nuestro sean las tertulias y el an\u00e1lisis pol\u00edtico al uso, sino porque si no hay estabilidad parlamentaria, si no hay Gobierno que tenga vocaci\u00f3n de medio y largo plazo, nuestra agenda pol\u00edtica est\u00e1 bloqueada y atorada\u201d.<\/p>\n<p style=\"font-weight: 400;\">P\u00e9rez Bueno hizo estas declaraciones en una entrevista en la emisora\u00a0<strong>\u2018CMM\u2019, la radio auton\u00f3mica de Castilla-La Mancha<\/strong>, en la que repas\u00f3 las prioridades de las personas con discapacidad y sus familias que no se est\u00e1n pudiendo atender por el contexto pol\u00edtico actual. Se puede acceder a la entrevista \u00edntegra en este enlace:\u00a0<a href=\"https:\/\/www.cmmedia.es\/listas-de-reproduccion\/informacion\/podcasts\/0_rbf5usna\" data-saferedirecturl=\"https:\/\/www.google.com\/url?q=https:\/\/www.cmmedia.es\/listas-de-reproduccion\/informacion\/podcasts\/0_rbf5usna&amp;source=gmail&amp;ust=1573032941576000&amp;usg=AFQjCNFENF7K3n10Kbv8TKEr0Y2VEC6nRA\">https:\/\/www.cmmedia.es\/listas-de-reproduccion\/informacion\/podcasts\/0_rbf5usna<\/a>.<\/p>\n<p style=\"font-weight: 400;\">Entre estos asuntos, destac\u00f3 la\u00a0<strong>reforma del art\u00edculo 49 de la Constituci\u00f3n<\/strong>, con el fin de reforzar la protecci\u00f3n de los derechos de las personas con discapacidad y de actualizar la terminolog\u00eda con la que la Carta Magna hace alusi\u00f3n a esta parte de la ciudadan\u00eda. En este punto, record\u00f3 que los trabajos ya se iniciaron en la pasada legislatura \u201ccon un apoyo casi un\u00e1nime\u201d, por lo que\u00a0<strong>\u201cser\u00eda la primera reforma social de la Constituci\u00f3n<\/strong>, y si la hacemos bien, podr\u00eda apuntarse posteriormente a otra gran modificaci\u00f3n, que ser\u00eda la constitucionalizaci\u00f3n de los derechos sociales\u201d.<\/p>\n<p style=\"font-weight: 400;\">Asimismo, el presidente del CERMI urgi\u00f3 a que en la pr\u00f3xima legislatura se retome el proyecto de modificaci\u00f3n del C\u00f3digo Civil para pasar de un modelo de sustituci\u00f3n de la capacidad jur\u00eddica a otro basado en la provisi\u00f3n de apoyos en la toma de decisiones.<\/p>\n<p style=\"font-weight: 400;\">Tambi\u00e9n denunci\u00f3 que se mantenga en el C\u00f3digo Penal la posibilidad de que se puedan practicar\u00a0<strong>esterilizaciones forzosas por raz\u00f3n de discapacidad<\/strong>, algo que sufren sobre todo mujeres y ni\u00f1as. \u201cNo es un asunto muy voluminoso cuantitativamente, pero es improcedente y\u00a0<strong>ofende a una moral p\u00fablica exigente<\/strong>, por lo que tiene que ser desterrado de nuestro ordenamiento jur\u00eddico cuanto antes\u201d, ahond\u00f3.<\/p>\n<p style=\"font-weight: 400;\">Por otro lado, P\u00e9rez Bueno analiz\u00f3 la situaci\u00f3n del\u00a0<strong>Sistema de Autonom\u00eda Personal y Atenci\u00f3n a la Dependencia<\/strong>\u00a0que, seg\u00fan indic\u00f3, \u201cdio esperanzas de que se abordar\u00edan en clave de derechos determinadas prestaciones y apoyos\u201d. En cambio, lament\u00f3 que \u201cse ha quedado un\u00a0<strong>sentimiento de cierta estafa, porque se nos prometi\u00f3 much\u00edsimo y apenas hemos encontrado nada\u201d<\/strong>.<\/p>\n<p style=\"font-weight: 400;\">En este sentido, critic\u00f3 las desigualdades territoriales y \u201cla falta de liderazgo del Estado\u201d, as\u00ed como que existan unas 300.000 personas con derecho a apoyos o prestaciones reconocidas y no se les est\u00e9 proporcionando, lo que \u201cser\u00eda inasumible\u201d con personas que no cobraran una pensi\u00f3n, \u201cpero en cambio, sucede con la dependencia, y no pasa nada\u201d.<\/p>\n<p style=\"font-weight: 400;\">El responsable del CERMI abord\u00f3 tambi\u00e9n cuestiones como la necesidad de garantizar el derecho a la educaci\u00f3n inclusiva o la importancia de proporcionar los apoyos y servicios que las personas con discapacidad que residen en el entorno rural precisen. \u201cLo que le pasa de negativo a Espa\u00f1a le ocurre en t\u00e9rminos corregidos y aumentados a las personas con discapacidad\u201d, advirti\u00f3 P\u00e9rez Bueno en relaci\u00f3n a la situaci\u00f3n de la denominada \u2018Espa\u00f1a vaciada\u2019.<\/p>\n<p style=\"font-weight: 400;\"><strong>\u00a0<\/strong><strong>\u201cTener una discapacidad y necesitar apoyos significa casi indefectiblemente tener que abandonar el entorno rural<\/strong>, el pueblo en el que se quiere vivir, porque si no, las personas con discapacidad se ven privadas de los servicios que precisan. La fuerza que se ejerce sobre ellas para que dejen el medio rural es todav\u00eda mayor que sobre otros grupos sociales\u201d, apostill\u00f3 el presidente del CERMI.<\/p>\n<p style=\"font-weight: 400;\">\n<\/li>\n<\/ul>\n<p>[\/et_pb_text][et_pb_post_nav prev_text=&#8221;Anterior&#8221; next_text=&#8221;Siguiente&#8221; _builder_version=&#8221;3.22.4&#8243;][\/et_pb_post_nav][\/et_pb_column][\/et_pb_row][\/et_pb_section]<\/p>\n","protected":false},"excerpt":{"rendered":"<p>[et_pb_section fb_built=&#8221;1&#8243; _builder_version=&#8221;4.0.4&#8243; custom_padding=&#8221;0px||2px|||&#8221;][et_pb_row _builder_version=&#8221;3.25&#8243; background_size=&#8221;initial&#8221; background_position=&#8221;top_left&#8221; background_repeat=&#8221;repeat&#8221; custom_margin=&#8221;|||||&#8221; custom_padding=&#8221;|||||&#8221;][et_pb_column type=&#8221;4_4&#8243; _builder_version=&#8221;3.25&#8243; custom_padding=&#8221;|||&#8221; custom_padding__hover=&#8221;|||&#8221;][et_pb_text admin_label=&#8221;Noticia&#8221; _builder_version=&#8221;4.0.4&#8243; text_font=&#8221;||||||||&#8221; background_size=&#8221;initial&#8221; background_position=&#8221;top_left&#8221; background_repeat=&#8221;repeat&#8221; text_orientation=&#8221;justified&#8221; min_height=&#8221;711px&#8221; custom_margin=&#8221;||||false|false&#8221; custom_padding=&#8221;|||||&#8221; hover_enabled=&#8221;0&#8243;] El presidente del CERMI Estatal concedi\u00f3 una entrevista a CMM, la radio auton\u00f3mica de Castilla-La Mancha, en la que subray\u00f3 la necesidad de retomar los trabajos iniciados para la reforma [&hellip;]<\/p>\n","protected":false},"author":1,"featured_media":3484,"comment_status":"closed","ping_status":"closed","sticky":false,"template":"","format":"standard","meta":{"_et_pb_use_builder":"on","_et_pb_old_content":"<h5 style=\"text-align: justify;\">La Confederaci\u00f3n CLM Inclusiva y la asociaci\u00f3n empresarial de Centros Especiales de Empleo de COCEMFE en Castilla-La Mancha, AECEMCO CLM, han firmado un acuerdo para promover las oportunidades de formaci\u00f3n y empleo de las personas del colectivo.<\/h5>\r\n<p style=\"text-align: justify;\"><img class=\"alignnone size-full wp-image-471\" src=\"http:\/\/clm-inclusiva.org\/wp-content\/uploads\/2019\/04\/3500_fotonoticia_20190402151941_1920.jpg\" alt=\"\" width=\"670\" height=\"300\"><\/p>\r\n<p style=\"text-align: justify;\">El presidente de la confederaci\u00f3n CLM Inclusiva, Enrique Alarc\u00f3n Garc\u00eda, y el presidente de AECEMCO CLM, \u00d3scar Sillas, han rubricado este acuerdo de colaboraci\u00f3n para coordinar su labor y actuaciones de apoyo a la promoci\u00f3n de los derechos de las personas con discapacidad f\u00edsica y org\u00e1nica en Castilla-La Mancha, ha informado esta confederaci\u00f3n en nota de prensa.<\/p>\r\nEl sector empresarial promovido por las organizaciones de COCEMFE sin \u00e1nimo de lucro, integrado en AECEMCO, da empleo actualmente a m\u00e1s de 800 personas con discapacidad de todo tipo, con actividades productivas y de prestaci\u00f3n de servicios muy variados como obras, lavander\u00eda, limpieza, medioambiente, manipulados, formaci\u00f3n, etc.\r\n\r\nAmbas organizaciones que comparten valores sociales y visi\u00f3n sobre los derechos de las personas con discapacidad coordinar\u00e1n todas sus actividades para incrementar las oportunidades de formaci\u00f3n, aprendizaje en el puesto de trabajo y calidad de los mismos, tanto en empleo protegido como ordinario.\r\n\r\nDentro de las actuaciones objeto del acuerdo se pondr\u00e1 especial atenci\u00f3n a dar a conocer la normativa de reserva de empleo para personas con discapacidad, as\u00ed como el adecuado cumplimiento de las medidas alternativas, para lo que se informar\u00e1 conjuntamente a administraciones, federaciones empresariales y grandes empresas sobre las oportunidades de empleabilidad de las personas con discapacidad f\u00edsica y org\u00e1nica.\r\n\r\nCLM Inclusiva dispone actualmente de Servicio de Empleo en todas las provincias de Castilla-La Mancha, gracias al apoyo de Fundaci\u00f3n ONCE y la financiaci\u00f3n de proyectos con cargo al IRPF, que realiza labor de intermediaci\u00f3n entre personas con discapacidad demandantes de empleo y empresas, asegurando la adecuaci\u00f3n de trabajadores al puesto de trabajo e informando sobre incentivos a la contrataci\u00f3n y ajustes t\u00e9cnicos necesarios en el puesto.\r\n\r\nLa Confederaci\u00f3n regional de entidades de personas con discapacidad f\u00edsica y org\u00e1nica, Castilla-La Mancha Inclusiva, agrupa al movimiento asociativo de COCEMFE en la Regi\u00f3n, con casi un centenar de entidades que representan en torno a 10.000 personas con discapacidad.\r\n\r\nActualmente se encuentra compuesta por cinco federaciones provinciales, COCEMFE Albacete, COCEMFE Cuenca, COCEMFE Guadalajara, COCEMFE Toledo y Ciudad Real Inclusiva, las entidades regionales AFANION, Federaci\u00f3n LUNA CLM de mujeres con discapacidad, AIDISCAM, y la asociaci\u00f3n nacional AMIAB.","_et_gb_content_width":"","footnotes":""},"categories":[28,5,41],"tags":[],"yoast_head":"<!-- This site is optimized with the Yoast SEO plugin v21.3 - https:\/\/yoast.com\/wordpress\/plugins\/seo\/ -->\n<title>El CERMI, ante el 10-N: \u201cSi no hay estabilidad parlamentaria, la agenda pol\u00edtica de la discapacidad est\u00e1 paralizada y atorada\u201d - Clm-Inclusiva<\/title>\n<meta name=\"robots\" content=\"index, follow, max-snippet:-1, max-image-preview:large, max-video-preview:-1\" \/>\n<link rel=\"canonical\" href=\"https:\/\/clm-inclusiva.org\/?p=3479\" \/>\n<meta property=\"og:locale\" content=\"es_ES\" \/>\n<meta property=\"og:type\" content=\"article\" \/>\n<meta property=\"og:title\" content=\"El CERMI, ante el 10-N: \u201cSi no hay estabilidad parlamentaria, la agenda pol\u00edtica de la discapacidad est\u00e1 paralizada y atorada\u201d - Clm-Inclusiva\" \/>\n<meta property=\"og:description\" content=\"[et_pb_section fb_built=&#8221;1&#8243; _builder_version=&#8221;4.0.4&#8243; custom_padding=&#8221;0px||2px|||&#8221;][et_pb_row _builder_version=&#8221;3.25&#8243; background_size=&#8221;initial&#8221; background_position=&#8221;top_left&#8221; background_repeat=&#8221;repeat&#8221; custom_margin=&#8221;|||||&#8221; custom_padding=&#8221;|||||&#8221;][et_pb_column type=&#8221;4_4&#8243; _builder_version=&#8221;3.25&#8243; custom_padding=&#8221;|||&#8221; custom_padding__hover=&#8221;|||&#8221;][et_pb_text admin_label=&#8221;Noticia&#8221; _builder_version=&#8221;4.0.4&#8243; text_font=&#8221;||||||||&#8221; background_size=&#8221;initial&#8221; background_position=&#8221;top_left&#8221; background_repeat=&#8221;repeat&#8221; text_orientation=&#8221;justified&#8221; min_height=&#8221;711px&#8221; custom_margin=&#8221;||||false|false&#8221; custom_padding=&#8221;|||||&#8221; hover_enabled=&#8221;0&#8243;] El presidente del CERMI Estatal concedi\u00f3 una entrevista a CMM, la radio auton\u00f3mica de Castilla-La Mancha, en la que subray\u00f3 la necesidad de retomar los trabajos iniciados para la reforma [&hellip;]\" \/>\n<meta property=\"og:url\" content=\"https:\/\/clm-inclusiva.org\/?p=3479\" \/>\n<meta property=\"og:site_name\" content=\"Clm-Inclusiva\" \/>\n<meta property=\"article:publisher\" content=\"https:\/\/www.facebook.com\/castillalamancha.inclusiva\/\" \/>\n<meta property=\"article:published_time\" content=\"2019-11-05T10:44:29+00:00\" \/>\n<meta property=\"article:modified_time\" content=\"2019-11-05T10:44:34+00:00\" \/>\n<meta property=\"og:image\" content=\"https:\/\/clm-inclusiva.org\/wp-content\/uploads\/2019\/11\/LC3.jpg\" \/>\n\t<meta property=\"og:image:width\" content=\"448\" \/>\n\t<meta property=\"og:image:height\" content=\"299\" \/>\n\t<meta property=\"og:image:type\" content=\"image\/jpeg\" \/>\n<meta name=\"author\" content=\"clm-inclusiva\" \/>\n<meta name=\"twitter:card\" content=\"summary_large_image\" \/>\n<meta name=\"twitter:creator\" content=\"@ClmInclusiva\" \/>\n<meta name=\"twitter:site\" content=\"@ClmInclusiva\" \/>\n<meta name=\"twitter:label1\" content=\"Escrito por\" \/>\n\t<meta name=\"twitter:data1\" content=\"clm-inclusiva\" \/>\n\t<meta name=\"twitter:label2\" content=\"Tiempo de lectura\" \/>\n\t<meta name=\"twitter:data2\" content=\"4 minutos\" \/>\n<script type=\"application\/ld+json\" class=\"yoast-schema-graph\">{\"@context\":\"https:\/\/schema.org\",\"@graph\":[{\"@type\":\"Article\",\"@id\":\"https:\/\/clm-inclusiva.org\/?p=3479#article\",\"isPartOf\":{\"@id\":\"https:\/\/clm-inclusiva.org\/?p=3479\"},\"author\":{\"name\":\"clm-inclusiva\",\"@id\":\"https:\/\/clm-inclusiva.org\/#\/schema\/person\/0cff84aaa5bb8fd3521c55d1578d902b\"},\"headline\":\"El CERMI, ante el 10-N: \u201cSi no hay estabilidad parlamentaria, la agenda pol\u00edtica de la discapacidad est\u00e1 paralizada y atorada\u201d\",\"datePublished\":\"2019-11-05T10:44:29+00:00\",\"dateModified\":\"2019-11-05T10:44:34+00:00\",\"mainEntityOfPage\":{\"@id\":\"https:\/\/clm-inclusiva.org\/?p=3479\"},\"wordCount\":805,\"publisher\":{\"@id\":\"https:\/\/clm-inclusiva.org\/#organization\"},\"articleSection\":[\"Cermi\",\"Discapacidad\",\"Tercer sector\"],\"inLanguage\":\"es\"},{\"@type\":\"WebPage\",\"@id\":\"https:\/\/clm-inclusiva.org\/?p=3479\",\"url\":\"https:\/\/clm-inclusiva.org\/?p=3479\",\"name\":\"El CERMI, ante el 10-N: \u201cSi no hay estabilidad parlamentaria, la agenda pol\u00edtica de la discapacidad est\u00e1 paralizada y atorada\u201d - Clm-Inclusiva\",\"isPartOf\":{\"@id\":\"https:\/\/clm-inclusiva.org\/#website\"},\"datePublished\":\"2019-11-05T10:44:29+00:00\",\"dateModified\":\"2019-11-05T10:44:34+00:00\",\"breadcrumb\":{\"@id\":\"https:\/\/clm-inclusiva.org\/?p=3479#breadcrumb\"},\"inLanguage\":\"es\",\"potentialAction\":[{\"@type\":\"ReadAction\",\"target\":[\"https:\/\/clm-inclusiva.org\/?p=3479\"]}]},{\"@type\":\"BreadcrumbList\",\"@id\":\"https:\/\/clm-inclusiva.org\/?p=3479#breadcrumb\",\"itemListElement\":[{\"@type\":\"ListItem\",\"position\":1,\"name\":\"Portada\",\"item\":\"https:\/\/clm-inclusiva.org\/\"},{\"@type\":\"ListItem\",\"position\":2,\"name\":\"El CERMI, ante el 10-N: \u201cSi no hay estabilidad parlamentaria, la agenda pol\u00edtica de la discapacidad est\u00e1 paralizada y atorada\u201d\"}]},{\"@type\":\"WebSite\",\"@id\":\"https:\/\/clm-inclusiva.org\/#website\",\"url\":\"https:\/\/clm-inclusiva.org\/\",\"name\":\"Clm-Inclusiva\",\"description\":\"Confederaci\u00f3n de entidades de personas con discapacidad f\u00edsica y org\u00e1nica CLM\",\"publisher\":{\"@id\":\"https:\/\/clm-inclusiva.org\/#organization\"},\"potentialAction\":[{\"@type\":\"SearchAction\",\"target\":{\"@type\":\"EntryPoint\",\"urlTemplate\":\"https:\/\/clm-inclusiva.org\/?s={search_term_string}\"},\"query-input\":\"required name=search_term_string\"}],\"inLanguage\":\"es\"},{\"@type\":\"Organization\",\"@id\":\"https:\/\/clm-inclusiva.org\/#organization\",\"name\":\"Clm-Inclusiva\",\"url\":\"https:\/\/clm-inclusiva.org\/\",\"logo\":{\"@type\":\"ImageObject\",\"inLanguage\":\"es\",\"@id\":\"https:\/\/clm-inclusiva.org\/#\/schema\/logo\/image\/\",\"url\":\"http:\/\/clm-inclusiva.org\/wp-content\/uploads\/2019\/04\/banner-e1533720812836.jpg\",\"contentUrl\":\"http:\/\/clm-inclusiva.org\/wp-content\/uploads\/2019\/04\/banner-e1533720812836.jpg\",\"width\":600,\"height\":332,\"caption\":\"Clm-Inclusiva\"},\"image\":{\"@id\":\"https:\/\/clm-inclusiva.org\/#\/schema\/logo\/image\/\"},\"sameAs\":[\"https:\/\/www.facebook.com\/castillalamancha.inclusiva\/\",\"https:\/\/twitter.com\/ClmInclusiva\"]},{\"@type\":\"Person\",\"@id\":\"https:\/\/clm-inclusiva.org\/#\/schema\/person\/0cff84aaa5bb8fd3521c55d1578d902b\",\"name\":\"clm-inclusiva\",\"image\":{\"@type\":\"ImageObject\",\"inLanguage\":\"es\",\"@id\":\"https:\/\/clm-inclusiva.org\/#\/schema\/person\/image\/\",\"url\":\"https:\/\/secure.gravatar.com\/avatar\/88948567af770dc9cd5597b329011884?s=96&d=blank&r=g\",\"contentUrl\":\"https:\/\/secure.gravatar.com\/avatar\/88948567af770dc9cd5597b329011884?s=96&d=blank&r=g\",\"caption\":\"clm-inclusiva\"},\"sameAs\":[\"http:\/\/clm-inclusiva.org\"],\"url\":\"https:\/\/clm-inclusiva.org\/?author=1\"}]}<\/script>\n<!-- \/ Yoast SEO plugin. -->","yoast_head_json":{"title":"El CERMI, ante el 10-N: \u201cSi no hay estabilidad parlamentaria, la agenda pol\u00edtica de la discapacidad est\u00e1 paralizada y atorada\u201d - Clm-Inclusiva","robots":{"index":"index","follow":"follow","max-snippet":"max-snippet:-1","max-image-preview":"max-image-preview:large","max-video-preview":"max-video-preview:-1"},"canonical":"https:\/\/clm-inclusiva.org\/?p=3479","og_locale":"es_ES","og_type":"article","og_title":"El CERMI, ante el 10-N: \u201cSi no hay estabilidad parlamentaria, la agenda pol\u00edtica de la discapacidad est\u00e1 paralizada y atorada\u201d - Clm-Inclusiva","og_description":"[et_pb_section fb_built=&#8221;1&#8243; _builder_version=&#8221;4.0.4&#8243; custom_padding=&#8221;0px||2px|||&#8221;][et_pb_row _builder_version=&#8221;3.25&#8243; background_size=&#8221;initial&#8221; background_position=&#8221;top_left&#8221; background_repeat=&#8221;repeat&#8221; custom_margin=&#8221;|||||&#8221; custom_padding=&#8221;|||||&#8221;][et_pb_column type=&#8221;4_4&#8243; _builder_version=&#8221;3.25&#8243; custom_padding=&#8221;|||&#8221; custom_padding__hover=&#8221;|||&#8221;][et_pb_text admin_label=&#8221;Noticia&#8221; _builder_version=&#8221;4.0.4&#8243; text_font=&#8221;||||||||&#8221; background_size=&#8221;initial&#8221; background_position=&#8221;top_left&#8221; background_repeat=&#8221;repeat&#8221; text_orientation=&#8221;justified&#8221; min_height=&#8221;711px&#8221; custom_margin=&#8221;||||false|false&#8221; custom_padding=&#8221;|||||&#8221; hover_enabled=&#8221;0&#8243;] El presidente del CERMI Estatal concedi\u00f3 una entrevista a CMM, la radio auton\u00f3mica de Castilla-La Mancha, en la que subray\u00f3 la necesidad de retomar los trabajos iniciados para la reforma [&hellip;]","og_url":"https:\/\/clm-inclusiva.org\/?p=3479","og_site_name":"Clm-Inclusiva","article_publisher":"https:\/\/www.facebook.com\/castillalamancha.inclusiva\/","article_published_time":"2019-11-05T10:44:29+00:00","article_modified_time":"2019-11-05T10:44:34+00:00","og_image":[{"width":448,"height":299,"url":"https:\/\/clm-inclusiva.org\/wp-content\/uploads\/2019\/11\/LC3.jpg","type":"image\/jpeg"}],"author":"clm-inclusiva","twitter_card":"summary_large_image","twitter_creator":"@ClmInclusiva","twitter_site":"@ClmInclusiva","twitter_misc":{"Escrito por":"clm-inclusiva","Tiempo de lectura":"4 minutos"},"schema":{"@context":"https:\/\/schema.org","@graph":[{"@type":"Article","@id":"https:\/\/clm-inclusiva.org\/?p=3479#article","isPartOf":{"@id":"https:\/\/clm-inclusiva.org\/?p=3479"},"author":{"name":"clm-inclusiva","@id":"https:\/\/clm-inclusiva.org\/#\/schema\/person\/0cff84aaa5bb8fd3521c55d1578d902b"},"headline":"El CERMI, ante el 10-N: \u201cSi no hay estabilidad parlamentaria, la agenda pol\u00edtica de la discapacidad est\u00e1 paralizada y atorada\u201d","datePublished":"2019-11-05T10:44:29+00:00","dateModified":"2019-11-05T10:44:34+00:00","mainEntityOfPage":{"@id":"https:\/\/clm-inclusiva.org\/?p=3479"},"wordCount":805,"publisher":{"@id":"https:\/\/clm-inclusiva.org\/#organization"},"articleSection":["Cermi","Discapacidad","Tercer sector"],"inLanguage":"es"},{"@type":"WebPage","@id":"https:\/\/clm-inclusiva.org\/?p=3479","url":"https:\/\/clm-inclusiva.org\/?p=3479","name":"El CERMI, ante el 10-N: \u201cSi no hay estabilidad parlamentaria, la agenda pol\u00edtica de la discapacidad est\u00e1 paralizada y atorada\u201d - Clm-Inclusiva","isPartOf":{"@id":"https:\/\/clm-inclusiva.org\/#website"},"datePublished":"2019-11-05T10:44:29+00:00","dateModified":"2019-11-05T10:44:34+00:00","breadcrumb":{"@id":"https:\/\/clm-inclusiva.org\/?p=3479#breadcrumb"},"inLanguage":"es","potentialAction":[{"@type":"ReadAction","target":["https:\/\/clm-inclusiva.org\/?p=3479"]}]},{"@type":"BreadcrumbList","@id":"https:\/\/clm-inclusiva.org\/?p=3479#breadcrumb","itemListElement":[{"@type":"ListItem","position":1,"name":"Portada","item":"https:\/\/clm-inclusiva.org\/"},{"@type":"ListItem","position":2,"name":"El CERMI, ante el 10-N: \u201cSi no hay estabilidad parlamentaria, la agenda pol\u00edtica de la discapacidad est\u00e1 paralizada y atorada\u201d"}]},{"@type":"WebSite","@id":"https:\/\/clm-inclusiva.org\/#website","url":"https:\/\/clm-inclusiva.org\/","name":"Clm-Inclusiva","description":"Confederaci\u00f3n de entidades de personas con discapacidad f\u00edsica y org\u00e1nica CLM","publisher":{"@id":"https:\/\/clm-inclusiva.org\/#organization"},"potentialAction":[{"@type":"SearchAction","target":{"@type":"EntryPoint","urlTemplate":"https:\/\/clm-inclusiva.org\/?s={search_term_string}"},"query-input":"required name=search_term_string"}],"inLanguage":"es"},{"@type":"Organization","@id":"https:\/\/clm-inclusiva.org\/#organization","name":"Clm-Inclusiva","url":"https:\/\/clm-inclusiva.org\/","logo":{"@type":"ImageObject","inLanguage":"es","@id":"https:\/\/clm-inclusiva.org\/#\/schema\/logo\/image\/","url":"http:\/\/clm-inclusiva.org\/wp-content\/uploads\/2019\/04\/banner-e1533720812836.jpg","contentUrl":"http:\/\/clm-inclusiva.org\/wp-content\/uploads\/2019\/04\/banner-e1533720812836.jpg","width":600,"height":332,"caption":"Clm-Inclusiva"},"image":{"@id":"https:\/\/clm-inclusiva.org\/#\/schema\/logo\/image\/"},"sameAs":["https:\/\/www.facebook.com\/castillalamancha.inclusiva\/","https:\/\/twitter.com\/ClmInclusiva"]},{"@type":"Person","@id":"https:\/\/clm-inclusiva.org\/#\/schema\/person\/0cff84aaa5bb8fd3521c55d1578d902b","name":"clm-inclusiva","image":{"@type":"ImageObject","inLanguage":"es","@id":"https:\/\/clm-inclusiva.org\/#\/schema\/person\/image\/","url":"https:\/\/secure.gravatar.com\/avatar\/88948567af770dc9cd5597b329011884?s=96&d=blank&r=g","contentUrl":"https:\/\/secure.gravatar.com\/avatar\/88948567af770dc9cd5597b329011884?s=96&d=blank&r=g","caption":"clm-inclusiva"},"sameAs":["http:\/\/clm-inclusiva.org"],"url":"https:\/\/clm-inclusiva.org\/?author=1"}]}},"_links":{"self":[{"href":"https:\/\/clm-inclusiva.org\/index.php?rest_route=\/wp\/v2\/posts\/3479"}],"collection":[{"href":"https:\/\/clm-inclusiva.org\/index.php?rest_route=\/wp\/v2\/posts"}],"about":[{"href":"https:\/\/clm-inclusiva.org\/index.php?rest_route=\/wp\/v2\/types\/post"}],"author":[{"embeddable":true,"href":"https:\/\/clm-inclusiva.org\/index.php?rest_route=\/wp\/v2\/users\/1"}],"replies":[{"embeddable":true,"href":"https:\/\/clm-inclusiva.org\/index.php?rest_route=%2Fwp%2Fv2%2Fcomments&post=3479"}],"version-history":[{"count":4,"href":"https:\/\/clm-inclusiva.org\/index.php?rest_route=\/wp\/v2\/posts\/3479\/revisions"}],"predecessor-version":[{"id":3487,"href":"https:\/\/clm-inclusiva.org\/index.php?rest_route=\/wp\/v2\/posts\/3479\/revisions\/3487"}],"wp:featuredmedia":[{"embeddable":true,"href":"https:\/\/clm-inclusiva.org\/index.php?rest_route=\/wp\/v2\/media\/3484"}],"wp:attachment":[{"href":"https:\/\/clm-inclusiva.org\/index.php?rest_route=%2Fwp%2Fv2%2Fmedia&parent=3479"}],"wp:term":[{"taxonomy":"category","embeddable":true,"href":"https:\/\/clm-inclusiva.org\/index.php?rest_route=%2Fwp%2Fv2%2Fcategories&post=3479"},{"taxonomy":"post_tag","embeddable":true,"href":"https:\/\/clm-inclusiva.org\/index.php?rest_route=%2Fwp%2Fv2%2Ftags&post=3479"}],"curies":[{"name":"wp","href":"https:\/\/api.w.org\/{rel}","templated":true}]}}