{"id":3445,"date":"2019-10-31T12:44:51","date_gmt":"2019-10-31T10:44:51","guid":{"rendered":"http:\/\/clm-inclusiva.org\/?p=3445"},"modified":"2019-10-31T12:44:57","modified_gmt":"2019-10-31T10:44:57","slug":"famma-denuncia-al-restaurante-masterchef-madrid-por-incumplir-la-ley-de-eliminacion-de-barreras","status":"publish","type":"post","link":"https:\/\/clm-inclusiva.org\/?p=3445","title":{"rendered":"FAMMA denuncia al Restaurante MasterChef Madrid por incumplir la ley de eliminaci\u00f3n de barreras"},"content":{"rendered":"<p>[et_pb_section fb_built=&#8221;1&#8243; _builder_version=&#8221;3.22.4&#8243; custom_padding=&#8221;0px||2px|||&#8221;][et_pb_row _builder_version=&#8221;3.25&#8243; background_size=&#8221;initial&#8221; background_position=&#8221;top_left&#8221; background_repeat=&#8221;repeat&#8221; custom_margin=&#8221;|||||&#8221; custom_padding=&#8221;|||||&#8221;][et_pb_column type=&#8221;4_4&#8243; _builder_version=&#8221;3.25&#8243; custom_padding=&#8221;|||&#8221; custom_padding__hover=&#8221;|||&#8221;][et_pb_text admin_label=&#8221;Noticia&#8221; _builder_version=&#8221;4.0.4&#8243; text_font=&#8221;||||||||&#8221; background_size=&#8221;initial&#8221; background_position=&#8221;top_left&#8221; background_repeat=&#8221;repeat&#8221; text_orientation=&#8221;justified&#8221; min_height=&#8221;711px&#8221; custom_margin=&#8221;||||false|false&#8221; custom_padding=&#8221;|||||&#8221; hover_enabled=&#8221;0&#8243;]<\/p>\n<div><strong>FAMMA denuncia al Restaurante MasterChef Madrid por incumplir la ley de eliminaci\u00f3n de barreras<\/strong><\/div>\n<ul>\n<li><strong>FAMMA-Cocemfe Madrid denuncia que, una vez m\u00e1s, el Ayuntamiento de Madrid a trav\u00e9s del ADA, Agencia de Actividades, concedi\u00f3 licencia de apertura a una empresa que vulneran los principios y derechos de las personas con movilidad reducida protegidos por distintas leyes que les amparan.\u00a0<\/strong>\u00a0<\/li>\n<li><strong>El Restaurante MasterChef Madrid cuenta con tramos de escaleras insalvables que no permiten el acceso a personas con movilidad reducida.\u00a0<\/strong>\u00a0<\/li>\n<li><strong>La Federaci\u00f3n ha denunciado esta situaci\u00f3n al Consejo para la Promoci\u00f3n de la Accesibilidad y Supresi\u00f3n de Barreras (CPAySB) de la Comunidad Madrid, con el fin de que se inicie el correspondiente expediente sancionador y resuelva la situaci\u00f3n como proceda en base a la normativa vigente.\u00a0<\/strong>\u00a0<\/li>\n<li><strong>Creemos que no es una imagen adecuada por parte de MasterChef que deber\u00e1 subsanar de manera urgente.<\/strong><\/li>\n<\/ul>\n<p><strong>Madrid, 30 de octubre de 2019. &#8211; La Federaci\u00f3n de Asociaciones de Personas con Discapacidad F\u00edsica y Org\u00e1nica (FAMMA-Cocemfe Madrid)\u00a0<\/strong>denuncia la falta de accesibilidad del\u00a0<a href=\"http:\/\/famma.org\/index.php?subid=1212&amp;option=com_acymailing&amp;ctrl=url&amp;urlid=14668&amp;mailid=1619&amp;Itemid=570\" target=\"_blank\" rel=\"noopener noreferrer\" data-saferedirecturl=\"https:\/\/www.google.com\/url?q=http:\/\/famma.org\/index.php?subid%3D1212%26option%3Dcom_acymailing%26ctrl%3Durl%26urlid%3D14668%26mailid%3D1619%26Itemid%3D570&amp;source=gmail&amp;ust=1572595327582000&amp;usg=AFQjCNFsq6gMDPqpP2DMkyz5jvSfXAAgfA\">Restaurante MasterChef de Madrid<\/a>\u00a0situado en la calle Vel\u00e1zquez 150 abierto en mayo de 2018 y que cuenta con dos tramos de escalera para acceder al mismo.<\/p>\n<p>FAMMA reclama al ayuntamiento que la propia\u00a0<a href=\"http:\/\/famma.org\/index.php?subid=1212&amp;option=com_acymailing&amp;ctrl=url&amp;urlid=14669&amp;mailid=1619&amp;Itemid=570\" target=\"_blank\" rel=\"noopener noreferrer\" data-saferedirecturl=\"https:\/\/www.google.com\/url?q=http:\/\/famma.org\/index.php?subid%3D1212%26option%3Dcom_acymailing%26ctrl%3Durl%26urlid%3D14669%26mailid%3D1619%26Itemid%3D570&amp;source=gmail&amp;ust=1572595327582000&amp;usg=AFQjCNEgbY0KFgX_KAbNBjK1e7K0fjEDmQ\">Agencia de Actividades del Ayuntamiento de Madrid<\/a>\u00a0enmiende su dejaci\u00f3n de funciones que permiti\u00f3 abrir un local nuevo sin cumplir la ley, puesto que, entre las funciones de la Agencia de Actividades, ADA, \u00a0tambi\u00e9n est\u00e1 conceder las licencias de apertura y el control del cumplimiento de la eliminaci\u00f3n de barreras arquitect\u00f3nicas. El ADA, es copart\u00edcipe para que esta situaci\u00f3n se d\u00e9 pues, su falta de control y supervisi\u00f3n, conlleva a que las personas con movilidad reducida sean discriminadas.<\/p>\n<p>En palabras del presidente de FAMMA, Javier Font, \u201cla dejaci\u00f3n de funciones de la administraci\u00f3n es inaceptable y conlleva a que los empresarios, s\u00f3lo se centren en su negocio, sin tener una visi\u00f3n global sobre lo que pueden perjudicar las barreras arquitect\u00f3nicas a los ciudadanos con movilidad reducida, cuando quieren acudir a sus establecimientos.\u201d<\/p>\n<p>La Federaci\u00f3n emprender\u00e1 todas las acciones legales que se encuentren a su alcance para revertir esta vulneraci\u00f3n de derechos, defendidos por la\u00a0<a href=\"http:\/\/famma.org\/index.php?subid=1212&amp;option=com_acymailing&amp;ctrl=url&amp;urlid=14670&amp;mailid=1619&amp;Itemid=570\" target=\"_blank\" rel=\"noopener noreferrer\" data-saferedirecturl=\"https:\/\/www.google.com\/url?q=http:\/\/famma.org\/index.php?subid%3D1212%26option%3Dcom_acymailing%26ctrl%3Durl%26urlid%3D14670%26mailid%3D1619%26Itemid%3D570&amp;source=gmail&amp;ust=1572595327582000&amp;usg=AFQjCNFzE2OWmS-33G7Oh2zbfJoqL0vQDg\">normativa vigente en materia de accesibilidad<\/a>\u00a0y que viene marcada por la propia\u00a0<a href=\"http:\/\/famma.org\/index.php?subid=1212&amp;option=com_acymailing&amp;ctrl=url&amp;urlid=14671&amp;mailid=1619&amp;Itemid=570\" target=\"_blank\" rel=\"noopener noreferrer\" data-saferedirecturl=\"https:\/\/www.google.com\/url?q=http:\/\/famma.org\/index.php?subid%3D1212%26option%3Dcom_acymailing%26ctrl%3Durl%26urlid%3D14671%26mailid%3D1619%26Itemid%3D570&amp;source=gmail&amp;ust=1572595327582000&amp;usg=AFQjCNHp_oCMfU9YdPge0_vHJu9aK22SNg\">Convenci\u00f3n Internacional de los Derechos de las Personas con Discapacidad de la ONU<\/a>\u00a0suscrita por Espa\u00f1a, con el fin de facilitar la vida aut\u00f3noma de un colectivo que est\u00e1 siendo duramente castigado por las innumerables barreras que, o no se eliminan, o se generan, por la omisi\u00f3n del incumplimiento de la ley.<\/p>\n<p>Por un lado, en el acceso al restaurante, entre otras cuestiones, existe un escal\u00f3n de gran tama\u00f1o, que impide la existencia de un itinerario accesible y que supone un riesgo para la seguridad de cualquier viandante. Por otro lado, para poder acceder al interior \u00fanicamente puede ser a trav\u00e9s de una escalera descendente, en la que existe espacio suficiente para instalar una plataforma elevadora inclinada. Estos son s\u00f3lo algunos de los problemas de accesibilidad que nuestro gabinete de accesibilidad universal, ha detectado en su visita realizada a dicho establecimiento.<\/p>\n<p>En palabras del presidente de la Federaci\u00f3n, Javier Font, \u201clamentamos profundamente que dicho local se haya abierto con barreras arquitect\u00f3nicas, teniendo en cuenta que el contexto que propicia es segregador y apartar a los ciudadanos con movilidad reducida de poder disfrutar de su entorno como un ciudadano m\u00e1s. Es evidente que queda mucho camino por recorrer, pues a las personas con discapacidad, a\u00fan, no se les espera en determinados entornos sociales.\u201d<\/p>\n<p>La Federaci\u00f3n ha denunciado esta situaci\u00f3n al\u00a0<a href=\"http:\/\/famma.org\/index.php?subid=1212&amp;option=com_acymailing&amp;ctrl=url&amp;urlid=14672&amp;mailid=1619&amp;Itemid=570\" target=\"_blank\" rel=\"noopener noreferrer\" data-saferedirecturl=\"https:\/\/www.google.com\/url?q=http:\/\/famma.org\/index.php?subid%3D1212%26option%3Dcom_acymailing%26ctrl%3Durl%26urlid%3D14672%26mailid%3D1619%26Itemid%3D570&amp;source=gmail&amp;ust=1572595327582000&amp;usg=AFQjCNFmQNPu9CWaAvT0nYl9nQ2t6QMoLA\">Consejo para la Promoci\u00f3n de la Accesibilidad y Supresi\u00f3n de Barreras (CPAySB)<\/a>\u00a0de la Comunidad Madrid, con el fin de que se inicie el correspondiente expediente sancionador y resuelva la situaci\u00f3n como proceda en base a la normativa vigente.\u00a0<\/p>\n<p>[\/et_pb_text][et_pb_post_nav prev_text=&#8221;Anterior&#8221; next_text=&#8221;Siguiente&#8221; _builder_version=&#8221;3.22.4&#8243;][\/et_pb_post_nav][\/et_pb_column][\/et_pb_row][\/et_pb_section]<\/p>\n","protected":false},"excerpt":{"rendered":"<p>[et_pb_section fb_built=&#8221;1&#8243; _builder_version=&#8221;3.22.4&#8243; custom_padding=&#8221;0px||2px|||&#8221;][et_pb_row _builder_version=&#8221;3.25&#8243; background_size=&#8221;initial&#8221; background_position=&#8221;top_left&#8221; background_repeat=&#8221;repeat&#8221; custom_margin=&#8221;|||||&#8221; custom_padding=&#8221;|||||&#8221;][et_pb_column type=&#8221;4_4&#8243; _builder_version=&#8221;3.25&#8243; custom_padding=&#8221;|||&#8221; custom_padding__hover=&#8221;|||&#8221;][et_pb_text admin_label=&#8221;Noticia&#8221; _builder_version=&#8221;4.0.4&#8243; text_font=&#8221;||||||||&#8221; background_size=&#8221;initial&#8221; background_position=&#8221;top_left&#8221; background_repeat=&#8221;repeat&#8221; text_orientation=&#8221;justified&#8221; min_height=&#8221;711px&#8221; custom_margin=&#8221;||||false|false&#8221; custom_padding=&#8221;|||||&#8221; hover_enabled=&#8221;0&#8243;] FAMMA denuncia al Restaurante MasterChef Madrid por incumplir la ley de eliminaci\u00f3n de barreras FAMMA-Cocemfe Madrid denuncia que, una vez m\u00e1s, el Ayuntamiento de Madrid a trav\u00e9s del ADA, Agencia [&hellip;]<\/p>\n","protected":false},"author":1,"featured_media":3442,"comment_status":"closed","ping_status":"closed","sticky":false,"template":"","format":"standard","meta":{"_et_pb_use_builder":"on","_et_pb_old_content":"<h5 style=\"text-align: justify;\">La Confederaci\u00f3n CLM Inclusiva y la asociaci\u00f3n empresarial de Centros Especiales de Empleo de COCEMFE en Castilla-La Mancha, AECEMCO CLM, han firmado un acuerdo para promover las oportunidades de formaci\u00f3n y empleo de las personas del colectivo.<\/h5>\r\n<p style=\"text-align: justify;\"><img class=\"alignnone size-full wp-image-471\" src=\"http:\/\/clm-inclusiva.org\/wp-content\/uploads\/2019\/04\/3500_fotonoticia_20190402151941_1920.jpg\" alt=\"\" width=\"670\" height=\"300\"><\/p>\r\n<p style=\"text-align: justify;\">El presidente de la confederaci\u00f3n CLM Inclusiva, Enrique Alarc\u00f3n Garc\u00eda, y el presidente de AECEMCO CLM, \u00d3scar Sillas, han rubricado este acuerdo de colaboraci\u00f3n para coordinar su labor y actuaciones de apoyo a la promoci\u00f3n de los derechos de las personas con discapacidad f\u00edsica y org\u00e1nica en Castilla-La Mancha, ha informado esta confederaci\u00f3n en nota de prensa.<\/p>\r\nEl sector empresarial promovido por las organizaciones de COCEMFE sin \u00e1nimo de lucro, integrado en AECEMCO, da empleo actualmente a m\u00e1s de 800 personas con discapacidad de todo tipo, con actividades productivas y de prestaci\u00f3n de servicios muy variados como obras, lavander\u00eda, limpieza, medioambiente, manipulados, formaci\u00f3n, etc.\r\n\r\nAmbas organizaciones que comparten valores sociales y visi\u00f3n sobre los derechos de las personas con discapacidad coordinar\u00e1n todas sus actividades para incrementar las oportunidades de formaci\u00f3n, aprendizaje en el puesto de trabajo y calidad de los mismos, tanto en empleo protegido como ordinario.\r\n\r\nDentro de las actuaciones objeto del acuerdo se pondr\u00e1 especial atenci\u00f3n a dar a conocer la normativa de reserva de empleo para personas con discapacidad, as\u00ed como el adecuado cumplimiento de las medidas alternativas, para lo que se informar\u00e1 conjuntamente a administraciones, federaciones empresariales y grandes empresas sobre las oportunidades de empleabilidad de las personas con discapacidad f\u00edsica y org\u00e1nica.\r\n\r\nCLM Inclusiva dispone actualmente de Servicio de Empleo en todas las provincias de Castilla-La Mancha, gracias al apoyo de Fundaci\u00f3n ONCE y la financiaci\u00f3n de proyectos con cargo al IRPF, que realiza labor de intermediaci\u00f3n entre personas con discapacidad demandantes de empleo y empresas, asegurando la adecuaci\u00f3n de trabajadores al puesto de trabajo e informando sobre incentivos a la contrataci\u00f3n y ajustes t\u00e9cnicos necesarios en el puesto.\r\n\r\nLa Confederaci\u00f3n regional de entidades de personas con discapacidad f\u00edsica y org\u00e1nica, Castilla-La Mancha Inclusiva, agrupa al movimiento asociativo de COCEMFE en la Regi\u00f3n, con casi un centenar de entidades que representan en torno a 10.000 personas con discapacidad.\r\n\r\nActualmente se encuentra compuesta por cinco federaciones provinciales, COCEMFE Albacete, COCEMFE Cuenca, COCEMFE Guadalajara, COCEMFE Toledo y Ciudad Real Inclusiva, las entidades regionales AFANION, Federaci\u00f3n LUNA CLM de mujeres con discapacidad, AIDISCAM, y la asociaci\u00f3n nacional AMIAB.","_et_gb_content_width":"","footnotes":""},"categories":[5],"tags":[],"yoast_head":"<!-- This site is optimized with the Yoast SEO plugin v21.3 - https:\/\/yoast.com\/wordpress\/plugins\/seo\/ -->\n<title>FAMMA denuncia al Restaurante MasterChef Madrid por incumplir la ley de eliminaci\u00f3n de barreras - Clm-Inclusiva<\/title>\n<meta name=\"robots\" content=\"index, follow, max-snippet:-1, max-image-preview:large, max-video-preview:-1\" \/>\n<link rel=\"canonical\" href=\"https:\/\/clm-inclusiva.org\/?p=3445\" \/>\n<meta property=\"og:locale\" content=\"es_ES\" \/>\n<meta property=\"og:type\" content=\"article\" \/>\n<meta property=\"og:title\" content=\"FAMMA denuncia al Restaurante MasterChef Madrid por incumplir la ley de eliminaci\u00f3n de barreras - Clm-Inclusiva\" \/>\n<meta property=\"og:description\" content=\"[et_pb_section fb_built=&#8221;1&#8243; _builder_version=&#8221;3.22.4&#8243; custom_padding=&#8221;0px||2px|||&#8221;][et_pb_row _builder_version=&#8221;3.25&#8243; background_size=&#8221;initial&#8221; background_position=&#8221;top_left&#8221; background_repeat=&#8221;repeat&#8221; custom_margin=&#8221;|||||&#8221; custom_padding=&#8221;|||||&#8221;][et_pb_column type=&#8221;4_4&#8243; _builder_version=&#8221;3.25&#8243; custom_padding=&#8221;|||&#8221; custom_padding__hover=&#8221;|||&#8221;][et_pb_text admin_label=&#8221;Noticia&#8221; _builder_version=&#8221;4.0.4&#8243; text_font=&#8221;||||||||&#8221; background_size=&#8221;initial&#8221; background_position=&#8221;top_left&#8221; background_repeat=&#8221;repeat&#8221; text_orientation=&#8221;justified&#8221; min_height=&#8221;711px&#8221; custom_margin=&#8221;||||false|false&#8221; custom_padding=&#8221;|||||&#8221; hover_enabled=&#8221;0&#8243;] FAMMA denuncia al Restaurante MasterChef Madrid por incumplir la ley de eliminaci\u00f3n de barreras FAMMA-Cocemfe Madrid denuncia que, una vez m\u00e1s, el Ayuntamiento de Madrid a trav\u00e9s del ADA, Agencia [&hellip;]\" \/>\n<meta property=\"og:url\" content=\"https:\/\/clm-inclusiva.org\/?p=3445\" \/>\n<meta property=\"og:site_name\" content=\"Clm-Inclusiva\" \/>\n<meta property=\"article:publisher\" content=\"https:\/\/www.facebook.com\/castillalamancha.inclusiva\/\" \/>\n<meta property=\"article:published_time\" content=\"2019-10-31T10:44:51+00:00\" \/>\n<meta property=\"article:modified_time\" content=\"2019-10-31T10:44:57+00:00\" \/>\n<meta property=\"og:image\" content=\"https:\/\/clm-inclusiva.org\/wp-content\/uploads\/2019\/10\/20191017_master_chef_01-1024x768.jpg\" \/>\n\t<meta property=\"og:image:width\" content=\"1024\" \/>\n\t<meta property=\"og:image:height\" content=\"768\" \/>\n\t<meta property=\"og:image:type\" content=\"image\/jpeg\" \/>\n<meta name=\"author\" content=\"clm-inclusiva\" \/>\n<meta name=\"twitter:card\" content=\"summary_large_image\" \/>\n<meta name=\"twitter:creator\" content=\"@ClmInclusiva\" \/>\n<meta name=\"twitter:site\" content=\"@ClmInclusiva\" \/>\n<meta name=\"twitter:label1\" content=\"Escrito por\" \/>\n\t<meta name=\"twitter:data1\" content=\"clm-inclusiva\" \/>\n\t<meta name=\"twitter:label2\" content=\"Tiempo de lectura\" \/>\n\t<meta name=\"twitter:data2\" content=\"4 minutos\" \/>\n<script type=\"application\/ld+json\" class=\"yoast-schema-graph\">{\"@context\":\"https:\/\/schema.org\",\"@graph\":[{\"@type\":\"Article\",\"@id\":\"https:\/\/clm-inclusiva.org\/?p=3445#article\",\"isPartOf\":{\"@id\":\"https:\/\/clm-inclusiva.org\/?p=3445\"},\"author\":{\"name\":\"clm-inclusiva\",\"@id\":\"https:\/\/clm-inclusiva.org\/#\/schema\/person\/0cff84aaa5bb8fd3521c55d1578d902b\"},\"headline\":\"FAMMA denuncia al Restaurante MasterChef Madrid por incumplir la ley de eliminaci\u00f3n de barreras\",\"datePublished\":\"2019-10-31T10:44:51+00:00\",\"dateModified\":\"2019-10-31T10:44:57+00:00\",\"mainEntityOfPage\":{\"@id\":\"https:\/\/clm-inclusiva.org\/?p=3445\"},\"wordCount\":783,\"publisher\":{\"@id\":\"https:\/\/clm-inclusiva.org\/#organization\"},\"articleSection\":[\"Discapacidad\"],\"inLanguage\":\"es\"},{\"@type\":\"WebPage\",\"@id\":\"https:\/\/clm-inclusiva.org\/?p=3445\",\"url\":\"https:\/\/clm-inclusiva.org\/?p=3445\",\"name\":\"FAMMA denuncia al Restaurante MasterChef Madrid por incumplir la ley de eliminaci\u00f3n de barreras - Clm-Inclusiva\",\"isPartOf\":{\"@id\":\"https:\/\/clm-inclusiva.org\/#website\"},\"datePublished\":\"2019-10-31T10:44:51+00:00\",\"dateModified\":\"2019-10-31T10:44:57+00:00\",\"breadcrumb\":{\"@id\":\"https:\/\/clm-inclusiva.org\/?p=3445#breadcrumb\"},\"inLanguage\":\"es\",\"potentialAction\":[{\"@type\":\"ReadAction\",\"target\":[\"https:\/\/clm-inclusiva.org\/?p=3445\"]}]},{\"@type\":\"BreadcrumbList\",\"@id\":\"https:\/\/clm-inclusiva.org\/?p=3445#breadcrumb\",\"itemListElement\":[{\"@type\":\"ListItem\",\"position\":1,\"name\":\"Portada\",\"item\":\"https:\/\/clm-inclusiva.org\/\"},{\"@type\":\"ListItem\",\"position\":2,\"name\":\"FAMMA denuncia al Restaurante MasterChef Madrid por incumplir la ley de eliminaci\u00f3n de barreras\"}]},{\"@type\":\"WebSite\",\"@id\":\"https:\/\/clm-inclusiva.org\/#website\",\"url\":\"https:\/\/clm-inclusiva.org\/\",\"name\":\"Clm-Inclusiva\",\"description\":\"Confederaci\u00f3n de entidades de personas con discapacidad f\u00edsica y org\u00e1nica CLM\",\"publisher\":{\"@id\":\"https:\/\/clm-inclusiva.org\/#organization\"},\"potentialAction\":[{\"@type\":\"SearchAction\",\"target\":{\"@type\":\"EntryPoint\",\"urlTemplate\":\"https:\/\/clm-inclusiva.org\/?s={search_term_string}\"},\"query-input\":\"required name=search_term_string\"}],\"inLanguage\":\"es\"},{\"@type\":\"Organization\",\"@id\":\"https:\/\/clm-inclusiva.org\/#organization\",\"name\":\"Clm-Inclusiva\",\"url\":\"https:\/\/clm-inclusiva.org\/\",\"logo\":{\"@type\":\"ImageObject\",\"inLanguage\":\"es\",\"@id\":\"https:\/\/clm-inclusiva.org\/#\/schema\/logo\/image\/\",\"url\":\"http:\/\/clm-inclusiva.org\/wp-content\/uploads\/2019\/04\/banner-e1533720812836.jpg\",\"contentUrl\":\"http:\/\/clm-inclusiva.org\/wp-content\/uploads\/2019\/04\/banner-e1533720812836.jpg\",\"width\":600,\"height\":332,\"caption\":\"Clm-Inclusiva\"},\"image\":{\"@id\":\"https:\/\/clm-inclusiva.org\/#\/schema\/logo\/image\/\"},\"sameAs\":[\"https:\/\/www.facebook.com\/castillalamancha.inclusiva\/\",\"https:\/\/twitter.com\/ClmInclusiva\"]},{\"@type\":\"Person\",\"@id\":\"https:\/\/clm-inclusiva.org\/#\/schema\/person\/0cff84aaa5bb8fd3521c55d1578d902b\",\"name\":\"clm-inclusiva\",\"image\":{\"@type\":\"ImageObject\",\"inLanguage\":\"es\",\"@id\":\"https:\/\/clm-inclusiva.org\/#\/schema\/person\/image\/\",\"url\":\"https:\/\/secure.gravatar.com\/avatar\/88948567af770dc9cd5597b329011884?s=96&d=blank&r=g\",\"contentUrl\":\"https:\/\/secure.gravatar.com\/avatar\/88948567af770dc9cd5597b329011884?s=96&d=blank&r=g\",\"caption\":\"clm-inclusiva\"},\"sameAs\":[\"http:\/\/clm-inclusiva.org\"],\"url\":\"https:\/\/clm-inclusiva.org\/?author=1\"}]}<\/script>\n<!-- \/ Yoast SEO plugin. -->","yoast_head_json":{"title":"FAMMA denuncia al Restaurante MasterChef Madrid por incumplir la ley de eliminaci\u00f3n de barreras - Clm-Inclusiva","robots":{"index":"index","follow":"follow","max-snippet":"max-snippet:-1","max-image-preview":"max-image-preview:large","max-video-preview":"max-video-preview:-1"},"canonical":"https:\/\/clm-inclusiva.org\/?p=3445","og_locale":"es_ES","og_type":"article","og_title":"FAMMA denuncia al Restaurante MasterChef Madrid por incumplir la ley de eliminaci\u00f3n de barreras - Clm-Inclusiva","og_description":"[et_pb_section fb_built=&#8221;1&#8243; _builder_version=&#8221;3.22.4&#8243; custom_padding=&#8221;0px||2px|||&#8221;][et_pb_row _builder_version=&#8221;3.25&#8243; background_size=&#8221;initial&#8221; background_position=&#8221;top_left&#8221; background_repeat=&#8221;repeat&#8221; custom_margin=&#8221;|||||&#8221; custom_padding=&#8221;|||||&#8221;][et_pb_column type=&#8221;4_4&#8243; _builder_version=&#8221;3.25&#8243; custom_padding=&#8221;|||&#8221; custom_padding__hover=&#8221;|||&#8221;][et_pb_text admin_label=&#8221;Noticia&#8221; _builder_version=&#8221;4.0.4&#8243; text_font=&#8221;||||||||&#8221; background_size=&#8221;initial&#8221; background_position=&#8221;top_left&#8221; background_repeat=&#8221;repeat&#8221; text_orientation=&#8221;justified&#8221; min_height=&#8221;711px&#8221; custom_margin=&#8221;||||false|false&#8221; custom_padding=&#8221;|||||&#8221; hover_enabled=&#8221;0&#8243;] FAMMA denuncia al Restaurante MasterChef Madrid por incumplir la ley de eliminaci\u00f3n de barreras FAMMA-Cocemfe Madrid denuncia que, una vez m\u00e1s, el Ayuntamiento de Madrid a trav\u00e9s del ADA, Agencia [&hellip;]","og_url":"https:\/\/clm-inclusiva.org\/?p=3445","og_site_name":"Clm-Inclusiva","article_publisher":"https:\/\/www.facebook.com\/castillalamancha.inclusiva\/","article_published_time":"2019-10-31T10:44:51+00:00","article_modified_time":"2019-10-31T10:44:57+00:00","og_image":[{"width":1024,"height":768,"url":"https:\/\/clm-inclusiva.org\/wp-content\/uploads\/2019\/10\/20191017_master_chef_01-1024x768.jpg","type":"image\/jpeg"}],"author":"clm-inclusiva","twitter_card":"summary_large_image","twitter_creator":"@ClmInclusiva","twitter_site":"@ClmInclusiva","twitter_misc":{"Escrito por":"clm-inclusiva","Tiempo de lectura":"4 minutos"},"schema":{"@context":"https:\/\/schema.org","@graph":[{"@type":"Article","@id":"https:\/\/clm-inclusiva.org\/?p=3445#article","isPartOf":{"@id":"https:\/\/clm-inclusiva.org\/?p=3445"},"author":{"name":"clm-inclusiva","@id":"https:\/\/clm-inclusiva.org\/#\/schema\/person\/0cff84aaa5bb8fd3521c55d1578d902b"},"headline":"FAMMA denuncia al Restaurante MasterChef Madrid por incumplir la ley de eliminaci\u00f3n de barreras","datePublished":"2019-10-31T10:44:51+00:00","dateModified":"2019-10-31T10:44:57+00:00","mainEntityOfPage":{"@id":"https:\/\/clm-inclusiva.org\/?p=3445"},"wordCount":783,"publisher":{"@id":"https:\/\/clm-inclusiva.org\/#organization"},"articleSection":["Discapacidad"],"inLanguage":"es"},{"@type":"WebPage","@id":"https:\/\/clm-inclusiva.org\/?p=3445","url":"https:\/\/clm-inclusiva.org\/?p=3445","name":"FAMMA denuncia al Restaurante MasterChef Madrid por incumplir la ley de eliminaci\u00f3n de barreras - Clm-Inclusiva","isPartOf":{"@id":"https:\/\/clm-inclusiva.org\/#website"},"datePublished":"2019-10-31T10:44:51+00:00","dateModified":"2019-10-31T10:44:57+00:00","breadcrumb":{"@id":"https:\/\/clm-inclusiva.org\/?p=3445#breadcrumb"},"inLanguage":"es","potentialAction":[{"@type":"ReadAction","target":["https:\/\/clm-inclusiva.org\/?p=3445"]}]},{"@type":"BreadcrumbList","@id":"https:\/\/clm-inclusiva.org\/?p=3445#breadcrumb","itemListElement":[{"@type":"ListItem","position":1,"name":"Portada","item":"https:\/\/clm-inclusiva.org\/"},{"@type":"ListItem","position":2,"name":"FAMMA denuncia al Restaurante MasterChef Madrid por incumplir la ley de eliminaci\u00f3n de barreras"}]},{"@type":"WebSite","@id":"https:\/\/clm-inclusiva.org\/#website","url":"https:\/\/clm-inclusiva.org\/","name":"Clm-Inclusiva","description":"Confederaci\u00f3n de entidades de personas con discapacidad f\u00edsica y org\u00e1nica CLM","publisher":{"@id":"https:\/\/clm-inclusiva.org\/#organization"},"potentialAction":[{"@type":"SearchAction","target":{"@type":"EntryPoint","urlTemplate":"https:\/\/clm-inclusiva.org\/?s={search_term_string}"},"query-input":"required name=search_term_string"}],"inLanguage":"es"},{"@type":"Organization","@id":"https:\/\/clm-inclusiva.org\/#organization","name":"Clm-Inclusiva","url":"https:\/\/clm-inclusiva.org\/","logo":{"@type":"ImageObject","inLanguage":"es","@id":"https:\/\/clm-inclusiva.org\/#\/schema\/logo\/image\/","url":"http:\/\/clm-inclusiva.org\/wp-content\/uploads\/2019\/04\/banner-e1533720812836.jpg","contentUrl":"http:\/\/clm-inclusiva.org\/wp-content\/uploads\/2019\/04\/banner-e1533720812836.jpg","width":600,"height":332,"caption":"Clm-Inclusiva"},"image":{"@id":"https:\/\/clm-inclusiva.org\/#\/schema\/logo\/image\/"},"sameAs":["https:\/\/www.facebook.com\/castillalamancha.inclusiva\/","https:\/\/twitter.com\/ClmInclusiva"]},{"@type":"Person","@id":"https:\/\/clm-inclusiva.org\/#\/schema\/person\/0cff84aaa5bb8fd3521c55d1578d902b","name":"clm-inclusiva","image":{"@type":"ImageObject","inLanguage":"es","@id":"https:\/\/clm-inclusiva.org\/#\/schema\/person\/image\/","url":"https:\/\/secure.gravatar.com\/avatar\/88948567af770dc9cd5597b329011884?s=96&d=blank&r=g","contentUrl":"https:\/\/secure.gravatar.com\/avatar\/88948567af770dc9cd5597b329011884?s=96&d=blank&r=g","caption":"clm-inclusiva"},"sameAs":["http:\/\/clm-inclusiva.org"],"url":"https:\/\/clm-inclusiva.org\/?author=1"}]}},"_links":{"self":[{"href":"https:\/\/clm-inclusiva.org\/index.php?rest_route=\/wp\/v2\/posts\/3445"}],"collection":[{"href":"https:\/\/clm-inclusiva.org\/index.php?rest_route=\/wp\/v2\/posts"}],"about":[{"href":"https:\/\/clm-inclusiva.org\/index.php?rest_route=\/wp\/v2\/types\/post"}],"author":[{"embeddable":true,"href":"https:\/\/clm-inclusiva.org\/index.php?rest_route=\/wp\/v2\/users\/1"}],"replies":[{"embeddable":true,"href":"https:\/\/clm-inclusiva.org\/index.php?rest_route=%2Fwp%2Fv2%2Fcomments&post=3445"}],"version-history":[{"count":3,"href":"https:\/\/clm-inclusiva.org\/index.php?rest_route=\/wp\/v2\/posts\/3445\/revisions"}],"predecessor-version":[{"id":3449,"href":"https:\/\/clm-inclusiva.org\/index.php?rest_route=\/wp\/v2\/posts\/3445\/revisions\/3449"}],"wp:featuredmedia":[{"embeddable":true,"href":"https:\/\/clm-inclusiva.org\/index.php?rest_route=\/wp\/v2\/media\/3442"}],"wp:attachment":[{"href":"https:\/\/clm-inclusiva.org\/index.php?rest_route=%2Fwp%2Fv2%2Fmedia&parent=3445"}],"wp:term":[{"taxonomy":"category","embeddable":true,"href":"https:\/\/clm-inclusiva.org\/index.php?rest_route=%2Fwp%2Fv2%2Fcategories&post=3445"},{"taxonomy":"post_tag","embeddable":true,"href":"https:\/\/clm-inclusiva.org\/index.php?rest_route=%2Fwp%2Fv2%2Ftags&post=3445"}],"curies":[{"name":"wp","href":"https:\/\/api.w.org\/{rel}","templated":true}]}}