{"id":337,"date":"2019-03-06T11:33:02","date_gmt":"2019-03-06T11:33:02","guid":{"rendered":"http:\/\/clm-inclusiva.org\/?p=337"},"modified":"2019-06-29T09:49:34","modified_gmt":"2019-06-29T07:49:34","slug":"clm-inclusiva-inicia-con-podemos-su-hoja-de-ruta-para-proponer-a-partidos-politicos-demandas-para-mejorar-la-accesibilidad-y-la-inclusion-laboral-de-personas-con-discapacidad","status":"publish","type":"post","link":"https:\/\/clm-inclusiva.org\/?p=337","title":{"rendered":"CLM Inclusiva inicia con Podemos su hoja de ruta para proponer a partidos pol\u00edticos demandas para mejorar la accesibilidad y la inclusi\u00f3n laboral de personas con discapacidad"},"content":{"rendered":"<p>[et_pb_section fb_built=&#8221;1&#8243; _builder_version=&#8221;3.22.4&#8243; custom_padding=&#8221;0px||2px|||&#8221;][et_pb_row custom_padding=&#8221;|||||&#8221; custom_margin=&#8221;|||||&#8221; _builder_version=&#8221;3.25&#8243; background_size=&#8221;initial&#8221; background_position=&#8221;top_left&#8221; background_repeat=&#8221;repeat&#8221;][et_pb_column type=&#8221;4_4&#8243; _builder_version=&#8221;3.25&#8243; custom_padding=&#8221;|||&#8221; custom_padding__hover=&#8221;|||&#8221;][et_pb_text _builder_version=&#8221;3.22.4&#8243;]<\/p>\n<p style=\"text-align: justify;\">\n<p style=\"text-align: justify;\"><img decoding=\"async\" loading=\"lazy\" class=\"size-medium wp-image-338 alignleft\" src=\"https:\/\/i1.wp.com\/clm-inclusiva.org\/wp-content\/uploads\/2019\/03\/DSC_0424-300x200.jpg?zoom=1.5625&amp;resize=300%2C200\" alt=\"\" width=\"300\" height=\"200\" srcset=\"http:\/\/clm-inclusiva.org\/wp-content\/uploads\/2019\/03\/DSC_0424-300x200.jpg 300w, http:\/\/clm-inclusiva.org\/wp-content\/uploads\/2019\/03\/DSC_0424-768x512.jpg 768w, http:\/\/clm-inclusiva.org\/wp-content\/uploads\/2019\/03\/DSC_0424-1024x683.jpg 1024w\" sizes=\"(max-width: 300px) 100vw, 300px\" \/>La Confederaci\u00f3n de entidades de personas con discapacidad f\u00edsica y org\u00e1nica de Castilla- <span><br \/> La Mancha (CLM Inclusiva) ha iniciado con Podemos su hoja de ruta para proponer a los partidos pol\u00edticos de la regi\u00f3n sus demandas para mejorar la accesibilidad universal y la inclusi\u00f3n laboral de las personas con discapacidad de la regi\u00f3n castellano-manchega.<\/span><br \/> <span>As\u00ed lo han hecho en una reuni\u00f3n mantenida entre el secretario de CLM Inclusiva, Francisco Javier Cebri\u00e1n, y el actual secretario general de Podemos en Castilla-La Mancha y vicepresidente segundo del Gobierno regional, Jos\u00e9 Garc\u00eda Molina.<\/span><\/p>\n<p style=\"text-align: justify;\"><img decoding=\"async\" loading=\"lazy\" class=\"size-medium wp-image-339 alignleft\" src=\"https:\/\/i1.wp.com\/clm-inclusiva.org\/wp-content\/uploads\/2019\/03\/DSC_0428-300x200.jpg?zoom=1.5625&amp;resize=300%2C200\" alt=\"\" width=\"300\" height=\"200\" srcset=\"http:\/\/clm-inclusiva.org\/wp-content\/uploads\/2019\/03\/DSC_0428-300x200.jpg 300w, http:\/\/clm-inclusiva.org\/wp-content\/uploads\/2019\/03\/DSC_0428-768x512.jpg 768w, http:\/\/clm-inclusiva.org\/wp-content\/uploads\/2019\/03\/DSC_0428-1024x683.jpg 1024w\" sizes=\"(max-width: 300px) 100vw, 300px\" \/><br \/> <span>Cebri\u00e1n ha trasladado a Garc\u00eda Molina que es necesario abordar la accesibilidad universal en<\/span><br \/> <span>todos los municipios de Castilla-La Mancha. Para ello, ha reivindicado el cumplimiento del Real<\/span><br \/> <span>Decreto 1\/ 2013 sobre la accesibilidad universal revisando la normativa y estableciendo el r\u00e9gimen sancionador correspondiente.<\/span><br \/> <span>Otra de las propuestas de CLM Inclusiva es la puesta en marcha de un Servicio de Atenci\u00f3n Personalizada y Rehabilitaci\u00f3n Biopsicosocial para aquellas personas con gran discapacidad y dependientes que residen en las zonas rurales \u201cm\u00e1s deprimidas\u201d de la regi\u00f3n como La Jara, La Sagra o La Alcarria, entre otras.<\/span><br \/> <span>En el apartado de inclusi\u00f3n laboral, Cebri\u00e1n ha asegurado que para llevarla a cabo es necesario apostar por la formaci\u00f3n y el empleo seg\u00fan lo estipula el art\u00edculo 27 de la Convenci\u00f3n sobre los Derechos de las Personas con Discapacidad.<\/span><br \/> <span>Para ello, ha trasladado a Podemos que se debe poner en marcha un Observatorio sobre Discapacidad que estudie las necesidades y las demandas de las personas con discapacidad f\u00edsica y org\u00e1nica.<\/span><br \/> <span>Por su parte, el secretario general de Podemos, Jos\u00e9 Garc\u00eda Molina, ha mostrado estar de acuerdo con sancionar a qui\u00e9nes no cumplen el Real Decreto 1\/ 2013 sobre la accesibilidad universal. No obstante, ha a\u00f1adido que la accesibilidad universal cuesta mucho implantarlas en construcciones antiguas.<\/span><br \/> <span>Sobre la atenci\u00f3n personalizada en zonas rurales, ha indicado que est\u00e1 a favor de atender las necesidades de estas personas, pero ha se\u00f1alado que habr\u00eda que buscar una f\u00f3rmula para dar el servicio por comarcas ya que ser\u00eda \u201cimposible\u201d realizar ese servicio en los m\u00e1s de 900 pueblos que tiene Castilla-La Mancha.<\/span><\/p>\n<p style=\"text-align: justify;\"><span>Finalmente, Garc\u00eda Molina ha coincidido con la idea de poner en marcha un observatorio para estudiar las necesidades de los castellano-manchegos debido a que es la forma de trabajar de Podemos. En este sentido, ha recordado que la formaci\u00f3n morada tiene previsto poner en<\/span><br \/> <span>marcha el Observatorio Ciudadano donde tendr\u00eda cabida una secci\u00f3n dedicada la discapacidad para que trabaje de manera conjunta con las otras secciones.<\/span><br \/> <span>CLM Inclusiva es una Confederaci\u00f3n de car\u00e1cter regional que est\u00e1 formada por entidades l\u00edderes, con gran representaci\u00f3n y prestigio social, que comparten el objetivo de la defensa de<\/span><br \/> <span>los derechos y la reivindicaci\u00f3n de la igualdad de oportunidades de las personas con discapacidad f\u00edsica y org\u00e1nica a fin de lograr su necesaria inclusi\u00f3n social a imagen de lo expresado por la ONU en su Convenci\u00f3n sobre Discapacidad.<\/span><br \/> <span>Esta Confederaci\u00f3n se crea el d\u00eda 7 de mayo de 2017 y est\u00e1 constituida por asociaciones regionales como AFANI\u00d3N, AIDISCAM, AMIAB y las Federaciones provinciales de COCEMFE en Albacete, Cuenca, Guadalajara y Toledo. En diciembre de 2018, se adhieren la Federaci\u00f3n<\/span><br \/> <span>regional Luna y la Federaci\u00f3n provincial Ciudad Real Inclusiva. Con toda esta uni\u00f3n, en total, la Confederaci\u00f3n, aglutina a m\u00e1s de 80 asociaciones de nuestra regi\u00f3n, que engloban alrededor de 30.000 personas con discapacidad f\u00edsica y org\u00e1nica.<\/span><\/p>\n<p>[\/et_pb_text][et_pb_post_nav prev_text=&#8221;Anterior&#8221; next_text=&#8221;Siguiente&#8221; _builder_version=&#8221;3.22.4&#8243;][\/et_pb_post_nav][\/et_pb_column][\/et_pb_row][\/et_pb_section]<\/p>\n","protected":false},"excerpt":{"rendered":"<p>[et_pb_section fb_built=&#8221;1&#8243; _builder_version=&#8221;3.22.4&#8243; custom_padding=&#8221;0px||2px|||&#8221;][et_pb_row custom_padding=&#8221;|||||&#8221; custom_margin=&#8221;|||||&#8221; _builder_version=&#8221;3.25&#8243; background_size=&#8221;initial&#8221; background_position=&#8221;top_left&#8221; background_repeat=&#8221;repeat&#8221;][et_pb_column type=&#8221;4_4&#8243; _builder_version=&#8221;3.25&#8243; custom_padding=&#8221;|||&#8221; custom_padding__hover=&#8221;|||&#8221;][et_pb_text _builder_version=&#8221;3.22.4&#8243;] La Confederaci\u00f3n de entidades de personas con discapacidad f\u00edsica y org\u00e1nica de Castilla- La Mancha (CLM Inclusiva) ha iniciado con Podemos su hoja de ruta para proponer a los partidos pol\u00edticos de la regi\u00f3n sus demandas para mejorar la accesibilidad [&hellip;]<\/p>\n","protected":false},"author":1,"featured_media":339,"comment_status":"closed","ping_status":"closed","sticky":false,"template":"","format":"standard","meta":{"_et_pb_use_builder":"on","_et_pb_old_content":"","_et_gb_content_width":"","footnotes":""},"categories":[5],"tags":[],"yoast_head":"<!-- This site is optimized with the Yoast SEO plugin v21.3 - https:\/\/yoast.com\/wordpress\/plugins\/seo\/ -->\n<title>CLM Inclusiva inicia con Podemos su hoja de ruta para proponer a partidos pol\u00edticos demandas para mejorar la accesibilidad y la inclusi\u00f3n laboral de personas con discapacidad - Clm-Inclusiva<\/title>\n<meta name=\"robots\" content=\"index, follow, max-snippet:-1, max-image-preview:large, max-video-preview:-1\" \/>\n<link rel=\"canonical\" href=\"https:\/\/clm-inclusiva.org\/?p=337\" \/>\n<meta property=\"og:locale\" content=\"es_ES\" \/>\n<meta property=\"og:type\" content=\"article\" \/>\n<meta property=\"og:title\" content=\"CLM Inclusiva inicia con Podemos su hoja de ruta para proponer a partidos pol\u00edticos demandas para mejorar la accesibilidad y la inclusi\u00f3n laboral de personas con discapacidad - Clm-Inclusiva\" \/>\n<meta property=\"og:description\" content=\"[et_pb_section fb_built=&#8221;1&#8243; _builder_version=&#8221;3.22.4&#8243; custom_padding=&#8221;0px||2px|||&#8221;][et_pb_row custom_padding=&#8221;|||||&#8221; custom_margin=&#8221;|||||&#8221; _builder_version=&#8221;3.25&#8243; background_size=&#8221;initial&#8221; background_position=&#8221;top_left&#8221; background_repeat=&#8221;repeat&#8221;][et_pb_column type=&#8221;4_4&#8243; _builder_version=&#8221;3.25&#8243; custom_padding=&#8221;|||&#8221; custom_padding__hover=&#8221;|||&#8221;][et_pb_text _builder_version=&#8221;3.22.4&#8243;] La Confederaci\u00f3n de entidades de personas con discapacidad f\u00edsica y org\u00e1nica de Castilla- La Mancha (CLM Inclusiva) ha iniciado con Podemos su hoja de ruta para proponer a los partidos pol\u00edticos de la regi\u00f3n sus demandas para mejorar la accesibilidad [&hellip;]\" \/>\n<meta property=\"og:url\" content=\"https:\/\/clm-inclusiva.org\/?p=337\" \/>\n<meta property=\"og:site_name\" content=\"Clm-Inclusiva\" \/>\n<meta property=\"article:publisher\" content=\"https:\/\/www.facebook.com\/castillalamancha.inclusiva\/\" \/>\n<meta property=\"article:published_time\" content=\"2019-03-06T11:33:02+00:00\" \/>\n<meta property=\"article:modified_time\" content=\"2019-06-29T07:49:34+00:00\" \/>\n<meta property=\"og:image\" content=\"https:\/\/clm-inclusiva.org\/wp-content\/uploads\/2019\/03\/DSC_0428-1-1024x683.jpg\" \/>\n\t<meta property=\"og:image:width\" content=\"1024\" \/>\n\t<meta property=\"og:image:height\" content=\"683\" \/>\n\t<meta property=\"og:image:type\" content=\"image\/jpeg\" \/>\n<meta name=\"author\" content=\"clm-inclusiva\" \/>\n<meta name=\"twitter:card\" content=\"summary_large_image\" \/>\n<meta name=\"twitter:creator\" content=\"@ClmInclusiva\" \/>\n<meta name=\"twitter:site\" content=\"@ClmInclusiva\" \/>\n<meta name=\"twitter:label1\" content=\"Escrito por\" \/>\n\t<meta name=\"twitter:data1\" content=\"clm-inclusiva\" \/>\n\t<meta name=\"twitter:label2\" content=\"Tiempo de lectura\" \/>\n\t<meta name=\"twitter:data2\" content=\"3 minutos\" \/>\n<script type=\"application\/ld+json\" class=\"yoast-schema-graph\">{\"@context\":\"https:\/\/schema.org\",\"@graph\":[{\"@type\":\"Article\",\"@id\":\"https:\/\/clm-inclusiva.org\/?p=337#article\",\"isPartOf\":{\"@id\":\"https:\/\/clm-inclusiva.org\/?p=337\"},\"author\":{\"name\":\"clm-inclusiva\",\"@id\":\"https:\/\/clm-inclusiva.org\/#\/schema\/person\/0cff84aaa5bb8fd3521c55d1578d902b\"},\"headline\":\"CLM Inclusiva inicia con Podemos su hoja de ruta para proponer a partidos pol\u00edticos demandas para mejorar la accesibilidad y la inclusi\u00f3n laboral de personas con discapacidad\",\"datePublished\":\"2019-03-06T11:33:02+00:00\",\"dateModified\":\"2019-06-29T07:49:34+00:00\",\"mainEntityOfPage\":{\"@id\":\"https:\/\/clm-inclusiva.org\/?p=337\"},\"wordCount\":713,\"publisher\":{\"@id\":\"https:\/\/clm-inclusiva.org\/#organization\"},\"articleSection\":[\"Discapacidad\"],\"inLanguage\":\"es\"},{\"@type\":\"WebPage\",\"@id\":\"https:\/\/clm-inclusiva.org\/?p=337\",\"url\":\"https:\/\/clm-inclusiva.org\/?p=337\",\"name\":\"CLM Inclusiva inicia con Podemos su hoja de ruta para proponer a partidos pol\u00edticos demandas para mejorar la accesibilidad y la inclusi\u00f3n laboral de personas con discapacidad - Clm-Inclusiva\",\"isPartOf\":{\"@id\":\"https:\/\/clm-inclusiva.org\/#website\"},\"datePublished\":\"2019-03-06T11:33:02+00:00\",\"dateModified\":\"2019-06-29T07:49:34+00:00\",\"breadcrumb\":{\"@id\":\"https:\/\/clm-inclusiva.org\/?p=337#breadcrumb\"},\"inLanguage\":\"es\",\"potentialAction\":[{\"@type\":\"ReadAction\",\"target\":[\"https:\/\/clm-inclusiva.org\/?p=337\"]}]},{\"@type\":\"BreadcrumbList\",\"@id\":\"https:\/\/clm-inclusiva.org\/?p=337#breadcrumb\",\"itemListElement\":[{\"@type\":\"ListItem\",\"position\":1,\"name\":\"Portada\",\"item\":\"https:\/\/clm-inclusiva.org\/\"},{\"@type\":\"ListItem\",\"position\":2,\"name\":\"CLM Inclusiva inicia con Podemos su hoja de ruta para proponer a partidos pol\u00edticos demandas para mejorar la accesibilidad y la inclusi\u00f3n laboral de personas con discapacidad\"}]},{\"@type\":\"WebSite\",\"@id\":\"https:\/\/clm-inclusiva.org\/#website\",\"url\":\"https:\/\/clm-inclusiva.org\/\",\"name\":\"Clm-Inclusiva\",\"description\":\"Confederaci\u00f3n de entidades de personas con discapacidad f\u00edsica y org\u00e1nica CLM\",\"publisher\":{\"@id\":\"https:\/\/clm-inclusiva.org\/#organization\"},\"potentialAction\":[{\"@type\":\"SearchAction\",\"target\":{\"@type\":\"EntryPoint\",\"urlTemplate\":\"https:\/\/clm-inclusiva.org\/?s={search_term_string}\"},\"query-input\":\"required name=search_term_string\"}],\"inLanguage\":\"es\"},{\"@type\":\"Organization\",\"@id\":\"https:\/\/clm-inclusiva.org\/#organization\",\"name\":\"Clm-Inclusiva\",\"url\":\"https:\/\/clm-inclusiva.org\/\",\"logo\":{\"@type\":\"ImageObject\",\"inLanguage\":\"es\",\"@id\":\"https:\/\/clm-inclusiva.org\/#\/schema\/logo\/image\/\",\"url\":\"http:\/\/clm-inclusiva.org\/wp-content\/uploads\/2019\/04\/banner-e1533720812836.jpg\",\"contentUrl\":\"http:\/\/clm-inclusiva.org\/wp-content\/uploads\/2019\/04\/banner-e1533720812836.jpg\",\"width\":600,\"height\":332,\"caption\":\"Clm-Inclusiva\"},\"image\":{\"@id\":\"https:\/\/clm-inclusiva.org\/#\/schema\/logo\/image\/\"},\"sameAs\":[\"https:\/\/www.facebook.com\/castillalamancha.inclusiva\/\",\"https:\/\/twitter.com\/ClmInclusiva\"]},{\"@type\":\"Person\",\"@id\":\"https:\/\/clm-inclusiva.org\/#\/schema\/person\/0cff84aaa5bb8fd3521c55d1578d902b\",\"name\":\"clm-inclusiva\",\"image\":{\"@type\":\"ImageObject\",\"inLanguage\":\"es\",\"@id\":\"https:\/\/clm-inclusiva.org\/#\/schema\/person\/image\/\",\"url\":\"https:\/\/secure.gravatar.com\/avatar\/88948567af770dc9cd5597b329011884?s=96&d=blank&r=g\",\"contentUrl\":\"https:\/\/secure.gravatar.com\/avatar\/88948567af770dc9cd5597b329011884?s=96&d=blank&r=g\",\"caption\":\"clm-inclusiva\"},\"sameAs\":[\"http:\/\/clm-inclusiva.org\"],\"url\":\"https:\/\/clm-inclusiva.org\/?author=1\"}]}<\/script>\n<!-- \/ Yoast SEO plugin. -->","yoast_head_json":{"title":"CLM Inclusiva inicia con Podemos su hoja de ruta para proponer a partidos pol\u00edticos demandas para mejorar la accesibilidad y la inclusi\u00f3n laboral de personas con discapacidad - Clm-Inclusiva","robots":{"index":"index","follow":"follow","max-snippet":"max-snippet:-1","max-image-preview":"max-image-preview:large","max-video-preview":"max-video-preview:-1"},"canonical":"https:\/\/clm-inclusiva.org\/?p=337","og_locale":"es_ES","og_type":"article","og_title":"CLM Inclusiva inicia con Podemos su hoja de ruta para proponer a partidos pol\u00edticos demandas para mejorar la accesibilidad y la inclusi\u00f3n laboral de personas con discapacidad - Clm-Inclusiva","og_description":"[et_pb_section fb_built=&#8221;1&#8243; _builder_version=&#8221;3.22.4&#8243; custom_padding=&#8221;0px||2px|||&#8221;][et_pb_row custom_padding=&#8221;|||||&#8221; custom_margin=&#8221;|||||&#8221; _builder_version=&#8221;3.25&#8243; background_size=&#8221;initial&#8221; background_position=&#8221;top_left&#8221; background_repeat=&#8221;repeat&#8221;][et_pb_column type=&#8221;4_4&#8243; _builder_version=&#8221;3.25&#8243; custom_padding=&#8221;|||&#8221; custom_padding__hover=&#8221;|||&#8221;][et_pb_text _builder_version=&#8221;3.22.4&#8243;] La Confederaci\u00f3n de entidades de personas con discapacidad f\u00edsica y org\u00e1nica de Castilla- La Mancha (CLM Inclusiva) ha iniciado con Podemos su hoja de ruta para proponer a los partidos pol\u00edticos de la regi\u00f3n sus demandas para mejorar la accesibilidad [&hellip;]","og_url":"https:\/\/clm-inclusiva.org\/?p=337","og_site_name":"Clm-Inclusiva","article_publisher":"https:\/\/www.facebook.com\/castillalamancha.inclusiva\/","article_published_time":"2019-03-06T11:33:02+00:00","article_modified_time":"2019-06-29T07:49:34+00:00","og_image":[{"width":1024,"height":683,"url":"https:\/\/clm-inclusiva.org\/wp-content\/uploads\/2019\/03\/DSC_0428-1-1024x683.jpg","type":"image\/jpeg"}],"author":"clm-inclusiva","twitter_card":"summary_large_image","twitter_creator":"@ClmInclusiva","twitter_site":"@ClmInclusiva","twitter_misc":{"Escrito por":"clm-inclusiva","Tiempo de lectura":"3 minutos"},"schema":{"@context":"https:\/\/schema.org","@graph":[{"@type":"Article","@id":"https:\/\/clm-inclusiva.org\/?p=337#article","isPartOf":{"@id":"https:\/\/clm-inclusiva.org\/?p=337"},"author":{"name":"clm-inclusiva","@id":"https:\/\/clm-inclusiva.org\/#\/schema\/person\/0cff84aaa5bb8fd3521c55d1578d902b"},"headline":"CLM Inclusiva inicia con Podemos su hoja de ruta para proponer a partidos pol\u00edticos demandas para mejorar la accesibilidad y la inclusi\u00f3n laboral de personas con discapacidad","datePublished":"2019-03-06T11:33:02+00:00","dateModified":"2019-06-29T07:49:34+00:00","mainEntityOfPage":{"@id":"https:\/\/clm-inclusiva.org\/?p=337"},"wordCount":713,"publisher":{"@id":"https:\/\/clm-inclusiva.org\/#organization"},"articleSection":["Discapacidad"],"inLanguage":"es"},{"@type":"WebPage","@id":"https:\/\/clm-inclusiva.org\/?p=337","url":"https:\/\/clm-inclusiva.org\/?p=337","name":"CLM Inclusiva inicia con Podemos su hoja de ruta para proponer a partidos pol\u00edticos demandas para mejorar la accesibilidad y la inclusi\u00f3n laboral de personas con discapacidad - Clm-Inclusiva","isPartOf":{"@id":"https:\/\/clm-inclusiva.org\/#website"},"datePublished":"2019-03-06T11:33:02+00:00","dateModified":"2019-06-29T07:49:34+00:00","breadcrumb":{"@id":"https:\/\/clm-inclusiva.org\/?p=337#breadcrumb"},"inLanguage":"es","potentialAction":[{"@type":"ReadAction","target":["https:\/\/clm-inclusiva.org\/?p=337"]}]},{"@type":"BreadcrumbList","@id":"https:\/\/clm-inclusiva.org\/?p=337#breadcrumb","itemListElement":[{"@type":"ListItem","position":1,"name":"Portada","item":"https:\/\/clm-inclusiva.org\/"},{"@type":"ListItem","position":2,"name":"CLM Inclusiva inicia con Podemos su hoja de ruta para proponer a partidos pol\u00edticos demandas para mejorar la accesibilidad y la inclusi\u00f3n laboral de personas con discapacidad"}]},{"@type":"WebSite","@id":"https:\/\/clm-inclusiva.org\/#website","url":"https:\/\/clm-inclusiva.org\/","name":"Clm-Inclusiva","description":"Confederaci\u00f3n de entidades de personas con discapacidad f\u00edsica y org\u00e1nica CLM","publisher":{"@id":"https:\/\/clm-inclusiva.org\/#organization"},"potentialAction":[{"@type":"SearchAction","target":{"@type":"EntryPoint","urlTemplate":"https:\/\/clm-inclusiva.org\/?s={search_term_string}"},"query-input":"required name=search_term_string"}],"inLanguage":"es"},{"@type":"Organization","@id":"https:\/\/clm-inclusiva.org\/#organization","name":"Clm-Inclusiva","url":"https:\/\/clm-inclusiva.org\/","logo":{"@type":"ImageObject","inLanguage":"es","@id":"https:\/\/clm-inclusiva.org\/#\/schema\/logo\/image\/","url":"http:\/\/clm-inclusiva.org\/wp-content\/uploads\/2019\/04\/banner-e1533720812836.jpg","contentUrl":"http:\/\/clm-inclusiva.org\/wp-content\/uploads\/2019\/04\/banner-e1533720812836.jpg","width":600,"height":332,"caption":"Clm-Inclusiva"},"image":{"@id":"https:\/\/clm-inclusiva.org\/#\/schema\/logo\/image\/"},"sameAs":["https:\/\/www.facebook.com\/castillalamancha.inclusiva\/","https:\/\/twitter.com\/ClmInclusiva"]},{"@type":"Person","@id":"https:\/\/clm-inclusiva.org\/#\/schema\/person\/0cff84aaa5bb8fd3521c55d1578d902b","name":"clm-inclusiva","image":{"@type":"ImageObject","inLanguage":"es","@id":"https:\/\/clm-inclusiva.org\/#\/schema\/person\/image\/","url":"https:\/\/secure.gravatar.com\/avatar\/88948567af770dc9cd5597b329011884?s=96&d=blank&r=g","contentUrl":"https:\/\/secure.gravatar.com\/avatar\/88948567af770dc9cd5597b329011884?s=96&d=blank&r=g","caption":"clm-inclusiva"},"sameAs":["http:\/\/clm-inclusiva.org"],"url":"https:\/\/clm-inclusiva.org\/?author=1"}]}},"_links":{"self":[{"href":"https:\/\/clm-inclusiva.org\/index.php?rest_route=\/wp\/v2\/posts\/337"}],"collection":[{"href":"https:\/\/clm-inclusiva.org\/index.php?rest_route=\/wp\/v2\/posts"}],"about":[{"href":"https:\/\/clm-inclusiva.org\/index.php?rest_route=\/wp\/v2\/types\/post"}],"author":[{"embeddable":true,"href":"https:\/\/clm-inclusiva.org\/index.php?rest_route=\/wp\/v2\/users\/1"}],"replies":[{"embeddable":true,"href":"https:\/\/clm-inclusiva.org\/index.php?rest_route=%2Fwp%2Fv2%2Fcomments&post=337"}],"version-history":[{"count":5,"href":"https:\/\/clm-inclusiva.org\/index.php?rest_route=\/wp\/v2\/posts\/337\/revisions"}],"predecessor-version":[{"id":2604,"href":"https:\/\/clm-inclusiva.org\/index.php?rest_route=\/wp\/v2\/posts\/337\/revisions\/2604"}],"wp:featuredmedia":[{"embeddable":true,"href":"https:\/\/clm-inclusiva.org\/index.php?rest_route=\/wp\/v2\/media\/339"}],"wp:attachment":[{"href":"https:\/\/clm-inclusiva.org\/index.php?rest_route=%2Fwp%2Fv2%2Fmedia&parent=337"}],"wp:term":[{"taxonomy":"category","embeddable":true,"href":"https:\/\/clm-inclusiva.org\/index.php?rest_route=%2Fwp%2Fv2%2Fcategories&post=337"},{"taxonomy":"post_tag","embeddable":true,"href":"https:\/\/clm-inclusiva.org\/index.php?rest_route=%2Fwp%2Fv2%2Ftags&post=337"}],"curies":[{"name":"wp","href":"https:\/\/api.w.org\/{rel}","templated":true}]}}