{"id":333,"date":"2018-10-20T18:56:19","date_gmt":"2018-10-20T18:56:19","guid":{"rendered":"http:\/\/clm-inclusiva.org\/?p=333"},"modified":"2019-06-29T09:53:19","modified_gmt":"2019-06-29T07:53:19","slug":"el-diputado-regional-miguel-gonzalez-caballero-destaca-la-importante-labor-del-movimiento-asociativo-de-la-discapacidad-fisica-y-organica-para-garantizar-los-derechos-de-las-personas-de-este-colectivo","status":"publish","type":"post","link":"https:\/\/clm-inclusiva.org\/?p=333","title":{"rendered":"El diputado regional Miguel Gonz\u00e1lez Caballero destaca la importante labor del movimiento asociativo de la discapacidad f\u00edsica y org\u00e1nica para garantizar los derechos de las personas de este colectivo"},"content":{"rendered":"<p>[et_pb_section fb_built=&#8221;1&#8243; _builder_version=&#8221;3.22.4&#8243; custom_padding=&#8221;0px||2px|||&#8221;][et_pb_row custom_padding=&#8221;|||||&#8221; custom_margin=&#8221;|||||&#8221; _builder_version=&#8221;3.25&#8243; background_size=&#8221;initial&#8221; background_position=&#8221;top_left&#8221; background_repeat=&#8221;repeat&#8221;][et_pb_column type=&#8221;4_4&#8243; _builder_version=&#8221;3.25&#8243; custom_padding=&#8221;|||&#8221; custom_padding__hover=&#8221;|||&#8221;][et_pb_text _builder_version=&#8221;3.22.4&#8243; text_font=&#8221;||||||||&#8221; text_orientation=&#8221;justified&#8221;]<\/p>\n<div class=\"document-page\" data-page=\"1\">\n<div class=\"pdf-page\">\n<div class=\"text-wrapper user-select-text\">\n<div data-canvas-width=\"186.144\">La gerente provincial de\u00a0CLM Inclusiva, Lara Fern\u00e1ndez, acompa\u00f1ada\u00a0po\u00a0 r la t\u00e9cnica de inserci\u00f3n laboralPepi Amaro, han mantenido una reuni\u00f3n de trabajo\u00a0hoy con el diputado regional\u00a0Miguel Gonz\u00e1lez Caballero, en su visita para\u00a0conocer la situaci\u00f3n de las personas con discapacidad f\u00edsica y org\u00e1nica y el\u00a0trabajo de la entidad.<\/div>\n<div data-canvas-width=\"186.144\"><\/div>\n<div data-canvas-width=\"565.7760000000006\">El representante regional ha mantenido un primer encuentro con la entidad en\u00a0la que se ha presentado el trabajo que viene realizando la Confederaci\u00f3n\u00a0desde la apertura de su Servicio de Empleo.<\/div>\n<div data-canvas-width=\"565.7760000000006\"><\/div>\n<div data-canvas-width=\"117.63199999999998\">CLM Inclusiva,\u00a0desde su\u00a0creaci\u00f3n, se ha convertido en referente regional dentro del movimiento<\/div>\n<div data-canvas-width=\"565.4720000000007\">asociativo del colectivo de la discapacidad f\u00edsica y org\u00e1nica, integr\u00e1ndose en el\u00a0CERMI CLM\u00a0y en la confederaci\u00f3n estatal\u00a0COCEMFE.<\/div>\n<div data-canvas-width=\"565.4720000000007\"><\/div>\n<div data-canvas-width=\"565.1040000000002\">Por otra parte, se ha valorado la esencial labor de las instituciones a para el\u00a0desarrollo de programas de inserci\u00f3n laboral para colectivo ya que su tasa de\u00a0paro se sit\u00faa 7 puntos por encima del total de personas trabajadoras.<\/div>\n<div data-canvas-width=\"565.1040000000002\"><\/div>\n<div data-canvas-width=\"565.6000000000001\">Adem\u00e1s, en el plano laboral se ha considerado b\u00e1sico el cumplimiento por\u00a0parte de las empresas de la cuota de reserva como medida de fomento de la\u00a0contrataci\u00f3n de personas con discapacidad; aunque el objetivo de la\u00a0Confederaci\u00f3n va m\u00e1s all\u00e1, persiguiendo que la inserci\u00f3n laboral del colectivo<\/div>\n<div data-canvas-width=\"565.52\">al que representa, no se limite s\u00f3lo a un cumplimiento de m\u00ednimos de\u00a0cumplimiento, si no en una inclusi\u00f3n plena basada en las capacidades de las\u00a0personas y perfiles profesionales cualificados.<\/div>\n<div data-canvas-width=\"147.45599999999996\"><\/div>\n<div data-canvas-width=\"147.45599999999996\">Gonz\u00e1lez Caballero\u00a0considera fundamental que \u201cla ciudadan\u00eda conozca y sepa\u00a0que existe este servicio de promoci\u00f3n e integraci\u00f3n para las personas con\u00a0discapacidad de la Provincia en nuestra ciudad\u201d. As\u00ed mismo, ha puesto en valor\u00a0la Ley de Protecci\u00f3n y Apoyo Garantizado, recientemente aprobada por las<\/div>\n<div data-canvas-width=\"565.7280000000007\">Cortes Regionales, \u201cuna ley que va a mejorar y ayudar a este colectivo y a sus\u00a0familias mejorando la cobertura legal a estas personas\u201d.<\/div>\n<div data-canvas-width=\"565.7280000000007\"><\/div>\n<div data-canvas-width=\"565.7120000000007\">La Confederaci\u00f3n regional de entidades de personas con discapacidad f\u00edsica y\u00a0org\u00e1nica,\u00a0Castilla-La Mancha Inclusiva, agrupa al movimiento asociativo de\u00a0COCEMFE\u00a0en la Regi\u00f3n, con casi un centenar de entidades que representan en torno 10.000 personas con discapacidad. Actualmente se encuentra<\/div>\n<\/div>\n<\/div>\n<\/div>\n<div class=\"document-page\" data-page=\"2\">\n<div class=\"pdf-page\">\n<div class=\"text-wrapper user-select-text\">\n<div data-canvas-width=\"400.7840000000001\">compuesta por cuatro federaciones provinciales,\u00a0COCEMFE Albacete, COCEMFE Cuenca,\u00a0COCEMFE Guadalajara,\u00a0COCEMFE Toledo, las\u00a0entidades regionales\u00a0AFANION,\u00a0AIDISCAM y la asociaci\u00f3n nacional<\/div>\n<div data-canvas-width=\"51.647999999999996\">AMIAB.<\/div>\n<\/div>\n<\/div>\n<\/div>\n<p>[\/et_pb_text][et_pb_post_nav prev_text=&#8221;Anterior&#8221; next_text=&#8221;Siguiente&#8221; _builder_version=&#8221;3.22.4&#8243;][\/et_pb_post_nav][\/et_pb_column][\/et_pb_row][\/et_pb_section]<\/p>\n","protected":false},"excerpt":{"rendered":"<p>[et_pb_section fb_built=&#8221;1&#8243; _builder_version=&#8221;3.22.4&#8243; custom_padding=&#8221;0px||2px|||&#8221;][et_pb_row custom_padding=&#8221;|||||&#8221; custom_margin=&#8221;|||||&#8221; _builder_version=&#8221;3.25&#8243; background_size=&#8221;initial&#8221; background_position=&#8221;top_left&#8221; background_repeat=&#8221;repeat&#8221;][et_pb_column type=&#8221;4_4&#8243; _builder_version=&#8221;3.25&#8243; custom_padding=&#8221;|||&#8221; custom_padding__hover=&#8221;|||&#8221;][et_pb_text _builder_version=&#8221;3.22.4&#8243; text_font=&#8221;||||||||&#8221; text_orientation=&#8221;justified&#8221;] La gerente provincial de\u00a0CLM Inclusiva, Lara Fern\u00e1ndez, acompa\u00f1ada\u00a0po\u00a0 r la t\u00e9cnica de inserci\u00f3n laboralPepi Amaro, han mantenido una reuni\u00f3n de trabajo\u00a0hoy con el diputado regional\u00a0Miguel Gonz\u00e1lez Caballero, en su visita para\u00a0conocer la situaci\u00f3n de las personas con discapacidad [&hellip;]<\/p>\n","protected":false},"author":1,"featured_media":334,"comment_status":"closed","ping_status":"closed","sticky":false,"template":"","format":"standard","meta":{"_et_pb_use_builder":"on","_et_pb_old_content":"\t\t\t\t<div class=\"document-page\" data-page=\"1\">\r\n<div class=\"pdf-page\">\r\n<div class=\"text-wrapper user-select-text\">\r\n<div style=\"text-align: justify;\" data-canvas-width=\"186.144\">La gerente provincial de\u00a0CLM Inclusiva, Lara Fern\u00e1ndez, acompa\u00f1ada\u00a0po\u00a0 r la t\u00e9cnica de inserci\u00f3n laboralPepi Amaro, han mantenido una reuni\u00f3n de trabajo\u00a0hoy con el diputado regional\u00a0Miguel Gonz\u00e1lez Caballero, en su visita para\u00a0conocer la situaci\u00f3n de las personas con discapacidad f\u00edsica y org\u00e1nica y el\u00a0trabajo de la entidad.<\/div>\r\n<div style=\"text-align: justify;\" data-canvas-width=\"186.144\"><\/div>\r\n<div style=\"text-align: justify;\" data-canvas-width=\"565.7760000000006\">El representante regional ha mantenido un primer encuentro con la entidad en\u00a0la que se ha presentado el trabajo que viene realizando la Confederaci\u00f3n\u00a0desde la apertura de su Servicio de Empleo.<\/div>\r\n<div style=\"text-align: justify;\" data-canvas-width=\"565.7760000000006\"><\/div>\r\n<div style=\"text-align: justify;\" data-canvas-width=\"117.63199999999998\">CLM Inclusiva,\u00a0desde su\u00a0creaci\u00f3n, se ha convertido en referente regional dentro del movimiento<\/div>\r\n<div style=\"text-align: justify;\" data-canvas-width=\"565.4720000000007\">asociativo del colectivo de la discapacidad f\u00edsica y org\u00e1nica, integr\u00e1ndose en el\u00a0CERMI CLM\u00a0y en la confederaci\u00f3n estatal\u00a0COCEMFE.<\/div>\r\n<div style=\"text-align: justify;\" data-canvas-width=\"565.4720000000007\"><\/div>\r\n<div style=\"text-align: justify;\" data-canvas-width=\"565.1040000000002\">Por otra parte, se ha valorado la esencial labor de las instituciones a para el\u00a0desarrollo de programas de inserci\u00f3n laboral para colectivo ya que su tasa de\u00a0paro se sit\u00faa 7 puntos por encima del total de personas trabajadoras.<\/div>\r\n<div style=\"text-align: justify;\" data-canvas-width=\"565.1040000000002\"><\/div>\r\n<div style=\"text-align: justify;\" data-canvas-width=\"565.6000000000001\">Adem\u00e1s, en el plano laboral se ha considerado b\u00e1sico el cumplimiento por\u00a0parte de las empresas de la cuota de reserva como medida de fomento de la\u00a0contrataci\u00f3n de personas con discapacidad; aunque el objetivo de la\u00a0Confederaci\u00f3n va m\u00e1s all\u00e1, persiguiendo que la inserci\u00f3n laboral del colectivo<\/div>\r\n<div style=\"text-align: justify;\" data-canvas-width=\"565.52\">al que representa, no se limite s\u00f3lo a un cumplimiento de m\u00ednimos de\u00a0cumplimiento, si no en una inclusi\u00f3n plena basada en las capacidades de las\u00a0personas y perfiles profesionales cualificados.<\/div>\r\n<div style=\"text-align: justify;\" data-canvas-width=\"147.45599999999996\"><\/div>\r\n<div style=\"text-align: justify;\" data-canvas-width=\"147.45599999999996\">Gonz\u00e1lez Caballero\u00a0considera fundamental que \u201cla ciudadan\u00eda conozca y sepa\u00a0que existe este servicio de promoci\u00f3n e integraci\u00f3n para las personas con\u00a0discapacidad de la Provincia en nuestra ciudad\u201d. As\u00ed mismo, ha puesto en valor\u00a0la Ley de Protecci\u00f3n y Apoyo Garantizado, recientemente aprobada por las<\/div>\r\n<div style=\"text-align: justify;\" data-canvas-width=\"565.7280000000007\">Cortes Regionales, \u201cuna ley que va a mejorar y ayudar a este colectivo y a sus\u00a0familias mejorando la cobertura legal a estas personas\u201d.<\/div>\r\n<div style=\"text-align: justify;\" data-canvas-width=\"565.7280000000007\"><\/div>\r\n<div style=\"text-align: justify;\" data-canvas-width=\"565.7120000000007\">La Confederaci\u00f3n regional de entidades de personas con discapacidad f\u00edsica y\u00a0org\u00e1nica,\u00a0Castilla-La Mancha Inclusiva, agrupa al movimiento asociativo de\u00a0COCEMFE\u00a0en la Regi\u00f3n, con casi un centenar de entidades que representan en torno 10.000 personas con discapacidad. Actualmente se encuentra<\/div>\r\n<\/div>\r\n<\/div>\r\n<\/div>\r\n<div class=\"document-page\" data-page=\"2\">\r\n<div class=\"pdf-page\">\r\n<div class=\"text-wrapper user-select-text\">\r\n<div style=\"text-align: justify;\" data-canvas-width=\"400.7840000000001\">compuesta por cuatro federaciones provinciales,\u00a0COCEMFE Albacete, COCEMFE Cuenca,\u00a0COCEMFE Guadalajara,\u00a0COCEMFE Toledo, las\u00a0entidades regionales\u00a0AFANION,\u00a0AIDISCAM y la asociaci\u00f3n nacional<\/div>\r\n<div data-canvas-width=\"51.647999999999996\">AMIAB.<img class=\"alignnone size-medium wp-image-334 aligncenter\" src=\"http:\/\/127.0.0.1\/wordpress\/wp-content\/uploads\/2018\/10\/Reuni\u00f3n-Miguel-Gonz\u00e1lez-Caballero-232x300.jpg\" alt=\"\" width=\"232\" height=\"300\" \/><\/div>\r\n<\/div>\r\n<\/div>\r\n<\/div>\t\t","_et_gb_content_width":"","footnotes":""},"categories":[5,8],"tags":[],"yoast_head":"<!-- This site is optimized with the Yoast SEO plugin v21.3 - https:\/\/yoast.com\/wordpress\/plugins\/seo\/ -->\n<title>El diputado regional Miguel Gonz\u00e1lez Caballero destaca la importante labor del movimiento asociativo de la discapacidad f\u00edsica y org\u00e1nica para garantizar los derechos de las personas de este colectivo - Clm-Inclusiva<\/title>\n<meta name=\"robots\" content=\"index, follow, max-snippet:-1, max-image-preview:large, max-video-preview:-1\" \/>\n<link rel=\"canonical\" href=\"https:\/\/clm-inclusiva.org\/?p=333\" \/>\n<meta property=\"og:locale\" content=\"es_ES\" \/>\n<meta property=\"og:type\" content=\"article\" \/>\n<meta property=\"og:title\" content=\"El diputado regional Miguel Gonz\u00e1lez Caballero destaca la importante labor del movimiento asociativo de la discapacidad f\u00edsica y org\u00e1nica para garantizar los derechos de las personas de este colectivo - Clm-Inclusiva\" \/>\n<meta property=\"og:description\" content=\"[et_pb_section fb_built=&#8221;1&#8243; _builder_version=&#8221;3.22.4&#8243; custom_padding=&#8221;0px||2px|||&#8221;][et_pb_row custom_padding=&#8221;|||||&#8221; custom_margin=&#8221;|||||&#8221; _builder_version=&#8221;3.25&#8243; background_size=&#8221;initial&#8221; background_position=&#8221;top_left&#8221; background_repeat=&#8221;repeat&#8221;][et_pb_column type=&#8221;4_4&#8243; _builder_version=&#8221;3.25&#8243; custom_padding=&#8221;|||&#8221; custom_padding__hover=&#8221;|||&#8221;][et_pb_text _builder_version=&#8221;3.22.4&#8243; text_font=&#8221;||||||||&#8221; text_orientation=&#8221;justified&#8221;] La gerente provincial de\u00a0CLM Inclusiva, Lara Fern\u00e1ndez, acompa\u00f1ada\u00a0po\u00a0 r la t\u00e9cnica de inserci\u00f3n laboralPepi Amaro, han mantenido una reuni\u00f3n de trabajo\u00a0hoy con el diputado regional\u00a0Miguel Gonz\u00e1lez Caballero, en su visita para\u00a0conocer la situaci\u00f3n de las personas con discapacidad [&hellip;]\" \/>\n<meta property=\"og:url\" content=\"https:\/\/clm-inclusiva.org\/?p=333\" \/>\n<meta property=\"og:site_name\" content=\"Clm-Inclusiva\" \/>\n<meta property=\"article:publisher\" content=\"https:\/\/www.facebook.com\/castillalamancha.inclusiva\/\" \/>\n<meta property=\"article:published_time\" content=\"2018-10-20T18:56:19+00:00\" \/>\n<meta property=\"article:modified_time\" content=\"2019-06-29T07:53:19+00:00\" \/>\n<meta property=\"og:image\" content=\"https:\/\/clm-inclusiva.org\/wp-content\/uploads\/2018\/10\/Reuni\u00f3n-Miguel-Gonz\u00e1lez-Caballero-1.jpg\" \/>\n\t<meta property=\"og:image:width\" content=\"1042\" \/>\n\t<meta property=\"og:image:height\" content=\"1346\" \/>\n\t<meta property=\"og:image:type\" content=\"image\/jpeg\" \/>\n<meta name=\"author\" content=\"clm-inclusiva\" \/>\n<meta name=\"twitter:card\" content=\"summary_large_image\" \/>\n<meta name=\"twitter:creator\" content=\"@ClmInclusiva\" \/>\n<meta name=\"twitter:site\" content=\"@ClmInclusiva\" \/>\n<meta name=\"twitter:label1\" content=\"Escrito por\" \/>\n\t<meta name=\"twitter:data1\" content=\"clm-inclusiva\" \/>\n\t<meta name=\"twitter:label2\" content=\"Tiempo de lectura\" \/>\n\t<meta name=\"twitter:data2\" content=\"2 minutos\" \/>\n<script type=\"application\/ld+json\" class=\"yoast-schema-graph\">{\"@context\":\"https:\/\/schema.org\",\"@graph\":[{\"@type\":\"Article\",\"@id\":\"https:\/\/clm-inclusiva.org\/?p=333#article\",\"isPartOf\":{\"@id\":\"https:\/\/clm-inclusiva.org\/?p=333\"},\"author\":{\"name\":\"clm-inclusiva\",\"@id\":\"https:\/\/clm-inclusiva.org\/#\/schema\/person\/0cff84aaa5bb8fd3521c55d1578d902b\"},\"headline\":\"El diputado regional Miguel Gonz\u00e1lez Caballero destaca la importante labor del movimiento asociativo de la discapacidad f\u00edsica y org\u00e1nica para garantizar los derechos de las personas de este colectivo\",\"datePublished\":\"2018-10-20T18:56:19+00:00\",\"dateModified\":\"2019-06-29T07:53:19+00:00\",\"mainEntityOfPage\":{\"@id\":\"https:\/\/clm-inclusiva.org\/?p=333\"},\"wordCount\":516,\"publisher\":{\"@id\":\"https:\/\/clm-inclusiva.org\/#organization\"},\"articleSection\":[\"Discapacidad\",\"Sociedad\"],\"inLanguage\":\"es\"},{\"@type\":\"WebPage\",\"@id\":\"https:\/\/clm-inclusiva.org\/?p=333\",\"url\":\"https:\/\/clm-inclusiva.org\/?p=333\",\"name\":\"El diputado regional Miguel Gonz\u00e1lez Caballero destaca la importante labor del movimiento asociativo de la discapacidad f\u00edsica y org\u00e1nica para garantizar los derechos de las personas de este colectivo - Clm-Inclusiva\",\"isPartOf\":{\"@id\":\"https:\/\/clm-inclusiva.org\/#website\"},\"datePublished\":\"2018-10-20T18:56:19+00:00\",\"dateModified\":\"2019-06-29T07:53:19+00:00\",\"breadcrumb\":{\"@id\":\"https:\/\/clm-inclusiva.org\/?p=333#breadcrumb\"},\"inLanguage\":\"es\",\"potentialAction\":[{\"@type\":\"ReadAction\",\"target\":[\"https:\/\/clm-inclusiva.org\/?p=333\"]}]},{\"@type\":\"BreadcrumbList\",\"@id\":\"https:\/\/clm-inclusiva.org\/?p=333#breadcrumb\",\"itemListElement\":[{\"@type\":\"ListItem\",\"position\":1,\"name\":\"Portada\",\"item\":\"https:\/\/clm-inclusiva.org\/\"},{\"@type\":\"ListItem\",\"position\":2,\"name\":\"El diputado regional Miguel Gonz\u00e1lez Caballero destaca la importante labor del movimiento asociativo de la discapacidad f\u00edsica y org\u00e1nica para garantizar los derechos de las personas de este colectivo\"}]},{\"@type\":\"WebSite\",\"@id\":\"https:\/\/clm-inclusiva.org\/#website\",\"url\":\"https:\/\/clm-inclusiva.org\/\",\"name\":\"Clm-Inclusiva\",\"description\":\"Confederaci\u00f3n de entidades de personas con discapacidad f\u00edsica y org\u00e1nica CLM\",\"publisher\":{\"@id\":\"https:\/\/clm-inclusiva.org\/#organization\"},\"potentialAction\":[{\"@type\":\"SearchAction\",\"target\":{\"@type\":\"EntryPoint\",\"urlTemplate\":\"https:\/\/clm-inclusiva.org\/?s={search_term_string}\"},\"query-input\":\"required name=search_term_string\"}],\"inLanguage\":\"es\"},{\"@type\":\"Organization\",\"@id\":\"https:\/\/clm-inclusiva.org\/#organization\",\"name\":\"Clm-Inclusiva\",\"url\":\"https:\/\/clm-inclusiva.org\/\",\"logo\":{\"@type\":\"ImageObject\",\"inLanguage\":\"es\",\"@id\":\"https:\/\/clm-inclusiva.org\/#\/schema\/logo\/image\/\",\"url\":\"http:\/\/clm-inclusiva.org\/wp-content\/uploads\/2019\/04\/banner-e1533720812836.jpg\",\"contentUrl\":\"http:\/\/clm-inclusiva.org\/wp-content\/uploads\/2019\/04\/banner-e1533720812836.jpg\",\"width\":600,\"height\":332,\"caption\":\"Clm-Inclusiva\"},\"image\":{\"@id\":\"https:\/\/clm-inclusiva.org\/#\/schema\/logo\/image\/\"},\"sameAs\":[\"https:\/\/www.facebook.com\/castillalamancha.inclusiva\/\",\"https:\/\/twitter.com\/ClmInclusiva\"]},{\"@type\":\"Person\",\"@id\":\"https:\/\/clm-inclusiva.org\/#\/schema\/person\/0cff84aaa5bb8fd3521c55d1578d902b\",\"name\":\"clm-inclusiva\",\"image\":{\"@type\":\"ImageObject\",\"inLanguage\":\"es\",\"@id\":\"https:\/\/clm-inclusiva.org\/#\/schema\/person\/image\/\",\"url\":\"https:\/\/secure.gravatar.com\/avatar\/88948567af770dc9cd5597b329011884?s=96&d=blank&r=g\",\"contentUrl\":\"https:\/\/secure.gravatar.com\/avatar\/88948567af770dc9cd5597b329011884?s=96&d=blank&r=g\",\"caption\":\"clm-inclusiva\"},\"sameAs\":[\"http:\/\/clm-inclusiva.org\"],\"url\":\"https:\/\/clm-inclusiva.org\/?author=1\"}]}<\/script>\n<!-- \/ Yoast SEO plugin. -->","yoast_head_json":{"title":"El diputado regional Miguel Gonz\u00e1lez Caballero destaca la importante labor del movimiento asociativo de la discapacidad f\u00edsica y org\u00e1nica para garantizar los derechos de las personas de este colectivo - Clm-Inclusiva","robots":{"index":"index","follow":"follow","max-snippet":"max-snippet:-1","max-image-preview":"max-image-preview:large","max-video-preview":"max-video-preview:-1"},"canonical":"https:\/\/clm-inclusiva.org\/?p=333","og_locale":"es_ES","og_type":"article","og_title":"El diputado regional Miguel Gonz\u00e1lez Caballero destaca la importante labor del movimiento asociativo de la discapacidad f\u00edsica y org\u00e1nica para garantizar los derechos de las personas de este colectivo - Clm-Inclusiva","og_description":"[et_pb_section fb_built=&#8221;1&#8243; _builder_version=&#8221;3.22.4&#8243; custom_padding=&#8221;0px||2px|||&#8221;][et_pb_row custom_padding=&#8221;|||||&#8221; custom_margin=&#8221;|||||&#8221; _builder_version=&#8221;3.25&#8243; background_size=&#8221;initial&#8221; background_position=&#8221;top_left&#8221; background_repeat=&#8221;repeat&#8221;][et_pb_column type=&#8221;4_4&#8243; _builder_version=&#8221;3.25&#8243; custom_padding=&#8221;|||&#8221; custom_padding__hover=&#8221;|||&#8221;][et_pb_text _builder_version=&#8221;3.22.4&#8243; text_font=&#8221;||||||||&#8221; text_orientation=&#8221;justified&#8221;] La gerente provincial de\u00a0CLM Inclusiva, Lara Fern\u00e1ndez, acompa\u00f1ada\u00a0po\u00a0 r la t\u00e9cnica de inserci\u00f3n laboralPepi Amaro, han mantenido una reuni\u00f3n de trabajo\u00a0hoy con el diputado regional\u00a0Miguel Gonz\u00e1lez Caballero, en su visita para\u00a0conocer la situaci\u00f3n de las personas con discapacidad [&hellip;]","og_url":"https:\/\/clm-inclusiva.org\/?p=333","og_site_name":"Clm-Inclusiva","article_publisher":"https:\/\/www.facebook.com\/castillalamancha.inclusiva\/","article_published_time":"2018-10-20T18:56:19+00:00","article_modified_time":"2019-06-29T07:53:19+00:00","og_image":[{"width":1042,"height":1346,"url":"https:\/\/clm-inclusiva.org\/wp-content\/uploads\/2018\/10\/Reuni\u00f3n-Miguel-Gonz\u00e1lez-Caballero-1.jpg","type":"image\/jpeg"}],"author":"clm-inclusiva","twitter_card":"summary_large_image","twitter_creator":"@ClmInclusiva","twitter_site":"@ClmInclusiva","twitter_misc":{"Escrito por":"clm-inclusiva","Tiempo de lectura":"2 minutos"},"schema":{"@context":"https:\/\/schema.org","@graph":[{"@type":"Article","@id":"https:\/\/clm-inclusiva.org\/?p=333#article","isPartOf":{"@id":"https:\/\/clm-inclusiva.org\/?p=333"},"author":{"name":"clm-inclusiva","@id":"https:\/\/clm-inclusiva.org\/#\/schema\/person\/0cff84aaa5bb8fd3521c55d1578d902b"},"headline":"El diputado regional Miguel Gonz\u00e1lez Caballero destaca la importante labor del movimiento asociativo de la discapacidad f\u00edsica y org\u00e1nica para garantizar los derechos de las personas de este colectivo","datePublished":"2018-10-20T18:56:19+00:00","dateModified":"2019-06-29T07:53:19+00:00","mainEntityOfPage":{"@id":"https:\/\/clm-inclusiva.org\/?p=333"},"wordCount":516,"publisher":{"@id":"https:\/\/clm-inclusiva.org\/#organization"},"articleSection":["Discapacidad","Sociedad"],"inLanguage":"es"},{"@type":"WebPage","@id":"https:\/\/clm-inclusiva.org\/?p=333","url":"https:\/\/clm-inclusiva.org\/?p=333","name":"El diputado regional Miguel Gonz\u00e1lez Caballero destaca la importante labor del movimiento asociativo de la discapacidad f\u00edsica y org\u00e1nica para garantizar los derechos de las personas de este colectivo - Clm-Inclusiva","isPartOf":{"@id":"https:\/\/clm-inclusiva.org\/#website"},"datePublished":"2018-10-20T18:56:19+00:00","dateModified":"2019-06-29T07:53:19+00:00","breadcrumb":{"@id":"https:\/\/clm-inclusiva.org\/?p=333#breadcrumb"},"inLanguage":"es","potentialAction":[{"@type":"ReadAction","target":["https:\/\/clm-inclusiva.org\/?p=333"]}]},{"@type":"BreadcrumbList","@id":"https:\/\/clm-inclusiva.org\/?p=333#breadcrumb","itemListElement":[{"@type":"ListItem","position":1,"name":"Portada","item":"https:\/\/clm-inclusiva.org\/"},{"@type":"ListItem","position":2,"name":"El diputado regional Miguel Gonz\u00e1lez Caballero destaca la importante labor del movimiento asociativo de la discapacidad f\u00edsica y org\u00e1nica para garantizar los derechos de las personas de este colectivo"}]},{"@type":"WebSite","@id":"https:\/\/clm-inclusiva.org\/#website","url":"https:\/\/clm-inclusiva.org\/","name":"Clm-Inclusiva","description":"Confederaci\u00f3n de entidades de personas con discapacidad f\u00edsica y org\u00e1nica CLM","publisher":{"@id":"https:\/\/clm-inclusiva.org\/#organization"},"potentialAction":[{"@type":"SearchAction","target":{"@type":"EntryPoint","urlTemplate":"https:\/\/clm-inclusiva.org\/?s={search_term_string}"},"query-input":"required name=search_term_string"}],"inLanguage":"es"},{"@type":"Organization","@id":"https:\/\/clm-inclusiva.org\/#organization","name":"Clm-Inclusiva","url":"https:\/\/clm-inclusiva.org\/","logo":{"@type":"ImageObject","inLanguage":"es","@id":"https:\/\/clm-inclusiva.org\/#\/schema\/logo\/image\/","url":"http:\/\/clm-inclusiva.org\/wp-content\/uploads\/2019\/04\/banner-e1533720812836.jpg","contentUrl":"http:\/\/clm-inclusiva.org\/wp-content\/uploads\/2019\/04\/banner-e1533720812836.jpg","width":600,"height":332,"caption":"Clm-Inclusiva"},"image":{"@id":"https:\/\/clm-inclusiva.org\/#\/schema\/logo\/image\/"},"sameAs":["https:\/\/www.facebook.com\/castillalamancha.inclusiva\/","https:\/\/twitter.com\/ClmInclusiva"]},{"@type":"Person","@id":"https:\/\/clm-inclusiva.org\/#\/schema\/person\/0cff84aaa5bb8fd3521c55d1578d902b","name":"clm-inclusiva","image":{"@type":"ImageObject","inLanguage":"es","@id":"https:\/\/clm-inclusiva.org\/#\/schema\/person\/image\/","url":"https:\/\/secure.gravatar.com\/avatar\/88948567af770dc9cd5597b329011884?s=96&d=blank&r=g","contentUrl":"https:\/\/secure.gravatar.com\/avatar\/88948567af770dc9cd5597b329011884?s=96&d=blank&r=g","caption":"clm-inclusiva"},"sameAs":["http:\/\/clm-inclusiva.org"],"url":"https:\/\/clm-inclusiva.org\/?author=1"}]}},"_links":{"self":[{"href":"https:\/\/clm-inclusiva.org\/index.php?rest_route=\/wp\/v2\/posts\/333"}],"collection":[{"href":"https:\/\/clm-inclusiva.org\/index.php?rest_route=\/wp\/v2\/posts"}],"about":[{"href":"https:\/\/clm-inclusiva.org\/index.php?rest_route=\/wp\/v2\/types\/post"}],"author":[{"embeddable":true,"href":"https:\/\/clm-inclusiva.org\/index.php?rest_route=\/wp\/v2\/users\/1"}],"replies":[{"embeddable":true,"href":"https:\/\/clm-inclusiva.org\/index.php?rest_route=%2Fwp%2Fv2%2Fcomments&post=333"}],"version-history":[{"count":2,"href":"https:\/\/clm-inclusiva.org\/index.php?rest_route=\/wp\/v2\/posts\/333\/revisions"}],"predecessor-version":[{"id":2606,"href":"https:\/\/clm-inclusiva.org\/index.php?rest_route=\/wp\/v2\/posts\/333\/revisions\/2606"}],"wp:featuredmedia":[{"embeddable":true,"href":"https:\/\/clm-inclusiva.org\/index.php?rest_route=\/wp\/v2\/media\/334"}],"wp:attachment":[{"href":"https:\/\/clm-inclusiva.org\/index.php?rest_route=%2Fwp%2Fv2%2Fmedia&parent=333"}],"wp:term":[{"taxonomy":"category","embeddable":true,"href":"https:\/\/clm-inclusiva.org\/index.php?rest_route=%2Fwp%2Fv2%2Fcategories&post=333"},{"taxonomy":"post_tag","embeddable":true,"href":"https:\/\/clm-inclusiva.org\/index.php?rest_route=%2Fwp%2Fv2%2Ftags&post=333"}],"curies":[{"name":"wp","href":"https:\/\/api.w.org\/{rel}","templated":true}]}}