{"id":3293,"date":"2019-08-11T13:11:33","date_gmt":"2019-08-11T11:11:33","guid":{"rendered":"http:\/\/clm-inclusiva.org\/?p=3293"},"modified":"2019-08-11T13:33:32","modified_gmt":"2019-08-11T11:33:32","slug":"el-cermi-pide-a-la-ue-que-la-nueva-programacion-de-fondos-estructurales-se-ponga-al-servicio-del-pilar-social","status":"publish","type":"post","link":"https:\/\/clm-inclusiva.org\/?p=3293","title":{"rendered":"El Cermi pide a la UE que la nueva programaci\u00f3n de fondos estructurales se ponga al servicio del Pilar Social"},"content":{"rendered":"<p>[et_pb_section fb_built=&#8221;1&#8243; _builder_version=&#8221;3.22.4&#8243; custom_padding=&#8221;0px||2px|||&#8221;][et_pb_row _builder_version=&#8221;3.25&#8243; background_size=&#8221;initial&#8221; background_position=&#8221;top_left&#8221; background_repeat=&#8221;repeat&#8221; custom_margin=&#8221;|||||&#8221; custom_padding=&#8221;|||||&#8221;][et_pb_column type=&#8221;4_4&#8243; _builder_version=&#8221;3.25&#8243; custom_padding=&#8221;|||&#8221; custom_padding__hover=&#8221;|||&#8221;][et_pb_text admin_label=&#8221;Noticia&#8221; _builder_version=&#8221;3.26.6&#8243; text_font=&#8221;||||||||&#8221; background_size=&#8221;initial&#8221; background_position=&#8221;top_left&#8221; background_repeat=&#8221;repeat&#8221; text_orientation=&#8221;justified&#8221; min_height=&#8221;711px&#8221; custom_margin=&#8221;||||false|false&#8221; custom_padding=&#8221;|||||&#8221;]<\/p>\n<h4>El Comit\u00e9 Espa\u00f1ol de Representantes de Personas con Discapacidad (Cermi) ha pedido a la Uni\u00f3n Europea que la nueva programaci\u00f3n de fondos estructurales, a partir del a\u00f1o 2021, se ponga al servicio de los objetivos del Pilar Social Europeo para que la transformaci\u00f3n social que necesita Europa disponga de recursos financieros.<\/h4>\n<p>&#8220;Los fondos estructurales han de tener una finalidad netamente social, que hoy viene configurada por el Pilar Social Europeo, superando periodos anteriores en los que las necesidades sociales, m\u00e1s all\u00e1 de la formaci\u00f3n y el empleo, apenas ten\u00edan relevancia&#8221;, indica el Cermi en una nota.<\/p>\n<p>A su juicio, &#8220;la nueva programaci\u00f3n de fondos ha de ser sobre todo social, en la misma medida que sostenible y volcada con la transformaci\u00f3n digital y la igualdad entre mujeres y hombres, pues estas finalidades son las grandes demandas de la ciudadan\u00eda europea, a las que la Uni\u00f3n Europea debe dar respuesta&#8221;.<\/p>\n<p>Dentro de lo social, y en relaci\u00f3n con las personas con discapacidad, &#8220;los fondos estructurales han de habilitar recursos de nuevo cu\u00f1o para abordar estrategias de accesibilidad universal, garant\u00eda de nivel de vida adecuado, desinstitucionalizaci\u00f3n, educaci\u00f3n inclusiva e igualdad de las mujeres y ni\u00f1as con discapacidad, que son los retos mayores para lograr la inclusi\u00f3n de las personas con discapacidad, casi 100 millones en Europa&#8221;, concluye el Cermi.<\/p>\n<p>[\/et_pb_text][et_pb_post_nav prev_text=&#8221;Anterior&#8221; next_text=&#8221;Siguiente&#8221; _builder_version=&#8221;3.22.4&#8243;][\/et_pb_post_nav][\/et_pb_column][\/et_pb_row][\/et_pb_section]<\/p>\n","protected":false},"excerpt":{"rendered":"<p>[et_pb_section fb_built=&#8221;1&#8243; _builder_version=&#8221;3.22.4&#8243; custom_padding=&#8221;0px||2px|||&#8221;][et_pb_row _builder_version=&#8221;3.25&#8243; background_size=&#8221;initial&#8221; background_position=&#8221;top_left&#8221; background_repeat=&#8221;repeat&#8221; custom_margin=&#8221;|||||&#8221; custom_padding=&#8221;|||||&#8221;][et_pb_column type=&#8221;4_4&#8243; _builder_version=&#8221;3.25&#8243; custom_padding=&#8221;|||&#8221; custom_padding__hover=&#8221;|||&#8221;][et_pb_text admin_label=&#8221;Noticia&#8221; _builder_version=&#8221;3.26.6&#8243; text_font=&#8221;||||||||&#8221; background_size=&#8221;initial&#8221; background_position=&#8221;top_left&#8221; background_repeat=&#8221;repeat&#8221; text_orientation=&#8221;justified&#8221; min_height=&#8221;711px&#8221; custom_margin=&#8221;||||false|false&#8221; custom_padding=&#8221;|||||&#8221;] El Comit\u00e9 Espa\u00f1ol de Representantes de Personas con Discapacidad (Cermi) ha pedido a la Uni\u00f3n Europea que la nueva programaci\u00f3n de fondos estructurales, a partir del a\u00f1o 2021, se ponga al [&hellip;]<\/p>\n","protected":false},"author":1,"featured_media":3295,"comment_status":"closed","ping_status":"closed","sticky":false,"template":"","format":"standard","meta":{"_et_pb_use_builder":"on","_et_pb_old_content":"<h5 style=\"text-align: justify;\">La Confederaci\u00f3n CLM Inclusiva y la asociaci\u00f3n empresarial de Centros Especiales de Empleo de COCEMFE en Castilla-La Mancha, AECEMCO CLM, han firmado un acuerdo para promover las oportunidades de formaci\u00f3n y empleo de las personas del colectivo.<\/h5>\r\n<p style=\"text-align: justify;\"><img class=\"alignnone size-full wp-image-471\" src=\"http:\/\/clm-inclusiva.org\/wp-content\/uploads\/2019\/04\/3500_fotonoticia_20190402151941_1920.jpg\" alt=\"\" width=\"670\" height=\"300\"><\/p>\r\n<p style=\"text-align: justify;\">El presidente de la confederaci\u00f3n CLM Inclusiva, Enrique Alarc\u00f3n Garc\u00eda, y el presidente de AECEMCO CLM, \u00d3scar Sillas, han rubricado este acuerdo de colaboraci\u00f3n para coordinar su labor y actuaciones de apoyo a la promoci\u00f3n de los derechos de las personas con discapacidad f\u00edsica y org\u00e1nica en Castilla-La Mancha, ha informado esta confederaci\u00f3n en nota de prensa.<\/p>\r\nEl sector empresarial promovido por las organizaciones de COCEMFE sin \u00e1nimo de lucro, integrado en AECEMCO, da empleo actualmente a m\u00e1s de 800 personas con discapacidad de todo tipo, con actividades productivas y de prestaci\u00f3n de servicios muy variados como obras, lavander\u00eda, limpieza, medioambiente, manipulados, formaci\u00f3n, etc.\r\n\r\nAmbas organizaciones que comparten valores sociales y visi\u00f3n sobre los derechos de las personas con discapacidad coordinar\u00e1n todas sus actividades para incrementar las oportunidades de formaci\u00f3n, aprendizaje en el puesto de trabajo y calidad de los mismos, tanto en empleo protegido como ordinario.\r\n\r\nDentro de las actuaciones objeto del acuerdo se pondr\u00e1 especial atenci\u00f3n a dar a conocer la normativa de reserva de empleo para personas con discapacidad, as\u00ed como el adecuado cumplimiento de las medidas alternativas, para lo que se informar\u00e1 conjuntamente a administraciones, federaciones empresariales y grandes empresas sobre las oportunidades de empleabilidad de las personas con discapacidad f\u00edsica y org\u00e1nica.\r\n\r\nCLM Inclusiva dispone actualmente de Servicio de Empleo en todas las provincias de Castilla-La Mancha, gracias al apoyo de Fundaci\u00f3n ONCE y la financiaci\u00f3n de proyectos con cargo al IRPF, que realiza labor de intermediaci\u00f3n entre personas con discapacidad demandantes de empleo y empresas, asegurando la adecuaci\u00f3n de trabajadores al puesto de trabajo e informando sobre incentivos a la contrataci\u00f3n y ajustes t\u00e9cnicos necesarios en el puesto.\r\n\r\nLa Confederaci\u00f3n regional de entidades de personas con discapacidad f\u00edsica y org\u00e1nica, Castilla-La Mancha Inclusiva, agrupa al movimiento asociativo de COCEMFE en la Regi\u00f3n, con casi un centenar de entidades que representan en torno a 10.000 personas con discapacidad.\r\n\r\nActualmente se encuentra compuesta por cinco federaciones provinciales, COCEMFE Albacete, COCEMFE Cuenca, COCEMFE Guadalajara, COCEMFE Toledo y Ciudad Real Inclusiva, las entidades regionales AFANION, Federaci\u00f3n LUNA CLM de mujeres con discapacidad, AIDISCAM, y la asociaci\u00f3n nacional AMIAB.","_et_gb_content_width":"","footnotes":""},"categories":[28,5],"tags":[],"yoast_head":"<!-- This site is optimized with the Yoast SEO plugin v21.3 - https:\/\/yoast.com\/wordpress\/plugins\/seo\/ -->\n<title>El Cermi pide a la UE que la nueva programaci\u00f3n de fondos estructurales se ponga al servicio del Pilar Social - Clm-Inclusiva<\/title>\n<meta name=\"robots\" content=\"index, follow, max-snippet:-1, max-image-preview:large, max-video-preview:-1\" \/>\n<link rel=\"canonical\" href=\"https:\/\/clm-inclusiva.org\/?p=3293\" \/>\n<meta property=\"og:locale\" content=\"es_ES\" \/>\n<meta property=\"og:type\" content=\"article\" \/>\n<meta property=\"og:title\" content=\"El Cermi pide a la UE que la nueva programaci\u00f3n de fondos estructurales se ponga al servicio del Pilar Social - Clm-Inclusiva\" \/>\n<meta property=\"og:description\" content=\"[et_pb_section fb_built=&#8221;1&#8243; _builder_version=&#8221;3.22.4&#8243; custom_padding=&#8221;0px||2px|||&#8221;][et_pb_row _builder_version=&#8221;3.25&#8243; background_size=&#8221;initial&#8221; background_position=&#8221;top_left&#8221; background_repeat=&#8221;repeat&#8221; custom_margin=&#8221;|||||&#8221; custom_padding=&#8221;|||||&#8221;][et_pb_column type=&#8221;4_4&#8243; _builder_version=&#8221;3.25&#8243; custom_padding=&#8221;|||&#8221; custom_padding__hover=&#8221;|||&#8221;][et_pb_text admin_label=&#8221;Noticia&#8221; _builder_version=&#8221;3.26.6&#8243; text_font=&#8221;||||||||&#8221; background_size=&#8221;initial&#8221; background_position=&#8221;top_left&#8221; background_repeat=&#8221;repeat&#8221; text_orientation=&#8221;justified&#8221; min_height=&#8221;711px&#8221; custom_margin=&#8221;||||false|false&#8221; custom_padding=&#8221;|||||&#8221;] El Comit\u00e9 Espa\u00f1ol de Representantes de Personas con Discapacidad (Cermi) ha pedido a la Uni\u00f3n Europea que la nueva programaci\u00f3n de fondos estructurales, a partir del a\u00f1o 2021, se ponga al [&hellip;]\" \/>\n<meta property=\"og:url\" content=\"https:\/\/clm-inclusiva.org\/?p=3293\" \/>\n<meta property=\"og:site_name\" content=\"Clm-Inclusiva\" \/>\n<meta property=\"article:publisher\" content=\"https:\/\/www.facebook.com\/castillalamancha.inclusiva\/\" \/>\n<meta property=\"article:published_time\" content=\"2019-08-11T11:11:33+00:00\" \/>\n<meta property=\"article:modified_time\" content=\"2019-08-11T11:33:32+00:00\" \/>\n<meta property=\"og:image\" content=\"https:\/\/clm-inclusiva.org\/wp-content\/uploads\/2019\/08\/ea9ff7630901194ca62ec446c4b26773_XL.jpg\" \/>\n\t<meta property=\"og:image:width\" content=\"900\" \/>\n\t<meta property=\"og:image:height\" content=\"478\" \/>\n\t<meta property=\"og:image:type\" content=\"image\/jpeg\" \/>\n<meta name=\"author\" content=\"clm-inclusiva\" \/>\n<meta name=\"twitter:card\" content=\"summary_large_image\" \/>\n<meta name=\"twitter:creator\" content=\"@ClmInclusiva\" \/>\n<meta name=\"twitter:site\" content=\"@ClmInclusiva\" \/>\n<meta name=\"twitter:label1\" content=\"Escrito por\" \/>\n\t<meta name=\"twitter:data1\" content=\"clm-inclusiva\" \/>\n\t<meta name=\"twitter:label2\" content=\"Tiempo de lectura\" \/>\n\t<meta name=\"twitter:data2\" content=\"2 minutos\" \/>\n<script type=\"application\/ld+json\" class=\"yoast-schema-graph\">{\"@context\":\"https:\/\/schema.org\",\"@graph\":[{\"@type\":\"Article\",\"@id\":\"https:\/\/clm-inclusiva.org\/?p=3293#article\",\"isPartOf\":{\"@id\":\"https:\/\/clm-inclusiva.org\/?p=3293\"},\"author\":{\"name\":\"clm-inclusiva\",\"@id\":\"https:\/\/clm-inclusiva.org\/#\/schema\/person\/0cff84aaa5bb8fd3521c55d1578d902b\"},\"headline\":\"El Cermi pide a la UE que la nueva programaci\u00f3n de fondos estructurales se ponga al servicio del Pilar Social\",\"datePublished\":\"2019-08-11T11:11:33+00:00\",\"dateModified\":\"2019-08-11T11:33:32+00:00\",\"mainEntityOfPage\":{\"@id\":\"https:\/\/clm-inclusiva.org\/?p=3293\"},\"wordCount\":356,\"publisher\":{\"@id\":\"https:\/\/clm-inclusiva.org\/#organization\"},\"articleSection\":[\"Cermi\",\"Discapacidad\"],\"inLanguage\":\"es\"},{\"@type\":\"WebPage\",\"@id\":\"https:\/\/clm-inclusiva.org\/?p=3293\",\"url\":\"https:\/\/clm-inclusiva.org\/?p=3293\",\"name\":\"El Cermi pide a la UE que la nueva programaci\u00f3n de fondos estructurales se ponga al servicio del Pilar Social - Clm-Inclusiva\",\"isPartOf\":{\"@id\":\"https:\/\/clm-inclusiva.org\/#website\"},\"datePublished\":\"2019-08-11T11:11:33+00:00\",\"dateModified\":\"2019-08-11T11:33:32+00:00\",\"breadcrumb\":{\"@id\":\"https:\/\/clm-inclusiva.org\/?p=3293#breadcrumb\"},\"inLanguage\":\"es\",\"potentialAction\":[{\"@type\":\"ReadAction\",\"target\":[\"https:\/\/clm-inclusiva.org\/?p=3293\"]}]},{\"@type\":\"BreadcrumbList\",\"@id\":\"https:\/\/clm-inclusiva.org\/?p=3293#breadcrumb\",\"itemListElement\":[{\"@type\":\"ListItem\",\"position\":1,\"name\":\"Portada\",\"item\":\"https:\/\/clm-inclusiva.org\/\"},{\"@type\":\"ListItem\",\"position\":2,\"name\":\"El Cermi pide a la UE que la nueva programaci\u00f3n de fondos estructurales se ponga al servicio del Pilar Social\"}]},{\"@type\":\"WebSite\",\"@id\":\"https:\/\/clm-inclusiva.org\/#website\",\"url\":\"https:\/\/clm-inclusiva.org\/\",\"name\":\"Clm-Inclusiva\",\"description\":\"Confederaci\u00f3n de entidades de personas con discapacidad f\u00edsica y org\u00e1nica CLM\",\"publisher\":{\"@id\":\"https:\/\/clm-inclusiva.org\/#organization\"},\"potentialAction\":[{\"@type\":\"SearchAction\",\"target\":{\"@type\":\"EntryPoint\",\"urlTemplate\":\"https:\/\/clm-inclusiva.org\/?s={search_term_string}\"},\"query-input\":\"required name=search_term_string\"}],\"inLanguage\":\"es\"},{\"@type\":\"Organization\",\"@id\":\"https:\/\/clm-inclusiva.org\/#organization\",\"name\":\"Clm-Inclusiva\",\"url\":\"https:\/\/clm-inclusiva.org\/\",\"logo\":{\"@type\":\"ImageObject\",\"inLanguage\":\"es\",\"@id\":\"https:\/\/clm-inclusiva.org\/#\/schema\/logo\/image\/\",\"url\":\"http:\/\/clm-inclusiva.org\/wp-content\/uploads\/2019\/04\/banner-e1533720812836.jpg\",\"contentUrl\":\"http:\/\/clm-inclusiva.org\/wp-content\/uploads\/2019\/04\/banner-e1533720812836.jpg\",\"width\":600,\"height\":332,\"caption\":\"Clm-Inclusiva\"},\"image\":{\"@id\":\"https:\/\/clm-inclusiva.org\/#\/schema\/logo\/image\/\"},\"sameAs\":[\"https:\/\/www.facebook.com\/castillalamancha.inclusiva\/\",\"https:\/\/twitter.com\/ClmInclusiva\"]},{\"@type\":\"Person\",\"@id\":\"https:\/\/clm-inclusiva.org\/#\/schema\/person\/0cff84aaa5bb8fd3521c55d1578d902b\",\"name\":\"clm-inclusiva\",\"image\":{\"@type\":\"ImageObject\",\"inLanguage\":\"es\",\"@id\":\"https:\/\/clm-inclusiva.org\/#\/schema\/person\/image\/\",\"url\":\"https:\/\/secure.gravatar.com\/avatar\/88948567af770dc9cd5597b329011884?s=96&d=blank&r=g\",\"contentUrl\":\"https:\/\/secure.gravatar.com\/avatar\/88948567af770dc9cd5597b329011884?s=96&d=blank&r=g\",\"caption\":\"clm-inclusiva\"},\"sameAs\":[\"http:\/\/clm-inclusiva.org\"],\"url\":\"https:\/\/clm-inclusiva.org\/?author=1\"}]}<\/script>\n<!-- \/ Yoast SEO plugin. -->","yoast_head_json":{"title":"El Cermi pide a la UE que la nueva programaci\u00f3n de fondos estructurales se ponga al servicio del Pilar Social - Clm-Inclusiva","robots":{"index":"index","follow":"follow","max-snippet":"max-snippet:-1","max-image-preview":"max-image-preview:large","max-video-preview":"max-video-preview:-1"},"canonical":"https:\/\/clm-inclusiva.org\/?p=3293","og_locale":"es_ES","og_type":"article","og_title":"El Cermi pide a la UE que la nueva programaci\u00f3n de fondos estructurales se ponga al servicio del Pilar Social - Clm-Inclusiva","og_description":"[et_pb_section fb_built=&#8221;1&#8243; _builder_version=&#8221;3.22.4&#8243; custom_padding=&#8221;0px||2px|||&#8221;][et_pb_row _builder_version=&#8221;3.25&#8243; background_size=&#8221;initial&#8221; background_position=&#8221;top_left&#8221; background_repeat=&#8221;repeat&#8221; custom_margin=&#8221;|||||&#8221; custom_padding=&#8221;|||||&#8221;][et_pb_column type=&#8221;4_4&#8243; _builder_version=&#8221;3.25&#8243; custom_padding=&#8221;|||&#8221; custom_padding__hover=&#8221;|||&#8221;][et_pb_text admin_label=&#8221;Noticia&#8221; _builder_version=&#8221;3.26.6&#8243; text_font=&#8221;||||||||&#8221; background_size=&#8221;initial&#8221; background_position=&#8221;top_left&#8221; background_repeat=&#8221;repeat&#8221; text_orientation=&#8221;justified&#8221; min_height=&#8221;711px&#8221; custom_margin=&#8221;||||false|false&#8221; custom_padding=&#8221;|||||&#8221;] El Comit\u00e9 Espa\u00f1ol de Representantes de Personas con Discapacidad (Cermi) ha pedido a la Uni\u00f3n Europea que la nueva programaci\u00f3n de fondos estructurales, a partir del a\u00f1o 2021, se ponga al [&hellip;]","og_url":"https:\/\/clm-inclusiva.org\/?p=3293","og_site_name":"Clm-Inclusiva","article_publisher":"https:\/\/www.facebook.com\/castillalamancha.inclusiva\/","article_published_time":"2019-08-11T11:11:33+00:00","article_modified_time":"2019-08-11T11:33:32+00:00","og_image":[{"width":900,"height":478,"url":"https:\/\/clm-inclusiva.org\/wp-content\/uploads\/2019\/08\/ea9ff7630901194ca62ec446c4b26773_XL.jpg","type":"image\/jpeg"}],"author":"clm-inclusiva","twitter_card":"summary_large_image","twitter_creator":"@ClmInclusiva","twitter_site":"@ClmInclusiva","twitter_misc":{"Escrito por":"clm-inclusiva","Tiempo de lectura":"2 minutos"},"schema":{"@context":"https:\/\/schema.org","@graph":[{"@type":"Article","@id":"https:\/\/clm-inclusiva.org\/?p=3293#article","isPartOf":{"@id":"https:\/\/clm-inclusiva.org\/?p=3293"},"author":{"name":"clm-inclusiva","@id":"https:\/\/clm-inclusiva.org\/#\/schema\/person\/0cff84aaa5bb8fd3521c55d1578d902b"},"headline":"El Cermi pide a la UE que la nueva programaci\u00f3n de fondos estructurales se ponga al servicio del Pilar Social","datePublished":"2019-08-11T11:11:33+00:00","dateModified":"2019-08-11T11:33:32+00:00","mainEntityOfPage":{"@id":"https:\/\/clm-inclusiva.org\/?p=3293"},"wordCount":356,"publisher":{"@id":"https:\/\/clm-inclusiva.org\/#organization"},"articleSection":["Cermi","Discapacidad"],"inLanguage":"es"},{"@type":"WebPage","@id":"https:\/\/clm-inclusiva.org\/?p=3293","url":"https:\/\/clm-inclusiva.org\/?p=3293","name":"El Cermi pide a la UE que la nueva programaci\u00f3n de fondos estructurales se ponga al servicio del Pilar Social - Clm-Inclusiva","isPartOf":{"@id":"https:\/\/clm-inclusiva.org\/#website"},"datePublished":"2019-08-11T11:11:33+00:00","dateModified":"2019-08-11T11:33:32+00:00","breadcrumb":{"@id":"https:\/\/clm-inclusiva.org\/?p=3293#breadcrumb"},"inLanguage":"es","potentialAction":[{"@type":"ReadAction","target":["https:\/\/clm-inclusiva.org\/?p=3293"]}]},{"@type":"BreadcrumbList","@id":"https:\/\/clm-inclusiva.org\/?p=3293#breadcrumb","itemListElement":[{"@type":"ListItem","position":1,"name":"Portada","item":"https:\/\/clm-inclusiva.org\/"},{"@type":"ListItem","position":2,"name":"El Cermi pide a la UE que la nueva programaci\u00f3n de fondos estructurales se ponga al servicio del Pilar Social"}]},{"@type":"WebSite","@id":"https:\/\/clm-inclusiva.org\/#website","url":"https:\/\/clm-inclusiva.org\/","name":"Clm-Inclusiva","description":"Confederaci\u00f3n de entidades de personas con discapacidad f\u00edsica y org\u00e1nica CLM","publisher":{"@id":"https:\/\/clm-inclusiva.org\/#organization"},"potentialAction":[{"@type":"SearchAction","target":{"@type":"EntryPoint","urlTemplate":"https:\/\/clm-inclusiva.org\/?s={search_term_string}"},"query-input":"required name=search_term_string"}],"inLanguage":"es"},{"@type":"Organization","@id":"https:\/\/clm-inclusiva.org\/#organization","name":"Clm-Inclusiva","url":"https:\/\/clm-inclusiva.org\/","logo":{"@type":"ImageObject","inLanguage":"es","@id":"https:\/\/clm-inclusiva.org\/#\/schema\/logo\/image\/","url":"http:\/\/clm-inclusiva.org\/wp-content\/uploads\/2019\/04\/banner-e1533720812836.jpg","contentUrl":"http:\/\/clm-inclusiva.org\/wp-content\/uploads\/2019\/04\/banner-e1533720812836.jpg","width":600,"height":332,"caption":"Clm-Inclusiva"},"image":{"@id":"https:\/\/clm-inclusiva.org\/#\/schema\/logo\/image\/"},"sameAs":["https:\/\/www.facebook.com\/castillalamancha.inclusiva\/","https:\/\/twitter.com\/ClmInclusiva"]},{"@type":"Person","@id":"https:\/\/clm-inclusiva.org\/#\/schema\/person\/0cff84aaa5bb8fd3521c55d1578d902b","name":"clm-inclusiva","image":{"@type":"ImageObject","inLanguage":"es","@id":"https:\/\/clm-inclusiva.org\/#\/schema\/person\/image\/","url":"https:\/\/secure.gravatar.com\/avatar\/88948567af770dc9cd5597b329011884?s=96&d=blank&r=g","contentUrl":"https:\/\/secure.gravatar.com\/avatar\/88948567af770dc9cd5597b329011884?s=96&d=blank&r=g","caption":"clm-inclusiva"},"sameAs":["http:\/\/clm-inclusiva.org"],"url":"https:\/\/clm-inclusiva.org\/?author=1"}]}},"_links":{"self":[{"href":"https:\/\/clm-inclusiva.org\/index.php?rest_route=\/wp\/v2\/posts\/3293"}],"collection":[{"href":"https:\/\/clm-inclusiva.org\/index.php?rest_route=\/wp\/v2\/posts"}],"about":[{"href":"https:\/\/clm-inclusiva.org\/index.php?rest_route=\/wp\/v2\/types\/post"}],"author":[{"embeddable":true,"href":"https:\/\/clm-inclusiva.org\/index.php?rest_route=\/wp\/v2\/users\/1"}],"replies":[{"embeddable":true,"href":"https:\/\/clm-inclusiva.org\/index.php?rest_route=%2Fwp%2Fv2%2Fcomments&post=3293"}],"version-history":[{"count":5,"href":"https:\/\/clm-inclusiva.org\/index.php?rest_route=\/wp\/v2\/posts\/3293\/revisions"}],"predecessor-version":[{"id":3310,"href":"https:\/\/clm-inclusiva.org\/index.php?rest_route=\/wp\/v2\/posts\/3293\/revisions\/3310"}],"wp:featuredmedia":[{"embeddable":true,"href":"https:\/\/clm-inclusiva.org\/index.php?rest_route=\/wp\/v2\/media\/3295"}],"wp:attachment":[{"href":"https:\/\/clm-inclusiva.org\/index.php?rest_route=%2Fwp%2Fv2%2Fmedia&parent=3293"}],"wp:term":[{"taxonomy":"category","embeddable":true,"href":"https:\/\/clm-inclusiva.org\/index.php?rest_route=%2Fwp%2Fv2%2Fcategories&post=3293"},{"taxonomy":"post_tag","embeddable":true,"href":"https:\/\/clm-inclusiva.org\/index.php?rest_route=%2Fwp%2Fv2%2Ftags&post=3293"}],"curies":[{"name":"wp","href":"https:\/\/api.w.org\/{rel}","templated":true}]}}