{"id":3272,"date":"2019-08-08T20:03:16","date_gmt":"2019-08-08T18:03:16","guid":{"rendered":"http:\/\/clm-inclusiva.org\/?p=3272"},"modified":"2019-08-11T13:37:56","modified_gmt":"2019-08-11T11:37:56","slug":"61-000-castellano-manchegos-beneficiarios-del-sistema-de-dependencia-26-052-mas-que-en-2015","status":"publish","type":"post","link":"https:\/\/clm-inclusiva.org\/?p=3272","title":{"rendered":"61.000 castellano-manchegos beneficiarios del Sistema de Dependencia, 26.052 m\u00e1s que en 2015"},"content":{"rendered":"<p>[et_pb_section fb_built=&#8221;1&#8243; _builder_version=&#8221;3.22.4&#8243; custom_padding=&#8221;0px||2px|||&#8221;][et_pb_row _builder_version=&#8221;3.25&#8243; background_size=&#8221;initial&#8221; background_position=&#8221;top_left&#8221; background_repeat=&#8221;repeat&#8221; custom_margin=&#8221;|||||&#8221; custom_padding=&#8221;|||||&#8221;][et_pb_column type=&#8221;4_4&#8243; _builder_version=&#8221;3.25&#8243; custom_padding=&#8221;|||&#8221; custom_padding__hover=&#8221;|||&#8221;][et_pb_text admin_label=&#8221;Noticia&#8221; _builder_version=&#8221;3.26.6&#8243; text_font=&#8221;||||||||&#8221; background_size=&#8221;initial&#8221; background_position=&#8221;top_left&#8221; background_repeat=&#8221;repeat&#8221; text_orientation=&#8221;justified&#8221; min_height=&#8221;711px&#8221; custom_margin=&#8221;||||false|false&#8221; custom_padding=&#8221;|||||&#8221;]<\/p>\n<h6>DATOS APORTADOS POR LA CONSEJERA AURELIA S\u00c1NCHEZ EP &#8211; 07 Agosto 2019 &#8211; Albacete<\/h6>\n<h4>La consejera ha valorado estos datos que considera &#8220;positivos&#8221; sobre todo en relaci\u00f3n a la tendencia de retroceso nacional; tambi\u00e9n ha asegurado que ahora hay mayor protecci\u00f3n jur\u00eddica para ni\u00f1os, mayores y discapacitados en CLM<\/h4>\n<p>El Gobierno de Castilla-La Mancha consolida la tendencia positiva de su Sistema de Dependencia en la comparativa nacional que llega en julio a los casi 61.000 beneficiarios, 26.052 m\u00e1s que en julio de 2015, un 75 por ciento m\u00e1s.<\/p>\n<p>Sistema de Dependencia, \u201cbuena tendencia\u201d<br \/>\u201cLa regi\u00f3n, a diferencia del retroceso que ha sufrido el Sistema de Dependencia a nivel nacional, consolida su tendencia positiva desde julio de 2015, un ejemplo de ello, son expedientes pendientes de PIA, que se han reducido un 86% por ciento, pasando de 26.919 a 3.647\u201d, ha resaltado la consejera de Bienestar Social, Aurelia S\u00e1nchez.<br \/>S\u00e1nchez, seg\u00fan ha informado en nota de prensa el Gobierno regional, ha explicado que la cifra de beneficiarios asciende a 60.740, es decir, 26.052 m\u00e1s que en julio de 2015, un 75 por ciento m\u00e1s. \u201cTan solo en este mes se han incorporado 1.026 beneficiarios m\u00e1s\u201c, ha a\u00f1adido.<\/p>\n<h4><span class=\"agsdi-icon\" style=\"font-size: 25px;\" data-icon=\"agsdi-sound\">sound icon<\/span>\u00a0 Aurelia S\u00e1nchez: Se mantiene la tendencia positiva<\/h4>\n<!--[if lt IE 9]><script>document.createElement('audio');<\/script><![endif]-->\n<audio class=\"wp-audio-shortcode\" id=\"audio-3272-1\" preload=\"none\" style=\"width: 100%;\" controls=\"controls\"><source type=\"audio\/mpeg\" src=\"http:\/\/clm-inclusiva.org\/wp-content\/uploads\/2019\/08\/corte_aurelia_dependencia_julio.mp3?_=1\" \/><a href=\"http:\/\/clm-inclusiva.org\/wp-content\/uploads\/2019\/08\/corte_aurelia_dependencia_julio.mp3\">http:\/\/clm-inclusiva.org\/wp-content\/uploads\/2019\/08\/corte_aurelia_dependencia_julio.mp3<\/a><\/audio>\n<p>Asimismo, Aurelia S\u00e1nchez, ha afirmado que, en este balance del Sistema de Dependencia a julio de 2019, se cumple con tres objetivos consolidados. \u201cEn primer lugar, se mantiene la tendencia positiva en materia de dependencia en relaci\u00f3n a la comparativa nacional. En segundo lugar, por primera vez en Castilla-La Mancha alcanzamos la cifra de 60.000 personas atendidas, y en tercer lugar el Decreto de Procedimiento de la Dependencia garantiza seguridad jur\u00eddica a la infancia, a los mayores y a las personas con discapacidad\u201d, ha afirmado la responsable de Bienestar Social.<\/p>\n<h4>Incremento de las prestaciones un 56 por 100<\/h4>\n<p>Por otro lado, ha destacado el incremento de las prestaciones en un 56 por ciento. En este sentido ha remarcado que ahora hay 73.526 prestaciones, es decir, 26.366 prestaciones m\u00e1s, con las que se atiende a los beneficiarios del Sistema de Dependencia. En ese mes de julio se han incorporado 1.210 prestaciones.<\/p>\n<p>En concreto, hay 16.410 usuarios de Ayuda a Domicilio que est\u00e1n valorados con alg\u00fan grado de dependencia, m\u00e1s del doble que en julio de 2015; y el mismo crecimiento ha experimentado la Teleasistencia, al pasar de 4.872 beneficiarios a 13.404 en la actualidad.<\/p>\n<p>Por su parte, las Prestaciones Vinculadas al Servicio (PSV), han crecido un 195 por ciento y las prestaciones de Centro de D\u00eda, un 60 por ciento.<br \/>Tambi\u00e9n ha se\u00f1alado que los usuarios del Servicio de Promoci\u00f3n de la Autonom\u00eda han aumentado un 82 por ciento, hasta los 6.514, y un 22 por ciento los de Plaza Residencial, hasta alcanzar los 12.212.<\/p>\n<p>Adem\u00e1s, Aurelia S\u00e1nchez ha puesto en valor que \u201cno se ha suprimido ninguna Prestaci\u00f3n Econ\u00f3mica para el Cuidado en el Entorno Familiar (PECEF) y se han concedido 5.468 en los 49 meses de Gobierno de Emiliano Garc\u00eda-Page frente a las 3 concedidas en cuatro a\u00f1os del Gobierno del PP\u201d.<\/p>\n<h4>Mayor seguridad jur\u00eddica para las personas beneficiarias<\/h4>\n<p>Por \u00faltimo, la consejera de Bienestar Social ha afirmado que, el nuevo Decreto de procedimiento de la dependencia garantiza mayor seguridad jur\u00eddica a la infancia, a los mayores y a las personas con discapacidad.<\/p>\n<p>Dos medidas que recoge este decreto, ha apuntado Aurelia S\u00e1nchez, han entrado en vigor este pasado lunes y suponen el incremento de la cuant\u00eda de la prestaci\u00f3n econ\u00f3mica para personas mayores que tengan Grado II de dependencia y est\u00e9n en lista de espera de atenci\u00f3n residencial de la Red P\u00fablica de la Administraci\u00f3n Auton\u00f3mica. Y, por otro lado, la compatibilidad de dos prestaciones para personas con discapacidad; la asistencia a un Centro de D\u00eda para personas con discapacidad valoradas con Grado III de dependencia y, percibir el 50 por ciento de la prestaci\u00f3n econ\u00f3mica que corresponda por cuidados en el entorno familiar.<\/p>\n<p>Con todo, ha destacado que el Sistema de Dependencia de Castilla-La Mancha ha avanzado \u201cdel suspenso al notable alto en 2019, seg\u00fan el Observatorio Estatal de la Dependencia\u201d.<\/p>\n<p><a href=\"http:\/\/www.encastillalamancha.es\/castilla-la-mancha\/61-000-castellano-manchegos-beneficiarios-del-sistema-de-dependencia-26-052-mas-que-en-2015\/\">encastillalamancha.es<\/a><\/p>\n<p>[\/et_pb_text][et_pb_post_nav prev_text=&#8221;Anterior&#8221; next_text=&#8221;Siguiente&#8221; _builder_version=&#8221;3.22.4&#8243;][\/et_pb_post_nav][\/et_pb_column][\/et_pb_row][\/et_pb_section]<\/p>\n","protected":false},"excerpt":{"rendered":"<p>[et_pb_section fb_built=&#8221;1&#8243; _builder_version=&#8221;3.22.4&#8243; custom_padding=&#8221;0px||2px|||&#8221;][et_pb_row _builder_version=&#8221;3.25&#8243; background_size=&#8221;initial&#8221; background_position=&#8221;top_left&#8221; background_repeat=&#8221;repeat&#8221; custom_margin=&#8221;|||||&#8221; custom_padding=&#8221;|||||&#8221;][et_pb_column type=&#8221;4_4&#8243; _builder_version=&#8221;3.25&#8243; custom_padding=&#8221;|||&#8221; custom_padding__hover=&#8221;|||&#8221;][et_pb_text admin_label=&#8221;Noticia&#8221; _builder_version=&#8221;3.26.6&#8243; text_font=&#8221;||||||||&#8221; background_size=&#8221;initial&#8221; background_position=&#8221;top_left&#8221; background_repeat=&#8221;repeat&#8221; text_orientation=&#8221;justified&#8221; min_height=&#8221;711px&#8221; custom_margin=&#8221;||||false|false&#8221; custom_padding=&#8221;|||||&#8221;] DATOS APORTADOS POR LA CONSEJERA AURELIA S\u00c1NCHEZ EP &#8211; 07 Agosto 2019 &#8211; Albacete La consejera ha valorado estos datos que considera &#8220;positivos&#8221; sobre todo en relaci\u00f3n a la tendencia de [&hellip;]<\/p>\n","protected":false},"author":1,"featured_media":3275,"comment_status":"closed","ping_status":"closed","sticky":false,"template":"","format":"standard","meta":{"_et_pb_use_builder":"on","_et_pb_old_content":"<h5 style=\"text-align: justify;\">La Confederaci\u00f3n CLM Inclusiva y la asociaci\u00f3n empresarial de Centros Especiales de Empleo de COCEMFE en Castilla-La Mancha, AECEMCO CLM, han firmado un acuerdo para promover las oportunidades de formaci\u00f3n y empleo de las personas del colectivo.<\/h5>\r\n<p style=\"text-align: justify;\"><img class=\"alignnone size-full wp-image-471\" src=\"http:\/\/clm-inclusiva.org\/wp-content\/uploads\/2019\/04\/3500_fotonoticia_20190402151941_1920.jpg\" alt=\"\" width=\"670\" height=\"300\"><\/p>\r\n<p style=\"text-align: justify;\">El presidente de la confederaci\u00f3n CLM Inclusiva, Enrique Alarc\u00f3n Garc\u00eda, y el presidente de AECEMCO CLM, \u00d3scar Sillas, han rubricado este acuerdo de colaboraci\u00f3n para coordinar su labor y actuaciones de apoyo a la promoci\u00f3n de los derechos de las personas con discapacidad f\u00edsica y org\u00e1nica en Castilla-La Mancha, ha informado esta confederaci\u00f3n en nota de prensa.<\/p>\r\nEl sector empresarial promovido por las organizaciones de COCEMFE sin \u00e1nimo de lucro, integrado en AECEMCO, da empleo actualmente a m\u00e1s de 800 personas con discapacidad de todo tipo, con actividades productivas y de prestaci\u00f3n de servicios muy variados como obras, lavander\u00eda, limpieza, medioambiente, manipulados, formaci\u00f3n, etc.\r\n\r\nAmbas organizaciones que comparten valores sociales y visi\u00f3n sobre los derechos de las personas con discapacidad coordinar\u00e1n todas sus actividades para incrementar las oportunidades de formaci\u00f3n, aprendizaje en el puesto de trabajo y calidad de los mismos, tanto en empleo protegido como ordinario.\r\n\r\nDentro de las actuaciones objeto del acuerdo se pondr\u00e1 especial atenci\u00f3n a dar a conocer la normativa de reserva de empleo para personas con discapacidad, as\u00ed como el adecuado cumplimiento de las medidas alternativas, para lo que se informar\u00e1 conjuntamente a administraciones, federaciones empresariales y grandes empresas sobre las oportunidades de empleabilidad de las personas con discapacidad f\u00edsica y org\u00e1nica.\r\n\r\nCLM Inclusiva dispone actualmente de Servicio de Empleo en todas las provincias de Castilla-La Mancha, gracias al apoyo de Fundaci\u00f3n ONCE y la financiaci\u00f3n de proyectos con cargo al IRPF, que realiza labor de intermediaci\u00f3n entre personas con discapacidad demandantes de empleo y empresas, asegurando la adecuaci\u00f3n de trabajadores al puesto de trabajo e informando sobre incentivos a la contrataci\u00f3n y ajustes t\u00e9cnicos necesarios en el puesto.\r\n\r\nLa Confederaci\u00f3n regional de entidades de personas con discapacidad f\u00edsica y org\u00e1nica, Castilla-La Mancha Inclusiva, agrupa al movimiento asociativo de COCEMFE en la Regi\u00f3n, con casi un centenar de entidades que representan en torno a 10.000 personas con discapacidad.\r\n\r\nActualmente se encuentra compuesta por cinco federaciones provinciales, COCEMFE Albacete, COCEMFE Cuenca, COCEMFE Guadalajara, COCEMFE Toledo y Ciudad Real Inclusiva, las entidades regionales AFANION, Federaci\u00f3n LUNA CLM de mujeres con discapacidad, AIDISCAM, y la asociaci\u00f3n nacional AMIAB.","_et_gb_content_width":"","footnotes":""},"categories":[3,39],"tags":[],"yoast_head":"<!-- This site is optimized with the Yoast SEO plugin v21.3 - https:\/\/yoast.com\/wordpress\/plugins\/seo\/ -->\n<title>61.000 castellano-manchegos beneficiarios del Sistema de Dependencia, 26.052 m\u00e1s que en 2015 - Clm-Inclusiva<\/title>\n<meta name=\"robots\" content=\"index, follow, max-snippet:-1, max-image-preview:large, max-video-preview:-1\" \/>\n<link rel=\"canonical\" href=\"https:\/\/clm-inclusiva.org\/?p=3272\" \/>\n<meta property=\"og:locale\" content=\"es_ES\" \/>\n<meta property=\"og:type\" content=\"article\" \/>\n<meta property=\"og:title\" content=\"61.000 castellano-manchegos beneficiarios del Sistema de Dependencia, 26.052 m\u00e1s que en 2015 - Clm-Inclusiva\" \/>\n<meta property=\"og:description\" content=\"[et_pb_section fb_built=&#8221;1&#8243; _builder_version=&#8221;3.22.4&#8243; custom_padding=&#8221;0px||2px|||&#8221;][et_pb_row _builder_version=&#8221;3.25&#8243; background_size=&#8221;initial&#8221; background_position=&#8221;top_left&#8221; background_repeat=&#8221;repeat&#8221; custom_margin=&#8221;|||||&#8221; custom_padding=&#8221;|||||&#8221;][et_pb_column type=&#8221;4_4&#8243; _builder_version=&#8221;3.25&#8243; custom_padding=&#8221;|||&#8221; custom_padding__hover=&#8221;|||&#8221;][et_pb_text admin_label=&#8221;Noticia&#8221; _builder_version=&#8221;3.26.6&#8243; text_font=&#8221;||||||||&#8221; background_size=&#8221;initial&#8221; background_position=&#8221;top_left&#8221; background_repeat=&#8221;repeat&#8221; text_orientation=&#8221;justified&#8221; min_height=&#8221;711px&#8221; custom_margin=&#8221;||||false|false&#8221; custom_padding=&#8221;|||||&#8221;] DATOS APORTADOS POR LA CONSEJERA AURELIA S\u00c1NCHEZ EP &#8211; 07 Agosto 2019 &#8211; Albacete La consejera ha valorado estos datos que considera &#8220;positivos&#8221; sobre todo en relaci\u00f3n a la tendencia de [&hellip;]\" \/>\n<meta property=\"og:url\" content=\"https:\/\/clm-inclusiva.org\/?p=3272\" \/>\n<meta property=\"og:site_name\" content=\"Clm-Inclusiva\" \/>\n<meta property=\"article:publisher\" content=\"https:\/\/www.facebook.com\/castillalamancha.inclusiva\/\" \/>\n<meta property=\"article:published_time\" content=\"2019-08-08T18:03:16+00:00\" \/>\n<meta property=\"article:modified_time\" content=\"2019-08-11T11:37:56+00:00\" \/>\n<meta property=\"og:image\" content=\"https:\/\/clm-inclusiva.org\/wp-content\/uploads\/2019\/08\/aurelia-1199x674.jpg\" \/>\n\t<meta property=\"og:image:width\" content=\"1199\" \/>\n\t<meta property=\"og:image:height\" content=\"674\" \/>\n\t<meta property=\"og:image:type\" content=\"image\/jpeg\" \/>\n<meta name=\"author\" content=\"clm-inclusiva\" \/>\n<meta name=\"twitter:card\" content=\"summary_large_image\" \/>\n<meta name=\"twitter:creator\" content=\"@ClmInclusiva\" \/>\n<meta name=\"twitter:site\" content=\"@ClmInclusiva\" \/>\n<meta name=\"twitter:label1\" content=\"Escrito por\" \/>\n\t<meta name=\"twitter:data1\" content=\"clm-inclusiva\" \/>\n\t<meta name=\"twitter:label2\" content=\"Tiempo de lectura\" \/>\n\t<meta name=\"twitter:data2\" content=\"4 minutos\" \/>\n<script type=\"application\/ld+json\" class=\"yoast-schema-graph\">{\"@context\":\"https:\/\/schema.org\",\"@graph\":[{\"@type\":\"Article\",\"@id\":\"https:\/\/clm-inclusiva.org\/?p=3272#article\",\"isPartOf\":{\"@id\":\"https:\/\/clm-inclusiva.org\/?p=3272\"},\"author\":{\"name\":\"clm-inclusiva\",\"@id\":\"https:\/\/clm-inclusiva.org\/#\/schema\/person\/0cff84aaa5bb8fd3521c55d1578d902b\"},\"headline\":\"61.000 castellano-manchegos beneficiarios del Sistema de Dependencia, 26.052 m\u00e1s que en 2015\",\"datePublished\":\"2019-08-08T18:03:16+00:00\",\"dateModified\":\"2019-08-11T11:37:56+00:00\",\"mainEntityOfPage\":{\"@id\":\"https:\/\/clm-inclusiva.org\/?p=3272\"},\"wordCount\":817,\"publisher\":{\"@id\":\"https:\/\/clm-inclusiva.org\/#organization\"},\"articleSection\":[\"Ayudas\",\"Bienestar social\"],\"inLanguage\":\"es\"},{\"@type\":\"WebPage\",\"@id\":\"https:\/\/clm-inclusiva.org\/?p=3272\",\"url\":\"https:\/\/clm-inclusiva.org\/?p=3272\",\"name\":\"61.000 castellano-manchegos beneficiarios del Sistema de Dependencia, 26.052 m\u00e1s que en 2015 - Clm-Inclusiva\",\"isPartOf\":{\"@id\":\"https:\/\/clm-inclusiva.org\/#website\"},\"datePublished\":\"2019-08-08T18:03:16+00:00\",\"dateModified\":\"2019-08-11T11:37:56+00:00\",\"breadcrumb\":{\"@id\":\"https:\/\/clm-inclusiva.org\/?p=3272#breadcrumb\"},\"inLanguage\":\"es\",\"potentialAction\":[{\"@type\":\"ReadAction\",\"target\":[\"https:\/\/clm-inclusiva.org\/?p=3272\"]}]},{\"@type\":\"BreadcrumbList\",\"@id\":\"https:\/\/clm-inclusiva.org\/?p=3272#breadcrumb\",\"itemListElement\":[{\"@type\":\"ListItem\",\"position\":1,\"name\":\"Portada\",\"item\":\"https:\/\/clm-inclusiva.org\/\"},{\"@type\":\"ListItem\",\"position\":2,\"name\":\"61.000 castellano-manchegos beneficiarios del Sistema de Dependencia, 26.052 m\u00e1s que en 2015\"}]},{\"@type\":\"WebSite\",\"@id\":\"https:\/\/clm-inclusiva.org\/#website\",\"url\":\"https:\/\/clm-inclusiva.org\/\",\"name\":\"Clm-Inclusiva\",\"description\":\"Confederaci\u00f3n de entidades de personas con discapacidad f\u00edsica y org\u00e1nica CLM\",\"publisher\":{\"@id\":\"https:\/\/clm-inclusiva.org\/#organization\"},\"potentialAction\":[{\"@type\":\"SearchAction\",\"target\":{\"@type\":\"EntryPoint\",\"urlTemplate\":\"https:\/\/clm-inclusiva.org\/?s={search_term_string}\"},\"query-input\":\"required name=search_term_string\"}],\"inLanguage\":\"es\"},{\"@type\":\"Organization\",\"@id\":\"https:\/\/clm-inclusiva.org\/#organization\",\"name\":\"Clm-Inclusiva\",\"url\":\"https:\/\/clm-inclusiva.org\/\",\"logo\":{\"@type\":\"ImageObject\",\"inLanguage\":\"es\",\"@id\":\"https:\/\/clm-inclusiva.org\/#\/schema\/logo\/image\/\",\"url\":\"http:\/\/clm-inclusiva.org\/wp-content\/uploads\/2019\/04\/banner-e1533720812836.jpg\",\"contentUrl\":\"http:\/\/clm-inclusiva.org\/wp-content\/uploads\/2019\/04\/banner-e1533720812836.jpg\",\"width\":600,\"height\":332,\"caption\":\"Clm-Inclusiva\"},\"image\":{\"@id\":\"https:\/\/clm-inclusiva.org\/#\/schema\/logo\/image\/\"},\"sameAs\":[\"https:\/\/www.facebook.com\/castillalamancha.inclusiva\/\",\"https:\/\/twitter.com\/ClmInclusiva\"]},{\"@type\":\"Person\",\"@id\":\"https:\/\/clm-inclusiva.org\/#\/schema\/person\/0cff84aaa5bb8fd3521c55d1578d902b\",\"name\":\"clm-inclusiva\",\"image\":{\"@type\":\"ImageObject\",\"inLanguage\":\"es\",\"@id\":\"https:\/\/clm-inclusiva.org\/#\/schema\/person\/image\/\",\"url\":\"https:\/\/secure.gravatar.com\/avatar\/88948567af770dc9cd5597b329011884?s=96&d=blank&r=g\",\"contentUrl\":\"https:\/\/secure.gravatar.com\/avatar\/88948567af770dc9cd5597b329011884?s=96&d=blank&r=g\",\"caption\":\"clm-inclusiva\"},\"sameAs\":[\"http:\/\/clm-inclusiva.org\"],\"url\":\"https:\/\/clm-inclusiva.org\/?author=1\"}]}<\/script>\n<!-- \/ Yoast SEO plugin. -->","yoast_head_json":{"title":"61.000 castellano-manchegos beneficiarios del Sistema de Dependencia, 26.052 m\u00e1s que en 2015 - Clm-Inclusiva","robots":{"index":"index","follow":"follow","max-snippet":"max-snippet:-1","max-image-preview":"max-image-preview:large","max-video-preview":"max-video-preview:-1"},"canonical":"https:\/\/clm-inclusiva.org\/?p=3272","og_locale":"es_ES","og_type":"article","og_title":"61.000 castellano-manchegos beneficiarios del Sistema de Dependencia, 26.052 m\u00e1s que en 2015 - Clm-Inclusiva","og_description":"[et_pb_section fb_built=&#8221;1&#8243; _builder_version=&#8221;3.22.4&#8243; custom_padding=&#8221;0px||2px|||&#8221;][et_pb_row _builder_version=&#8221;3.25&#8243; background_size=&#8221;initial&#8221; background_position=&#8221;top_left&#8221; background_repeat=&#8221;repeat&#8221; custom_margin=&#8221;|||||&#8221; custom_padding=&#8221;|||||&#8221;][et_pb_column type=&#8221;4_4&#8243; _builder_version=&#8221;3.25&#8243; custom_padding=&#8221;|||&#8221; custom_padding__hover=&#8221;|||&#8221;][et_pb_text admin_label=&#8221;Noticia&#8221; _builder_version=&#8221;3.26.6&#8243; text_font=&#8221;||||||||&#8221; background_size=&#8221;initial&#8221; background_position=&#8221;top_left&#8221; background_repeat=&#8221;repeat&#8221; text_orientation=&#8221;justified&#8221; min_height=&#8221;711px&#8221; custom_margin=&#8221;||||false|false&#8221; custom_padding=&#8221;|||||&#8221;] DATOS APORTADOS POR LA CONSEJERA AURELIA S\u00c1NCHEZ EP &#8211; 07 Agosto 2019 &#8211; Albacete La consejera ha valorado estos datos que considera &#8220;positivos&#8221; sobre todo en relaci\u00f3n a la tendencia de [&hellip;]","og_url":"https:\/\/clm-inclusiva.org\/?p=3272","og_site_name":"Clm-Inclusiva","article_publisher":"https:\/\/www.facebook.com\/castillalamancha.inclusiva\/","article_published_time":"2019-08-08T18:03:16+00:00","article_modified_time":"2019-08-11T11:37:56+00:00","og_image":[{"width":1199,"height":674,"url":"https:\/\/clm-inclusiva.org\/wp-content\/uploads\/2019\/08\/aurelia-1199x674.jpg","type":"image\/jpeg"}],"author":"clm-inclusiva","twitter_card":"summary_large_image","twitter_creator":"@ClmInclusiva","twitter_site":"@ClmInclusiva","twitter_misc":{"Escrito por":"clm-inclusiva","Tiempo de lectura":"4 minutos"},"schema":{"@context":"https:\/\/schema.org","@graph":[{"@type":"Article","@id":"https:\/\/clm-inclusiva.org\/?p=3272#article","isPartOf":{"@id":"https:\/\/clm-inclusiva.org\/?p=3272"},"author":{"name":"clm-inclusiva","@id":"https:\/\/clm-inclusiva.org\/#\/schema\/person\/0cff84aaa5bb8fd3521c55d1578d902b"},"headline":"61.000 castellano-manchegos beneficiarios del Sistema de Dependencia, 26.052 m\u00e1s que en 2015","datePublished":"2019-08-08T18:03:16+00:00","dateModified":"2019-08-11T11:37:56+00:00","mainEntityOfPage":{"@id":"https:\/\/clm-inclusiva.org\/?p=3272"},"wordCount":817,"publisher":{"@id":"https:\/\/clm-inclusiva.org\/#organization"},"articleSection":["Ayudas","Bienestar social"],"inLanguage":"es"},{"@type":"WebPage","@id":"https:\/\/clm-inclusiva.org\/?p=3272","url":"https:\/\/clm-inclusiva.org\/?p=3272","name":"61.000 castellano-manchegos beneficiarios del Sistema de Dependencia, 26.052 m\u00e1s que en 2015 - Clm-Inclusiva","isPartOf":{"@id":"https:\/\/clm-inclusiva.org\/#website"},"datePublished":"2019-08-08T18:03:16+00:00","dateModified":"2019-08-11T11:37:56+00:00","breadcrumb":{"@id":"https:\/\/clm-inclusiva.org\/?p=3272#breadcrumb"},"inLanguage":"es","potentialAction":[{"@type":"ReadAction","target":["https:\/\/clm-inclusiva.org\/?p=3272"]}]},{"@type":"BreadcrumbList","@id":"https:\/\/clm-inclusiva.org\/?p=3272#breadcrumb","itemListElement":[{"@type":"ListItem","position":1,"name":"Portada","item":"https:\/\/clm-inclusiva.org\/"},{"@type":"ListItem","position":2,"name":"61.000 castellano-manchegos beneficiarios del Sistema de Dependencia, 26.052 m\u00e1s que en 2015"}]},{"@type":"WebSite","@id":"https:\/\/clm-inclusiva.org\/#website","url":"https:\/\/clm-inclusiva.org\/","name":"Clm-Inclusiva","description":"Confederaci\u00f3n de entidades de personas con discapacidad f\u00edsica y org\u00e1nica CLM","publisher":{"@id":"https:\/\/clm-inclusiva.org\/#organization"},"potentialAction":[{"@type":"SearchAction","target":{"@type":"EntryPoint","urlTemplate":"https:\/\/clm-inclusiva.org\/?s={search_term_string}"},"query-input":"required name=search_term_string"}],"inLanguage":"es"},{"@type":"Organization","@id":"https:\/\/clm-inclusiva.org\/#organization","name":"Clm-Inclusiva","url":"https:\/\/clm-inclusiva.org\/","logo":{"@type":"ImageObject","inLanguage":"es","@id":"https:\/\/clm-inclusiva.org\/#\/schema\/logo\/image\/","url":"http:\/\/clm-inclusiva.org\/wp-content\/uploads\/2019\/04\/banner-e1533720812836.jpg","contentUrl":"http:\/\/clm-inclusiva.org\/wp-content\/uploads\/2019\/04\/banner-e1533720812836.jpg","width":600,"height":332,"caption":"Clm-Inclusiva"},"image":{"@id":"https:\/\/clm-inclusiva.org\/#\/schema\/logo\/image\/"},"sameAs":["https:\/\/www.facebook.com\/castillalamancha.inclusiva\/","https:\/\/twitter.com\/ClmInclusiva"]},{"@type":"Person","@id":"https:\/\/clm-inclusiva.org\/#\/schema\/person\/0cff84aaa5bb8fd3521c55d1578d902b","name":"clm-inclusiva","image":{"@type":"ImageObject","inLanguage":"es","@id":"https:\/\/clm-inclusiva.org\/#\/schema\/person\/image\/","url":"https:\/\/secure.gravatar.com\/avatar\/88948567af770dc9cd5597b329011884?s=96&d=blank&r=g","contentUrl":"https:\/\/secure.gravatar.com\/avatar\/88948567af770dc9cd5597b329011884?s=96&d=blank&r=g","caption":"clm-inclusiva"},"sameAs":["http:\/\/clm-inclusiva.org"],"url":"https:\/\/clm-inclusiva.org\/?author=1"}]}},"_links":{"self":[{"href":"https:\/\/clm-inclusiva.org\/index.php?rest_route=\/wp\/v2\/posts\/3272"}],"collection":[{"href":"https:\/\/clm-inclusiva.org\/index.php?rest_route=\/wp\/v2\/posts"}],"about":[{"href":"https:\/\/clm-inclusiva.org\/index.php?rest_route=\/wp\/v2\/types\/post"}],"author":[{"embeddable":true,"href":"https:\/\/clm-inclusiva.org\/index.php?rest_route=\/wp\/v2\/users\/1"}],"replies":[{"embeddable":true,"href":"https:\/\/clm-inclusiva.org\/index.php?rest_route=%2Fwp%2Fv2%2Fcomments&post=3272"}],"version-history":[{"count":7,"href":"https:\/\/clm-inclusiva.org\/index.php?rest_route=\/wp\/v2\/posts\/3272\/revisions"}],"predecessor-version":[{"id":3315,"href":"https:\/\/clm-inclusiva.org\/index.php?rest_route=\/wp\/v2\/posts\/3272\/revisions\/3315"}],"wp:featuredmedia":[{"embeddable":true,"href":"https:\/\/clm-inclusiva.org\/index.php?rest_route=\/wp\/v2\/media\/3275"}],"wp:attachment":[{"href":"https:\/\/clm-inclusiva.org\/index.php?rest_route=%2Fwp%2Fv2%2Fmedia&parent=3272"}],"wp:term":[{"taxonomy":"category","embeddable":true,"href":"https:\/\/clm-inclusiva.org\/index.php?rest_route=%2Fwp%2Fv2%2Fcategories&post=3272"},{"taxonomy":"post_tag","embeddable":true,"href":"https:\/\/clm-inclusiva.org\/index.php?rest_route=%2Fwp%2Fv2%2Ftags&post=3272"}],"curies":[{"name":"wp","href":"https:\/\/api.w.org\/{rel}","templated":true}]}}