{"id":317,"date":"2018-10-15T06:42:51","date_gmt":"2018-10-15T06:42:51","guid":{"rendered":"http:\/\/clm-inclusiva.org\/?p=317"},"modified":"2019-06-29T10:05:02","modified_gmt":"2019-06-29T08:05:02","slug":"clm-inclusiva-y-e-leclerc-puertollano-colaboraran-en-la-mejora-de-la-empleabilidad-de-las-personas-con-discapacidad-fisica-y-organica","status":"publish","type":"post","link":"https:\/\/clm-inclusiva.org\/?p=317","title":{"rendered":"CLM Inclusiva y E.Leclerc Puertollano colaborar\u00e1n en la mejora de la empleabilidad de las personas con discapacidad f\u00edsica y org\u00e1nica"},"content":{"rendered":"<p>[et_pb_section fb_built=&#8221;1&#8243; _builder_version=&#8221;3.22.4&#8243; custom_padding=&#8221;0px||2px|||&#8221;][et_pb_row custom_padding=&#8221;|||||&#8221; custom_margin=&#8221;|||||&#8221; _builder_version=&#8221;3.25&#8243; background_size=&#8221;initial&#8221; background_position=&#8221;top_left&#8221; background_repeat=&#8221;repeat&#8221;][et_pb_column type=&#8221;4_4&#8243; _builder_version=&#8221;3.25&#8243; custom_padding=&#8221;|||&#8221; custom_padding__hover=&#8221;|||&#8221;][et_pb_text _builder_version=&#8221;3.22.4&#8243; text_font=&#8221;||||||||&#8221; text_orientation=&#8221;justified&#8221;]<\/p>\n<div class=\"document-page\" data-page=\"1\">\n<div class=\"pdf-page\">\n<div class=\"text-wrapper user-select-text\">\n<div data-canvas-width=\"123.85599999999997\"><span>El presidente de\u00a0CLM Inclusiva,\u00a0Enrique Alarc\u00f3n, ha suscrito con el gerente\u00a0de\u00a0E.Leclerc Puertollano Hipermercado,Pedro V\u00e1zquez, un acuerdo de colaboraci\u00f3n para, a trav\u00e9s del Servicio de Empleo de la Confederaci\u00f3n,\u00a0mejorar la empleabilidad de las personas con discapacidad.\u00a0Este acuerdo, muestra de la responsabilidad social de\u00a0E.Leclerc\u00a0Hipermercado\u00a0con Puertollano y su comarca, permitir\u00e1 que las personas\u00a0demandantes de empleo de la Bolsa de CLM Inclusiva puedan tener un acceso\u00a0preferencial en funci\u00f3n de su perfil y las necesidades del Hipermercado.<\/span><\/div>\n<div data-canvas-width=\"123.85599999999997\"><\/div>\n<div data-canvas-width=\"565.6320000000006\"><span>La colaboraci\u00f3n tendr\u00e1 especial impacto en las oportunidades de formaci\u00f3n de\u00a0las personas con discapacidad f\u00edsica y org\u00e1nica, mejorando su cualificaci\u00f3n a\u00a0trav\u00e9s de la realizaci\u00f3n de pr\u00e1cticas en diferentes perfiles profesionales como\u00a0administraci\u00f3n, log\u00edstica y comercial, adem\u00e1s de varios oficios de atenci\u00f3n al\u00a0p\u00fablico.<\/span><\/div>\n<div data-canvas-width=\"565.6320000000006\"><\/div>\n<div data-canvas-width=\"126.96\"><span>Enrique Alarc\u00f3n\u00a0ha agradecido el compromiso de\u00a0E.Leclerc Puertollano,\u00a0deseando que sea un ejemplo para m\u00e1s empresas en el futuro, ya que el\u00a0desempleo de las personas con discapacidad es mayor que el resto de la\u00a0poblaci\u00f3n. Menores oportunidades que se dan en muchas ocasiones por\u00a0desconocimiento de la eficiencia, que con un buen ajuste de puesto, puedendemostrar en m\u00faltiples perfiles y puestos de trabajo. Especialmente\u00a0preocupante es la situaci\u00f3n de las personas j\u00f3venes con discapacidad, cuya\u00a0tasa de desempleo sobrepasa el 60%, por lo que iniciativas que permitan\u00a0mejorar su cualificaci\u00f3n son muy bien valoradas.<\/span><\/div>\n<div data-canvas-width=\"126.96\"><\/div>\n<div data-canvas-width=\"565.8400000000006\"><span>La colaboraci\u00f3n se articular\u00e1 a trav\u00e9s del Servicio de Empleo de CLM Inclusiva\u00a0en Ciudad Real, cuya finalidad principal es sensibilizar y asesorar a las\u00a0empresas en materia de responsabilidad social, ajustes de puesto de trabajo,\u00a0orientar profesionalmente a las personas con discapacidad f\u00edsica y org\u00e1nica e\u00a0intermediar para su inserci\u00f3n laboral. Este programa cuenta con el apoyo de la\u00a0Consejer\u00eda de Bienestar Social\u00a0del\u00a0Gobierno Regional\u00a0a trav\u00e9s de la\u00a0financiaci\u00f3n de actuaciones de inter\u00e9s social con cargo al IRPF y con el apoyo\u00a0de\u00a0Fundaci\u00f3n ONCE.<\/span><\/div>\n<\/div>\n<\/div>\n<\/div>\n<div class=\"document-page\" data-page=\"2\">\n<div class=\"pdf-page\">\n<div class=\"text-wrapper user-select-text\">\n<div data-canvas-width=\"565.7120000000007\"><span>La Confederaci\u00f3n regional de entidades de personas con discapacidad f\u00edsica y\u00a0org\u00e1nica, Castilla-La Mancha Inclusiva\u00a0, agrupa al movimiento asociativo de\u00a0COCEMFE\u00a0en la Regi\u00f3n, con casi un centenar de entidades que representan\u00a0en torno a 10.000 personas con discapacidad. Actualmente se encuentra\u00a0compuesta por cuatro federaciones provinciales,\u00a0COCEMFE Albacete, COCEMFE Cuenca,\u00a0COCEMFE Guadalajara,\u00a0COCEMFE Toledo, las\u00a0entidades regionales\u00a0AFANION\u00a0y\u00a0AIDISCAM, y la asociaci\u00f3n nacional\u00a0AMIAB<\/span><\/div>\n<\/div>\n<\/div>\n<\/div>\n<p>[\/et_pb_text][et_pb_post_nav prev_text=&#8221;Anterior&#8221; next_text=&#8221;Siguiente&#8221; _builder_version=&#8221;3.22.4&#8243;][\/et_pb_post_nav][\/et_pb_column][\/et_pb_row][\/et_pb_section]<\/p>\n","protected":false},"excerpt":{"rendered":"<p>[et_pb_section fb_built=&#8221;1&#8243; _builder_version=&#8221;3.22.4&#8243; custom_padding=&#8221;0px||2px|||&#8221;][et_pb_row custom_padding=&#8221;|||||&#8221; custom_margin=&#8221;|||||&#8221; _builder_version=&#8221;3.25&#8243; background_size=&#8221;initial&#8221; background_position=&#8221;top_left&#8221; background_repeat=&#8221;repeat&#8221;][et_pb_column type=&#8221;4_4&#8243; _builder_version=&#8221;3.25&#8243; custom_padding=&#8221;|||&#8221; custom_padding__hover=&#8221;|||&#8221;][et_pb_text _builder_version=&#8221;3.22.4&#8243; text_font=&#8221;||||||||&#8221; text_orientation=&#8221;justified&#8221;] El presidente de\u00a0CLM Inclusiva,\u00a0Enrique Alarc\u00f3n, ha suscrito con el gerente\u00a0de\u00a0E.Leclerc Puertollano Hipermercado,Pedro V\u00e1zquez, un acuerdo de colaboraci\u00f3n para, a trav\u00e9s del Servicio de Empleo de la Confederaci\u00f3n,\u00a0mejorar la empleabilidad de las personas con discapacidad.\u00a0Este acuerdo, muestra de la [&hellip;]<\/p>\n","protected":false},"author":1,"featured_media":318,"comment_status":"closed","ping_status":"closed","sticky":false,"template":"","format":"standard","meta":{"_et_pb_use_builder":"on","_et_pb_old_content":"\t\t\t\t[responsivevoice_button voice=\"Spanish Female\" buttontext=\"Reproducir\"]\r\n<div class=\"document-page\" data-page=\"1\">\r\n<div class=\"pdf-page\">\r\n<div class=\"text-wrapper user-select-text\">\r\n<div style=\"text-align: justify;\" data-canvas-width=\"499.9520000000002\"><\/div>\r\n<div style=\"text-align: justify;\" data-canvas-width=\"123.85599999999997\"><span style=\"color: #000000;\">El presidente de\u00a0CLM Inclusiva,\u00a0Enrique Alarc\u00f3n, ha suscrito con el gerente\u00a0de\u00a0E.Leclerc Puertollano Hipermercado,Pedro V\u00e1zquez, un acuerdo de colaboraci\u00f3n para, a trav\u00e9s del Servicio de Empleo de la Confederaci\u00f3n,\u00a0mejorar la empleabilidad de las personas con discapacidad.\u00a0Este acuerdo, muestra de la responsabilidad social de\u00a0E.Leclerc\u00a0Hipermercado\u00a0con Puertollano y su comarca, permitir\u00e1 que las personas\u00a0demandantes de empleo de la Bolsa de CLM Inclusiva puedan tener un acceso\u00a0preferencial en funci\u00f3n de su perfil y las necesidades del Hipermercado.<\/span><\/div>\r\n<div data-canvas-width=\"123.85599999999997\"><\/div>\r\n<div style=\"text-align: justify;\" data-canvas-width=\"565.6320000000006\"><span style=\"color: #000000;\">La colaboraci\u00f3n tendr\u00e1 especial impacto en las oportunidades de formaci\u00f3n de\u00a0las personas con discapacidad f\u00edsica y org\u00e1nica, mejorando su cualificaci\u00f3n a\u00a0trav\u00e9s de la realizaci\u00f3n de pr\u00e1cticas en diferentes perfiles profesionales como\u00a0administraci\u00f3n, log\u00edstica y comercial, adem\u00e1s de varios oficios de atenci\u00f3n al\u00a0p\u00fablico.<\/span><\/div>\r\n<div data-canvas-width=\"565.6320000000006\"><\/div>\r\n<div style=\"text-align: justify;\" data-canvas-width=\"126.96\"><span style=\"color: #000000;\">Enrique Alarc\u00f3n\u00a0ha agradecido el compromiso de\u00a0E.Leclerc Puertollano,\u00a0deseando que sea un ejemplo para m\u00e1s empresas en el futuro, ya que el\u00a0desempleo de las personas con discapacidad es mayor que el resto de la\u00a0poblaci\u00f3n. Menores oportunidades que se dan en muchas ocasiones por\u00a0desconocimiento de la eficiencia, que con un buen ajuste de puesto, puedendemostrar en m\u00faltiples perfiles y puestos de trabajo. Especialmente\u00a0preocupante es la situaci\u00f3n de las personas j\u00f3venes con discapacidad, cuya\u00a0tasa de desempleo sobrepasa el 60%, por lo que iniciativas que permitan\u00a0mejorar su cualificaci\u00f3n son muy bien valoradas.<\/span><\/div>\r\n<div data-canvas-width=\"126.96\"><\/div>\r\n<div style=\"text-align: justify;\" data-canvas-width=\"565.8400000000006\"><span style=\"color: #000000;\">La colaboraci\u00f3n se articular\u00e1 a trav\u00e9s del Servicio de Empleo de CLM Inclusiva\u00a0en Ciudad Real, cuya finalidad principal es sensibilizar y asesorar a las\u00a0empresas en materia de responsabilidad social, ajustes de puesto de trabajo,\u00a0orientar profesionalmente a las personas con discapacidad f\u00edsica y org\u00e1nica e\u00a0intermediar para su inserci\u00f3n laboral. Este programa cuenta con el apoyo de la\u00a0Consejer\u00eda de Bienestar Social\u00a0del\u00a0Gobierno Regional\u00a0a trav\u00e9s de la\u00a0financiaci\u00f3n de actuaciones de inter\u00e9s social con cargo al IRPF y con el apoyo\u00a0de\u00a0Fundaci\u00f3n ONCE.<\/span><\/div>\r\n<\/div>\r\n<\/div>\r\n<\/div>\r\n<div class=\"document-page\" data-page=\"2\">\r\n<div class=\"pdf-page\">\r\n<div class=\"text-wrapper user-select-text\">\r\n<div style=\"text-align: justify;\" data-canvas-width=\"565.7120000000007\"><span style=\"color: #000000;\">La Confederaci\u00f3n regional de entidades de personas con discapacidad f\u00edsica y\u00a0org\u00e1nica, Castilla-La Mancha Inclusiva\u00a0, agrupa al movimiento asociativo de\u00a0COCEMFE\u00a0en la Regi\u00f3n, con casi un centenar de entidades que representan\u00a0en torno a 10.000 personas con discapacidad. Actualmente se encuentra\u00a0compuesta por cuatro federaciones provinciales,\u00a0COCEMFE Albacete, COCEMFE Cuenca,\u00a0COCEMFE Guadalajara,\u00a0COCEMFE Toledo, las\u00a0entidades regionales\u00a0AFANION\u00a0y\u00a0AIDISCAM, y la asociaci\u00f3n nacional\u00a0AMIAB<\/span><\/div>\r\n<div style=\"text-align: justify;\" data-canvas-width=\"565.7120000000007\"><span style=\"color: #000000;\"><img class=\"alignnone size-medium wp-image-318\" src=\"http:\/\/127.0.0.1\/wordpress\/wp-content\/uploads\/2018\/10\/Acuerdo-CLM-Inclusiva-ELeclerc-2-1-300x244.jpg\" alt=\"\" width=\"300\" height=\"244\" \/><\/span><\/div>\r\n<\/div>\r\n<\/div>\r\n<\/div>\t\t","_et_gb_content_width":"","footnotes":""},"categories":[6],"tags":[],"yoast_head":"<!-- This site is optimized with the Yoast SEO plugin v21.3 - https:\/\/yoast.com\/wordpress\/plugins\/seo\/ -->\n<title>CLM Inclusiva y E.Leclerc Puertollano colaborar\u00e1n en la mejora de la empleabilidad de las personas con discapacidad f\u00edsica y org\u00e1nica - Clm-Inclusiva<\/title>\n<meta name=\"robots\" content=\"index, follow, max-snippet:-1, max-image-preview:large, max-video-preview:-1\" \/>\n<link rel=\"canonical\" href=\"https:\/\/clm-inclusiva.org\/?p=317\" \/>\n<meta property=\"og:locale\" content=\"es_ES\" \/>\n<meta property=\"og:type\" content=\"article\" \/>\n<meta property=\"og:title\" content=\"CLM Inclusiva y E.Leclerc Puertollano colaborar\u00e1n en la mejora de la empleabilidad de las personas con discapacidad f\u00edsica y org\u00e1nica - Clm-Inclusiva\" \/>\n<meta property=\"og:description\" content=\"[et_pb_section fb_built=&#8221;1&#8243; _builder_version=&#8221;3.22.4&#8243; custom_padding=&#8221;0px||2px|||&#8221;][et_pb_row custom_padding=&#8221;|||||&#8221; custom_margin=&#8221;|||||&#8221; _builder_version=&#8221;3.25&#8243; background_size=&#8221;initial&#8221; background_position=&#8221;top_left&#8221; background_repeat=&#8221;repeat&#8221;][et_pb_column type=&#8221;4_4&#8243; _builder_version=&#8221;3.25&#8243; custom_padding=&#8221;|||&#8221; custom_padding__hover=&#8221;|||&#8221;][et_pb_text _builder_version=&#8221;3.22.4&#8243; text_font=&#8221;||||||||&#8221; text_orientation=&#8221;justified&#8221;] El presidente de\u00a0CLM Inclusiva,\u00a0Enrique Alarc\u00f3n, ha suscrito con el gerente\u00a0de\u00a0E.Leclerc Puertollano Hipermercado,Pedro V\u00e1zquez, un acuerdo de colaboraci\u00f3n para, a trav\u00e9s del Servicio de Empleo de la Confederaci\u00f3n,\u00a0mejorar la empleabilidad de las personas con discapacidad.\u00a0Este acuerdo, muestra de la [&hellip;]\" \/>\n<meta property=\"og:url\" content=\"https:\/\/clm-inclusiva.org\/?p=317\" \/>\n<meta property=\"og:site_name\" content=\"Clm-Inclusiva\" \/>\n<meta property=\"article:publisher\" content=\"https:\/\/www.facebook.com\/castillalamancha.inclusiva\/\" \/>\n<meta property=\"article:published_time\" content=\"2018-10-15T06:42:51+00:00\" \/>\n<meta property=\"article:modified_time\" content=\"2019-06-29T08:05:02+00:00\" \/>\n<meta property=\"og:image\" content=\"https:\/\/clm-inclusiva.org\/wp-content\/uploads\/2018\/10\/Acuerdo-CLM-Inclusiva-ELeclerc-2-1-1.jpg\" \/>\n\t<meta property=\"og:image:width\" content=\"1212\" \/>\n\t<meta property=\"og:image:height\" content=\"986\" \/>\n\t<meta property=\"og:image:type\" content=\"image\/jpeg\" \/>\n<meta name=\"author\" content=\"clm-inclusiva\" \/>\n<meta name=\"twitter:card\" content=\"summary_large_image\" \/>\n<meta name=\"twitter:creator\" content=\"@ClmInclusiva\" \/>\n<meta name=\"twitter:site\" content=\"@ClmInclusiva\" \/>\n<meta name=\"twitter:label1\" content=\"Escrito por\" \/>\n\t<meta name=\"twitter:data1\" content=\"clm-inclusiva\" \/>\n\t<meta name=\"twitter:label2\" content=\"Tiempo de lectura\" \/>\n\t<meta name=\"twitter:data2\" content=\"2 minutos\" \/>\n<script type=\"application\/ld+json\" class=\"yoast-schema-graph\">{\"@context\":\"https:\/\/schema.org\",\"@graph\":[{\"@type\":\"Article\",\"@id\":\"https:\/\/clm-inclusiva.org\/?p=317#article\",\"isPartOf\":{\"@id\":\"https:\/\/clm-inclusiva.org\/?p=317\"},\"author\":{\"name\":\"clm-inclusiva\",\"@id\":\"https:\/\/clm-inclusiva.org\/#\/schema\/person\/0cff84aaa5bb8fd3521c55d1578d902b\"},\"headline\":\"CLM Inclusiva y E.Leclerc Puertollano colaborar\u00e1n en la mejora de la empleabilidad de las personas con discapacidad f\u00edsica y org\u00e1nica\",\"datePublished\":\"2018-10-15T06:42:51+00:00\",\"dateModified\":\"2019-06-29T08:05:02+00:00\",\"mainEntityOfPage\":{\"@id\":\"https:\/\/clm-inclusiva.org\/?p=317\"},\"wordCount\":523,\"publisher\":{\"@id\":\"https:\/\/clm-inclusiva.org\/#organization\"},\"articleSection\":[\"Empleo\"],\"inLanguage\":\"es\"},{\"@type\":\"WebPage\",\"@id\":\"https:\/\/clm-inclusiva.org\/?p=317\",\"url\":\"https:\/\/clm-inclusiva.org\/?p=317\",\"name\":\"CLM Inclusiva y E.Leclerc Puertollano colaborar\u00e1n en la mejora de la empleabilidad de las personas con discapacidad f\u00edsica y org\u00e1nica - Clm-Inclusiva\",\"isPartOf\":{\"@id\":\"https:\/\/clm-inclusiva.org\/#website\"},\"datePublished\":\"2018-10-15T06:42:51+00:00\",\"dateModified\":\"2019-06-29T08:05:02+00:00\",\"breadcrumb\":{\"@id\":\"https:\/\/clm-inclusiva.org\/?p=317#breadcrumb\"},\"inLanguage\":\"es\",\"potentialAction\":[{\"@type\":\"ReadAction\",\"target\":[\"https:\/\/clm-inclusiva.org\/?p=317\"]}]},{\"@type\":\"BreadcrumbList\",\"@id\":\"https:\/\/clm-inclusiva.org\/?p=317#breadcrumb\",\"itemListElement\":[{\"@type\":\"ListItem\",\"position\":1,\"name\":\"Portada\",\"item\":\"https:\/\/clm-inclusiva.org\/\"},{\"@type\":\"ListItem\",\"position\":2,\"name\":\"CLM Inclusiva y E.Leclerc Puertollano colaborar\u00e1n en la mejora de la empleabilidad de las personas con discapacidad f\u00edsica y org\u00e1nica\"}]},{\"@type\":\"WebSite\",\"@id\":\"https:\/\/clm-inclusiva.org\/#website\",\"url\":\"https:\/\/clm-inclusiva.org\/\",\"name\":\"Clm-Inclusiva\",\"description\":\"Confederaci\u00f3n de entidades de personas con discapacidad f\u00edsica y org\u00e1nica CLM\",\"publisher\":{\"@id\":\"https:\/\/clm-inclusiva.org\/#organization\"},\"potentialAction\":[{\"@type\":\"SearchAction\",\"target\":{\"@type\":\"EntryPoint\",\"urlTemplate\":\"https:\/\/clm-inclusiva.org\/?s={search_term_string}\"},\"query-input\":\"required name=search_term_string\"}],\"inLanguage\":\"es\"},{\"@type\":\"Organization\",\"@id\":\"https:\/\/clm-inclusiva.org\/#organization\",\"name\":\"Clm-Inclusiva\",\"url\":\"https:\/\/clm-inclusiva.org\/\",\"logo\":{\"@type\":\"ImageObject\",\"inLanguage\":\"es\",\"@id\":\"https:\/\/clm-inclusiva.org\/#\/schema\/logo\/image\/\",\"url\":\"http:\/\/clm-inclusiva.org\/wp-content\/uploads\/2019\/04\/banner-e1533720812836.jpg\",\"contentUrl\":\"http:\/\/clm-inclusiva.org\/wp-content\/uploads\/2019\/04\/banner-e1533720812836.jpg\",\"width\":600,\"height\":332,\"caption\":\"Clm-Inclusiva\"},\"image\":{\"@id\":\"https:\/\/clm-inclusiva.org\/#\/schema\/logo\/image\/\"},\"sameAs\":[\"https:\/\/www.facebook.com\/castillalamancha.inclusiva\/\",\"https:\/\/twitter.com\/ClmInclusiva\"]},{\"@type\":\"Person\",\"@id\":\"https:\/\/clm-inclusiva.org\/#\/schema\/person\/0cff84aaa5bb8fd3521c55d1578d902b\",\"name\":\"clm-inclusiva\",\"image\":{\"@type\":\"ImageObject\",\"inLanguage\":\"es\",\"@id\":\"https:\/\/clm-inclusiva.org\/#\/schema\/person\/image\/\",\"url\":\"https:\/\/secure.gravatar.com\/avatar\/88948567af770dc9cd5597b329011884?s=96&d=blank&r=g\",\"contentUrl\":\"https:\/\/secure.gravatar.com\/avatar\/88948567af770dc9cd5597b329011884?s=96&d=blank&r=g\",\"caption\":\"clm-inclusiva\"},\"sameAs\":[\"http:\/\/clm-inclusiva.org\"],\"url\":\"https:\/\/clm-inclusiva.org\/?author=1\"}]}<\/script>\n<!-- \/ Yoast SEO plugin. -->","yoast_head_json":{"title":"CLM Inclusiva y E.Leclerc Puertollano colaborar\u00e1n en la mejora de la empleabilidad de las personas con discapacidad f\u00edsica y org\u00e1nica - Clm-Inclusiva","robots":{"index":"index","follow":"follow","max-snippet":"max-snippet:-1","max-image-preview":"max-image-preview:large","max-video-preview":"max-video-preview:-1"},"canonical":"https:\/\/clm-inclusiva.org\/?p=317","og_locale":"es_ES","og_type":"article","og_title":"CLM Inclusiva y E.Leclerc Puertollano colaborar\u00e1n en la mejora de la empleabilidad de las personas con discapacidad f\u00edsica y org\u00e1nica - Clm-Inclusiva","og_description":"[et_pb_section fb_built=&#8221;1&#8243; _builder_version=&#8221;3.22.4&#8243; custom_padding=&#8221;0px||2px|||&#8221;][et_pb_row custom_padding=&#8221;|||||&#8221; custom_margin=&#8221;|||||&#8221; _builder_version=&#8221;3.25&#8243; background_size=&#8221;initial&#8221; background_position=&#8221;top_left&#8221; background_repeat=&#8221;repeat&#8221;][et_pb_column type=&#8221;4_4&#8243; _builder_version=&#8221;3.25&#8243; custom_padding=&#8221;|||&#8221; custom_padding__hover=&#8221;|||&#8221;][et_pb_text _builder_version=&#8221;3.22.4&#8243; text_font=&#8221;||||||||&#8221; text_orientation=&#8221;justified&#8221;] El presidente de\u00a0CLM Inclusiva,\u00a0Enrique Alarc\u00f3n, ha suscrito con el gerente\u00a0de\u00a0E.Leclerc Puertollano Hipermercado,Pedro V\u00e1zquez, un acuerdo de colaboraci\u00f3n para, a trav\u00e9s del Servicio de Empleo de la Confederaci\u00f3n,\u00a0mejorar la empleabilidad de las personas con discapacidad.\u00a0Este acuerdo, muestra de la [&hellip;]","og_url":"https:\/\/clm-inclusiva.org\/?p=317","og_site_name":"Clm-Inclusiva","article_publisher":"https:\/\/www.facebook.com\/castillalamancha.inclusiva\/","article_published_time":"2018-10-15T06:42:51+00:00","article_modified_time":"2019-06-29T08:05:02+00:00","og_image":[{"width":1212,"height":986,"url":"https:\/\/clm-inclusiva.org\/wp-content\/uploads\/2018\/10\/Acuerdo-CLM-Inclusiva-ELeclerc-2-1-1.jpg","type":"image\/jpeg"}],"author":"clm-inclusiva","twitter_card":"summary_large_image","twitter_creator":"@ClmInclusiva","twitter_site":"@ClmInclusiva","twitter_misc":{"Escrito por":"clm-inclusiva","Tiempo de lectura":"2 minutos"},"schema":{"@context":"https:\/\/schema.org","@graph":[{"@type":"Article","@id":"https:\/\/clm-inclusiva.org\/?p=317#article","isPartOf":{"@id":"https:\/\/clm-inclusiva.org\/?p=317"},"author":{"name":"clm-inclusiva","@id":"https:\/\/clm-inclusiva.org\/#\/schema\/person\/0cff84aaa5bb8fd3521c55d1578d902b"},"headline":"CLM Inclusiva y E.Leclerc Puertollano colaborar\u00e1n en la mejora de la empleabilidad de las personas con discapacidad f\u00edsica y org\u00e1nica","datePublished":"2018-10-15T06:42:51+00:00","dateModified":"2019-06-29T08:05:02+00:00","mainEntityOfPage":{"@id":"https:\/\/clm-inclusiva.org\/?p=317"},"wordCount":523,"publisher":{"@id":"https:\/\/clm-inclusiva.org\/#organization"},"articleSection":["Empleo"],"inLanguage":"es"},{"@type":"WebPage","@id":"https:\/\/clm-inclusiva.org\/?p=317","url":"https:\/\/clm-inclusiva.org\/?p=317","name":"CLM Inclusiva y E.Leclerc Puertollano colaborar\u00e1n en la mejora de la empleabilidad de las personas con discapacidad f\u00edsica y org\u00e1nica - Clm-Inclusiva","isPartOf":{"@id":"https:\/\/clm-inclusiva.org\/#website"},"datePublished":"2018-10-15T06:42:51+00:00","dateModified":"2019-06-29T08:05:02+00:00","breadcrumb":{"@id":"https:\/\/clm-inclusiva.org\/?p=317#breadcrumb"},"inLanguage":"es","potentialAction":[{"@type":"ReadAction","target":["https:\/\/clm-inclusiva.org\/?p=317"]}]},{"@type":"BreadcrumbList","@id":"https:\/\/clm-inclusiva.org\/?p=317#breadcrumb","itemListElement":[{"@type":"ListItem","position":1,"name":"Portada","item":"https:\/\/clm-inclusiva.org\/"},{"@type":"ListItem","position":2,"name":"CLM Inclusiva y E.Leclerc Puertollano colaborar\u00e1n en la mejora de la empleabilidad de las personas con discapacidad f\u00edsica y org\u00e1nica"}]},{"@type":"WebSite","@id":"https:\/\/clm-inclusiva.org\/#website","url":"https:\/\/clm-inclusiva.org\/","name":"Clm-Inclusiva","description":"Confederaci\u00f3n de entidades de personas con discapacidad f\u00edsica y org\u00e1nica CLM","publisher":{"@id":"https:\/\/clm-inclusiva.org\/#organization"},"potentialAction":[{"@type":"SearchAction","target":{"@type":"EntryPoint","urlTemplate":"https:\/\/clm-inclusiva.org\/?s={search_term_string}"},"query-input":"required name=search_term_string"}],"inLanguage":"es"},{"@type":"Organization","@id":"https:\/\/clm-inclusiva.org\/#organization","name":"Clm-Inclusiva","url":"https:\/\/clm-inclusiva.org\/","logo":{"@type":"ImageObject","inLanguage":"es","@id":"https:\/\/clm-inclusiva.org\/#\/schema\/logo\/image\/","url":"http:\/\/clm-inclusiva.org\/wp-content\/uploads\/2019\/04\/banner-e1533720812836.jpg","contentUrl":"http:\/\/clm-inclusiva.org\/wp-content\/uploads\/2019\/04\/banner-e1533720812836.jpg","width":600,"height":332,"caption":"Clm-Inclusiva"},"image":{"@id":"https:\/\/clm-inclusiva.org\/#\/schema\/logo\/image\/"},"sameAs":["https:\/\/www.facebook.com\/castillalamancha.inclusiva\/","https:\/\/twitter.com\/ClmInclusiva"]},{"@type":"Person","@id":"https:\/\/clm-inclusiva.org\/#\/schema\/person\/0cff84aaa5bb8fd3521c55d1578d902b","name":"clm-inclusiva","image":{"@type":"ImageObject","inLanguage":"es","@id":"https:\/\/clm-inclusiva.org\/#\/schema\/person\/image\/","url":"https:\/\/secure.gravatar.com\/avatar\/88948567af770dc9cd5597b329011884?s=96&d=blank&r=g","contentUrl":"https:\/\/secure.gravatar.com\/avatar\/88948567af770dc9cd5597b329011884?s=96&d=blank&r=g","caption":"clm-inclusiva"},"sameAs":["http:\/\/clm-inclusiva.org"],"url":"https:\/\/clm-inclusiva.org\/?author=1"}]}},"_links":{"self":[{"href":"https:\/\/clm-inclusiva.org\/index.php?rest_route=\/wp\/v2\/posts\/317"}],"collection":[{"href":"https:\/\/clm-inclusiva.org\/index.php?rest_route=\/wp\/v2\/posts"}],"about":[{"href":"https:\/\/clm-inclusiva.org\/index.php?rest_route=\/wp\/v2\/types\/post"}],"author":[{"embeddable":true,"href":"https:\/\/clm-inclusiva.org\/index.php?rest_route=\/wp\/v2\/users\/1"}],"replies":[{"embeddable":true,"href":"https:\/\/clm-inclusiva.org\/index.php?rest_route=%2Fwp%2Fv2%2Fcomments&post=317"}],"version-history":[{"count":2,"href":"https:\/\/clm-inclusiva.org\/index.php?rest_route=\/wp\/v2\/posts\/317\/revisions"}],"predecessor-version":[{"id":2614,"href":"https:\/\/clm-inclusiva.org\/index.php?rest_route=\/wp\/v2\/posts\/317\/revisions\/2614"}],"wp:featuredmedia":[{"embeddable":true,"href":"https:\/\/clm-inclusiva.org\/index.php?rest_route=\/wp\/v2\/media\/318"}],"wp:attachment":[{"href":"https:\/\/clm-inclusiva.org\/index.php?rest_route=%2Fwp%2Fv2%2Fmedia&parent=317"}],"wp:term":[{"taxonomy":"category","embeddable":true,"href":"https:\/\/clm-inclusiva.org\/index.php?rest_route=%2Fwp%2Fv2%2Fcategories&post=317"},{"taxonomy":"post_tag","embeddable":true,"href":"https:\/\/clm-inclusiva.org\/index.php?rest_route=%2Fwp%2Fv2%2Ftags&post=317"}],"curies":[{"name":"wp","href":"https:\/\/api.w.org\/{rel}","templated":true}]}}