{"id":3139,"date":"2019-07-31T18:16:10","date_gmt":"2019-07-31T16:16:10","guid":{"rendered":"http:\/\/clm-inclusiva.org\/?p=3139"},"modified":"2019-08-11T13:54:22","modified_gmt":"2019-08-11T11:54:22","slug":"alejandro-antonio-martinez-carretero-nuevo-presidente-de-cocemfe-cuenca","status":"publish","type":"post","link":"https:\/\/clm-inclusiva.org\/?p=3139","title":{"rendered":"Alejandro Antonio Mart\u00ednez Carretero, nuevo presidente de COCEMFE CUENCA"},"content":{"rendered":"<p>[et_pb_section fb_built=&#8221;1&#8243; _builder_version=&#8221;3.22.4&#8243; custom_padding=&#8221;0px||2px|||&#8221;][et_pb_row _builder_version=&#8221;3.25&#8243; background_size=&#8221;initial&#8221; background_position=&#8221;top_left&#8221; background_repeat=&#8221;repeat&#8221; custom_margin=&#8221;|||||&#8221; custom_padding=&#8221;|||||&#8221;][et_pb_column type=&#8221;4_4&#8243; _builder_version=&#8221;3.25&#8243; custom_padding=&#8221;|||&#8221; custom_padding__hover=&#8221;|||&#8221;][et_pb_text admin_label=&#8221;Noticia&#8221; _builder_version=&#8221;3.26.6&#8243; text_font=&#8221;||||||||&#8221; background_size=&#8221;initial&#8221; background_position=&#8221;top_left&#8221; background_repeat=&#8221;repeat&#8221; text_orientation=&#8221;justified&#8221; min_height=&#8221;711px&#8221; custom_margin=&#8221;||||false|false&#8221; custom_padding=&#8221;|||||&#8221;]<\/p>\n<p><img decoding=\"async\" loading=\"lazy\" class=\"wp-image-3141 size-medium alignleft\" src=\"http:\/\/clm-inclusiva.org\/wp-content\/uploads\/2019\/07\/NOTA-DE-PRENSA-PRESIDENTE-COCEMFE-CUENCA-1-220x300.jpg\" alt=\"\" width=\"220\" height=\"300\" srcset=\"https:\/\/clm-inclusiva.org\/wp-content\/uploads\/2019\/07\/NOTA-DE-PRENSA-PRESIDENTE-COCEMFE-CUENCA-1-220x300.jpg 220w, https:\/\/clm-inclusiva.org\/wp-content\/uploads\/2019\/07\/NOTA-DE-PRENSA-PRESIDENTE-COCEMFE-CUENCA-1.jpg 695w\" sizes=\"(max-width: 220px) 100vw, 220px\" \/><\/p>\n<p>Alejandro Antonio Mart\u00ednez Carretero ha sido elegido nuevo presidente de la Federaci\u00f3n de Asociaciones de Personas con Discapacidad F\u00edsica y Org\u00e1nica de Cuenca (COCEMFE CUENCA) durante la celebraci\u00f3n de la Asamblea General Ordinaria y Extraordinaria de la entidad, celebrada el pasado s\u00e1bado 27 de julio, por unanimidad.<\/p>\n<p>Para completar la nueva Junta Directiva han sido elegidos: Antonia Garc\u00eda Valera (ADEMCU) como Vicepresidenta primera, Enrique Alarc\u00f3n Garc\u00eda (AMIQUI) como Vicepresidente segundo, Alicia Garrido Medina (AIDISCAM CUENCA) como Secretaria, \u00d3scar Sillas Saiz (FRATER CUENCA) como Tesorero, Avelina Hortelano Garc\u00eda (ADEMCU) y Josefina Soriano Moya (FRATER CUENCA) como vocales.<\/p>\n<p>\u201cTenemos una oportunidad \u00fanica de trabajar juntos y unidos con otras organizaciones para conquistar nuevos derechos y libertades de las personas con discapacidad, as\u00ed como hacer que se cumpla lo que ya est\u00e1 legislado. Esto solo ser\u00e1 posible con un movimiento asociativo unido y fuerte que presente propuestas claras ante las instituciones. Un buen ejemplo a seguir a nivel regional es la Confederaci\u00f3n de entidades de personas con discapacidad f\u00edsica y org\u00e1nica de Castilla-La Mancha (CLM INCLUSIVA), que ha conseguido unir a toda la discapacidad f\u00edsica y org\u00e1nica en nuestra regi\u00f3n, y nosotros tenemos el privilegio de formar parte de la misma\u201d, afirm\u00f3 Mart\u00ednez Carretero.<\/p>\n<p>Tras su elecci\u00f3n, ha mostrado su intenci\u00f3n de \u201ccoordinar y representar a todas las asociaciones de personas con discapacidad f\u00edsica y org\u00e1nica de Cuenca y provincia, para cubrir todas las necesidades de las mismas tambi\u00e9n en el medio rural\u201d.<\/p>\n<p>\u201cAfronto este nuevo reto con ilusi\u00f3n y responsabilidad, y desde este mismo momento me pongo a la entera disposici\u00f3n de las asociaciones y de todas las personas con discapacidad f\u00edsica y org\u00e1nica de Cuenca y provincia para ayudarles a mejorar sus condiciones de vida en cualquier \u00e1mbito: empleo, accesibilidad, formaci\u00f3n, educaci\u00f3n, etc.\u201d explic\u00f3 Alejandro.<\/p>\n<p>Por \u00faltimo, ha querido \u201cagradecer a todas las personas que han presidido COCEMFE CUENCA y han formado parte de las Juntas Directivas, en especial al anterior presidente Enrique Alarc\u00f3n Garc\u00eda, qui\u00e9n ha presidido la entidad durante quince a\u00f1os realizando un gran trabajo y sigue siendo un referente en el colectivo de la discapacidad\u201d concluy\u00f3.<\/p>\n<p><img decoding=\"async\" loading=\"lazy\" class=\"wp-image-3151 size-full aligncenter\" src=\"http:\/\/clm-inclusiva.org\/wp-content\/uploads\/2019\/07\/untitled-1.png\" alt=\"\" width=\"200\" height=\"184\" \/><\/p>\n<p>[\/et_pb_text][et_pb_post_nav prev_text=&#8221;Anterior&#8221; next_text=&#8221;Siguiente&#8221; _builder_version=&#8221;3.22.4&#8243;][\/et_pb_post_nav][\/et_pb_column][\/et_pb_row][\/et_pb_section]<\/p>\n","protected":false},"excerpt":{"rendered":"<p>[et_pb_section fb_built=&#8221;1&#8243; _builder_version=&#8221;3.22.4&#8243; custom_padding=&#8221;0px||2px|||&#8221;][et_pb_row _builder_version=&#8221;3.25&#8243; background_size=&#8221;initial&#8221; background_position=&#8221;top_left&#8221; background_repeat=&#8221;repeat&#8221; custom_margin=&#8221;|||||&#8221; custom_padding=&#8221;|||||&#8221;][et_pb_column type=&#8221;4_4&#8243; _builder_version=&#8221;3.25&#8243; custom_padding=&#8221;|||&#8221; custom_padding__hover=&#8221;|||&#8221;][et_pb_text admin_label=&#8221;Noticia&#8221; _builder_version=&#8221;3.26.6&#8243; text_font=&#8221;||||||||&#8221; background_size=&#8221;initial&#8221; background_position=&#8221;top_left&#8221; background_repeat=&#8221;repeat&#8221; text_orientation=&#8221;justified&#8221; min_height=&#8221;711px&#8221; custom_margin=&#8221;||||false|false&#8221; custom_padding=&#8221;|||||&#8221;] Alejandro Antonio Mart\u00ednez Carretero ha sido elegido nuevo presidente de la Federaci\u00f3n de Asociaciones de Personas con Discapacidad F\u00edsica y Org\u00e1nica de Cuenca (COCEMFE CUENCA) durante la celebraci\u00f3n de la Asamblea [&hellip;]<\/p>\n","protected":false},"author":1,"featured_media":3149,"comment_status":"closed","ping_status":"closed","sticky":false,"template":"","format":"standard","meta":{"_et_pb_use_builder":"on","_et_pb_old_content":"<h5 style=\"text-align: justify;\">La Confederaci\u00f3n CLM Inclusiva y la asociaci\u00f3n empresarial de Centros Especiales de Empleo de COCEMFE en Castilla-La Mancha, AECEMCO CLM, han firmado un acuerdo para promover las oportunidades de formaci\u00f3n y empleo de las personas del colectivo.<\/h5>\r\n<p style=\"text-align: justify;\"><img class=\"alignnone size-full wp-image-471\" src=\"http:\/\/clm-inclusiva.org\/wp-content\/uploads\/2019\/04\/3500_fotonoticia_20190402151941_1920.jpg\" alt=\"\" width=\"670\" height=\"300\"><\/p>\r\n<p style=\"text-align: justify;\">El presidente de la confederaci\u00f3n CLM Inclusiva, Enrique Alarc\u00f3n Garc\u00eda, y el presidente de AECEMCO CLM, \u00d3scar Sillas, han rubricado este acuerdo de colaboraci\u00f3n para coordinar su labor y actuaciones de apoyo a la promoci\u00f3n de los derechos de las personas con discapacidad f\u00edsica y org\u00e1nica en Castilla-La Mancha, ha informado esta confederaci\u00f3n en nota de prensa.<\/p>\r\nEl sector empresarial promovido por las organizaciones de COCEMFE sin \u00e1nimo de lucro, integrado en AECEMCO, da empleo actualmente a m\u00e1s de 800 personas con discapacidad de todo tipo, con actividades productivas y de prestaci\u00f3n de servicios muy variados como obras, lavander\u00eda, limpieza, medioambiente, manipulados, formaci\u00f3n, etc.\r\n\r\nAmbas organizaciones que comparten valores sociales y visi\u00f3n sobre los derechos de las personas con discapacidad coordinar\u00e1n todas sus actividades para incrementar las oportunidades de formaci\u00f3n, aprendizaje en el puesto de trabajo y calidad de los mismos, tanto en empleo protegido como ordinario.\r\n\r\nDentro de las actuaciones objeto del acuerdo se pondr\u00e1 especial atenci\u00f3n a dar a conocer la normativa de reserva de empleo para personas con discapacidad, as\u00ed como el adecuado cumplimiento de las medidas alternativas, para lo que se informar\u00e1 conjuntamente a administraciones, federaciones empresariales y grandes empresas sobre las oportunidades de empleabilidad de las personas con discapacidad f\u00edsica y org\u00e1nica.\r\n\r\nCLM Inclusiva dispone actualmente de Servicio de Empleo en todas las provincias de Castilla-La Mancha, gracias al apoyo de Fundaci\u00f3n ONCE y la financiaci\u00f3n de proyectos con cargo al IRPF, que realiza labor de intermediaci\u00f3n entre personas con discapacidad demandantes de empleo y empresas, asegurando la adecuaci\u00f3n de trabajadores al puesto de trabajo e informando sobre incentivos a la contrataci\u00f3n y ajustes t\u00e9cnicos necesarios en el puesto.\r\n\r\nLa Confederaci\u00f3n regional de entidades de personas con discapacidad f\u00edsica y org\u00e1nica, Castilla-La Mancha Inclusiva, agrupa al movimiento asociativo de COCEMFE en la Regi\u00f3n, con casi un centenar de entidades que representan en torno a 10.000 personas con discapacidad.\r\n\r\nActualmente se encuentra compuesta por cinco federaciones provinciales, COCEMFE Albacete, COCEMFE Cuenca, COCEMFE Guadalajara, COCEMFE Toledo y Ciudad Real Inclusiva, las entidades regionales AFANION, Federaci\u00f3n LUNA CLM de mujeres con discapacidad, AIDISCAM, y la asociaci\u00f3n nacional AMIAB.","_et_gb_content_width":"","footnotes":""},"categories":[32,5],"tags":[],"yoast_head":"<!-- This site is optimized with the Yoast SEO plugin v21.3 - https:\/\/yoast.com\/wordpress\/plugins\/seo\/ -->\n<title>Alejandro Antonio Mart\u00ednez Carretero, nuevo presidente de COCEMFE CUENCA - Clm-Inclusiva<\/title>\n<meta name=\"robots\" content=\"index, follow, max-snippet:-1, max-image-preview:large, max-video-preview:-1\" \/>\n<link rel=\"canonical\" href=\"https:\/\/clm-inclusiva.org\/?p=3139\" \/>\n<meta property=\"og:locale\" content=\"es_ES\" \/>\n<meta property=\"og:type\" content=\"article\" \/>\n<meta property=\"og:title\" content=\"Alejandro Antonio Mart\u00ednez Carretero, nuevo presidente de COCEMFE CUENCA - Clm-Inclusiva\" \/>\n<meta property=\"og:description\" content=\"[et_pb_section fb_built=&#8221;1&#8243; _builder_version=&#8221;3.22.4&#8243; custom_padding=&#8221;0px||2px|||&#8221;][et_pb_row _builder_version=&#8221;3.25&#8243; background_size=&#8221;initial&#8221; background_position=&#8221;top_left&#8221; background_repeat=&#8221;repeat&#8221; custom_margin=&#8221;|||||&#8221; custom_padding=&#8221;|||||&#8221;][et_pb_column type=&#8221;4_4&#8243; _builder_version=&#8221;3.25&#8243; custom_padding=&#8221;|||&#8221; custom_padding__hover=&#8221;|||&#8221;][et_pb_text admin_label=&#8221;Noticia&#8221; _builder_version=&#8221;3.26.6&#8243; text_font=&#8221;||||||||&#8221; background_size=&#8221;initial&#8221; background_position=&#8221;top_left&#8221; background_repeat=&#8221;repeat&#8221; text_orientation=&#8221;justified&#8221; min_height=&#8221;711px&#8221; custom_margin=&#8221;||||false|false&#8221; custom_padding=&#8221;|||||&#8221;] Alejandro Antonio Mart\u00ednez Carretero ha sido elegido nuevo presidente de la Federaci\u00f3n de Asociaciones de Personas con Discapacidad F\u00edsica y Org\u00e1nica de Cuenca (COCEMFE CUENCA) durante la celebraci\u00f3n de la Asamblea [&hellip;]\" \/>\n<meta property=\"og:url\" content=\"https:\/\/clm-inclusiva.org\/?p=3139\" \/>\n<meta property=\"og:site_name\" content=\"Clm-Inclusiva\" \/>\n<meta property=\"article:publisher\" content=\"https:\/\/www.facebook.com\/castillalamancha.inclusiva\/\" \/>\n<meta property=\"article:published_time\" content=\"2019-07-31T16:16:10+00:00\" \/>\n<meta property=\"article:modified_time\" content=\"2019-08-11T11:54:22+00:00\" \/>\n<meta property=\"og:image\" content=\"https:\/\/clm-inclusiva.org\/wp-content\/uploads\/2019\/07\/Sin-t\u00edtulo-1-1.jpg\" \/>\n\t<meta property=\"og:image:width\" content=\"1500\" \/>\n\t<meta property=\"og:image:height\" content=\"1128\" \/>\n\t<meta property=\"og:image:type\" content=\"image\/jpeg\" \/>\n<meta name=\"author\" content=\"clm-inclusiva\" \/>\n<meta name=\"twitter:card\" content=\"summary_large_image\" \/>\n<meta name=\"twitter:creator\" content=\"@ClmInclusiva\" \/>\n<meta name=\"twitter:site\" content=\"@ClmInclusiva\" \/>\n<meta name=\"twitter:label1\" content=\"Escrito por\" \/>\n\t<meta name=\"twitter:data1\" content=\"clm-inclusiva\" \/>\n\t<meta name=\"twitter:label2\" content=\"Tiempo de lectura\" \/>\n\t<meta name=\"twitter:data2\" content=\"2 minutos\" \/>\n<script type=\"application\/ld+json\" class=\"yoast-schema-graph\">{\"@context\":\"https:\/\/schema.org\",\"@graph\":[{\"@type\":\"Article\",\"@id\":\"https:\/\/clm-inclusiva.org\/?p=3139#article\",\"isPartOf\":{\"@id\":\"https:\/\/clm-inclusiva.org\/?p=3139\"},\"author\":{\"name\":\"clm-inclusiva\",\"@id\":\"https:\/\/clm-inclusiva.org\/#\/schema\/person\/0cff84aaa5bb8fd3521c55d1578d902b\"},\"headline\":\"Alejandro Antonio Mart\u00ednez Carretero, nuevo presidente de COCEMFE CUENCA\",\"datePublished\":\"2019-07-31T16:16:10+00:00\",\"dateModified\":\"2019-08-11T11:54:22+00:00\",\"mainEntityOfPage\":{\"@id\":\"https:\/\/clm-inclusiva.org\/?p=3139\"},\"wordCount\":490,\"publisher\":{\"@id\":\"https:\/\/clm-inclusiva.org\/#organization\"},\"articleSection\":[\"Cocenfe\",\"Discapacidad\"],\"inLanguage\":\"es\"},{\"@type\":\"WebPage\",\"@id\":\"https:\/\/clm-inclusiva.org\/?p=3139\",\"url\":\"https:\/\/clm-inclusiva.org\/?p=3139\",\"name\":\"Alejandro Antonio Mart\u00ednez Carretero, nuevo presidente de COCEMFE CUENCA - Clm-Inclusiva\",\"isPartOf\":{\"@id\":\"https:\/\/clm-inclusiva.org\/#website\"},\"datePublished\":\"2019-07-31T16:16:10+00:00\",\"dateModified\":\"2019-08-11T11:54:22+00:00\",\"breadcrumb\":{\"@id\":\"https:\/\/clm-inclusiva.org\/?p=3139#breadcrumb\"},\"inLanguage\":\"es\",\"potentialAction\":[{\"@type\":\"ReadAction\",\"target\":[\"https:\/\/clm-inclusiva.org\/?p=3139\"]}]},{\"@type\":\"BreadcrumbList\",\"@id\":\"https:\/\/clm-inclusiva.org\/?p=3139#breadcrumb\",\"itemListElement\":[{\"@type\":\"ListItem\",\"position\":1,\"name\":\"Portada\",\"item\":\"https:\/\/clm-inclusiva.org\/\"},{\"@type\":\"ListItem\",\"position\":2,\"name\":\"Alejandro Antonio Mart\u00ednez Carretero, nuevo presidente de COCEMFE CUENCA\"}]},{\"@type\":\"WebSite\",\"@id\":\"https:\/\/clm-inclusiva.org\/#website\",\"url\":\"https:\/\/clm-inclusiva.org\/\",\"name\":\"Clm-Inclusiva\",\"description\":\"Confederaci\u00f3n de entidades de personas con discapacidad f\u00edsica y org\u00e1nica CLM\",\"publisher\":{\"@id\":\"https:\/\/clm-inclusiva.org\/#organization\"},\"potentialAction\":[{\"@type\":\"SearchAction\",\"target\":{\"@type\":\"EntryPoint\",\"urlTemplate\":\"https:\/\/clm-inclusiva.org\/?s={search_term_string}\"},\"query-input\":\"required name=search_term_string\"}],\"inLanguage\":\"es\"},{\"@type\":\"Organization\",\"@id\":\"https:\/\/clm-inclusiva.org\/#organization\",\"name\":\"Clm-Inclusiva\",\"url\":\"https:\/\/clm-inclusiva.org\/\",\"logo\":{\"@type\":\"ImageObject\",\"inLanguage\":\"es\",\"@id\":\"https:\/\/clm-inclusiva.org\/#\/schema\/logo\/image\/\",\"url\":\"http:\/\/clm-inclusiva.org\/wp-content\/uploads\/2019\/04\/banner-e1533720812836.jpg\",\"contentUrl\":\"http:\/\/clm-inclusiva.org\/wp-content\/uploads\/2019\/04\/banner-e1533720812836.jpg\",\"width\":600,\"height\":332,\"caption\":\"Clm-Inclusiva\"},\"image\":{\"@id\":\"https:\/\/clm-inclusiva.org\/#\/schema\/logo\/image\/\"},\"sameAs\":[\"https:\/\/www.facebook.com\/castillalamancha.inclusiva\/\",\"https:\/\/twitter.com\/ClmInclusiva\"]},{\"@type\":\"Person\",\"@id\":\"https:\/\/clm-inclusiva.org\/#\/schema\/person\/0cff84aaa5bb8fd3521c55d1578d902b\",\"name\":\"clm-inclusiva\",\"image\":{\"@type\":\"ImageObject\",\"inLanguage\":\"es\",\"@id\":\"https:\/\/clm-inclusiva.org\/#\/schema\/person\/image\/\",\"url\":\"https:\/\/secure.gravatar.com\/avatar\/88948567af770dc9cd5597b329011884?s=96&d=blank&r=g\",\"contentUrl\":\"https:\/\/secure.gravatar.com\/avatar\/88948567af770dc9cd5597b329011884?s=96&d=blank&r=g\",\"caption\":\"clm-inclusiva\"},\"sameAs\":[\"http:\/\/clm-inclusiva.org\"],\"url\":\"https:\/\/clm-inclusiva.org\/?author=1\"}]}<\/script>\n<!-- \/ Yoast SEO plugin. -->","yoast_head_json":{"title":"Alejandro Antonio Mart\u00ednez Carretero, nuevo presidente de COCEMFE CUENCA - Clm-Inclusiva","robots":{"index":"index","follow":"follow","max-snippet":"max-snippet:-1","max-image-preview":"max-image-preview:large","max-video-preview":"max-video-preview:-1"},"canonical":"https:\/\/clm-inclusiva.org\/?p=3139","og_locale":"es_ES","og_type":"article","og_title":"Alejandro Antonio Mart\u00ednez Carretero, nuevo presidente de COCEMFE CUENCA - Clm-Inclusiva","og_description":"[et_pb_section fb_built=&#8221;1&#8243; _builder_version=&#8221;3.22.4&#8243; custom_padding=&#8221;0px||2px|||&#8221;][et_pb_row _builder_version=&#8221;3.25&#8243; background_size=&#8221;initial&#8221; background_position=&#8221;top_left&#8221; background_repeat=&#8221;repeat&#8221; custom_margin=&#8221;|||||&#8221; custom_padding=&#8221;|||||&#8221;][et_pb_column type=&#8221;4_4&#8243; _builder_version=&#8221;3.25&#8243; custom_padding=&#8221;|||&#8221; custom_padding__hover=&#8221;|||&#8221;][et_pb_text admin_label=&#8221;Noticia&#8221; _builder_version=&#8221;3.26.6&#8243; text_font=&#8221;||||||||&#8221; background_size=&#8221;initial&#8221; background_position=&#8221;top_left&#8221; background_repeat=&#8221;repeat&#8221; text_orientation=&#8221;justified&#8221; min_height=&#8221;711px&#8221; custom_margin=&#8221;||||false|false&#8221; custom_padding=&#8221;|||||&#8221;] Alejandro Antonio Mart\u00ednez Carretero ha sido elegido nuevo presidente de la Federaci\u00f3n de Asociaciones de Personas con Discapacidad F\u00edsica y Org\u00e1nica de Cuenca (COCEMFE CUENCA) durante la celebraci\u00f3n de la Asamblea [&hellip;]","og_url":"https:\/\/clm-inclusiva.org\/?p=3139","og_site_name":"Clm-Inclusiva","article_publisher":"https:\/\/www.facebook.com\/castillalamancha.inclusiva\/","article_published_time":"2019-07-31T16:16:10+00:00","article_modified_time":"2019-08-11T11:54:22+00:00","og_image":[{"width":1500,"height":1128,"url":"https:\/\/clm-inclusiva.org\/wp-content\/uploads\/2019\/07\/Sin-t\u00edtulo-1-1.jpg","type":"image\/jpeg"}],"author":"clm-inclusiva","twitter_card":"summary_large_image","twitter_creator":"@ClmInclusiva","twitter_site":"@ClmInclusiva","twitter_misc":{"Escrito por":"clm-inclusiva","Tiempo de lectura":"2 minutos"},"schema":{"@context":"https:\/\/schema.org","@graph":[{"@type":"Article","@id":"https:\/\/clm-inclusiva.org\/?p=3139#article","isPartOf":{"@id":"https:\/\/clm-inclusiva.org\/?p=3139"},"author":{"name":"clm-inclusiva","@id":"https:\/\/clm-inclusiva.org\/#\/schema\/person\/0cff84aaa5bb8fd3521c55d1578d902b"},"headline":"Alejandro Antonio Mart\u00ednez Carretero, nuevo presidente de COCEMFE CUENCA","datePublished":"2019-07-31T16:16:10+00:00","dateModified":"2019-08-11T11:54:22+00:00","mainEntityOfPage":{"@id":"https:\/\/clm-inclusiva.org\/?p=3139"},"wordCount":490,"publisher":{"@id":"https:\/\/clm-inclusiva.org\/#organization"},"articleSection":["Cocenfe","Discapacidad"],"inLanguage":"es"},{"@type":"WebPage","@id":"https:\/\/clm-inclusiva.org\/?p=3139","url":"https:\/\/clm-inclusiva.org\/?p=3139","name":"Alejandro Antonio Mart\u00ednez Carretero, nuevo presidente de COCEMFE CUENCA - Clm-Inclusiva","isPartOf":{"@id":"https:\/\/clm-inclusiva.org\/#website"},"datePublished":"2019-07-31T16:16:10+00:00","dateModified":"2019-08-11T11:54:22+00:00","breadcrumb":{"@id":"https:\/\/clm-inclusiva.org\/?p=3139#breadcrumb"},"inLanguage":"es","potentialAction":[{"@type":"ReadAction","target":["https:\/\/clm-inclusiva.org\/?p=3139"]}]},{"@type":"BreadcrumbList","@id":"https:\/\/clm-inclusiva.org\/?p=3139#breadcrumb","itemListElement":[{"@type":"ListItem","position":1,"name":"Portada","item":"https:\/\/clm-inclusiva.org\/"},{"@type":"ListItem","position":2,"name":"Alejandro Antonio Mart\u00ednez Carretero, nuevo presidente de COCEMFE CUENCA"}]},{"@type":"WebSite","@id":"https:\/\/clm-inclusiva.org\/#website","url":"https:\/\/clm-inclusiva.org\/","name":"Clm-Inclusiva","description":"Confederaci\u00f3n de entidades de personas con discapacidad f\u00edsica y org\u00e1nica CLM","publisher":{"@id":"https:\/\/clm-inclusiva.org\/#organization"},"potentialAction":[{"@type":"SearchAction","target":{"@type":"EntryPoint","urlTemplate":"https:\/\/clm-inclusiva.org\/?s={search_term_string}"},"query-input":"required name=search_term_string"}],"inLanguage":"es"},{"@type":"Organization","@id":"https:\/\/clm-inclusiva.org\/#organization","name":"Clm-Inclusiva","url":"https:\/\/clm-inclusiva.org\/","logo":{"@type":"ImageObject","inLanguage":"es","@id":"https:\/\/clm-inclusiva.org\/#\/schema\/logo\/image\/","url":"http:\/\/clm-inclusiva.org\/wp-content\/uploads\/2019\/04\/banner-e1533720812836.jpg","contentUrl":"http:\/\/clm-inclusiva.org\/wp-content\/uploads\/2019\/04\/banner-e1533720812836.jpg","width":600,"height":332,"caption":"Clm-Inclusiva"},"image":{"@id":"https:\/\/clm-inclusiva.org\/#\/schema\/logo\/image\/"},"sameAs":["https:\/\/www.facebook.com\/castillalamancha.inclusiva\/","https:\/\/twitter.com\/ClmInclusiva"]},{"@type":"Person","@id":"https:\/\/clm-inclusiva.org\/#\/schema\/person\/0cff84aaa5bb8fd3521c55d1578d902b","name":"clm-inclusiva","image":{"@type":"ImageObject","inLanguage":"es","@id":"https:\/\/clm-inclusiva.org\/#\/schema\/person\/image\/","url":"https:\/\/secure.gravatar.com\/avatar\/88948567af770dc9cd5597b329011884?s=96&d=blank&r=g","contentUrl":"https:\/\/secure.gravatar.com\/avatar\/88948567af770dc9cd5597b329011884?s=96&d=blank&r=g","caption":"clm-inclusiva"},"sameAs":["http:\/\/clm-inclusiva.org"],"url":"https:\/\/clm-inclusiva.org\/?author=1"}]}},"_links":{"self":[{"href":"https:\/\/clm-inclusiva.org\/index.php?rest_route=\/wp\/v2\/posts\/3139"}],"collection":[{"href":"https:\/\/clm-inclusiva.org\/index.php?rest_route=\/wp\/v2\/posts"}],"about":[{"href":"https:\/\/clm-inclusiva.org\/index.php?rest_route=\/wp\/v2\/types\/post"}],"author":[{"embeddable":true,"href":"https:\/\/clm-inclusiva.org\/index.php?rest_route=\/wp\/v2\/users\/1"}],"replies":[{"embeddable":true,"href":"https:\/\/clm-inclusiva.org\/index.php?rest_route=%2Fwp%2Fv2%2Fcomments&post=3139"}],"version-history":[{"count":6,"href":"https:\/\/clm-inclusiva.org\/index.php?rest_route=\/wp\/v2\/posts\/3139\/revisions"}],"predecessor-version":[{"id":3327,"href":"https:\/\/clm-inclusiva.org\/index.php?rest_route=\/wp\/v2\/posts\/3139\/revisions\/3327"}],"wp:featuredmedia":[{"embeddable":true,"href":"https:\/\/clm-inclusiva.org\/index.php?rest_route=\/wp\/v2\/media\/3149"}],"wp:attachment":[{"href":"https:\/\/clm-inclusiva.org\/index.php?rest_route=%2Fwp%2Fv2%2Fmedia&parent=3139"}],"wp:term":[{"taxonomy":"category","embeddable":true,"href":"https:\/\/clm-inclusiva.org\/index.php?rest_route=%2Fwp%2Fv2%2Fcategories&post=3139"},{"taxonomy":"post_tag","embeddable":true,"href":"https:\/\/clm-inclusiva.org\/index.php?rest_route=%2Fwp%2Fv2%2Ftags&post=3139"}],"curies":[{"name":"wp","href":"https:\/\/api.w.org\/{rel}","templated":true}]}}