{"id":312,"date":"2018-09-27T06:20:24","date_gmt":"2018-09-27T06:20:24","guid":{"rendered":"http:\/\/clm-inclusiva.org\/?p=312"},"modified":"2019-06-29T10:07:46","modified_gmt":"2019-06-29T08:07:46","slug":"aumenta-un-14-la-brecha-salarial-de-mujeres-y-hombres-con-discapacidad-frente-al-resto-de-la-poblacion","status":"publish","type":"post","link":"https:\/\/clm-inclusiva.org\/?p=312","title":{"rendered":"Aumenta un 1,4% la brecha salarial de mujeres y hombres con discapacidad frente al resto de la poblaci\u00f3n"},"content":{"rendered":"<p>[et_pb_section fb_built=&#8221;1&#8243; _builder_version=&#8221;3.22.4&#8243; custom_padding=&#8221;0px||2px|||&#8221;][et_pb_row custom_padding=&#8221;|||||&#8221; custom_margin=&#8221;|||||&#8221; _builder_version=&#8221;3.25&#8243; background_size=&#8221;initial&#8221; background_position=&#8221;top_left&#8221; background_repeat=&#8221;repeat&#8221;][et_pb_column type=&#8221;4_4&#8243; _builder_version=&#8221;3.25&#8243; custom_padding=&#8221;|||&#8221; custom_padding__hover=&#8221;|||&#8221;][et_pb_text _builder_version=&#8221;3.22.4&#8243; text_font=&#8221;||||||||&#8221; text_orientation=&#8221;justified&#8221;]<\/p>\n<p><span><strong>La Fundaci\u00f3n CERMI Mujeres y el CERMI denuncian la ausencia de pol\u00edticas de empleo efectivas que permitan equiparar la igualdad de retribuciones salariares entre hombres y mujeres con y sin discapacidad<\/strong><\/span><\/p>\n<p><span>(Madrid, 26 de septiembre de 2018).- La brecha salarial de mujeres y hombres con discapacidad frente al resto de la poblaci\u00f3n ha aumentado un 1,5% respecto al a\u00f1o 2015, seg\u00fan han alertado este mi\u00e9rcoles la Fundaci\u00f3n CERMI Mujeres (FCM) y el Comit\u00e9 Espa\u00f1ol de Representantes de Personas con Discapacidad (CERMI).<\/span><\/p>\n<p><span>En este sentido, la Fundaci\u00f3n CERMI Mujeres y el CERMI denuncian la ausencia de pol\u00edticas p\u00fablicas de empleo efectivas, que permitan alcanzar la igualdad de retribuciones salariales entre hombres y mujeres con y sin discapacidad.<\/span><\/p>\n<p><span>Y es que, seg\u00fan los datos del Instituto Nacional de Estad\u00edstica (INE), mientras en 2015 el salario medio anual bruto de las personas con discapacidad ascendi\u00f3 a 19.569,60 euros y el de las personas sin discapacidad a 23.208 euros; en 2016 el salario medio del colectivo con discapacidad se cifr\u00f3 en 19.297,6 euros frente a los 23.273,3 euros de las personas sin discapacidad.<\/span><\/p>\n<p><span>Adem\u00e1s, la inclusi\u00f3n laboral de las mujeres y hombres con discapacidad contin\u00faa siendo una tarea pendiente. As\u00ed, en 2016 las personas con discapacidad presentaron una tasa de actividad del 35,2%, 42 puntos por debajo de la de la poblaci\u00f3n sin discapacidad. Por otro lado, la tasa de ocupaci\u00f3n de las mujeres y hombres con discapacidad fue del 25,1%, menos de la mitad que de las personas sin discapacidad, mientras que la tasa de paro fue del 28,6%, nueve puntos por encima que la de la poblaci\u00f3n sin discapacidad.<\/span><\/p>\n<p><span>Por sexo, las diferencias tambi\u00e9n son notables. As\u00ed, los hombres con discapacidad recibieron un salario un 21% inferior al de los hombres sin discapacidad, que percibieron un salario medio de 20.614 euros. Esta diferencia aumenta respecto a las mujeres con discapacidad, que cifraron su retribuci\u00f3n en un 14% menos que la de los hombres sin discapacidad, con un salario medio de 17.365 euros.<\/span><\/p>\n<p><span>En este sentido, cabe destacar que, con respecto al a\u00f1o anterior, la diferencia entre hombres y mujeres con discapacidad se ha reducido, aunque a\u00fan sigue alcanzando una desigualdad del 15,8%.<\/span><\/p>\n<p><strong><span>OCUPACI\u00d3N DE LOS TRABAJADORES<\/span><\/strong><\/p>\n<p><span>En relaci\u00f3n a la ocupaci\u00f3n de los trabajadores tambi\u00e9n se perciben significativas diferencias entre personas con y sin discapacidad. As\u00ed, la mayor brecha salarial, cifrada en un 20,3%, corresponde a aquellos puestos de ocupaci\u00f3n bajos, tales como operadores y empleos no cualificados.<\/span><\/p>\n<p><span>Por otro lado, los m\u00e1s beneficiados son los puestos de ocupaci\u00f3n medios tales como personas empleadas, artesanas y personas trabajadores cualificadas, donde los salarios de personas con y sin discapacidad se acercaron, a tenor de una ratio del 97,1%.<\/span><\/p>\n<p><span>En cuanto a los puestos de ocupaci\u00f3n altos, como los de direcci\u00f3n o gerencia o los t\u00e9cnicos y profesionales cient\u00edficos, las mujeres y hombres con discapacidad recibieron un salario un 6,3% inferior al resto de las personas empleadas.<\/span><\/p>\n<p><span>En este contexto, cabe subrayar que los salarios m\u00e1s bajos correspondieron a personas con discapacidad intelectual y psicosocial. Por su parte, las y los trabajadores con discapacidad sensorial y f\u00edsica percibieron los salarios m\u00e1s elevados.<\/span><\/p>\n<p><span>Por \u00faltimo, destacan las diferencias relativas a las caracter\u00edsticas de la unidad de trabajo y de la empresa, donde el salario de las personas con discapacidad se incrementa a medida que aumenta el tama\u00f1o del centro. Y es que, aunque en todos los casos el salario de las personas con discapacidad result\u00f3 inferior al de las personas sin discapacidad, las mayores diferencias se registraron en centros de cotizaci\u00f3n de tama\u00f1o mediano (de 50 a 199 trabajadores), con niveles salariales para las personas con discapacidad un 30,2% inferiores a las de sin discapacidad.<\/span><\/p>\n<p>[\/et_pb_text][et_pb_post_nav prev_text=&#8221;Anterior&#8221; next_text=&#8221;Siguiente&#8221; _builder_version=&#8221;3.22.4&#8243;][\/et_pb_post_nav][\/et_pb_column][\/et_pb_row][\/et_pb_section]<\/p>\n","protected":false},"excerpt":{"rendered":"<p>[et_pb_section fb_built=&#8221;1&#8243; _builder_version=&#8221;3.22.4&#8243; custom_padding=&#8221;0px||2px|||&#8221;][et_pb_row custom_padding=&#8221;|||||&#8221; custom_margin=&#8221;|||||&#8221; _builder_version=&#8221;3.25&#8243; background_size=&#8221;initial&#8221; background_position=&#8221;top_left&#8221; background_repeat=&#8221;repeat&#8221;][et_pb_column type=&#8221;4_4&#8243; _builder_version=&#8221;3.25&#8243; custom_padding=&#8221;|||&#8221; custom_padding__hover=&#8221;|||&#8221;][et_pb_text _builder_version=&#8221;3.22.4&#8243; text_font=&#8221;||||||||&#8221; text_orientation=&#8221;justified&#8221;] La Fundaci\u00f3n CERMI Mujeres y el CERMI denuncian la ausencia de pol\u00edticas de empleo efectivas que permitan equiparar la igualdad de retribuciones salariares entre hombres y mujeres con y sin discapacidad (Madrid, 26 de septiembre de 2018).- La [&hellip;]<\/p>\n","protected":false},"author":1,"featured_media":313,"comment_status":"closed","ping_status":"closed","sticky":false,"template":"","format":"standard","meta":{"_et_pb_use_builder":"on","_et_pb_old_content":"\t\t\t\t[responsivevoice_button voice=\"Spanish Female\" buttontext=\"Reproducir\"]\r\n<div class=\"document-page\" data-page=\"1\">\r\n<div class=\"pdf-page\">\r\n<div class=\"text-wrapper user-select-text\">\r\n\r\n<div class=\"_1dwg _1w_m _q7o\">\r\n<div id=\"js_d\" class=\"_5pbx userContent _3ds9 _3576\" data-ft=\"{\"tn\":\"K\"}\">\r\n<p style=\"text-align: justify;\"><span style=\"text-decoration: underline;\"><strong><span style=\"color: #000000; text-decoration: underline;\">La Fundaci\u00f3n CERMI Mujeres y el CERMI denuncian la ausencia de pol\u00edticas de empleo efectivas que permitan equiparar la igualdad de retribuciones salariares entre hombres y mujeres con y sin discapacidad<\/span><\/strong><\/span><\/p>\r\n<p style=\"text-align: justify;\"><span style=\"color: #000000;\">(Madrid, 26 de septiembre de 2018).- La brecha salarial de mujeres y hombres con discapacidad frente al resto de la poblaci\u00f3n ha aumentado un 1,5% respecto al a\u00f1o 2015, seg\u00fan han alertado este mi\u00e9rcoles la Fundaci\u00f3n CERMI Mujeres (FCM) y el Comit\u00e9 Espa\u00f1ol de Representantes de Personas con Discapacidad (CERMI).<\/span><\/p>\r\n<p style=\"text-align: justify;\"><span style=\"color: #000000;\">En este sentido, la Fundaci\u00f3n CERMI Mujeres y el CERMI denuncian la ausencia de pol\u00edticas p\u00fablicas de empleo efectivas, que permitan alcanzar la igualdad de retribuciones salariales entre hombres y mujeres con y sin discapacidad.<\/span><\/p>\r\n<p style=\"text-align: justify;\"><span style=\"color: #000000;\">Y es que, seg\u00fan los datos del Instituto Nacional de Estad\u00edstica (INE), mientras en 2015 el salario medio anual bruto de las personas con discapacidad ascendi\u00f3 a 19.569,60 euros y el de las personas sin discapacidad a 23.208 euros; en 2016 el salario medio del colectivo con discapacidad se cifr\u00f3 en 19.297,6 euros frente a los 23.273,3 euros de las personas sin discapacidad.<\/span><\/p>\r\n<p style=\"text-align: justify;\"><span style=\"color: #000000;\">Adem\u00e1s, la inclusi\u00f3n laboral de las mujeres y hombres con discapacidad contin\u00faa siendo una tarea pendiente. As\u00ed, en 2016 las personas con discapacidad presentaron una tasa de actividad del 35,2%, 42 puntos por debajo de la de la poblaci\u00f3n sin discapacidad. Por otro lado, la tasa de ocupaci\u00f3n de las mujeres y hombres con discapacidad fue del 25,1%, menos de la mitad que de las personas sin discapacidad, mientras que la tasa de paro fue del 28,6%, nueve puntos por encima que la de la poblaci\u00f3n sin discapacidad.<\/span><\/p>\r\n<p style=\"text-align: justify;\"><span style=\"color: #000000;\">Por sexo, las diferencias tambi\u00e9n son notables. As\u00ed, los hombres con discapacidad recibieron un salario un 21% inferior al de los hombres sin discapacidad, que percibieron un salario medio de 20.614 euros. Esta diferencia aumenta respecto a las mujeres con discapacidad, que cifraron su retribuci\u00f3n en un 14% menos que la de los hombres sin discapacidad, con un salario medio de 17.365 euros.<\/span><\/p>\r\n<p style=\"text-align: justify;\">\r\n<span style=\"color: #000000;\">En este sentido, cabe destacar que, con respecto al a\u00f1o anterior, la diferencia entre hombres y mujeres con discapacidad se ha reducido, aunque a\u00fan sigue alcanzando una desigualdad del 15,8%.<\/span><\/p>\r\n<p style=\"text-align: justify;\"><strong><span style=\"color: #000000;\">OCUPACI\u00d3N DE LOS TRABAJADORES<\/span><\/strong><\/p>\r\n<p style=\"text-align: justify;\"><span style=\"color: #000000;\">En relaci\u00f3n a la ocupaci\u00f3n de los trabajadores tambi\u00e9n se perciben significativas diferencias entre personas con y sin discapacidad. As\u00ed, la mayor brecha salarial, cifrada en un 20,3%, corresponde a aquellos puestos de ocupaci\u00f3n bajos, tales como operadores y empleos no cualificados.<\/span><\/p>\r\n<p style=\"text-align: justify;\"><span style=\"color: #000000;\">Por otro lado, los m\u00e1s beneficiados son los puestos de ocupaci\u00f3n medios tales como personas empleadas, artesanas y personas trabajadores cualificadas, donde los salarios de personas con y sin discapacidad se acercaron, a tenor de una ratio del 97,1%.<\/span><\/p>\r\n<p style=\"text-align: justify;\"><span style=\"color: #000000;\">En cuanto a los puestos de ocupaci\u00f3n altos, como los de direcci\u00f3n o gerencia o los t\u00e9cnicos y profesionales cient\u00edficos, las mujeres y hombres con discapacidad recibieron un salario un 6,3% inferior al resto de las personas empleadas.<\/span><\/p>\r\n<p style=\"text-align: justify;\"><span style=\"color: #000000;\">En este contexto, cabe subrayar que los salarios m\u00e1s bajos correspondieron a personas con discapacidad intelectual y psicosocial. Por su parte, las y los trabajadores con discapacidad sensorial y f\u00edsica percibieron los salarios m\u00e1s elevados.<\/span><\/p>\r\n<p style=\"text-align: justify;\"><span style=\"color: #000000;\">Por \u00faltimo, destacan las diferencias relativas a las caracter\u00edsticas de la unidad de trabajo y de la empresa, donde el salario de las personas con discapacidad se incrementa a medida que aumenta el tama\u00f1o del centro. Y es que, aunque en todos los casos el salario de las personas con discapacidad result\u00f3 inferior al de las personas sin discapacidad, las mayores diferencias se registraron en centros de cotizaci\u00f3n de tama\u00f1o mediano (de 50 a 199 trabajadores), con niveles salariales para las personas con discapacidad un 30,2% inferiores a las de sin discapacidad.<\/span><\/p>\r\n\r\n<\/div>\r\n<div class=\"_3x-2\" style=\"text-align: justify;\" data-ft=\"{\"tn\":\"H\"}\">\r\n<div style=\"text-align: justify;\" data-ft=\"{\"tn\":\"H\"}\"><\/div>\r\n<\/div>\r\n<div style=\"text-align: justify;\"><\/div>\r\n<\/div>\r\n<div><form id=\"u_0_18\" class=\"commentable_item\" action=\"https:\/\/www.facebook.com\/ajax\/ufi\/modify.php\" method=\"post\" data-ft=\"{\"tn\":\"]\"}\">\r\n<div class=\"_sa_ _gsd _fgm _5vsi _192z _1sz4 _1i6z\">\r\n<div class=\"_5ybo _1q_o _2zfm _5yhh\">\r\n<div class=\"_fk3\">\r\n<div class=\"_fk4\">\r\n<div id=\"u_0_17\" class=\"_fk6\">\r\n<div role=\"presentation\">\r\n<div class=\"__ji\">\r\n<div class=\"_fk8\" style=\"text-align: justify;\"><\/div>\r\n<\/div>\r\n<\/div>\r\n<\/div>\r\n<\/div>\r\n<\/div>\r\n<\/div>\r\n<\/div>\r\n<\/form><\/div>\t\t","_et_gb_content_width":"","footnotes":""},"categories":[9],"tags":[],"yoast_head":"<!-- This site is optimized with the Yoast SEO plugin v21.3 - https:\/\/yoast.com\/wordpress\/plugins\/seo\/ -->\n<title>Aumenta un 1,4% la brecha salarial de mujeres y hombres con discapacidad frente al resto de la poblaci\u00f3n - Clm-Inclusiva<\/title>\n<meta name=\"robots\" content=\"index, follow, max-snippet:-1, max-image-preview:large, max-video-preview:-1\" \/>\n<link rel=\"canonical\" href=\"https:\/\/clm-inclusiva.org\/?p=312\" \/>\n<meta property=\"og:locale\" content=\"es_ES\" \/>\n<meta property=\"og:type\" content=\"article\" \/>\n<meta property=\"og:title\" content=\"Aumenta un 1,4% la brecha salarial de mujeres y hombres con discapacidad frente al resto de la poblaci\u00f3n - Clm-Inclusiva\" \/>\n<meta property=\"og:description\" content=\"[et_pb_section fb_built=&#8221;1&#8243; _builder_version=&#8221;3.22.4&#8243; custom_padding=&#8221;0px||2px|||&#8221;][et_pb_row custom_padding=&#8221;|||||&#8221; custom_margin=&#8221;|||||&#8221; _builder_version=&#8221;3.25&#8243; background_size=&#8221;initial&#8221; background_position=&#8221;top_left&#8221; background_repeat=&#8221;repeat&#8221;][et_pb_column type=&#8221;4_4&#8243; _builder_version=&#8221;3.25&#8243; custom_padding=&#8221;|||&#8221; custom_padding__hover=&#8221;|||&#8221;][et_pb_text _builder_version=&#8221;3.22.4&#8243; text_font=&#8221;||||||||&#8221; text_orientation=&#8221;justified&#8221;] La Fundaci\u00f3n CERMI Mujeres y el CERMI denuncian la ausencia de pol\u00edticas de empleo efectivas que permitan equiparar la igualdad de retribuciones salariares entre hombres y mujeres con y sin discapacidad (Madrid, 26 de septiembre de 2018).- La [&hellip;]\" \/>\n<meta property=\"og:url\" content=\"https:\/\/clm-inclusiva.org\/?p=312\" \/>\n<meta property=\"og:site_name\" content=\"Clm-Inclusiva\" \/>\n<meta property=\"article:publisher\" content=\"https:\/\/www.facebook.com\/castillalamancha.inclusiva\/\" \/>\n<meta property=\"article:published_time\" content=\"2018-09-27T06:20:24+00:00\" \/>\n<meta property=\"article:modified_time\" content=\"2019-06-29T08:07:46+00:00\" \/>\n<meta property=\"og:image\" content=\"https:\/\/clm-inclusiva.org\/wp-content\/uploads\/2018\/09\/paro-1.jpg\" \/>\n\t<meta property=\"og:image:width\" content=\"225\" \/>\n\t<meta property=\"og:image:height\" content=\"250\" \/>\n\t<meta property=\"og:image:type\" content=\"image\/jpeg\" \/>\n<meta name=\"author\" content=\"clm-inclusiva\" \/>\n<meta name=\"twitter:card\" content=\"summary_large_image\" \/>\n<meta name=\"twitter:creator\" content=\"@ClmInclusiva\" \/>\n<meta name=\"twitter:site\" content=\"@ClmInclusiva\" \/>\n<meta name=\"twitter:label1\" content=\"Escrito por\" \/>\n\t<meta name=\"twitter:data1\" content=\"clm-inclusiva\" \/>\n\t<meta name=\"twitter:label2\" content=\"Tiempo de lectura\" \/>\n\t<meta name=\"twitter:data2\" content=\"4 minutos\" \/>\n<script type=\"application\/ld+json\" class=\"yoast-schema-graph\">{\"@context\":\"https:\/\/schema.org\",\"@graph\":[{\"@type\":\"Article\",\"@id\":\"https:\/\/clm-inclusiva.org\/?p=312#article\",\"isPartOf\":{\"@id\":\"https:\/\/clm-inclusiva.org\/?p=312\"},\"author\":{\"name\":\"clm-inclusiva\",\"@id\":\"https:\/\/clm-inclusiva.org\/#\/schema\/person\/0cff84aaa5bb8fd3521c55d1578d902b\"},\"headline\":\"Aumenta un 1,4% la brecha salarial de mujeres y hombres con discapacidad frente al resto de la poblaci\u00f3n\",\"datePublished\":\"2018-09-27T06:20:24+00:00\",\"dateModified\":\"2019-06-29T08:07:46+00:00\",\"mainEntityOfPage\":{\"@id\":\"https:\/\/clm-inclusiva.org\/?p=312\"},\"wordCount\":723,\"publisher\":{\"@id\":\"https:\/\/clm-inclusiva.org\/#organization\"},\"articleSection\":[\"Trabajo\"],\"inLanguage\":\"es\"},{\"@type\":\"WebPage\",\"@id\":\"https:\/\/clm-inclusiva.org\/?p=312\",\"url\":\"https:\/\/clm-inclusiva.org\/?p=312\",\"name\":\"Aumenta un 1,4% la brecha salarial de mujeres y hombres con discapacidad frente al resto de la poblaci\u00f3n - Clm-Inclusiva\",\"isPartOf\":{\"@id\":\"https:\/\/clm-inclusiva.org\/#website\"},\"datePublished\":\"2018-09-27T06:20:24+00:00\",\"dateModified\":\"2019-06-29T08:07:46+00:00\",\"breadcrumb\":{\"@id\":\"https:\/\/clm-inclusiva.org\/?p=312#breadcrumb\"},\"inLanguage\":\"es\",\"potentialAction\":[{\"@type\":\"ReadAction\",\"target\":[\"https:\/\/clm-inclusiva.org\/?p=312\"]}]},{\"@type\":\"BreadcrumbList\",\"@id\":\"https:\/\/clm-inclusiva.org\/?p=312#breadcrumb\",\"itemListElement\":[{\"@type\":\"ListItem\",\"position\":1,\"name\":\"Portada\",\"item\":\"https:\/\/clm-inclusiva.org\/\"},{\"@type\":\"ListItem\",\"position\":2,\"name\":\"Aumenta un 1,4% la brecha salarial de mujeres y hombres con discapacidad frente al resto de la poblaci\u00f3n\"}]},{\"@type\":\"WebSite\",\"@id\":\"https:\/\/clm-inclusiva.org\/#website\",\"url\":\"https:\/\/clm-inclusiva.org\/\",\"name\":\"Clm-Inclusiva\",\"description\":\"Confederaci\u00f3n de entidades de personas con discapacidad f\u00edsica y org\u00e1nica CLM\",\"publisher\":{\"@id\":\"https:\/\/clm-inclusiva.org\/#organization\"},\"potentialAction\":[{\"@type\":\"SearchAction\",\"target\":{\"@type\":\"EntryPoint\",\"urlTemplate\":\"https:\/\/clm-inclusiva.org\/?s={search_term_string}\"},\"query-input\":\"required name=search_term_string\"}],\"inLanguage\":\"es\"},{\"@type\":\"Organization\",\"@id\":\"https:\/\/clm-inclusiva.org\/#organization\",\"name\":\"Clm-Inclusiva\",\"url\":\"https:\/\/clm-inclusiva.org\/\",\"logo\":{\"@type\":\"ImageObject\",\"inLanguage\":\"es\",\"@id\":\"https:\/\/clm-inclusiva.org\/#\/schema\/logo\/image\/\",\"url\":\"http:\/\/clm-inclusiva.org\/wp-content\/uploads\/2019\/04\/banner-e1533720812836.jpg\",\"contentUrl\":\"http:\/\/clm-inclusiva.org\/wp-content\/uploads\/2019\/04\/banner-e1533720812836.jpg\",\"width\":600,\"height\":332,\"caption\":\"Clm-Inclusiva\"},\"image\":{\"@id\":\"https:\/\/clm-inclusiva.org\/#\/schema\/logo\/image\/\"},\"sameAs\":[\"https:\/\/www.facebook.com\/castillalamancha.inclusiva\/\",\"https:\/\/twitter.com\/ClmInclusiva\"]},{\"@type\":\"Person\",\"@id\":\"https:\/\/clm-inclusiva.org\/#\/schema\/person\/0cff84aaa5bb8fd3521c55d1578d902b\",\"name\":\"clm-inclusiva\",\"image\":{\"@type\":\"ImageObject\",\"inLanguage\":\"es\",\"@id\":\"https:\/\/clm-inclusiva.org\/#\/schema\/person\/image\/\",\"url\":\"https:\/\/secure.gravatar.com\/avatar\/88948567af770dc9cd5597b329011884?s=96&d=blank&r=g\",\"contentUrl\":\"https:\/\/secure.gravatar.com\/avatar\/88948567af770dc9cd5597b329011884?s=96&d=blank&r=g\",\"caption\":\"clm-inclusiva\"},\"sameAs\":[\"http:\/\/clm-inclusiva.org\"],\"url\":\"https:\/\/clm-inclusiva.org\/?author=1\"}]}<\/script>\n<!-- \/ Yoast SEO plugin. -->","yoast_head_json":{"title":"Aumenta un 1,4% la brecha salarial de mujeres y hombres con discapacidad frente al resto de la poblaci\u00f3n - Clm-Inclusiva","robots":{"index":"index","follow":"follow","max-snippet":"max-snippet:-1","max-image-preview":"max-image-preview:large","max-video-preview":"max-video-preview:-1"},"canonical":"https:\/\/clm-inclusiva.org\/?p=312","og_locale":"es_ES","og_type":"article","og_title":"Aumenta un 1,4% la brecha salarial de mujeres y hombres con discapacidad frente al resto de la poblaci\u00f3n - Clm-Inclusiva","og_description":"[et_pb_section fb_built=&#8221;1&#8243; _builder_version=&#8221;3.22.4&#8243; custom_padding=&#8221;0px||2px|||&#8221;][et_pb_row custom_padding=&#8221;|||||&#8221; custom_margin=&#8221;|||||&#8221; _builder_version=&#8221;3.25&#8243; background_size=&#8221;initial&#8221; background_position=&#8221;top_left&#8221; background_repeat=&#8221;repeat&#8221;][et_pb_column type=&#8221;4_4&#8243; _builder_version=&#8221;3.25&#8243; custom_padding=&#8221;|||&#8221; custom_padding__hover=&#8221;|||&#8221;][et_pb_text _builder_version=&#8221;3.22.4&#8243; text_font=&#8221;||||||||&#8221; text_orientation=&#8221;justified&#8221;] La Fundaci\u00f3n CERMI Mujeres y el CERMI denuncian la ausencia de pol\u00edticas de empleo efectivas que permitan equiparar la igualdad de retribuciones salariares entre hombres y mujeres con y sin discapacidad (Madrid, 26 de septiembre de 2018).- La [&hellip;]","og_url":"https:\/\/clm-inclusiva.org\/?p=312","og_site_name":"Clm-Inclusiva","article_publisher":"https:\/\/www.facebook.com\/castillalamancha.inclusiva\/","article_published_time":"2018-09-27T06:20:24+00:00","article_modified_time":"2019-06-29T08:07:46+00:00","og_image":[{"width":225,"height":250,"url":"https:\/\/clm-inclusiva.org\/wp-content\/uploads\/2018\/09\/paro-1.jpg","type":"image\/jpeg"}],"author":"clm-inclusiva","twitter_card":"summary_large_image","twitter_creator":"@ClmInclusiva","twitter_site":"@ClmInclusiva","twitter_misc":{"Escrito por":"clm-inclusiva","Tiempo de lectura":"4 minutos"},"schema":{"@context":"https:\/\/schema.org","@graph":[{"@type":"Article","@id":"https:\/\/clm-inclusiva.org\/?p=312#article","isPartOf":{"@id":"https:\/\/clm-inclusiva.org\/?p=312"},"author":{"name":"clm-inclusiva","@id":"https:\/\/clm-inclusiva.org\/#\/schema\/person\/0cff84aaa5bb8fd3521c55d1578d902b"},"headline":"Aumenta un 1,4% la brecha salarial de mujeres y hombres con discapacidad frente al resto de la poblaci\u00f3n","datePublished":"2018-09-27T06:20:24+00:00","dateModified":"2019-06-29T08:07:46+00:00","mainEntityOfPage":{"@id":"https:\/\/clm-inclusiva.org\/?p=312"},"wordCount":723,"publisher":{"@id":"https:\/\/clm-inclusiva.org\/#organization"},"articleSection":["Trabajo"],"inLanguage":"es"},{"@type":"WebPage","@id":"https:\/\/clm-inclusiva.org\/?p=312","url":"https:\/\/clm-inclusiva.org\/?p=312","name":"Aumenta un 1,4% la brecha salarial de mujeres y hombres con discapacidad frente al resto de la poblaci\u00f3n - Clm-Inclusiva","isPartOf":{"@id":"https:\/\/clm-inclusiva.org\/#website"},"datePublished":"2018-09-27T06:20:24+00:00","dateModified":"2019-06-29T08:07:46+00:00","breadcrumb":{"@id":"https:\/\/clm-inclusiva.org\/?p=312#breadcrumb"},"inLanguage":"es","potentialAction":[{"@type":"ReadAction","target":["https:\/\/clm-inclusiva.org\/?p=312"]}]},{"@type":"BreadcrumbList","@id":"https:\/\/clm-inclusiva.org\/?p=312#breadcrumb","itemListElement":[{"@type":"ListItem","position":1,"name":"Portada","item":"https:\/\/clm-inclusiva.org\/"},{"@type":"ListItem","position":2,"name":"Aumenta un 1,4% la brecha salarial de mujeres y hombres con discapacidad frente al resto de la poblaci\u00f3n"}]},{"@type":"WebSite","@id":"https:\/\/clm-inclusiva.org\/#website","url":"https:\/\/clm-inclusiva.org\/","name":"Clm-Inclusiva","description":"Confederaci\u00f3n de entidades de personas con discapacidad f\u00edsica y org\u00e1nica CLM","publisher":{"@id":"https:\/\/clm-inclusiva.org\/#organization"},"potentialAction":[{"@type":"SearchAction","target":{"@type":"EntryPoint","urlTemplate":"https:\/\/clm-inclusiva.org\/?s={search_term_string}"},"query-input":"required name=search_term_string"}],"inLanguage":"es"},{"@type":"Organization","@id":"https:\/\/clm-inclusiva.org\/#organization","name":"Clm-Inclusiva","url":"https:\/\/clm-inclusiva.org\/","logo":{"@type":"ImageObject","inLanguage":"es","@id":"https:\/\/clm-inclusiva.org\/#\/schema\/logo\/image\/","url":"http:\/\/clm-inclusiva.org\/wp-content\/uploads\/2019\/04\/banner-e1533720812836.jpg","contentUrl":"http:\/\/clm-inclusiva.org\/wp-content\/uploads\/2019\/04\/banner-e1533720812836.jpg","width":600,"height":332,"caption":"Clm-Inclusiva"},"image":{"@id":"https:\/\/clm-inclusiva.org\/#\/schema\/logo\/image\/"},"sameAs":["https:\/\/www.facebook.com\/castillalamancha.inclusiva\/","https:\/\/twitter.com\/ClmInclusiva"]},{"@type":"Person","@id":"https:\/\/clm-inclusiva.org\/#\/schema\/person\/0cff84aaa5bb8fd3521c55d1578d902b","name":"clm-inclusiva","image":{"@type":"ImageObject","inLanguage":"es","@id":"https:\/\/clm-inclusiva.org\/#\/schema\/person\/image\/","url":"https:\/\/secure.gravatar.com\/avatar\/88948567af770dc9cd5597b329011884?s=96&d=blank&r=g","contentUrl":"https:\/\/secure.gravatar.com\/avatar\/88948567af770dc9cd5597b329011884?s=96&d=blank&r=g","caption":"clm-inclusiva"},"sameAs":["http:\/\/clm-inclusiva.org"],"url":"https:\/\/clm-inclusiva.org\/?author=1"}]}},"_links":{"self":[{"href":"https:\/\/clm-inclusiva.org\/index.php?rest_route=\/wp\/v2\/posts\/312"}],"collection":[{"href":"https:\/\/clm-inclusiva.org\/index.php?rest_route=\/wp\/v2\/posts"}],"about":[{"href":"https:\/\/clm-inclusiva.org\/index.php?rest_route=\/wp\/v2\/types\/post"}],"author":[{"embeddable":true,"href":"https:\/\/clm-inclusiva.org\/index.php?rest_route=\/wp\/v2\/users\/1"}],"replies":[{"embeddable":true,"href":"https:\/\/clm-inclusiva.org\/index.php?rest_route=%2Fwp%2Fv2%2Fcomments&post=312"}],"version-history":[{"count":2,"href":"https:\/\/clm-inclusiva.org\/index.php?rest_route=\/wp\/v2\/posts\/312\/revisions"}],"predecessor-version":[{"id":2616,"href":"https:\/\/clm-inclusiva.org\/index.php?rest_route=\/wp\/v2\/posts\/312\/revisions\/2616"}],"wp:featuredmedia":[{"embeddable":true,"href":"https:\/\/clm-inclusiva.org\/index.php?rest_route=\/wp\/v2\/media\/313"}],"wp:attachment":[{"href":"https:\/\/clm-inclusiva.org\/index.php?rest_route=%2Fwp%2Fv2%2Fmedia&parent=312"}],"wp:term":[{"taxonomy":"category","embeddable":true,"href":"https:\/\/clm-inclusiva.org\/index.php?rest_route=%2Fwp%2Fv2%2Fcategories&post=312"},{"taxonomy":"post_tag","embeddable":true,"href":"https:\/\/clm-inclusiva.org\/index.php?rest_route=%2Fwp%2Fv2%2Ftags&post=312"}],"curies":[{"name":"wp","href":"https:\/\/api.w.org\/{rel}","templated":true}]}}