{"id":301,"date":"2018-09-14T06:53:33","date_gmt":"2018-09-14T06:53:33","guid":{"rendered":"http:\/\/clm-inclusiva.org\/?p=301"},"modified":"2019-06-29T10:16:16","modified_gmt":"2019-06-29T08:16:16","slug":"hemos-celebramos-el-dia-de-la-discapacidad-de-la-feria-de-albacete","status":"publish","type":"post","link":"https:\/\/clm-inclusiva.org\/?p=301","title":{"rendered":"Hemos celebrado el D\u00eda de la Discapacidad de la feria de Albacete"},"content":{"rendered":"<p>[et_pb_section fb_built=&#8221;1&#8243; _builder_version=&#8221;3.22.4&#8243; custom_padding=&#8221;0px||2px|||&#8221;][et_pb_row custom_padding=&#8221;|||||&#8221; custom_margin=&#8221;|||||&#8221; _builder_version=&#8221;3.25&#8243; background_size=&#8221;initial&#8221; background_position=&#8221;top_left&#8221; background_repeat=&#8221;repeat&#8221;][et_pb_column type=&#8221;4_4&#8243; _builder_version=&#8221;3.25&#8243; custom_padding=&#8221;|||&#8221; custom_padding__hover=&#8221;|||&#8221;][et_pb_text _builder_version=&#8221;3.22.4&#8243; text_font=&#8221;||||||||&#8221; text_orientation=&#8221;justified&#8221; custom_margin=&#8221;10px|||||&#8221;]<\/p>\n<p><span>Hoy celebramos el D\u00eda de la Discapacidad con el resto del movimiento asociativo, las instituciones y el resto de la sociedad en la Feria de Albacete. Celebrando lo mucho conseguido y recordando lo mucho por realizar. Nuestro presidente, Enrique Alarc\u00f3n, nuestro vicepresidente y presidente\u00a0<a href=\"https:\/\/www.facebook.com\/Cocemfe-Albacete-1013042585517674\/?fref=mentions&amp;__xts__%5B0%5D=68.ARD4KenLnM03tK9Z3RyJx4bHr9KFvlns0j5-nmGyIkQTpfWsC3xO2E-9sgpJh75LfAfgcKGpITgZgLkR_gSFxfKVJdvYBsuY4bLEr7qcSGBAR7G-idb_xvffRBwkhEXxmSaemyYyU8zGtzAB0SrbrOjPhME6WegugghavJT2PgJ5d3TwZZFW&amp;__tn__=K-R\" class=\"profileLink\" data-hovercard=\"\/ajax\/hovercard\/page.php?id=1013042585517674&amp;extragetparams=%7B%22fref%22%3A%22mentions%22%7D\" data-hovercard-prefer-more-content-show=\"1\" rel=\"external\">Cocemfe Albacete<\/a>\u00a0Marcelino Escobar, la secretaria de finanzas y presidenta de\u00a0<a href=\"https:\/\/www.facebook.com\/PaginaOficialGrupoAmiab\/?fref=mentions&amp;__xts__%5B0%5D=68.ARD4KenLnM03tK9Z3RyJx4bHr9KFvlns0j5-nmGyIkQTpfWsC3xO2E-9sgpJh75LfAfgcKGpITgZgLkR_gSFxfKVJdvYBsuY4bLEr7qcSGBAR7G-idb_xvffRBwkhEXxmSaemyYyU8zGtzAB0SrbrOjPhME6WegugghavJT2PgJ5d3TwZZFW&amp;__tn__=K-R\" class=\"profileLink\" data-hovercard=\"\/ajax\/hovercard\/page.php?id=1686535681580508&amp;extragetparams=%7B%22fref%22%3A%22mentions%22%7D\" data-hovercard-prefer-more-content-show=\"1\" rel=\"external\">Grupo Amiab<\/a>, Encarnaci\u00f3n Rodr\u00edguez, el secretario Francisco Cebri\u00e1n\u00a0<a href=\"https:\/\/www.facebook.com\/Aidiscam-570582949744457\/?fref=mentions&amp;__xts__%5B0%5D=68.ARD4KenLnM03tK9Z3RyJx4bHr9KFvlns0j5-nmGyIkQTpfWsC3xO2E-9sgpJh75LfAfgcKGpITgZgLkR_gSFxfKVJdvYBsuY4bLEr7qcSGBAR7G-idb_xvffRBwkhEXxmSaemyYyU8zGtzAB0SrbrOjPhME6WegugghavJT2PgJ5d3TwZZFW&amp;__tn__=K-R\" class=\"profileLink\" data-hovercard=\"\/ajax\/hovercard\/page.php?id=570582949744457&amp;extragetparams=%7B%22fref%22%3A%22mentions%22%7D\" data-hovercard-prefer-more-content-show=\"1\" rel=\"external\">Aidiscam<\/a>, junto al equipo t\u00e9cnico han participado en la Marcha, en la lectura del Manifiesto y hemos podido conversar con el presidente\u00a0<a href=\"https:\/\/www.facebook.com\/emilianogarciapage\/?fref=mentions&amp;__xts__%5B0%5D=68.ARD4KenLnM03tK9Z3RyJx4bHr9KFvlns0j5-nmGyIkQTpfWsC3xO2E-9sgpJh75LfAfgcKGpITgZgLkR_gSFxfKVJdvYBsuY4bLEr7qcSGBAR7G-idb_xvffRBwkhEXxmSaemyYyU8zGtzAB0SrbrOjPhME6WegugghavJT2PgJ5d3TwZZFW&amp;__tn__=K-R\" class=\"profileLink\" data-hovercard=\"\/ajax\/hovercard\/page.php?id=131662690193032&amp;extragetparams=%7B%22fref%22%3A%22mentions%22%7D\" data-hovercard-prefer-more-content-show=\"1\" rel=\"external\">Emiliano Garc\u00eda-Page S\u00e1nchez<\/a>\u00a0y la consejera\u00a0<a href=\"https:\/\/www.facebook.com\/Bienestar-Social-CLM-1027251153961022\/?fref=mentions&amp;__xts__%5B0%5D=68.ARD4KenLnM03tK9Z3RyJx4bHr9KFvlns0j5-nmGyIkQTpfWsC3xO2E-9sgpJh75LfAfgcKGpITgZgLkR_gSFxfKVJdvYBsuY4bLEr7qcSGBAR7G-idb_xvffRBwkhEXxmSaemyYyU8zGtzAB0SrbrOjPhME6WegugghavJT2PgJ5d3TwZZFW&amp;__tn__=K-R\" id=\"js_19g\" class=\"profileLink\" data-hovercard=\"\/ajax\/hovercard\/page.php?id=1027251153961022&amp;extragetparams=%7B%22fref%22%3A%22mentions%22%7D\" data-hovercard-prefer-more-content-show=\"1\" aria-describedby=\"js_19f\" aria-owns=\"\" rel=\"external\">Bienestar Social CLM<\/a>\u00a0<a href=\"https:\/\/www.facebook.com\/AureliaSanchezCLM\/?fref=mentions&amp;__xts__%5B0%5D=68.ARD4KenLnM03tK9Z3RyJx4bHr9KFvlns0j5-nmGyIkQTpfWsC3xO2E-9sgpJh75LfAfgcKGpITgZgLkR_gSFxfKVJdvYBsuY4bLEr7qcSGBAR7G-idb_xvffRBwkhEXxmSaemyYyU8zGtzAB0SrbrOjPhME6WegugghavJT2PgJ5d3TwZZFW&amp;__tn__=K-R\" class=\"profileLink\" data-hovercard=\"\/ajax\/hovercard\/page.php?id=1963008420590538&amp;extragetparams=%7B%22fref%22%3A%22mentions%22%7D\" data-hovercard-prefer-more-content-show=\"1\" rel=\"external\">Aurelia Sanchez Navarro<\/a>.<\/span><\/p>\n<p><span>\u00a0<\/span><img decoding=\"async\" loading=\"lazy\" class=\"alignnone size-medium wp-image-303\" src=\"http:\/\/clm-inclusiva.org\/wp-content\/uploads\/2018\/09\/albacete-2-300x225.jpg\" alt=\"\" width=\"300\" height=\"225\" srcset=\"http:\/\/clm-inclusiva.org\/wp-content\/uploads\/2018\/09\/albacete-2-300x225.jpg 300w, http:\/\/clm-inclusiva.org\/wp-content\/uploads\/2018\/09\/albacete-2-768x576.jpg 768w, http:\/\/clm-inclusiva.org\/wp-content\/uploads\/2018\/09\/albacete-2.jpg 960w\" sizes=\"(max-width: 300px) 100vw, 300px\" style=\"display: block; margin-left: auto; margin-right: auto;\" \/><span>\u00a0<\/span><img decoding=\"async\" loading=\"lazy\" class=\"alignnone size-medium wp-image-304\" src=\"http:\/\/clm-inclusiva.org\/wp-content\/uploads\/2018\/09\/albacete-3-300x225.jpg\" alt=\"\" width=\"300\" height=\"225\" srcset=\"http:\/\/clm-inclusiva.org\/wp-content\/uploads\/2018\/09\/albacete-3-300x225.jpg 300w, http:\/\/clm-inclusiva.org\/wp-content\/uploads\/2018\/09\/albacete-3-768x576.jpg 768w, http:\/\/clm-inclusiva.org\/wp-content\/uploads\/2018\/09\/albacete-3.jpg 960w\" sizes=\"(max-width: 300px) 100vw, 300px\" style=\"display: block; margin-left: auto; margin-right: auto;\" \/><span>\u00a0<\/span><img decoding=\"async\" loading=\"lazy\" class=\"alignnone size-medium wp-image-305\" src=\"http:\/\/clm-inclusiva.org\/wp-content\/uploads\/2018\/09\/albacete-4-300x225.jpg\" alt=\"\" width=\"300\" height=\"225\" srcset=\"http:\/\/clm-inclusiva.org\/wp-content\/uploads\/2018\/09\/albacete-4-300x225.jpg 300w, http:\/\/clm-inclusiva.org\/wp-content\/uploads\/2018\/09\/albacete-4-768x576.jpg 768w, http:\/\/clm-inclusiva.org\/wp-content\/uploads\/2018\/09\/albacete-4.jpg 960w\" sizes=\"(max-width: 300px) 100vw, 300px\" style=\"display: block; margin-left: auto; margin-right: auto;\" \/><\/p>\n<p>[\/et_pb_text][et_pb_post_nav prev_text=&#8221;Anterior&#8221; next_text=&#8221;Siguiente&#8221; _builder_version=&#8221;3.22.4&#8243;][\/et_pb_post_nav][\/et_pb_column][\/et_pb_row][\/et_pb_section]<\/p>\n","protected":false},"excerpt":{"rendered":"<p>[et_pb_section fb_built=&#8221;1&#8243; _builder_version=&#8221;3.22.4&#8243; custom_padding=&#8221;0px||2px|||&#8221;][et_pb_row custom_padding=&#8221;|||||&#8221; custom_margin=&#8221;|||||&#8221; _builder_version=&#8221;3.25&#8243; background_size=&#8221;initial&#8221; background_position=&#8221;top_left&#8221; background_repeat=&#8221;repeat&#8221;][et_pb_column type=&#8221;4_4&#8243; _builder_version=&#8221;3.25&#8243; custom_padding=&#8221;|||&#8221; custom_padding__hover=&#8221;|||&#8221;][et_pb_text _builder_version=&#8221;3.22.4&#8243; text_font=&#8221;||||||||&#8221; text_orientation=&#8221;justified&#8221; custom_margin=&#8221;10px|||||&#8221;] Hoy celebramos el D\u00eda de la Discapacidad con el resto del movimiento asociativo, las instituciones y el resto de la sociedad en la Feria de Albacete. Celebrando lo mucho conseguido y recordando lo mucho por realizar. Nuestro [&hellip;]<\/p>\n","protected":false},"author":1,"featured_media":302,"comment_status":"closed","ping_status":"closed","sticky":false,"template":"","format":"standard","meta":{"_et_pb_use_builder":"on","_et_pb_old_content":"\t\t\t\t[responsivevoice_button voice=\"Spanish Female\" buttontext=\"Reproducir\"]\r\n<div class=\"document-page\" data-page=\"1\">\r\n<div class=\"pdf-page\">\r\n<div class=\"text-wrapper user-select-text\">\r\n<p style=\"text-align: justify;\"><span style=\"color: #000000;\">Hoy celebramos el D\u00eda de la Discapacidad con el resto del movimiento asociativo, las instituciones y el resto de la sociedad en la Feria de Albacete. Celebrando lo mucho conseguido y recordando lo mucho por realizar. Nuestro presidente, Enrique Alarc\u00f3n, nuestro vicepresidente y presidente\u00a0<a class=\"profileLink\" style=\"color: #000000;\" href=\"https:\/\/www.facebook.com\/Cocemfe-Albacete-1013042585517674\/?fref=mentions&__xts__%5B0%5D=68.ARD4KenLnM03tK9Z3RyJx4bHr9KFvlns0j5-nmGyIkQTpfWsC3xO2E-9sgpJh75LfAfgcKGpITgZgLkR_gSFxfKVJdvYBsuY4bLEr7qcSGBAR7G-idb_xvffRBwkhEXxmSaemyYyU8zGtzAB0SrbrOjPhME6WegugghavJT2PgJ5d3TwZZFW&__tn__=K-R\" data-hovercard=\"\/ajax\/hovercard\/page.php?id=1013042585517674&extragetparams=%7B%22fref%22%3A%22mentions%22%7D\" data-hovercard-prefer-more-content-show=\"1\">Cocemfe Albacete<\/a>\u00a0Marcelino Escobar, la secretaria de finanzas y presidenta de\u00a0<a class=\"profileLink\" style=\"color: #000000;\" href=\"https:\/\/www.facebook.com\/PaginaOficialGrupoAmiab\/?fref=mentions&__xts__%5B0%5D=68.ARD4KenLnM03tK9Z3RyJx4bHr9KFvlns0j5-nmGyIkQTpfWsC3xO2E-9sgpJh75LfAfgcKGpITgZgLkR_gSFxfKVJdvYBsuY4bLEr7qcSGBAR7G-idb_xvffRBwkhEXxmSaemyYyU8zGtzAB0SrbrOjPhME6WegugghavJT2PgJ5d3TwZZFW&__tn__=K-R\" data-hovercard=\"\/ajax\/hovercard\/page.php?id=1686535681580508&extragetparams=%7B%22fref%22%3A%22mentions%22%7D\" data-hovercard-prefer-more-content-show=\"1\">Grupo Amiab<\/a>, Encarnaci\u00f3n Rodr\u00edguez, el secretario Francisco Cebri\u00e1n\u00a0<a class=\"profileLink\" style=\"color: #000000;\" href=\"https:\/\/www.facebook.com\/Aidiscam-570582949744457\/?fref=mentions&__xts__%5B0%5D=68.ARD4KenLnM03tK9Z3RyJx4bHr9KFvlns0j5-nmGyIkQTpfWsC3xO2E-9sgpJh75LfAfgcKGpITgZgLkR_gSFxfKVJdvYBsuY4bLEr7qcSGBAR7G-idb_xvffRBwkhEXxmSaemyYyU8zGtzAB0SrbrOjPhME6WegugghavJT2PgJ5d3TwZZFW&__tn__=K-R\" data-hovercard=\"\/ajax\/hovercard\/page.php?id=570582949744457&extragetparams=%7B%22fref%22%3A%22mentions%22%7D\" data-hovercard-prefer-more-content-show=\"1\">Aidiscam<\/a>, junto al equipo t\u00e9cnico han participado en la Marcha, en la lectura del Manifiesto y hemos podido conversar con el presidente\u00a0<a class=\"profileLink\" style=\"color: #000000;\" href=\"https:\/\/www.facebook.com\/emilianogarciapage\/?fref=mentions&__xts__%5B0%5D=68.ARD4KenLnM03tK9Z3RyJx4bHr9KFvlns0j5-nmGyIkQTpfWsC3xO2E-9sgpJh75LfAfgcKGpITgZgLkR_gSFxfKVJdvYBsuY4bLEr7qcSGBAR7G-idb_xvffRBwkhEXxmSaemyYyU8zGtzAB0SrbrOjPhME6WegugghavJT2PgJ5d3TwZZFW&__tn__=K-R\" data-hovercard=\"\/ajax\/hovercard\/page.php?id=131662690193032&extragetparams=%7B%22fref%22%3A%22mentions%22%7D\" data-hovercard-prefer-more-content-show=\"1\">Emiliano Garc\u00eda-Page S\u00e1nchez<\/a>\u00a0y la consejera\u00a0<a id=\"js_19g\" class=\"profileLink\" style=\"color: #000000;\" href=\"https:\/\/www.facebook.com\/Bienestar-Social-CLM-1027251153961022\/?fref=mentions&__xts__%5B0%5D=68.ARD4KenLnM03tK9Z3RyJx4bHr9KFvlns0j5-nmGyIkQTpfWsC3xO2E-9sgpJh75LfAfgcKGpITgZgLkR_gSFxfKVJdvYBsuY4bLEr7qcSGBAR7G-idb_xvffRBwkhEXxmSaemyYyU8zGtzAB0SrbrOjPhME6WegugghavJT2PgJ5d3TwZZFW&__tn__=K-R\" data-hovercard=\"\/ajax\/hovercard\/page.php?id=1027251153961022&extragetparams=%7B%22fref%22%3A%22mentions%22%7D\" data-hovercard-prefer-more-content-show=\"1\" aria-describedby=\"js_19f\" aria-owns=\"\">Bienestar Social CLM<\/a>\u00a0<a class=\"profileLink\" style=\"color: #000000;\" href=\"https:\/\/www.facebook.com\/AureliaSanchezCLM\/?fref=mentions&__xts__%5B0%5D=68.ARD4KenLnM03tK9Z3RyJx4bHr9KFvlns0j5-nmGyIkQTpfWsC3xO2E-9sgpJh75LfAfgcKGpITgZgLkR_gSFxfKVJdvYBsuY4bLEr7qcSGBAR7G-idb_xvffRBwkhEXxmSaemyYyU8zGtzAB0SrbrOjPhME6WegugghavJT2PgJ5d3TwZZFW&__tn__=K-R\" data-hovercard=\"\/ajax\/hovercard\/page.php?id=1963008420590538&extragetparams=%7B%22fref%22%3A%22mentions%22%7D\" data-hovercard-prefer-more-content-show=\"1\">Aurelia Sanchez Navarro<\/a>.<\/span><\/p>\r\n<img class=\"alignnone size-medium wp-image-302\" src=\"http:\/\/127.0.0.1\/wordpress\/wp-content\/uploads\/2018\/09\/albacete-1-300x225.jpg\" alt=\"\" width=\"300\" height=\"225\" \/> <img class=\"alignnone size-medium wp-image-303\" src=\"http:\/\/127.0.0.1\/wordpress\/wp-content\/uploads\/2018\/09\/albacete-2-300x225.jpg\" alt=\"\" width=\"300\" height=\"225\" \/> <img class=\"alignnone size-medium wp-image-304\" src=\"http:\/\/127.0.0.1\/wordpress\/wp-content\/uploads\/2018\/09\/albacete-3-300x225.jpg\" alt=\"\" width=\"300\" height=\"225\" \/> <img class=\"alignnone size-medium wp-image-305\" src=\"http:\/\/127.0.0.1\/wordpress\/wp-content\/uploads\/2018\/09\/albacete-4-300x225.jpg\" alt=\"\" width=\"300\" height=\"225\" \/>\t\t","_et_gb_content_width":"","footnotes":""},"categories":[5,8],"tags":[],"yoast_head":"<!-- This site is optimized with the Yoast SEO plugin v21.3 - https:\/\/yoast.com\/wordpress\/plugins\/seo\/ -->\n<title>Hemos celebrado el D\u00eda de la Discapacidad de la feria de Albacete - Clm-Inclusiva<\/title>\n<meta name=\"robots\" content=\"index, follow, max-snippet:-1, max-image-preview:large, max-video-preview:-1\" \/>\n<link rel=\"canonical\" href=\"https:\/\/clm-inclusiva.org\/?p=301\" \/>\n<meta property=\"og:locale\" content=\"es_ES\" \/>\n<meta property=\"og:type\" content=\"article\" \/>\n<meta property=\"og:title\" content=\"Hemos celebrado el D\u00eda de la Discapacidad de la feria de Albacete - Clm-Inclusiva\" \/>\n<meta property=\"og:description\" content=\"[et_pb_section fb_built=&#8221;1&#8243; _builder_version=&#8221;3.22.4&#8243; custom_padding=&#8221;0px||2px|||&#8221;][et_pb_row custom_padding=&#8221;|||||&#8221; custom_margin=&#8221;|||||&#8221; _builder_version=&#8221;3.25&#8243; background_size=&#8221;initial&#8221; background_position=&#8221;top_left&#8221; background_repeat=&#8221;repeat&#8221;][et_pb_column type=&#8221;4_4&#8243; _builder_version=&#8221;3.25&#8243; custom_padding=&#8221;|||&#8221; custom_padding__hover=&#8221;|||&#8221;][et_pb_text _builder_version=&#8221;3.22.4&#8243; text_font=&#8221;||||||||&#8221; text_orientation=&#8221;justified&#8221; custom_margin=&#8221;10px|||||&#8221;] Hoy celebramos el D\u00eda de la Discapacidad con el resto del movimiento asociativo, las instituciones y el resto de la sociedad en la Feria de Albacete. Celebrando lo mucho conseguido y recordando lo mucho por realizar. Nuestro [&hellip;]\" \/>\n<meta property=\"og:url\" content=\"https:\/\/clm-inclusiva.org\/?p=301\" \/>\n<meta property=\"og:site_name\" content=\"Clm-Inclusiva\" \/>\n<meta property=\"article:publisher\" content=\"https:\/\/www.facebook.com\/castillalamancha.inclusiva\/\" \/>\n<meta property=\"article:published_time\" content=\"2018-09-14T06:53:33+00:00\" \/>\n<meta property=\"article:modified_time\" content=\"2019-06-29T08:16:16+00:00\" \/>\n<meta property=\"og:image\" content=\"https:\/\/clm-inclusiva.org\/wp-content\/uploads\/2018\/09\/albacete-1-1.jpg\" \/>\n\t<meta property=\"og:image:width\" content=\"960\" \/>\n\t<meta property=\"og:image:height\" content=\"720\" \/>\n\t<meta property=\"og:image:type\" content=\"image\/jpeg\" \/>\n<meta name=\"author\" content=\"clm-inclusiva\" \/>\n<meta name=\"twitter:card\" content=\"summary_large_image\" \/>\n<meta name=\"twitter:creator\" content=\"@ClmInclusiva\" \/>\n<meta name=\"twitter:site\" content=\"@ClmInclusiva\" \/>\n<meta name=\"twitter:label1\" content=\"Escrito por\" \/>\n\t<meta name=\"twitter:data1\" content=\"clm-inclusiva\" \/>\n\t<meta name=\"twitter:label2\" content=\"Tiempo de lectura\" \/>\n\t<meta name=\"twitter:data2\" content=\"1 minuto\" \/>\n<script type=\"application\/ld+json\" class=\"yoast-schema-graph\">{\"@context\":\"https:\/\/schema.org\",\"@graph\":[{\"@type\":\"Article\",\"@id\":\"https:\/\/clm-inclusiva.org\/?p=301#article\",\"isPartOf\":{\"@id\":\"https:\/\/clm-inclusiva.org\/?p=301\"},\"author\":{\"name\":\"clm-inclusiva\",\"@id\":\"https:\/\/clm-inclusiva.org\/#\/schema\/person\/0cff84aaa5bb8fd3521c55d1578d902b\"},\"headline\":\"Hemos celebrado el D\u00eda de la Discapacidad de la feria de Albacete\",\"datePublished\":\"2018-09-14T06:53:33+00:00\",\"dateModified\":\"2019-06-29T08:16:16+00:00\",\"mainEntityOfPage\":{\"@id\":\"https:\/\/clm-inclusiva.org\/?p=301\"},\"wordCount\":200,\"publisher\":{\"@id\":\"https:\/\/clm-inclusiva.org\/#organization\"},\"articleSection\":[\"Discapacidad\",\"Sociedad\"],\"inLanguage\":\"es\"},{\"@type\":\"WebPage\",\"@id\":\"https:\/\/clm-inclusiva.org\/?p=301\",\"url\":\"https:\/\/clm-inclusiva.org\/?p=301\",\"name\":\"Hemos celebrado el D\u00eda de la Discapacidad de la feria de Albacete - Clm-Inclusiva\",\"isPartOf\":{\"@id\":\"https:\/\/clm-inclusiva.org\/#website\"},\"datePublished\":\"2018-09-14T06:53:33+00:00\",\"dateModified\":\"2019-06-29T08:16:16+00:00\",\"breadcrumb\":{\"@id\":\"https:\/\/clm-inclusiva.org\/?p=301#breadcrumb\"},\"inLanguage\":\"es\",\"potentialAction\":[{\"@type\":\"ReadAction\",\"target\":[\"https:\/\/clm-inclusiva.org\/?p=301\"]}]},{\"@type\":\"BreadcrumbList\",\"@id\":\"https:\/\/clm-inclusiva.org\/?p=301#breadcrumb\",\"itemListElement\":[{\"@type\":\"ListItem\",\"position\":1,\"name\":\"Portada\",\"item\":\"https:\/\/clm-inclusiva.org\/\"},{\"@type\":\"ListItem\",\"position\":2,\"name\":\"Hemos celebrado el D\u00eda de la Discapacidad de la feria de Albacete\"}]},{\"@type\":\"WebSite\",\"@id\":\"https:\/\/clm-inclusiva.org\/#website\",\"url\":\"https:\/\/clm-inclusiva.org\/\",\"name\":\"Clm-Inclusiva\",\"description\":\"Confederaci\u00f3n de entidades de personas con discapacidad f\u00edsica y org\u00e1nica CLM\",\"publisher\":{\"@id\":\"https:\/\/clm-inclusiva.org\/#organization\"},\"potentialAction\":[{\"@type\":\"SearchAction\",\"target\":{\"@type\":\"EntryPoint\",\"urlTemplate\":\"https:\/\/clm-inclusiva.org\/?s={search_term_string}\"},\"query-input\":\"required name=search_term_string\"}],\"inLanguage\":\"es\"},{\"@type\":\"Organization\",\"@id\":\"https:\/\/clm-inclusiva.org\/#organization\",\"name\":\"Clm-Inclusiva\",\"url\":\"https:\/\/clm-inclusiva.org\/\",\"logo\":{\"@type\":\"ImageObject\",\"inLanguage\":\"es\",\"@id\":\"https:\/\/clm-inclusiva.org\/#\/schema\/logo\/image\/\",\"url\":\"http:\/\/clm-inclusiva.org\/wp-content\/uploads\/2019\/04\/banner-e1533720812836.jpg\",\"contentUrl\":\"http:\/\/clm-inclusiva.org\/wp-content\/uploads\/2019\/04\/banner-e1533720812836.jpg\",\"width\":600,\"height\":332,\"caption\":\"Clm-Inclusiva\"},\"image\":{\"@id\":\"https:\/\/clm-inclusiva.org\/#\/schema\/logo\/image\/\"},\"sameAs\":[\"https:\/\/www.facebook.com\/castillalamancha.inclusiva\/\",\"https:\/\/twitter.com\/ClmInclusiva\"]},{\"@type\":\"Person\",\"@id\":\"https:\/\/clm-inclusiva.org\/#\/schema\/person\/0cff84aaa5bb8fd3521c55d1578d902b\",\"name\":\"clm-inclusiva\",\"image\":{\"@type\":\"ImageObject\",\"inLanguage\":\"es\",\"@id\":\"https:\/\/clm-inclusiva.org\/#\/schema\/person\/image\/\",\"url\":\"https:\/\/secure.gravatar.com\/avatar\/88948567af770dc9cd5597b329011884?s=96&d=blank&r=g\",\"contentUrl\":\"https:\/\/secure.gravatar.com\/avatar\/88948567af770dc9cd5597b329011884?s=96&d=blank&r=g\",\"caption\":\"clm-inclusiva\"},\"sameAs\":[\"http:\/\/clm-inclusiva.org\"],\"url\":\"https:\/\/clm-inclusiva.org\/?author=1\"}]}<\/script>\n<!-- \/ Yoast SEO plugin. -->","yoast_head_json":{"title":"Hemos celebrado el D\u00eda de la Discapacidad de la feria de Albacete - Clm-Inclusiva","robots":{"index":"index","follow":"follow","max-snippet":"max-snippet:-1","max-image-preview":"max-image-preview:large","max-video-preview":"max-video-preview:-1"},"canonical":"https:\/\/clm-inclusiva.org\/?p=301","og_locale":"es_ES","og_type":"article","og_title":"Hemos celebrado el D\u00eda de la Discapacidad de la feria de Albacete - Clm-Inclusiva","og_description":"[et_pb_section fb_built=&#8221;1&#8243; _builder_version=&#8221;3.22.4&#8243; custom_padding=&#8221;0px||2px|||&#8221;][et_pb_row custom_padding=&#8221;|||||&#8221; custom_margin=&#8221;|||||&#8221; _builder_version=&#8221;3.25&#8243; background_size=&#8221;initial&#8221; background_position=&#8221;top_left&#8221; background_repeat=&#8221;repeat&#8221;][et_pb_column type=&#8221;4_4&#8243; _builder_version=&#8221;3.25&#8243; custom_padding=&#8221;|||&#8221; custom_padding__hover=&#8221;|||&#8221;][et_pb_text _builder_version=&#8221;3.22.4&#8243; text_font=&#8221;||||||||&#8221; text_orientation=&#8221;justified&#8221; custom_margin=&#8221;10px|||||&#8221;] Hoy celebramos el D\u00eda de la Discapacidad con el resto del movimiento asociativo, las instituciones y el resto de la sociedad en la Feria de Albacete. Celebrando lo mucho conseguido y recordando lo mucho por realizar. Nuestro [&hellip;]","og_url":"https:\/\/clm-inclusiva.org\/?p=301","og_site_name":"Clm-Inclusiva","article_publisher":"https:\/\/www.facebook.com\/castillalamancha.inclusiva\/","article_published_time":"2018-09-14T06:53:33+00:00","article_modified_time":"2019-06-29T08:16:16+00:00","og_image":[{"width":960,"height":720,"url":"https:\/\/clm-inclusiva.org\/wp-content\/uploads\/2018\/09\/albacete-1-1.jpg","type":"image\/jpeg"}],"author":"clm-inclusiva","twitter_card":"summary_large_image","twitter_creator":"@ClmInclusiva","twitter_site":"@ClmInclusiva","twitter_misc":{"Escrito por":"clm-inclusiva","Tiempo de lectura":"1 minuto"},"schema":{"@context":"https:\/\/schema.org","@graph":[{"@type":"Article","@id":"https:\/\/clm-inclusiva.org\/?p=301#article","isPartOf":{"@id":"https:\/\/clm-inclusiva.org\/?p=301"},"author":{"name":"clm-inclusiva","@id":"https:\/\/clm-inclusiva.org\/#\/schema\/person\/0cff84aaa5bb8fd3521c55d1578d902b"},"headline":"Hemos celebrado el D\u00eda de la Discapacidad de la feria de Albacete","datePublished":"2018-09-14T06:53:33+00:00","dateModified":"2019-06-29T08:16:16+00:00","mainEntityOfPage":{"@id":"https:\/\/clm-inclusiva.org\/?p=301"},"wordCount":200,"publisher":{"@id":"https:\/\/clm-inclusiva.org\/#organization"},"articleSection":["Discapacidad","Sociedad"],"inLanguage":"es"},{"@type":"WebPage","@id":"https:\/\/clm-inclusiva.org\/?p=301","url":"https:\/\/clm-inclusiva.org\/?p=301","name":"Hemos celebrado el D\u00eda de la Discapacidad de la feria de Albacete - Clm-Inclusiva","isPartOf":{"@id":"https:\/\/clm-inclusiva.org\/#website"},"datePublished":"2018-09-14T06:53:33+00:00","dateModified":"2019-06-29T08:16:16+00:00","breadcrumb":{"@id":"https:\/\/clm-inclusiva.org\/?p=301#breadcrumb"},"inLanguage":"es","potentialAction":[{"@type":"ReadAction","target":["https:\/\/clm-inclusiva.org\/?p=301"]}]},{"@type":"BreadcrumbList","@id":"https:\/\/clm-inclusiva.org\/?p=301#breadcrumb","itemListElement":[{"@type":"ListItem","position":1,"name":"Portada","item":"https:\/\/clm-inclusiva.org\/"},{"@type":"ListItem","position":2,"name":"Hemos celebrado el D\u00eda de la Discapacidad de la feria de Albacete"}]},{"@type":"WebSite","@id":"https:\/\/clm-inclusiva.org\/#website","url":"https:\/\/clm-inclusiva.org\/","name":"Clm-Inclusiva","description":"Confederaci\u00f3n de entidades de personas con discapacidad f\u00edsica y org\u00e1nica CLM","publisher":{"@id":"https:\/\/clm-inclusiva.org\/#organization"},"potentialAction":[{"@type":"SearchAction","target":{"@type":"EntryPoint","urlTemplate":"https:\/\/clm-inclusiva.org\/?s={search_term_string}"},"query-input":"required name=search_term_string"}],"inLanguage":"es"},{"@type":"Organization","@id":"https:\/\/clm-inclusiva.org\/#organization","name":"Clm-Inclusiva","url":"https:\/\/clm-inclusiva.org\/","logo":{"@type":"ImageObject","inLanguage":"es","@id":"https:\/\/clm-inclusiva.org\/#\/schema\/logo\/image\/","url":"http:\/\/clm-inclusiva.org\/wp-content\/uploads\/2019\/04\/banner-e1533720812836.jpg","contentUrl":"http:\/\/clm-inclusiva.org\/wp-content\/uploads\/2019\/04\/banner-e1533720812836.jpg","width":600,"height":332,"caption":"Clm-Inclusiva"},"image":{"@id":"https:\/\/clm-inclusiva.org\/#\/schema\/logo\/image\/"},"sameAs":["https:\/\/www.facebook.com\/castillalamancha.inclusiva\/","https:\/\/twitter.com\/ClmInclusiva"]},{"@type":"Person","@id":"https:\/\/clm-inclusiva.org\/#\/schema\/person\/0cff84aaa5bb8fd3521c55d1578d902b","name":"clm-inclusiva","image":{"@type":"ImageObject","inLanguage":"es","@id":"https:\/\/clm-inclusiva.org\/#\/schema\/person\/image\/","url":"https:\/\/secure.gravatar.com\/avatar\/88948567af770dc9cd5597b329011884?s=96&d=blank&r=g","contentUrl":"https:\/\/secure.gravatar.com\/avatar\/88948567af770dc9cd5597b329011884?s=96&d=blank&r=g","caption":"clm-inclusiva"},"sameAs":["http:\/\/clm-inclusiva.org"],"url":"https:\/\/clm-inclusiva.org\/?author=1"}]}},"_links":{"self":[{"href":"https:\/\/clm-inclusiva.org\/index.php?rest_route=\/wp\/v2\/posts\/301"}],"collection":[{"href":"https:\/\/clm-inclusiva.org\/index.php?rest_route=\/wp\/v2\/posts"}],"about":[{"href":"https:\/\/clm-inclusiva.org\/index.php?rest_route=\/wp\/v2\/types\/post"}],"author":[{"embeddable":true,"href":"https:\/\/clm-inclusiva.org\/index.php?rest_route=\/wp\/v2\/users\/1"}],"replies":[{"embeddable":true,"href":"https:\/\/clm-inclusiva.org\/index.php?rest_route=%2Fwp%2Fv2%2Fcomments&post=301"}],"version-history":[{"count":2,"href":"https:\/\/clm-inclusiva.org\/index.php?rest_route=\/wp\/v2\/posts\/301\/revisions"}],"predecessor-version":[{"id":2620,"href":"https:\/\/clm-inclusiva.org\/index.php?rest_route=\/wp\/v2\/posts\/301\/revisions\/2620"}],"wp:featuredmedia":[{"embeddable":true,"href":"https:\/\/clm-inclusiva.org\/index.php?rest_route=\/wp\/v2\/media\/302"}],"wp:attachment":[{"href":"https:\/\/clm-inclusiva.org\/index.php?rest_route=%2Fwp%2Fv2%2Fmedia&parent=301"}],"wp:term":[{"taxonomy":"category","embeddable":true,"href":"https:\/\/clm-inclusiva.org\/index.php?rest_route=%2Fwp%2Fv2%2Fcategories&post=301"},{"taxonomy":"post_tag","embeddable":true,"href":"https:\/\/clm-inclusiva.org\/index.php?rest_route=%2Fwp%2Fv2%2Ftags&post=301"}],"curies":[{"name":"wp","href":"https:\/\/api.w.org\/{rel}","templated":true}]}}