{"id":291,"date":"2018-09-13T12:48:18","date_gmt":"2018-09-13T12:48:18","guid":{"rendered":"http:\/\/clm-inclusiva.org\/?p=291"},"modified":"2019-06-29T10:18:52","modified_gmt":"2019-06-29T08:18:52","slug":"la-confederacion-de-entidades-clm-inclusiva-firma-un-acuerdo-de-colaboracion-con-las-empresas-del-grupo-tsd-almida-para-promover-la-insercion-laboral-de-las-personas-con-discapacidad-fisica-y-organica","status":"publish","type":"post","link":"https:\/\/clm-inclusiva.org\/?p=291","title":{"rendered":"La Confederaci\u00f3n de entidades CLM Inclusiva firma un acuerdo de colaboraci\u00f3n con las empresas del grupo TSD Almida para promover la inserci\u00f3n laboral de las personas con discapacidad f\u00edsica y org\u00e1nica en nuestra Regi\u00f3n"},"content":{"rendered":"<p>[et_pb_section fb_built=&#8221;1&#8243; _builder_version=&#8221;3.22.4&#8243; custom_padding=&#8221;0px||2px|||&#8221;][et_pb_row custom_padding=&#8221;|||||&#8221; custom_margin=&#8221;|||||&#8221; _builder_version=&#8221;3.25&#8243; background_size=&#8221;initial&#8221; background_position=&#8221;top_left&#8221; background_repeat=&#8221;repeat&#8221;][et_pb_column type=&#8221;4_4&#8243; _builder_version=&#8221;3.25&#8243; custom_padding=&#8221;|||&#8221; custom_padding__hover=&#8221;|||&#8221;][et_pb_text admin_label=&#8221;Text&#8221; _builder_version=&#8221;3.22.4&#8243; text_font=&#8221;||||||||&#8221; background_size=&#8221;initial&#8221; background_position=&#8221;top_left&#8221; background_repeat=&#8221;repeat&#8221; text_orientation=&#8221;justified&#8221;]<\/p>\n<div class=\"document-page\" data-page=\"1\">\n<div class=\"pdf-page\">\n<div class=\"text-wrapper user-select-text\">\n<div style=\"text-align: justify;\" data-canvas-width=\"126.67199999999998\"><span style=\"color: #000000;\">Enrique Alarc\u00f3n, presidente de la confederaci\u00f3n regional de entidades de\u00a0personas con discapacidad f\u00edsica y org\u00e1nica\u00a0CLM Inclusiva, ha suscrito con el\u00a0grupo\u00a0TSD Almida, un acuerdo para promover la inserci\u00f3n de las personas con discapacidad en las zonas donde se encuentran implantados sus empresas y\u00a0servicios.<\/span><\/div>\n<div data-canvas-width=\"126.67199999999998\"><\/div>\n<div style=\"text-align: justify;\" data-canvas-width=\"71.024\"><\/div>\n<div style=\"text-align: justify;\" data-canvas-width=\"91.87199999999999\"><span style=\"color: #000000;\">TSD Almidaes un grupo compuesto por entre otras por\u00a0Tecnove Security\u00a0S.L<\/span><span style=\"color: #000000;\">.,\u00a0Divisegur S.L.\u00a0y\u00a0TSD Almida People Inclusion, que han estado\u00a0representadas en este acuerdo por sus m\u00e1ximos responsables,\u00a0Adri\u00e1n Navas\u00a0Carramolino,\u00a0Francisco Bola\u00f1os Garc\u00eda-Valdivieso<\/span><\/div>\n<div style=\"text-align: justify;\" data-canvas-width=\"22.528000000000006\"><span style=\"color: #000000;\">, y\u00a0\u00c1ngel Luis Gonz\u00e1lez\u00a0Olivares\u00a0respectivamente.<\/span><\/div>\n<div style=\"text-align: justify;\" data-canvas-width=\"19.344\"><\/div>\n<div style=\"text-align: justify;\" data-canvas-width=\"19.344\"><span style=\"color: #000000;\">El\u00a0Servicio de Intermediaci\u00f3n Laboral de CLM Inclusiva, recurso promovido\u00a0en colaboraci\u00f3n con sus organizaciones y financiado por la\u00a0Junta de\u00a0Comunidades de Castilla-La Mancha\u00a0con\u00a0cargo<\/span><\/div>\n<div style=\"text-align: justify;\" data-canvas-width=\"146.51199999999994\"><span style=\"color: #000000;\">al 0,7 por ciento del\u00a0IRPF y\u00a0la\u00a0Fundaci\u00f3n ONCE, tendr\u00e1 una relaci\u00f3n preferente en los procesos de<\/span><\/div>\n<div style=\"text-align: justify;\" data-canvas-width=\"565.696\"><span style=\"color: #000000;\">selecci\u00f3n para la formaci\u00f3n inicial y acceso al empleo en las empresas del\u00a0grupo. De la misma manera se trabajar\u00e1 de manera conjunta en la\u00a0sensibilizaci\u00f3n y asesoramiento en responsabilidad corporativa a otras\u00a0empresas en materia de inserci\u00f3n laboral de personas con discapacidad en el<\/span><\/div>\n<div style=\"text-align: justify;\" data-canvas-width=\"167.80799999999996\"><span style=\"color: #000000;\">marco de este acuerdo.<\/span><\/div>\n<div style=\"text-align: justify;\" data-canvas-width=\"167.80799999999996\"><\/div>\n<div style=\"text-align: justify;\" data-canvas-width=\"132.192\"><span style=\"color: #000000;\">Tecnove Security\u00a0cuenta con m\u00e1s de 200 empleados y m\u00e1s de 30 ingenieros\u00a0especializados, que desempe\u00f1an su labor en unas modernas instalaciones en\u00a0la ciudadreale\u00f1a poblaci\u00f3n de Herencia, de m\u00e1s de 25.000 metros cuadrados\u00a0de campas, maquinaria de \u00faltima generaci\u00f3n (l\u00e1ser de corte, plegadoras,\u00a0cizallas y robot de soldadura) destinada al remarketing, unidades m\u00f3viles\u00a0(transporte de fondos, defensa, seguridad y emergencia, etc.), as\u00ed como construcci\u00f3n y obra civil.<\/span><\/div>\n<div style=\"text-align: justify;\" data-canvas-width=\"72.688\"><\/div>\n<div style=\"text-align: justify;\" data-canvas-width=\"72.688\"><span style=\"color: #000000;\">Divisegur\u00a0act\u00faa en el \u00e1mbito de la obra civil, realizaci\u00f3n de estructuras\u00a0singulares, cerrajer\u00eda y mantenimiento, reparaci\u00f3n y mantenimiento de\u00a0veh\u00edculos y flotas, y carrozado de veh\u00edculos, realiza trabajos de conservaci\u00f3n en Pol\u00edgonos Industriales, Centros de Ocio, \u00c1reas Empresariales, y las zonas m\u00e1s transitadas de muchas poblaciones repartidas por toda la geograf\u00eda nacional.<\/span><\/div>\n<\/div>\n<\/div>\n<\/div>\n<div class=\"document-page\" data-page=\"2\">\n<div class=\"pdf-page\">\n<div class=\"text-wrapper user-select-text\">\n<div style=\"text-align: justify;\" data-canvas-width=\"163.58399999999997\"><\/div>\n<div style=\"text-align: justify;\" data-canvas-width=\"163.58399999999997\"><span style=\"color: #000000;\">TSD People Inclusion\u00a0realiza asesoramiento a empresas para el cumplimiento\u00a0de las obligaciones legales de responsabilidad social, se ha especializado en la\u00a0contrataci\u00f3n de personal, potenciaci\u00f3n de sus habilidades profesionales, y la\u00a0tecnifiaci\u00f3n profesional a medida teniendo en cuenta perfiles como las\u00a0personas con discapacidad.<\/span><\/div>\n<div style=\"text-align: justify;\" data-canvas-width=\"565.5840000000005\"><\/div>\n<div style=\"text-align: justify;\" data-canvas-width=\"565.5840000000005\"><span style=\"color: #000000;\">En el seno del grupo se han realizado actuaciones elevando la incorporaci\u00f3n\u00a0de personas con discapacidad a la plantilla mediante formaci\u00f3n inicial y\u00a0continua en los \u00e1mbitos de elevada especializaci\u00f3n t\u00e9cnica de las diferentes\u00a0divisiones. Se ha consolidado un modelo de Formaci\u00f3n Profesional Dual\u00a0innovador en el seno del tejido empresarial regional y nacional.<\/span><\/div>\n<div style=\"text-align: justify;\" data-canvas-width=\"565.7120000000007\"><\/div>\n<div style=\"text-align: justify;\" data-canvas-width=\"565.7120000000007\"><span style=\"color: #000000;\">La Confederaci\u00f3n regional de entidades de personas con discapacidad f\u00edsica y\u00a0org\u00e1nica\u00a0, Castilla-La Mancha Inclusiva, agrupa a casi un centenar de\u00a0entidades que representan en torno a 10.000 personas con discapacidad.<\/span><\/div>\n<div style=\"text-align: justify;\" data-canvas-width=\"565.9360000000005\"><\/div>\n<div style=\"text-align: justify;\" data-canvas-width=\"565.9360000000005\"><span style=\"color: #000000;\">Actualmente se encuentra compuesta por cuatro federaciones provinciales,\u00a0COCEMFE Albacete,<\/span><\/div>\n<div style=\"text-align: justify;\" data-canvas-width=\"157.28\"><span style=\"color: #000000;\">COCEMFE Cuenca,\u00a0COCEMFE Guadalajara, COCEMFE Toledo, las entidades regionales\u00a0AFANION\u00a0y<\/span><\/div>\n<div style=\"text-align: justify;\" data-canvas-width=\"78.448\"><span style=\"color: #000000;\">AIDISCAM, y la\u00a0asociaci\u00f3n nacional\u00a0AMIAB.<\/span><\/div>\n<div data-canvas-width=\"8.943999999999999\"><span style=\"color: #000000;\">.<\/span><\/div>\n<div data-canvas-width=\"304.16\"><\/div>\n<\/div>\n<\/div>\n<\/div>\n<p>[\/et_pb_text][et_pb_post_nav prev_text=&#8221;Anterior&#8221; next_text=&#8221;Siguiente&#8221; _builder_version=&#8221;3.22.4&#8243;][\/et_pb_post_nav][\/et_pb_column][\/et_pb_row][\/et_pb_section]<\/p>\n","protected":false},"excerpt":{"rendered":"<p>[et_pb_section fb_built=&#8221;1&#8243; _builder_version=&#8221;3.22.4&#8243; custom_padding=&#8221;0px||2px|||&#8221;][et_pb_row custom_padding=&#8221;|||||&#8221; custom_margin=&#8221;|||||&#8221; _builder_version=&#8221;3.25&#8243; background_size=&#8221;initial&#8221; background_position=&#8221;top_left&#8221; background_repeat=&#8221;repeat&#8221;][et_pb_column type=&#8221;4_4&#8243; _builder_version=&#8221;3.25&#8243; custom_padding=&#8221;|||&#8221; custom_padding__hover=&#8221;|||&#8221;][et_pb_text admin_label=&#8221;Text&#8221; _builder_version=&#8221;3.22.4&#8243; text_font=&#8221;||||||||&#8221; background_size=&#8221;initial&#8221; background_position=&#8221;top_left&#8221; background_repeat=&#8221;repeat&#8221; text_orientation=&#8221;justified&#8221;] Enrique Alarc\u00f3n, presidente de la confederaci\u00f3n regional de entidades de\u00a0personas con discapacidad f\u00edsica y org\u00e1nica\u00a0CLM Inclusiva, ha suscrito con el\u00a0grupo\u00a0TSD Almida, un acuerdo para promover la inserci\u00f3n de las personas con discapacidad en las [&hellip;]<\/p>\n","protected":false},"author":1,"featured_media":292,"comment_status":"closed","ping_status":"closed","sticky":false,"template":"","format":"standard","meta":{"_et_pb_use_builder":"on","_et_pb_old_content":"\t\t\t\t\r\n\t\t\t\t[responsivevoice_button voice=\"Spanish Female\" buttontext=\"Reproducir\"]\r\n<div class=\"document-page\" data-page=\"1\">\r\n<div class=\"pdf-page\">\r\n<div class=\"text-wrapper user-select-text\">\r\n<div style=\"text-align: justify;\" data-canvas-width=\"116.16\"><\/div>\r\n<div style=\"text-align: justify;\" data-canvas-width=\"126.67199999999998\"><span style=\"color: #000000;\">Enrique Alarc\u00f3n, presidente de la confederaci\u00f3n regional de entidades de\u00a0personas con discapacidad f\u00edsica y org\u00e1nica\u00a0CLM Inclusiva, ha suscrito con el\u00a0grupo\u00a0TSD Almida, un acuerdo para promover la inserci\u00f3n de las personas con discapacidad en las zonas donde se encuentran implantados sus empresas y\u00a0servicios.<\/span><\/div>\r\n<div data-canvas-width=\"126.67199999999998\"><\/div>\r\n<div style=\"text-align: justify;\" data-canvas-width=\"71.024\"><\/div>\r\n<div style=\"text-align: justify;\" data-canvas-width=\"91.87199999999999\"><span style=\"color: #000000;\">TSD Almidaes un grupo compuesto por entre otras por\u00a0Tecnove Security\u00a0S.L<\/span><span style=\"color: #000000;\">.,\u00a0Divisegur S.L.\u00a0y\u00a0TSD Almida People Inclusion, que han estado\u00a0representadas en este acuerdo por sus m\u00e1ximos responsables,\u00a0Adri\u00e1n Navas\u00a0Carramolino,\u00a0Francisco Bola\u00f1os Garc\u00eda-Valdivieso<\/span><\/div>\r\n<div style=\"text-align: justify;\" data-canvas-width=\"22.528000000000006\"><span style=\"color: #000000;\">, y\u00a0\u00c1ngel Luis Gonz\u00e1lez\u00a0Olivares\u00a0respectivamente.<\/span><\/div>\r\n<div style=\"text-align: justify;\" data-canvas-width=\"19.344\"><\/div>\r\n<div style=\"text-align: justify;\" data-canvas-width=\"19.344\"><span style=\"color: #000000;\">El\u00a0Servicio de Intermediaci\u00f3n Laboral de CLM Inclusiva, recurso promovido\u00a0en colaboraci\u00f3n con sus organizaciones y financiado por la\u00a0Junta de\u00a0Comunidades de Castilla-La Mancha\u00a0con\u00a0cargo<\/span><\/div>\r\n<div style=\"text-align: justify;\" data-canvas-width=\"146.51199999999994\"><span style=\"color: #000000;\">al 0,7 por ciento del\u00a0IRPF y\u00a0la\u00a0Fundaci\u00f3n ONCE, tendr\u00e1 una relaci\u00f3n preferente en los procesos de<\/span><\/div>\r\n<div style=\"text-align: justify;\" data-canvas-width=\"565.696\"><span style=\"color: #000000;\">selecci\u00f3n para la formaci\u00f3n inicial y acceso al empleo en las empresas del\u00a0grupo. De la misma manera se trabajar\u00e1 de manera conjunta en la\u00a0sensibilizaci\u00f3n y asesoramiento en responsabilidad corporativa a otras\u00a0empresas en materia de inserci\u00f3n laboral de personas con discapacidad en el<\/span><\/div>\r\n<div style=\"text-align: justify;\" data-canvas-width=\"167.80799999999996\"><span style=\"color: #000000;\">marco de este acuerdo.<\/span><\/div>\r\n<div style=\"text-align: justify;\" data-canvas-width=\"167.80799999999996\"><\/div>\r\n<div style=\"text-align: justify;\" data-canvas-width=\"132.192\"><span style=\"color: #000000;\">Tecnove Security\u00a0cuenta con m\u00e1s de 200 empleados y m\u00e1s de 30 ingenieros\u00a0especializados, que desempe\u00f1an su labor en unas modernas instalaciones en\u00a0la ciudadreale\u00f1a poblaci\u00f3n de Herencia, de m\u00e1s de 25.000 metros cuadrados\u00a0de campas, maquinaria de \u00faltima generaci\u00f3n (l\u00e1ser de corte, plegadoras,\u00a0cizallas y robot de soldadura) destinada al remarketing, unidades m\u00f3viles\u00a0(transporte de fondos, defensa, seguridad y emergencia, etc.), as\u00ed como construcci\u00f3n y obra civil.<\/span><\/div>\r\n<div style=\"text-align: justify;\" data-canvas-width=\"72.688\"><\/div>\r\n<div style=\"text-align: justify;\" data-canvas-width=\"72.688\"><span style=\"color: #000000;\">Divisegur\u00a0act\u00faa en el \u00e1mbito de la obra civil, realizaci\u00f3n de estructuras\u00a0singulares, cerrajer\u00eda y mantenimiento, reparaci\u00f3n y mantenimiento de\u00a0veh\u00edculos y flotas, y carrozado de veh\u00edculos, realiza trabajos de conservaci\u00f3n en Pol\u00edgonos Industriales, Centros de Ocio, \u00c1reas Empresariales, y las zonas m\u00e1s transitadas de muchas poblaciones repartidas por toda la geograf\u00eda nacional.<\/span><\/div>\r\n<\/div>\r\n<\/div>\r\n<\/div>\r\n<div class=\"document-page\" data-page=\"2\">\r\n<div class=\"pdf-page\">\r\n<div class=\"text-wrapper user-select-text\">\r\n<div style=\"text-align: justify;\" data-canvas-width=\"163.58399999999997\"><\/div>\r\n<div style=\"text-align: justify;\" data-canvas-width=\"163.58399999999997\"><span style=\"color: #000000;\">TSD People Inclusion\u00a0realiza asesoramiento a empresas para el cumplimiento\u00a0de las obligaciones legales de responsabilidad social, se ha especializado en la\u00a0contrataci\u00f3n de personal, potenciaci\u00f3n de sus habilidades profesionales, y la\u00a0tecnifiaci\u00f3n profesional a medida teniendo en cuenta perfiles como las\u00a0personas con discapacidad.<\/span><\/div>\r\n<div style=\"text-align: justify;\" data-canvas-width=\"565.5840000000005\"><\/div>\r\n<div style=\"text-align: justify;\" data-canvas-width=\"565.5840000000005\"><span style=\"color: #000000;\">En el seno del grupo se han realizado actuaciones elevando la incorporaci\u00f3n\u00a0de personas con discapacidad a la plantilla mediante formaci\u00f3n inicial y\u00a0continua en los \u00e1mbitos de elevada especializaci\u00f3n t\u00e9cnica de las diferentes\u00a0divisiones. Se ha consolidado un modelo de Formaci\u00f3n Profesional Dual\u00a0innovador en el seno del tejido empresarial regional y nacional.<\/span><\/div>\r\n<div style=\"text-align: justify;\" data-canvas-width=\"565.7120000000007\"><\/div>\r\n<div style=\"text-align: justify;\" data-canvas-width=\"565.7120000000007\"><span style=\"color: #000000;\">La Confederaci\u00f3n regional de entidades de personas con discapacidad f\u00edsica y\u00a0org\u00e1nica\u00a0, Castilla-La Mancha Inclusiva, agrupa a casi un centenar de\u00a0entidades que representan en torno a 10.000 personas con discapacidad.<\/span><\/div>\r\n<div style=\"text-align: justify;\" data-canvas-width=\"565.9360000000005\"><\/div>\r\n<div style=\"text-align: justify;\" data-canvas-width=\"565.9360000000005\"><span style=\"color: #000000;\">Actualmente se encuentra compuesta por cuatro federaciones provinciales,\u00a0COCEMFE Albacete,<\/span><\/div>\r\n<div style=\"text-align: justify;\" data-canvas-width=\"157.28\"><span style=\"color: #000000;\">COCEMFE Cuenca,\u00a0COCEMFE Guadalajara, COCEMFE Toledo, las entidades regionales\u00a0AFANION\u00a0y<\/span><\/div>\r\n<div style=\"text-align: justify;\" data-canvas-width=\"78.448\"><span style=\"color: #000000;\">AIDISCAM, y la\u00a0asociaci\u00f3n nacional\u00a0AMIAB.<\/span><\/div>\r\n<div style=\"text-align: justify;\" data-canvas-width=\"78.448\"><span style=\"color: #000000;\"><img class=\"size-medium wp-image-292\" src=\"http:\/\/127.0.0.1\/wordpress\/wp-content\/uploads\/2018\/09\/Firma-Acuerdo-TSD-Almida-300x155.jpg\" alt=\"\" width=\"300\" height=\"155\" \/><\/span><\/div>\r\n<div data-canvas-width=\"8.943999999999999\"><span style=\"color: #000000;\">.<\/span><\/div>\r\n<div data-canvas-width=\"304.16\"><\/div>\r\n<\/div>\r\n<\/div>\r\n<\/div>\t\t\t\t","_et_gb_content_width":"","footnotes":""},"categories":[5,6],"tags":[],"yoast_head":"<!-- This site is optimized with the Yoast SEO plugin v21.3 - https:\/\/yoast.com\/wordpress\/plugins\/seo\/ -->\n<title>La Confederaci\u00f3n de entidades CLM Inclusiva firma un acuerdo de colaboraci\u00f3n con las empresas del grupo TSD Almida para promover la inserci\u00f3n laboral de las personas con discapacidad f\u00edsica y org\u00e1nica en nuestra Regi\u00f3n - Clm-Inclusiva<\/title>\n<meta name=\"robots\" content=\"index, follow, max-snippet:-1, max-image-preview:large, max-video-preview:-1\" \/>\n<link rel=\"canonical\" href=\"https:\/\/clm-inclusiva.org\/?p=291\" \/>\n<meta property=\"og:locale\" content=\"es_ES\" \/>\n<meta property=\"og:type\" content=\"article\" \/>\n<meta property=\"og:title\" content=\"La Confederaci\u00f3n de entidades CLM Inclusiva firma un acuerdo de colaboraci\u00f3n con las empresas del grupo TSD Almida para promover la inserci\u00f3n laboral de las personas con discapacidad f\u00edsica y org\u00e1nica en nuestra Regi\u00f3n - Clm-Inclusiva\" \/>\n<meta property=\"og:description\" content=\"[et_pb_section fb_built=&#8221;1&#8243; _builder_version=&#8221;3.22.4&#8243; custom_padding=&#8221;0px||2px|||&#8221;][et_pb_row custom_padding=&#8221;|||||&#8221; custom_margin=&#8221;|||||&#8221; _builder_version=&#8221;3.25&#8243; background_size=&#8221;initial&#8221; background_position=&#8221;top_left&#8221; background_repeat=&#8221;repeat&#8221;][et_pb_column type=&#8221;4_4&#8243; _builder_version=&#8221;3.25&#8243; custom_padding=&#8221;|||&#8221; custom_padding__hover=&#8221;|||&#8221;][et_pb_text admin_label=&#8221;Text&#8221; _builder_version=&#8221;3.22.4&#8243; text_font=&#8221;||||||||&#8221; background_size=&#8221;initial&#8221; background_position=&#8221;top_left&#8221; background_repeat=&#8221;repeat&#8221; text_orientation=&#8221;justified&#8221;] Enrique Alarc\u00f3n, presidente de la confederaci\u00f3n regional de entidades de\u00a0personas con discapacidad f\u00edsica y org\u00e1nica\u00a0CLM Inclusiva, ha suscrito con el\u00a0grupo\u00a0TSD Almida, un acuerdo para promover la inserci\u00f3n de las personas con discapacidad en las [&hellip;]\" \/>\n<meta property=\"og:url\" content=\"https:\/\/clm-inclusiva.org\/?p=291\" \/>\n<meta property=\"og:site_name\" content=\"Clm-Inclusiva\" \/>\n<meta property=\"article:publisher\" content=\"https:\/\/www.facebook.com\/castillalamancha.inclusiva\/\" \/>\n<meta property=\"article:published_time\" content=\"2018-09-13T12:48:18+00:00\" \/>\n<meta property=\"article:modified_time\" content=\"2019-06-29T08:18:52+00:00\" \/>\n<meta property=\"og:image\" content=\"https:\/\/clm-inclusiva.org\/wp-content\/uploads\/2018\/09\/Firma-Acuerdo-TSD-Almida-1-1024x529.jpg\" \/>\n\t<meta property=\"og:image:width\" content=\"1024\" \/>\n\t<meta property=\"og:image:height\" content=\"529\" \/>\n\t<meta property=\"og:image:type\" content=\"image\/jpeg\" \/>\n<meta name=\"author\" content=\"clm-inclusiva\" \/>\n<meta name=\"twitter:card\" content=\"summary_large_image\" \/>\n<meta name=\"twitter:creator\" content=\"@ClmInclusiva\" \/>\n<meta name=\"twitter:site\" content=\"@ClmInclusiva\" \/>\n<meta name=\"twitter:label1\" content=\"Escrito por\" \/>\n\t<meta name=\"twitter:data1\" content=\"clm-inclusiva\" \/>\n\t<meta name=\"twitter:label2\" content=\"Tiempo de lectura\" \/>\n\t<meta name=\"twitter:data2\" content=\"3 minutos\" \/>\n<script type=\"application\/ld+json\" class=\"yoast-schema-graph\">{\"@context\":\"https:\/\/schema.org\",\"@graph\":[{\"@type\":\"Article\",\"@id\":\"https:\/\/clm-inclusiva.org\/?p=291#article\",\"isPartOf\":{\"@id\":\"https:\/\/clm-inclusiva.org\/?p=291\"},\"author\":{\"name\":\"clm-inclusiva\",\"@id\":\"https:\/\/clm-inclusiva.org\/#\/schema\/person\/0cff84aaa5bb8fd3521c55d1578d902b\"},\"headline\":\"La Confederaci\u00f3n de entidades CLM Inclusiva firma un acuerdo de colaboraci\u00f3n con las empresas del grupo TSD Almida para promover la inserci\u00f3n laboral de las personas con discapacidad f\u00edsica y org\u00e1nica en nuestra Regi\u00f3n\",\"datePublished\":\"2018-09-13T12:48:18+00:00\",\"dateModified\":\"2019-06-29T08:18:52+00:00\",\"mainEntityOfPage\":{\"@id\":\"https:\/\/clm-inclusiva.org\/?p=291\"},\"wordCount\":640,\"publisher\":{\"@id\":\"https:\/\/clm-inclusiva.org\/#organization\"},\"articleSection\":[\"Discapacidad\",\"Empleo\"],\"inLanguage\":\"es\"},{\"@type\":\"WebPage\",\"@id\":\"https:\/\/clm-inclusiva.org\/?p=291\",\"url\":\"https:\/\/clm-inclusiva.org\/?p=291\",\"name\":\"La Confederaci\u00f3n de entidades CLM Inclusiva firma un acuerdo de colaboraci\u00f3n con las empresas del grupo TSD Almida para promover la inserci\u00f3n laboral de las personas con discapacidad f\u00edsica y org\u00e1nica en nuestra Regi\u00f3n - Clm-Inclusiva\",\"isPartOf\":{\"@id\":\"https:\/\/clm-inclusiva.org\/#website\"},\"datePublished\":\"2018-09-13T12:48:18+00:00\",\"dateModified\":\"2019-06-29T08:18:52+00:00\",\"breadcrumb\":{\"@id\":\"https:\/\/clm-inclusiva.org\/?p=291#breadcrumb\"},\"inLanguage\":\"es\",\"potentialAction\":[{\"@type\":\"ReadAction\",\"target\":[\"https:\/\/clm-inclusiva.org\/?p=291\"]}]},{\"@type\":\"BreadcrumbList\",\"@id\":\"https:\/\/clm-inclusiva.org\/?p=291#breadcrumb\",\"itemListElement\":[{\"@type\":\"ListItem\",\"position\":1,\"name\":\"Portada\",\"item\":\"https:\/\/clm-inclusiva.org\/\"},{\"@type\":\"ListItem\",\"position\":2,\"name\":\"La Confederaci\u00f3n de entidades CLM Inclusiva firma un acuerdo de colaboraci\u00f3n con las empresas del grupo TSD Almida para promover la inserci\u00f3n laboral de las personas con discapacidad f\u00edsica y org\u00e1nica en nuestra Regi\u00f3n\"}]},{\"@type\":\"WebSite\",\"@id\":\"https:\/\/clm-inclusiva.org\/#website\",\"url\":\"https:\/\/clm-inclusiva.org\/\",\"name\":\"Clm-Inclusiva\",\"description\":\"Confederaci\u00f3n de entidades de personas con discapacidad f\u00edsica y org\u00e1nica CLM\",\"publisher\":{\"@id\":\"https:\/\/clm-inclusiva.org\/#organization\"},\"potentialAction\":[{\"@type\":\"SearchAction\",\"target\":{\"@type\":\"EntryPoint\",\"urlTemplate\":\"https:\/\/clm-inclusiva.org\/?s={search_term_string}\"},\"query-input\":\"required name=search_term_string\"}],\"inLanguage\":\"es\"},{\"@type\":\"Organization\",\"@id\":\"https:\/\/clm-inclusiva.org\/#organization\",\"name\":\"Clm-Inclusiva\",\"url\":\"https:\/\/clm-inclusiva.org\/\",\"logo\":{\"@type\":\"ImageObject\",\"inLanguage\":\"es\",\"@id\":\"https:\/\/clm-inclusiva.org\/#\/schema\/logo\/image\/\",\"url\":\"http:\/\/clm-inclusiva.org\/wp-content\/uploads\/2019\/04\/banner-e1533720812836.jpg\",\"contentUrl\":\"http:\/\/clm-inclusiva.org\/wp-content\/uploads\/2019\/04\/banner-e1533720812836.jpg\",\"width\":600,\"height\":332,\"caption\":\"Clm-Inclusiva\"},\"image\":{\"@id\":\"https:\/\/clm-inclusiva.org\/#\/schema\/logo\/image\/\"},\"sameAs\":[\"https:\/\/www.facebook.com\/castillalamancha.inclusiva\/\",\"https:\/\/twitter.com\/ClmInclusiva\"]},{\"@type\":\"Person\",\"@id\":\"https:\/\/clm-inclusiva.org\/#\/schema\/person\/0cff84aaa5bb8fd3521c55d1578d902b\",\"name\":\"clm-inclusiva\",\"image\":{\"@type\":\"ImageObject\",\"inLanguage\":\"es\",\"@id\":\"https:\/\/clm-inclusiva.org\/#\/schema\/person\/image\/\",\"url\":\"https:\/\/secure.gravatar.com\/avatar\/88948567af770dc9cd5597b329011884?s=96&d=blank&r=g\",\"contentUrl\":\"https:\/\/secure.gravatar.com\/avatar\/88948567af770dc9cd5597b329011884?s=96&d=blank&r=g\",\"caption\":\"clm-inclusiva\"},\"sameAs\":[\"http:\/\/clm-inclusiva.org\"],\"url\":\"https:\/\/clm-inclusiva.org\/?author=1\"}]}<\/script>\n<!-- \/ Yoast SEO plugin. -->","yoast_head_json":{"title":"La Confederaci\u00f3n de entidades CLM Inclusiva firma un acuerdo de colaboraci\u00f3n con las empresas del grupo TSD Almida para promover la inserci\u00f3n laboral de las personas con discapacidad f\u00edsica y org\u00e1nica en nuestra Regi\u00f3n - Clm-Inclusiva","robots":{"index":"index","follow":"follow","max-snippet":"max-snippet:-1","max-image-preview":"max-image-preview:large","max-video-preview":"max-video-preview:-1"},"canonical":"https:\/\/clm-inclusiva.org\/?p=291","og_locale":"es_ES","og_type":"article","og_title":"La Confederaci\u00f3n de entidades CLM Inclusiva firma un acuerdo de colaboraci\u00f3n con las empresas del grupo TSD Almida para promover la inserci\u00f3n laboral de las personas con discapacidad f\u00edsica y org\u00e1nica en nuestra Regi\u00f3n - Clm-Inclusiva","og_description":"[et_pb_section fb_built=&#8221;1&#8243; _builder_version=&#8221;3.22.4&#8243; custom_padding=&#8221;0px||2px|||&#8221;][et_pb_row custom_padding=&#8221;|||||&#8221; custom_margin=&#8221;|||||&#8221; _builder_version=&#8221;3.25&#8243; background_size=&#8221;initial&#8221; background_position=&#8221;top_left&#8221; background_repeat=&#8221;repeat&#8221;][et_pb_column type=&#8221;4_4&#8243; _builder_version=&#8221;3.25&#8243; custom_padding=&#8221;|||&#8221; custom_padding__hover=&#8221;|||&#8221;][et_pb_text admin_label=&#8221;Text&#8221; _builder_version=&#8221;3.22.4&#8243; text_font=&#8221;||||||||&#8221; background_size=&#8221;initial&#8221; background_position=&#8221;top_left&#8221; background_repeat=&#8221;repeat&#8221; text_orientation=&#8221;justified&#8221;] Enrique Alarc\u00f3n, presidente de la confederaci\u00f3n regional de entidades de\u00a0personas con discapacidad f\u00edsica y org\u00e1nica\u00a0CLM Inclusiva, ha suscrito con el\u00a0grupo\u00a0TSD Almida, un acuerdo para promover la inserci\u00f3n de las personas con discapacidad en las [&hellip;]","og_url":"https:\/\/clm-inclusiva.org\/?p=291","og_site_name":"Clm-Inclusiva","article_publisher":"https:\/\/www.facebook.com\/castillalamancha.inclusiva\/","article_published_time":"2018-09-13T12:48:18+00:00","article_modified_time":"2019-06-29T08:18:52+00:00","og_image":[{"width":1024,"height":529,"url":"https:\/\/clm-inclusiva.org\/wp-content\/uploads\/2018\/09\/Firma-Acuerdo-TSD-Almida-1-1024x529.jpg","type":"image\/jpeg"}],"author":"clm-inclusiva","twitter_card":"summary_large_image","twitter_creator":"@ClmInclusiva","twitter_site":"@ClmInclusiva","twitter_misc":{"Escrito por":"clm-inclusiva","Tiempo de lectura":"3 minutos"},"schema":{"@context":"https:\/\/schema.org","@graph":[{"@type":"Article","@id":"https:\/\/clm-inclusiva.org\/?p=291#article","isPartOf":{"@id":"https:\/\/clm-inclusiva.org\/?p=291"},"author":{"name":"clm-inclusiva","@id":"https:\/\/clm-inclusiva.org\/#\/schema\/person\/0cff84aaa5bb8fd3521c55d1578d902b"},"headline":"La Confederaci\u00f3n de entidades CLM Inclusiva firma un acuerdo de colaboraci\u00f3n con las empresas del grupo TSD Almida para promover la inserci\u00f3n laboral de las personas con discapacidad f\u00edsica y org\u00e1nica en nuestra Regi\u00f3n","datePublished":"2018-09-13T12:48:18+00:00","dateModified":"2019-06-29T08:18:52+00:00","mainEntityOfPage":{"@id":"https:\/\/clm-inclusiva.org\/?p=291"},"wordCount":640,"publisher":{"@id":"https:\/\/clm-inclusiva.org\/#organization"},"articleSection":["Discapacidad","Empleo"],"inLanguage":"es"},{"@type":"WebPage","@id":"https:\/\/clm-inclusiva.org\/?p=291","url":"https:\/\/clm-inclusiva.org\/?p=291","name":"La Confederaci\u00f3n de entidades CLM Inclusiva firma un acuerdo de colaboraci\u00f3n con las empresas del grupo TSD Almida para promover la inserci\u00f3n laboral de las personas con discapacidad f\u00edsica y org\u00e1nica en nuestra Regi\u00f3n - Clm-Inclusiva","isPartOf":{"@id":"https:\/\/clm-inclusiva.org\/#website"},"datePublished":"2018-09-13T12:48:18+00:00","dateModified":"2019-06-29T08:18:52+00:00","breadcrumb":{"@id":"https:\/\/clm-inclusiva.org\/?p=291#breadcrumb"},"inLanguage":"es","potentialAction":[{"@type":"ReadAction","target":["https:\/\/clm-inclusiva.org\/?p=291"]}]},{"@type":"BreadcrumbList","@id":"https:\/\/clm-inclusiva.org\/?p=291#breadcrumb","itemListElement":[{"@type":"ListItem","position":1,"name":"Portada","item":"https:\/\/clm-inclusiva.org\/"},{"@type":"ListItem","position":2,"name":"La Confederaci\u00f3n de entidades CLM Inclusiva firma un acuerdo de colaboraci\u00f3n con las empresas del grupo TSD Almida para promover la inserci\u00f3n laboral de las personas con discapacidad f\u00edsica y org\u00e1nica en nuestra Regi\u00f3n"}]},{"@type":"WebSite","@id":"https:\/\/clm-inclusiva.org\/#website","url":"https:\/\/clm-inclusiva.org\/","name":"Clm-Inclusiva","description":"Confederaci\u00f3n de entidades de personas con discapacidad f\u00edsica y org\u00e1nica CLM","publisher":{"@id":"https:\/\/clm-inclusiva.org\/#organization"},"potentialAction":[{"@type":"SearchAction","target":{"@type":"EntryPoint","urlTemplate":"https:\/\/clm-inclusiva.org\/?s={search_term_string}"},"query-input":"required name=search_term_string"}],"inLanguage":"es"},{"@type":"Organization","@id":"https:\/\/clm-inclusiva.org\/#organization","name":"Clm-Inclusiva","url":"https:\/\/clm-inclusiva.org\/","logo":{"@type":"ImageObject","inLanguage":"es","@id":"https:\/\/clm-inclusiva.org\/#\/schema\/logo\/image\/","url":"http:\/\/clm-inclusiva.org\/wp-content\/uploads\/2019\/04\/banner-e1533720812836.jpg","contentUrl":"http:\/\/clm-inclusiva.org\/wp-content\/uploads\/2019\/04\/banner-e1533720812836.jpg","width":600,"height":332,"caption":"Clm-Inclusiva"},"image":{"@id":"https:\/\/clm-inclusiva.org\/#\/schema\/logo\/image\/"},"sameAs":["https:\/\/www.facebook.com\/castillalamancha.inclusiva\/","https:\/\/twitter.com\/ClmInclusiva"]},{"@type":"Person","@id":"https:\/\/clm-inclusiva.org\/#\/schema\/person\/0cff84aaa5bb8fd3521c55d1578d902b","name":"clm-inclusiva","image":{"@type":"ImageObject","inLanguage":"es","@id":"https:\/\/clm-inclusiva.org\/#\/schema\/person\/image\/","url":"https:\/\/secure.gravatar.com\/avatar\/88948567af770dc9cd5597b329011884?s=96&d=blank&r=g","contentUrl":"https:\/\/secure.gravatar.com\/avatar\/88948567af770dc9cd5597b329011884?s=96&d=blank&r=g","caption":"clm-inclusiva"},"sameAs":["http:\/\/clm-inclusiva.org"],"url":"https:\/\/clm-inclusiva.org\/?author=1"}]}},"_links":{"self":[{"href":"https:\/\/clm-inclusiva.org\/index.php?rest_route=\/wp\/v2\/posts\/291"}],"collection":[{"href":"https:\/\/clm-inclusiva.org\/index.php?rest_route=\/wp\/v2\/posts"}],"about":[{"href":"https:\/\/clm-inclusiva.org\/index.php?rest_route=\/wp\/v2\/types\/post"}],"author":[{"embeddable":true,"href":"https:\/\/clm-inclusiva.org\/index.php?rest_route=\/wp\/v2\/users\/1"}],"replies":[{"embeddable":true,"href":"https:\/\/clm-inclusiva.org\/index.php?rest_route=%2Fwp%2Fv2%2Fcomments&post=291"}],"version-history":[{"count":4,"href":"https:\/\/clm-inclusiva.org\/index.php?rest_route=\/wp\/v2\/posts\/291\/revisions"}],"predecessor-version":[{"id":2623,"href":"https:\/\/clm-inclusiva.org\/index.php?rest_route=\/wp\/v2\/posts\/291\/revisions\/2623"}],"wp:featuredmedia":[{"embeddable":true,"href":"https:\/\/clm-inclusiva.org\/index.php?rest_route=\/wp\/v2\/media\/292"}],"wp:attachment":[{"href":"https:\/\/clm-inclusiva.org\/index.php?rest_route=%2Fwp%2Fv2%2Fmedia&parent=291"}],"wp:term":[{"taxonomy":"category","embeddable":true,"href":"https:\/\/clm-inclusiva.org\/index.php?rest_route=%2Fwp%2Fv2%2Fcategories&post=291"},{"taxonomy":"post_tag","embeddable":true,"href":"https:\/\/clm-inclusiva.org\/index.php?rest_route=%2Fwp%2Fv2%2Ftags&post=291"}],"curies":[{"name":"wp","href":"https:\/\/api.w.org\/{rel}","templated":true}]}}