{"id":288,"date":"2018-09-12T10:24:33","date_gmt":"2018-09-12T10:24:33","guid":{"rendered":"http:\/\/clm-inclusiva.org\/?p=288"},"modified":"2019-06-29T10:22:56","modified_gmt":"2019-06-29T08:22:56","slug":"adif-instalara-ascensores-en-en-la-estacion-de-cercanias-de-recoletos-de-madrid-para-dotarla-de-accesibilidad","status":"publish","type":"post","link":"https:\/\/clm-inclusiva.org\/?p=288","title":{"rendered":"ADIF INSTALAR\u00c1 ASCENSORES EN EN LA ESTACI\u00d3N DE CERCAN\u00cdAS DE RECOLETOS DE MADRID PARA DOTARLA DE ACCESIBILIDAD"},"content":{"rendered":"<p>[et_pb_section fb_built=&#8221;1&#8243; _builder_version=&#8221;3.22.4&#8243; custom_padding=&#8221;0px||2px|||&#8221;][et_pb_row custom_padding=&#8221;|||||&#8221; custom_margin=&#8221;|||||&#8221; _builder_version=&#8221;3.25&#8243; background_size=&#8221;initial&#8221; background_position=&#8221;top_left&#8221; background_repeat=&#8221;repeat&#8221;][et_pb_column type=&#8221;4_4&#8243; _builder_version=&#8221;3.25&#8243; custom_padding=&#8221;|||&#8221; custom_padding__hover=&#8221;|||&#8221;][et_pb_text admin_label=&#8221;Text&#8221; _builder_version=&#8221;3.0.74&#8243; background_size=&#8221;initial&#8221; background_position=&#8221;top_left&#8221; background_repeat=&#8221;repeat&#8221; custom_padding=&#8221;||0px|||&#8221;]<\/p>\n<p style=\"text-align: justify;\"><span style=\"color: #000000;\">El Administrador de Infraestructuras Ferroviarias (ADIF) pondr\u00e1 en marcha obras de reforma en la estaci\u00f3n de cercan\u00edas de Recoletos de Madrid con el fin de garantizar su plena accesibilidad, con medidas como la instalaci\u00f3n de ascensores.<\/span><\/p>\n<p style=\"text-align: justify;\"><span style=\"color: #000000;\">Esta es una de las actuaciones previstas por ADIF en la licitaci\u00f3n de las obras que el operador ha publicado con el fin de dotar de accesibilidad a la estaci\u00f3n y mejorar las condiciones de evacuaci\u00f3n en caso de emergencia.<\/span><\/p>\n<p style=\"text-align: justify;\"><span style=\"color: #000000;\">Las obras cuentan con un presupuesto de 6,25 millones de euros, y las empresas interesadas puedan presentarse al concurso antes del 18 de septiembre. El plazo de ejecuci\u00f3n y entrega previsto es de 19 meses.<\/span><\/p>\n<p style=\"text-align: justify;\"><span style=\"color: #000000;\">De este modo, se atiende una reivindicaci\u00f3n que el Comit\u00e9 Espa\u00f1ol de Representantes de Personas con Discapacidad (Cermi) ha planteado reiteradamente con el fin de que las personas con discapacidad no encuentren barreras arquitect\u00f3nicas en la estaci\u00f3n de Recoletos de la capital.<\/span><\/p>\n<p style=\"text-align: justify;\"><span style=\"color: #000000;\">En su denuncia, el Cermi indicaba que esta estaci\u00f3n ferroviaria, neur\u00e1lgica en la red de Madrid, carec\u00eda \u201cabsolutamente de condiciones de accesibilidad, lo que discrimina a las personas con discapacidad y mayores, e incumple el plazo legal que Espa\u00f1a se dio en 2003 para que todos los entornos, servicios y bienes de inter\u00e9s fueran plenamente accesibles antes del 4 de diciembre de 2017\u201d.<\/span><\/p>\n<p style=\"text-align: justify;\"><span style=\"color: #000000;\">Seg\u00fan ADIF, en materia de accesibilidad, est\u00e1 prevista, entre otras actuaciones, la instalaci\u00f3n de un ascensor que conecte el nivel de calle con el vest\u00edbulo y otros dos que unan el nivel del vest\u00edbulo y los andenes.<\/span><\/p>\n<p style=\"text-align: justify;\"><span style=\"color: #000000;\">La adaptaci\u00f3n de las escaleras de acceso exterior y entre niveles interiores, galer\u00edas y pasillos; la mejora de las condiciones de iluminaci\u00f3n, y la incorporaci\u00f3n de la se\u00f1alizaci\u00f3n tacto-visual y el encaminamiento de recorridos son otras de las reformas previstas en materia de accesibilidad universal.<\/span><\/p>\n<p style=\"text-align: justify;\"><span style=\"color: #000000;\">Por \u00faltimo, en relaci\u00f3n con la mejora de las condiciones de evacuaci\u00f3n, se prev\u00e9 la apertura y acondicionamiento de las salidas actualmente clausuradas a las calles Salustiano, Ol\u00f3zaga y B\u00e1rbara de Braganza como salidas de emergencia.<\/span><\/p>\n<p>&nbsp;<\/p>\n<p>[\/et_pb_text][et_pb_post_nav prev_text=&#8221;Anterior&#8221; next_text=&#8221;Siguiente&#8221; _builder_version=&#8221;3.22.4&#8243;][\/et_pb_post_nav][\/et_pb_column][\/et_pb_row][\/et_pb_section]<\/p>\n","protected":false},"excerpt":{"rendered":"<p>[et_pb_section fb_built=&#8221;1&#8243; _builder_version=&#8221;3.22.4&#8243; custom_padding=&#8221;0px||2px|||&#8221;][et_pb_row custom_padding=&#8221;|||||&#8221; custom_margin=&#8221;|||||&#8221; _builder_version=&#8221;3.25&#8243; background_size=&#8221;initial&#8221; background_position=&#8221;top_left&#8221; background_repeat=&#8221;repeat&#8221;][et_pb_column type=&#8221;4_4&#8243; _builder_version=&#8221;3.25&#8243; custom_padding=&#8221;|||&#8221; custom_padding__hover=&#8221;|||&#8221;][et_pb_text admin_label=&#8221;Text&#8221; _builder_version=&#8221;3.0.74&#8243; background_size=&#8221;initial&#8221; background_position=&#8221;top_left&#8221; background_repeat=&#8221;repeat&#8221; custom_padding=&#8221;||0px|||&#8221;] El Administrador de Infraestructuras Ferroviarias (ADIF) pondr\u00e1 en marcha obras de reforma en la estaci\u00f3n de cercan\u00edas de Recoletos de Madrid con el fin de garantizar su plena accesibilidad, con medidas como la instalaci\u00f3n de [&hellip;]<\/p>\n","protected":false},"author":1,"featured_media":289,"comment_status":"closed","ping_status":"closed","sticky":false,"template":"","format":"standard","meta":{"_et_pb_use_builder":"on","_et_pb_old_content":"\t\t\t\t<p style=\"text-align: justify;\"><span style=\"color: #000000;\">El Administrador de Infraestructuras Ferroviarias (ADIF) pondr\u00e1 en marcha obras de reforma en la estaci\u00f3n de cercan\u00edas de Recoletos de Madrid con el fin de garantizar su plena accesibilidad, con medidas como la instalaci\u00f3n de ascensores.<\/span><\/p>\r\n<p style=\"text-align: justify;\"><span style=\"color: #000000;\">Esta es una de las actuaciones previstas por ADIF en la licitaci\u00f3n de las obras que el operador ha publicado con el fin de dotar de accesibilidad a la estaci\u00f3n y mejorar las condiciones de evacuaci\u00f3n en caso de emergencia.<\/span><\/p>\r\n<p style=\"text-align: justify;\"><span style=\"color: #000000;\">Las obras cuentan con un presupuesto de 6,25 millones de euros, y las empresas interesadas puedan presentarse al concurso antes del 18 de septiembre. El plazo de ejecuci\u00f3n y entrega previsto es de 19 meses.<\/span><\/p>\r\n<p style=\"text-align: justify;\"><span style=\"color: #000000;\">De este modo, se atiende una reivindicaci\u00f3n que el Comit\u00e9 Espa\u00f1ol de Representantes de Personas con Discapacidad (Cermi) ha planteado reiteradamente con el fin de que las personas con discapacidad no encuentren barreras arquitect\u00f3nicas en la estaci\u00f3n de Recoletos de la capital.<\/span><\/p>\r\n<p style=\"text-align: justify;\"><span style=\"color: #000000;\">En su denuncia, el Cermi indicaba que esta estaci\u00f3n ferroviaria, neur\u00e1lgica en la red de Madrid, carec\u00eda \u201cabsolutamente de condiciones de accesibilidad, lo que discrimina a las personas con discapacidad y mayores, e incumple el plazo legal que Espa\u00f1a se dio en 2003 para que todos los entornos, servicios y bienes de inter\u00e9s fueran plenamente accesibles antes del 4 de diciembre de 2017\u201d.<\/span><\/p>\r\n<p style=\"text-align: justify;\"><span style=\"color: #000000;\">Seg\u00fan ADIF, en materia de accesibilidad, est\u00e1 prevista, entre otras actuaciones, la instalaci\u00f3n de un ascensor que conecte el nivel de calle con el vest\u00edbulo y otros dos que unan el nivel del vest\u00edbulo y los andenes.<\/span><\/p>\r\n<p style=\"text-align: justify;\"><span style=\"color: #000000;\">La adaptaci\u00f3n de las escaleras de acceso exterior y entre niveles interiores, galer\u00edas y pasillos; la mejora de las condiciones de iluminaci\u00f3n, y la incorporaci\u00f3n de la se\u00f1alizaci\u00f3n tacto-visual y el encaminamiento de recorridos son otras de las reformas previstas en materia de accesibilidad universal.<\/span><\/p>\r\n<p style=\"text-align: justify;\"><span style=\"color: #000000;\">Por \u00faltimo, en relaci\u00f3n con la mejora de las condiciones de evacuaci\u00f3n, se prev\u00e9 la apertura y acondicionamiento de las salidas actualmente clausuradas a las calles Salustiano, Ol\u00f3zaga y B\u00e1rbara de Braganza como salidas de emergencia.<\/span><\/p>\r\n<span style=\"color: #000000;\"><img class=\"alignnone size-full wp-image-289 aligncenter\" src=\"http:\/\/127.0.0.1\/wordpress\/wp-content\/uploads\/2018\/09\/TREN.jpg\" alt=\"\" width=\"229\" height=\"220\" \/><\/span>\t\t","_et_gb_content_width":"","footnotes":""},"categories":[2,8],"tags":[],"yoast_head":"<!-- This site is optimized with the Yoast SEO plugin v21.3 - https:\/\/yoast.com\/wordpress\/plugins\/seo\/ -->\n<title>ADIF INSTALAR\u00c1 ASCENSORES EN EN LA ESTACI\u00d3N DE CERCAN\u00cdAS DE RECOLETOS DE MADRID PARA DOTARLA DE ACCESIBILIDAD - Clm-Inclusiva<\/title>\n<meta name=\"robots\" content=\"index, follow, max-snippet:-1, max-image-preview:large, max-video-preview:-1\" \/>\n<link rel=\"canonical\" href=\"https:\/\/clm-inclusiva.org\/?p=288\" \/>\n<meta property=\"og:locale\" content=\"es_ES\" \/>\n<meta property=\"og:type\" content=\"article\" \/>\n<meta property=\"og:title\" content=\"ADIF INSTALAR\u00c1 ASCENSORES EN EN LA ESTACI\u00d3N DE CERCAN\u00cdAS DE RECOLETOS DE MADRID PARA DOTARLA DE ACCESIBILIDAD - Clm-Inclusiva\" \/>\n<meta property=\"og:description\" content=\"[et_pb_section fb_built=&#8221;1&#8243; _builder_version=&#8221;3.22.4&#8243; custom_padding=&#8221;0px||2px|||&#8221;][et_pb_row custom_padding=&#8221;|||||&#8221; custom_margin=&#8221;|||||&#8221; _builder_version=&#8221;3.25&#8243; background_size=&#8221;initial&#8221; background_position=&#8221;top_left&#8221; background_repeat=&#8221;repeat&#8221;][et_pb_column type=&#8221;4_4&#8243; _builder_version=&#8221;3.25&#8243; custom_padding=&#8221;|||&#8221; custom_padding__hover=&#8221;|||&#8221;][et_pb_text admin_label=&#8221;Text&#8221; _builder_version=&#8221;3.0.74&#8243; background_size=&#8221;initial&#8221; background_position=&#8221;top_left&#8221; background_repeat=&#8221;repeat&#8221; custom_padding=&#8221;||0px|||&#8221;] El Administrador de Infraestructuras Ferroviarias (ADIF) pondr\u00e1 en marcha obras de reforma en la estaci\u00f3n de cercan\u00edas de Recoletos de Madrid con el fin de garantizar su plena accesibilidad, con medidas como la instalaci\u00f3n de [&hellip;]\" \/>\n<meta property=\"og:url\" content=\"https:\/\/clm-inclusiva.org\/?p=288\" \/>\n<meta property=\"og:site_name\" content=\"Clm-Inclusiva\" \/>\n<meta property=\"article:publisher\" content=\"https:\/\/www.facebook.com\/castillalamancha.inclusiva\/\" \/>\n<meta property=\"article:published_time\" content=\"2018-09-12T10:24:33+00:00\" \/>\n<meta property=\"article:modified_time\" content=\"2019-06-29T08:22:56+00:00\" \/>\n<meta property=\"og:image\" content=\"https:\/\/clm-inclusiva.org\/wp-content\/uploads\/2018\/09\/TREN-1.jpg\" \/>\n\t<meta property=\"og:image:width\" content=\"229\" \/>\n\t<meta property=\"og:image:height\" content=\"220\" \/>\n\t<meta property=\"og:image:type\" content=\"image\/jpeg\" \/>\n<meta name=\"author\" content=\"clm-inclusiva\" \/>\n<meta name=\"twitter:card\" content=\"summary_large_image\" \/>\n<meta name=\"twitter:creator\" content=\"@ClmInclusiva\" \/>\n<meta name=\"twitter:site\" content=\"@ClmInclusiva\" \/>\n<meta name=\"twitter:label1\" content=\"Escrito por\" \/>\n\t<meta name=\"twitter:data1\" content=\"clm-inclusiva\" \/>\n\t<meta name=\"twitter:label2\" content=\"Tiempo de lectura\" \/>\n\t<meta name=\"twitter:data2\" content=\"2 minutos\" \/>\n<script type=\"application\/ld+json\" class=\"yoast-schema-graph\">{\"@context\":\"https:\/\/schema.org\",\"@graph\":[{\"@type\":\"Article\",\"@id\":\"https:\/\/clm-inclusiva.org\/?p=288#article\",\"isPartOf\":{\"@id\":\"https:\/\/clm-inclusiva.org\/?p=288\"},\"author\":{\"name\":\"clm-inclusiva\",\"@id\":\"https:\/\/clm-inclusiva.org\/#\/schema\/person\/0cff84aaa5bb8fd3521c55d1578d902b\"},\"headline\":\"ADIF INSTALAR\u00c1 ASCENSORES EN EN LA ESTACI\u00d3N DE CERCAN\u00cdAS DE RECOLETOS DE MADRID PARA DOTARLA DE ACCESIBILIDAD\",\"datePublished\":\"2018-09-12T10:24:33+00:00\",\"dateModified\":\"2019-06-29T08:22:56+00:00\",\"mainEntityOfPage\":{\"@id\":\"https:\/\/clm-inclusiva.org\/?p=288\"},\"wordCount\":468,\"publisher\":{\"@id\":\"https:\/\/clm-inclusiva.org\/#organization\"},\"articleSection\":[\"Accesibilidad\",\"Sociedad\"],\"inLanguage\":\"es\"},{\"@type\":\"WebPage\",\"@id\":\"https:\/\/clm-inclusiva.org\/?p=288\",\"url\":\"https:\/\/clm-inclusiva.org\/?p=288\",\"name\":\"ADIF INSTALAR\u00c1 ASCENSORES EN EN LA ESTACI\u00d3N DE CERCAN\u00cdAS DE RECOLETOS DE MADRID PARA DOTARLA DE ACCESIBILIDAD - Clm-Inclusiva\",\"isPartOf\":{\"@id\":\"https:\/\/clm-inclusiva.org\/#website\"},\"datePublished\":\"2018-09-12T10:24:33+00:00\",\"dateModified\":\"2019-06-29T08:22:56+00:00\",\"breadcrumb\":{\"@id\":\"https:\/\/clm-inclusiva.org\/?p=288#breadcrumb\"},\"inLanguage\":\"es\",\"potentialAction\":[{\"@type\":\"ReadAction\",\"target\":[\"https:\/\/clm-inclusiva.org\/?p=288\"]}]},{\"@type\":\"BreadcrumbList\",\"@id\":\"https:\/\/clm-inclusiva.org\/?p=288#breadcrumb\",\"itemListElement\":[{\"@type\":\"ListItem\",\"position\":1,\"name\":\"Portada\",\"item\":\"https:\/\/clm-inclusiva.org\/\"},{\"@type\":\"ListItem\",\"position\":2,\"name\":\"ADIF INSTALAR\u00c1 ASCENSORES EN EN LA ESTACI\u00d3N DE CERCAN\u00cdAS DE RECOLETOS DE MADRID PARA DOTARLA DE ACCESIBILIDAD\"}]},{\"@type\":\"WebSite\",\"@id\":\"https:\/\/clm-inclusiva.org\/#website\",\"url\":\"https:\/\/clm-inclusiva.org\/\",\"name\":\"Clm-Inclusiva\",\"description\":\"Confederaci\u00f3n de entidades de personas con discapacidad f\u00edsica y org\u00e1nica CLM\",\"publisher\":{\"@id\":\"https:\/\/clm-inclusiva.org\/#organization\"},\"potentialAction\":[{\"@type\":\"SearchAction\",\"target\":{\"@type\":\"EntryPoint\",\"urlTemplate\":\"https:\/\/clm-inclusiva.org\/?s={search_term_string}\"},\"query-input\":\"required name=search_term_string\"}],\"inLanguage\":\"es\"},{\"@type\":\"Organization\",\"@id\":\"https:\/\/clm-inclusiva.org\/#organization\",\"name\":\"Clm-Inclusiva\",\"url\":\"https:\/\/clm-inclusiva.org\/\",\"logo\":{\"@type\":\"ImageObject\",\"inLanguage\":\"es\",\"@id\":\"https:\/\/clm-inclusiva.org\/#\/schema\/logo\/image\/\",\"url\":\"http:\/\/clm-inclusiva.org\/wp-content\/uploads\/2019\/04\/banner-e1533720812836.jpg\",\"contentUrl\":\"http:\/\/clm-inclusiva.org\/wp-content\/uploads\/2019\/04\/banner-e1533720812836.jpg\",\"width\":600,\"height\":332,\"caption\":\"Clm-Inclusiva\"},\"image\":{\"@id\":\"https:\/\/clm-inclusiva.org\/#\/schema\/logo\/image\/\"},\"sameAs\":[\"https:\/\/www.facebook.com\/castillalamancha.inclusiva\/\",\"https:\/\/twitter.com\/ClmInclusiva\"]},{\"@type\":\"Person\",\"@id\":\"https:\/\/clm-inclusiva.org\/#\/schema\/person\/0cff84aaa5bb8fd3521c55d1578d902b\",\"name\":\"clm-inclusiva\",\"image\":{\"@type\":\"ImageObject\",\"inLanguage\":\"es\",\"@id\":\"https:\/\/clm-inclusiva.org\/#\/schema\/person\/image\/\",\"url\":\"https:\/\/secure.gravatar.com\/avatar\/88948567af770dc9cd5597b329011884?s=96&d=blank&r=g\",\"contentUrl\":\"https:\/\/secure.gravatar.com\/avatar\/88948567af770dc9cd5597b329011884?s=96&d=blank&r=g\",\"caption\":\"clm-inclusiva\"},\"sameAs\":[\"http:\/\/clm-inclusiva.org\"],\"url\":\"https:\/\/clm-inclusiva.org\/?author=1\"}]}<\/script>\n<!-- \/ Yoast SEO plugin. -->","yoast_head_json":{"title":"ADIF INSTALAR\u00c1 ASCENSORES EN EN LA ESTACI\u00d3N DE CERCAN\u00cdAS DE RECOLETOS DE MADRID PARA DOTARLA DE ACCESIBILIDAD - Clm-Inclusiva","robots":{"index":"index","follow":"follow","max-snippet":"max-snippet:-1","max-image-preview":"max-image-preview:large","max-video-preview":"max-video-preview:-1"},"canonical":"https:\/\/clm-inclusiva.org\/?p=288","og_locale":"es_ES","og_type":"article","og_title":"ADIF INSTALAR\u00c1 ASCENSORES EN EN LA ESTACI\u00d3N DE CERCAN\u00cdAS DE RECOLETOS DE MADRID PARA DOTARLA DE ACCESIBILIDAD - Clm-Inclusiva","og_description":"[et_pb_section fb_built=&#8221;1&#8243; _builder_version=&#8221;3.22.4&#8243; custom_padding=&#8221;0px||2px|||&#8221;][et_pb_row custom_padding=&#8221;|||||&#8221; custom_margin=&#8221;|||||&#8221; _builder_version=&#8221;3.25&#8243; background_size=&#8221;initial&#8221; background_position=&#8221;top_left&#8221; background_repeat=&#8221;repeat&#8221;][et_pb_column type=&#8221;4_4&#8243; _builder_version=&#8221;3.25&#8243; custom_padding=&#8221;|||&#8221; custom_padding__hover=&#8221;|||&#8221;][et_pb_text admin_label=&#8221;Text&#8221; _builder_version=&#8221;3.0.74&#8243; background_size=&#8221;initial&#8221; background_position=&#8221;top_left&#8221; background_repeat=&#8221;repeat&#8221; custom_padding=&#8221;||0px|||&#8221;] El Administrador de Infraestructuras Ferroviarias (ADIF) pondr\u00e1 en marcha obras de reforma en la estaci\u00f3n de cercan\u00edas de Recoletos de Madrid con el fin de garantizar su plena accesibilidad, con medidas como la instalaci\u00f3n de [&hellip;]","og_url":"https:\/\/clm-inclusiva.org\/?p=288","og_site_name":"Clm-Inclusiva","article_publisher":"https:\/\/www.facebook.com\/castillalamancha.inclusiva\/","article_published_time":"2018-09-12T10:24:33+00:00","article_modified_time":"2019-06-29T08:22:56+00:00","og_image":[{"width":229,"height":220,"url":"https:\/\/clm-inclusiva.org\/wp-content\/uploads\/2018\/09\/TREN-1.jpg","type":"image\/jpeg"}],"author":"clm-inclusiva","twitter_card":"summary_large_image","twitter_creator":"@ClmInclusiva","twitter_site":"@ClmInclusiva","twitter_misc":{"Escrito por":"clm-inclusiva","Tiempo de lectura":"2 minutos"},"schema":{"@context":"https:\/\/schema.org","@graph":[{"@type":"Article","@id":"https:\/\/clm-inclusiva.org\/?p=288#article","isPartOf":{"@id":"https:\/\/clm-inclusiva.org\/?p=288"},"author":{"name":"clm-inclusiva","@id":"https:\/\/clm-inclusiva.org\/#\/schema\/person\/0cff84aaa5bb8fd3521c55d1578d902b"},"headline":"ADIF INSTALAR\u00c1 ASCENSORES EN EN LA ESTACI\u00d3N DE CERCAN\u00cdAS DE RECOLETOS DE MADRID PARA DOTARLA DE ACCESIBILIDAD","datePublished":"2018-09-12T10:24:33+00:00","dateModified":"2019-06-29T08:22:56+00:00","mainEntityOfPage":{"@id":"https:\/\/clm-inclusiva.org\/?p=288"},"wordCount":468,"publisher":{"@id":"https:\/\/clm-inclusiva.org\/#organization"},"articleSection":["Accesibilidad","Sociedad"],"inLanguage":"es"},{"@type":"WebPage","@id":"https:\/\/clm-inclusiva.org\/?p=288","url":"https:\/\/clm-inclusiva.org\/?p=288","name":"ADIF INSTALAR\u00c1 ASCENSORES EN EN LA ESTACI\u00d3N DE CERCAN\u00cdAS DE RECOLETOS DE MADRID PARA DOTARLA DE ACCESIBILIDAD - Clm-Inclusiva","isPartOf":{"@id":"https:\/\/clm-inclusiva.org\/#website"},"datePublished":"2018-09-12T10:24:33+00:00","dateModified":"2019-06-29T08:22:56+00:00","breadcrumb":{"@id":"https:\/\/clm-inclusiva.org\/?p=288#breadcrumb"},"inLanguage":"es","potentialAction":[{"@type":"ReadAction","target":["https:\/\/clm-inclusiva.org\/?p=288"]}]},{"@type":"BreadcrumbList","@id":"https:\/\/clm-inclusiva.org\/?p=288#breadcrumb","itemListElement":[{"@type":"ListItem","position":1,"name":"Portada","item":"https:\/\/clm-inclusiva.org\/"},{"@type":"ListItem","position":2,"name":"ADIF INSTALAR\u00c1 ASCENSORES EN EN LA ESTACI\u00d3N DE CERCAN\u00cdAS DE RECOLETOS DE MADRID PARA DOTARLA DE ACCESIBILIDAD"}]},{"@type":"WebSite","@id":"https:\/\/clm-inclusiva.org\/#website","url":"https:\/\/clm-inclusiva.org\/","name":"Clm-Inclusiva","description":"Confederaci\u00f3n de entidades de personas con discapacidad f\u00edsica y org\u00e1nica CLM","publisher":{"@id":"https:\/\/clm-inclusiva.org\/#organization"},"potentialAction":[{"@type":"SearchAction","target":{"@type":"EntryPoint","urlTemplate":"https:\/\/clm-inclusiva.org\/?s={search_term_string}"},"query-input":"required name=search_term_string"}],"inLanguage":"es"},{"@type":"Organization","@id":"https:\/\/clm-inclusiva.org\/#organization","name":"Clm-Inclusiva","url":"https:\/\/clm-inclusiva.org\/","logo":{"@type":"ImageObject","inLanguage":"es","@id":"https:\/\/clm-inclusiva.org\/#\/schema\/logo\/image\/","url":"http:\/\/clm-inclusiva.org\/wp-content\/uploads\/2019\/04\/banner-e1533720812836.jpg","contentUrl":"http:\/\/clm-inclusiva.org\/wp-content\/uploads\/2019\/04\/banner-e1533720812836.jpg","width":600,"height":332,"caption":"Clm-Inclusiva"},"image":{"@id":"https:\/\/clm-inclusiva.org\/#\/schema\/logo\/image\/"},"sameAs":["https:\/\/www.facebook.com\/castillalamancha.inclusiva\/","https:\/\/twitter.com\/ClmInclusiva"]},{"@type":"Person","@id":"https:\/\/clm-inclusiva.org\/#\/schema\/person\/0cff84aaa5bb8fd3521c55d1578d902b","name":"clm-inclusiva","image":{"@type":"ImageObject","inLanguage":"es","@id":"https:\/\/clm-inclusiva.org\/#\/schema\/person\/image\/","url":"https:\/\/secure.gravatar.com\/avatar\/88948567af770dc9cd5597b329011884?s=96&d=blank&r=g","contentUrl":"https:\/\/secure.gravatar.com\/avatar\/88948567af770dc9cd5597b329011884?s=96&d=blank&r=g","caption":"clm-inclusiva"},"sameAs":["http:\/\/clm-inclusiva.org"],"url":"https:\/\/clm-inclusiva.org\/?author=1"}]}},"_links":{"self":[{"href":"https:\/\/clm-inclusiva.org\/index.php?rest_route=\/wp\/v2\/posts\/288"}],"collection":[{"href":"https:\/\/clm-inclusiva.org\/index.php?rest_route=\/wp\/v2\/posts"}],"about":[{"href":"https:\/\/clm-inclusiva.org\/index.php?rest_route=\/wp\/v2\/types\/post"}],"author":[{"embeddable":true,"href":"https:\/\/clm-inclusiva.org\/index.php?rest_route=\/wp\/v2\/users\/1"}],"replies":[{"embeddable":true,"href":"https:\/\/clm-inclusiva.org\/index.php?rest_route=%2Fwp%2Fv2%2Fcomments&post=288"}],"version-history":[{"count":3,"href":"https:\/\/clm-inclusiva.org\/index.php?rest_route=\/wp\/v2\/posts\/288\/revisions"}],"predecessor-version":[{"id":2628,"href":"https:\/\/clm-inclusiva.org\/index.php?rest_route=\/wp\/v2\/posts\/288\/revisions\/2628"}],"wp:featuredmedia":[{"embeddable":true,"href":"https:\/\/clm-inclusiva.org\/index.php?rest_route=\/wp\/v2\/media\/289"}],"wp:attachment":[{"href":"https:\/\/clm-inclusiva.org\/index.php?rest_route=%2Fwp%2Fv2%2Fmedia&parent=288"}],"wp:term":[{"taxonomy":"category","embeddable":true,"href":"https:\/\/clm-inclusiva.org\/index.php?rest_route=%2Fwp%2Fv2%2Fcategories&post=288"},{"taxonomy":"post_tag","embeddable":true,"href":"https:\/\/clm-inclusiva.org\/index.php?rest_route=%2Fwp%2Fv2%2Ftags&post=288"}],"curies":[{"name":"wp","href":"https:\/\/api.w.org\/{rel}","templated":true}]}}