{"id":2877,"date":"2019-07-19T12:48:52","date_gmt":"2019-07-19T10:48:52","guid":{"rendered":"http:\/\/clm-inclusiva.org\/?p=2877"},"modified":"2019-07-19T12:48:58","modified_gmt":"2019-07-19T10:48:58","slug":"la-junta-directiva-del-cermi-clm-aprueba-la-hoja-de-ruta-con-las-prioridades-para-la-nueva-legislatura","status":"publish","type":"post","link":"https:\/\/clm-inclusiva.org\/?p=2877","title":{"rendered":"La Junta directiva del CERMI CLM aprueba la hoja de ruta con las prioridades para la nueva legislatura"},"content":{"rendered":"<p>[et_pb_section fb_built=&#8221;1&#8243; _builder_version=&#8221;3.22.4&#8243; custom_padding=&#8221;0px||2px|||&#8221;][et_pb_row custom_padding=&#8221;|||||&#8221; custom_margin=&#8221;|||||&#8221; _builder_version=&#8221;3.25&#8243; background_size=&#8221;initial&#8221; background_position=&#8221;top_left&#8221; background_repeat=&#8221;repeat&#8221;][et_pb_column type=&#8221;4_4&#8243; _builder_version=&#8221;3.25&#8243; custom_padding=&#8221;|||&#8221; custom_padding__hover=&#8221;|||&#8221;][et_pb_text admin_label=&#8221;Noticia&#8221; _builder_version=&#8221;3.26.2&#8243; text_font=&#8221;||||||||&#8221; background_size=&#8221;initial&#8221; background_position=&#8221;top_left&#8221; background_repeat=&#8221;repeat&#8221; text_orientation=&#8221;justified&#8221; min_height=&#8221;711px&#8221; custom_margin=&#8221;||||false|false&#8221; custom_padding=&#8221;|||||&#8221;]<\/p>\n<p>La Junta Directiva del Comit\u00e9 Espa\u00f1ol de Representantes de Personas con Discapacidad de Castilla-La Mancha (CERMI CLM) ha dise\u00f1ado en su \u00faltima reuni\u00f3n una hoja de ruta en la que se plantean las principales prioridades para ser enviadas al Gobierno regional una vez est\u00e9n conformadas las estructuras de las distintas Consejer\u00edas, que se han publicado en el Documento Oficial de Castilla-La Mancha (DOCM).<\/p>\n<p>Adem\u00e1s, el Comit\u00e9 desea una Legislatura llena de aciertos a las personas responsables de las mismas y espera comenzar a mantener en los pr\u00f3ximos d\u00edas varias reuniones de trabajo sobre las cuestiones aprobadas en la reuni\u00f3n y el dise\u00f1o de la agenda com\u00fan.<\/p>\n<p>Entre los temas m\u00e1s urgentes, destaca la necesidad de cerrar cuanto antes un Acuerdo con el Gobierno regional que garantice las mejoras necesarias en el sistema de atenci\u00f3n a personas con discapacidad, as\u00ed como la estabilidad y sostenibilidad del sector. Esto es especialmente importante en lo relativo al mantenimiento de los centros, recursos y servicios de atenci\u00f3n a personas con discapacidad de la regi\u00f3n que gestionan directamente gran parte de las asociaciones integradas en el CERMI CLM.<\/p>\n<p>En el \u00e1mbito de bienestar social se trasladar\u00e1 la necesidad de desarrollar la Ley 3\/2018 de Protecci\u00f3n y Apoyo Garantizado a las Personas con Discapacidad en CLM; la actualizaci\u00f3n de la normativa y mejoras en la gesti\u00f3n de los Centros Base de la regi\u00f3n; dise\u00f1ar una normativa reguladora de los Servicios de Capacitaci\u00f3n en CLM, y el desarrollo del Cat\u00e1logo de Servicios Sociales, con un Plan Estrat\u00e9gico Regional y el dise\u00f1o de un Mapa de Servicios Sociales acorde a las necesidades actuales de la sociedad y que ponga a las personas en el centro de su desarrollo.<\/p>\n<p>Es relevante tambi\u00e9n el despliegue del Sistema de Promoci\u00f3n de la Autonom\u00eda Personal y atenci\u00f3n a las personas en situaci\u00f3n de Dependencia, con un mayor impulso de la prestaci\u00f3n de asistencia personal, la formaci\u00f3n y el apoyo a las personas cuidadoras en el \u00e1mbito familiar y la revisi\u00f3n de los sistemas de copago del actual sistema.<\/p>\n<p>Otro de los temas principales ser\u00e1 la elaboraci\u00f3n de una norma de referencia que garantice la Atenci\u00f3n Temprana universal y gratuita a todos los ni\u00f1os y ni\u00f1as de la regi\u00f3n de cero a seis a\u00f1os, con la implicaci\u00f3n de todos los departamentos de la administraci\u00f3n en la prestaci\u00f3n de apoyos a estos ni\u00f1os y ni\u00f1as en esas primeras etapas, y la coordinaci\u00f3n con el Tercer Sector Social de la discapacidad.<\/p>\n<p>La accesibilidad debe ser una de las principales l\u00edneas de trabajo y reivindicaci\u00f3n de todo el sector, con la disposici\u00f3n clara de seguir participando y colaborando en el dise\u00f1o del Plan Estrat\u00e9gico de Accesibilidad y una nueva Ley de Accesibilidad en CLM, con la esperanza de que este derecho fundamental sea considerado como una cuesti\u00f3n transversal en todas las \u00e1reas de Gobierno y tenga su reflejo en la creaci\u00f3n de una Direcci\u00f3n General de Accesibilidad.<\/p>\n<p>Para el CERMI CLM, la educaci\u00f3n es un pilar fundamental para el desarrollo y la inclusi\u00f3n de las personas con discapacidad, por lo que en este sentido se mantendr\u00e1n las l\u00edneas de colaboraci\u00f3n con la Consejer\u00eda de Educaci\u00f3n, Cultura y Deportes, para desarrollar una estrategia de educaci\u00f3n inclusiva en CLM y establecer planes para la formaci\u00f3n y capacitaci\u00f3n del profesorado, equipos de orientaci\u00f3n e inspecci\u00f3n educativa\u2026 .Esto es necesario para la inclusi\u00f3n educativa del alumnado con discapacidad en todos los niveles educativos. Adem\u00e1s, la entidad reclama el desarrollo de un Plan de Cultura y Deportes accesibles e inclusivos para todas las personas, entre otras cuestiones.<\/p>\n<p>En materia de empleo, desde CERMI CLM se trasladar\u00e1 la necesidad urgente de dise\u00f1ar, como aparece en el programa electoral del PSOE de CLM, una estrategia regional para favorecer la empleabilidad de las personas con discapacidad en todos los \u00e1mbitos, con medidas de apoyo a la inclusi\u00f3n laboral en el empleo ordinario, y la modificaci\u00f3n de la Ley de Empleo P\u00fablico de Castilla la Mancha, con el fin de incrementar la cuota de reserva para personas con discapacidad del 7% actual al 10%.<\/p>\n<p>La hoja de ruta contempla tambi\u00e9n reclamar el apoyo a los centros Especiales de empleo de iniciativa social y la reserva en la contrataci\u00f3n p\u00fablica de la Administraci\u00f3n regional con estos centros, pasando del 8% al 10%, adapt\u00e1ndose a la nueva Ley de Contratos del Sector P\u00fablico. Asimismo, el CERMI CLM pide reforzar los programas de empleo con apoyo, de fomento del emprendimiento, de acompa\u00f1amiento a las personas trabajadoras aut\u00f3nomas con discapacidad y de apoyo a la Econom\u00eda Social.<\/p>\n<p>En el \u00e1rea de Turismo se trasladar\u00e1 a su responsable la necesidad de realizar un plan de turismo accesible y revisar las actuaciones realizadas en esta \u00e1rea con las organizaciones de la regi\u00f3n, para garantizar que en CLM se tomen las medidas adecuadas sobre accesibilidad universal.<\/p>\n<p>La Junta Directiva del CERMI CLM considera indispensable y urgente que en esta legislatura se genere un marco de cooperaci\u00f3n sociosanitario real y efectivo con una mayor coordinaci\u00f3n entre los departamentos de Sanidad y Bienestar Social, as\u00ed como que se desarrolle adecuadamente el programa de atenci\u00f3n sanitaria preferente programada en lo relativo a las personas con discapacidad en el sistema sanitario, y que se lleve a cabo una evaluaci\u00f3n y mejoras en los sistemas de apoyos a las organizaciones sociosanitarias y de salud mental para garantizar su estabilidad, sostenibilidad y mantenimiento. Se trata de organizaciones que prestan servicios, de los que muchos forman parte de la red p\u00fablica de servicios sociosanitarios.<\/p>\n<p>Es imprescindible tambi\u00e9n que en las grandes obras hospitalarias que se est\u00e1n realizando en la regi\u00f3n, la Accesibilidad Universal y la Movilidad para todas las personas sea un factor esencial a evaluar antes de la apertura de estos recursos, algo que se ha trasladado desde CERMI CLM a los responsables de Sanidad y del SESCAM. Adem\u00e1s, la entidad solicitar\u00e1 conocer in situ las instalaciones del Hospital Universitario de Toledo para poder analizar y evaluar las condiciones de accesibilidad del mismo antes de su apertura.<\/p>\n<p>Desde CERMI CLM se seguir\u00e1 apoyando y colaborando en el programa de Compra Asistida para personas con discapacidad en grandes y medianas superficies en colaboraci\u00f3n con el Departamento de Consumo de CLM.<\/p>\n<p>Con el \u00e1rea de Fomento se hace necesario para CERMI CLM mantener las ayudas y mejoras establecidas en la \u00faltima legislatura para la accesibilidad en las viviendas, apoyo a colectivos sociales que realicen actividades de inter\u00e9s general con la cesi\u00f3n de espacios p\u00fablicos, as\u00ed como las mejoras en el transporte en CLM que garanticen que tanto los autobuses, como las instalaciones auxiliares, estaciones de autobuses, etc., sean plenamente accesibles. La accesibilidad debe estar presente igualmente en todo lo que respecta a la administraci\u00f3n electr\u00f3nica, p\u00e1ginas web, aplicaciones m\u00f3viles que desarrolle la administraci\u00f3n.<\/p>\n<p>En el \u00e1rea de Igualdad, el Comit\u00e9 continuar\u00e1 colaborando con el Instituto de la Mujer y nuestra participaci\u00f3n en el Consejo Regional de la Mujer y se plantear\u00e1 la necesidad de desarrollar un Acuerdo Marco con la Consejer\u00eda de Igualdad para desarrollar los apoyos a las mujeres y ni\u00f1as con discapacidad en CLM y la prevenci\u00f3n de la violencia de g\u00e9nero hacia estas mujeres.<\/p>\n<p>Son muchas las cuestiones que se plantean en esta hoja de ruta del CERMI CLM, y as\u00ed se las iremos trasladando al Gobierno, haciendo especial hincapi\u00e9 en temas transversales, como la Estrategia contra la despoblaci\u00f3n y el apoyo a las personas con discapacidad en el medio rural.<\/p>\n<p>El Desarrollo de la Agenda 2030 en CLM en l\u00ednea con la Convenci\u00f3n de los Derechos de las personas con Discapacidad; una mayor implicaci\u00f3n y participaci\u00f3n del tercer sector en la formulaci\u00f3n de los nuevos programas operativos de Fondo Social Europeo, FEDER y FEADER para el nuevo per\u00edodo 2021-2027, e insistir en la lucha contra el juego ilegal, que sigue utilizando la imagen y se aprovecha de personas con discapacidad y otras personas muy vulnerables son otras de las prioridades de CERMI CLM.<\/p>\n<p>En esta Legislatura, desde CERMI CLM vamos a trabajar dentro de la Mesa del Tercer Sector de CLM en impulsar y promover la aprobaci\u00f3n y desarrollo de la Ley del Tercer Sector de CLM, la creaci\u00f3n de la Comisi\u00f3n de Di\u00e1logo Civil y el Concierto Social, as\u00ed como aspectos relevantes en la posible reforma del Estatuto de Autonom\u00eda de CLM, donde deben consolidarse los Derechos Sociales de las personas con discapacidad y su adaptaci\u00f3n a la Convenci\u00f3n de la ONU sobre los Derechos de las Personas con Discapacidad.<\/p>\n<p>[\/et_pb_text][et_pb_post_nav prev_text=&#8221;Anterior&#8221; next_text=&#8221;Siguiente&#8221; _builder_version=&#8221;3.22.4&#8243;][\/et_pb_post_nav][\/et_pb_column][\/et_pb_row][\/et_pb_section]<\/p>\n","protected":false},"excerpt":{"rendered":"<p>[et_pb_section fb_built=&#8221;1&#8243; _builder_version=&#8221;3.22.4&#8243; custom_padding=&#8221;0px||2px|||&#8221;][et_pb_row custom_padding=&#8221;|||||&#8221; custom_margin=&#8221;|||||&#8221; _builder_version=&#8221;3.25&#8243; background_size=&#8221;initial&#8221; background_position=&#8221;top_left&#8221; background_repeat=&#8221;repeat&#8221;][et_pb_column type=&#8221;4_4&#8243; _builder_version=&#8221;3.25&#8243; custom_padding=&#8221;|||&#8221; custom_padding__hover=&#8221;|||&#8221;][et_pb_text admin_label=&#8221;Noticia&#8221; _builder_version=&#8221;3.26.2&#8243; text_font=&#8221;||||||||&#8221; background_size=&#8221;initial&#8221; background_position=&#8221;top_left&#8221; background_repeat=&#8221;repeat&#8221; text_orientation=&#8221;justified&#8221; min_height=&#8221;711px&#8221; custom_margin=&#8221;||||false|false&#8221; custom_padding=&#8221;|||||&#8221;] La Junta Directiva del Comit\u00e9 Espa\u00f1ol de Representantes de Personas con Discapacidad de Castilla-La Mancha (CERMI CLM) ha dise\u00f1ado en su \u00faltima reuni\u00f3n una hoja de ruta en la que se [&hellip;]<\/p>\n","protected":false},"author":1,"featured_media":2880,"comment_status":"open","ping_status":"open","sticky":false,"template":"","format":"standard","meta":{"_et_pb_use_builder":"on","_et_pb_old_content":"","_et_gb_content_width":"","footnotes":""},"categories":[28],"tags":[],"yoast_head":"<!-- This site is optimized with the Yoast SEO plugin v21.3 - https:\/\/yoast.com\/wordpress\/plugins\/seo\/ -->\n<title>La Junta directiva del CERMI CLM aprueba la hoja de ruta con las prioridades para la nueva legislatura - Clm-Inclusiva<\/title>\n<meta name=\"robots\" content=\"index, follow, max-snippet:-1, max-image-preview:large, max-video-preview:-1\" \/>\n<link rel=\"canonical\" href=\"https:\/\/clm-inclusiva.org\/?p=2877\" \/>\n<meta property=\"og:locale\" content=\"es_ES\" \/>\n<meta property=\"og:type\" content=\"article\" \/>\n<meta property=\"og:title\" content=\"La Junta directiva del CERMI CLM aprueba la hoja de ruta con las prioridades para la nueva legislatura - Clm-Inclusiva\" \/>\n<meta property=\"og:description\" content=\"[et_pb_section fb_built=&#8221;1&#8243; _builder_version=&#8221;3.22.4&#8243; custom_padding=&#8221;0px||2px|||&#8221;][et_pb_row custom_padding=&#8221;|||||&#8221; custom_margin=&#8221;|||||&#8221; _builder_version=&#8221;3.25&#8243; background_size=&#8221;initial&#8221; background_position=&#8221;top_left&#8221; background_repeat=&#8221;repeat&#8221;][et_pb_column type=&#8221;4_4&#8243; _builder_version=&#8221;3.25&#8243; custom_padding=&#8221;|||&#8221; custom_padding__hover=&#8221;|||&#8221;][et_pb_text admin_label=&#8221;Noticia&#8221; _builder_version=&#8221;3.26.2&#8243; text_font=&#8221;||||||||&#8221; background_size=&#8221;initial&#8221; background_position=&#8221;top_left&#8221; background_repeat=&#8221;repeat&#8221; text_orientation=&#8221;justified&#8221; min_height=&#8221;711px&#8221; custom_margin=&#8221;||||false|false&#8221; custom_padding=&#8221;|||||&#8221;] La Junta Directiva del Comit\u00e9 Espa\u00f1ol de Representantes de Personas con Discapacidad de Castilla-La Mancha (CERMI CLM) ha dise\u00f1ado en su \u00faltima reuni\u00f3n una hoja de ruta en la que se [&hellip;]\" \/>\n<meta property=\"og:url\" content=\"https:\/\/clm-inclusiva.org\/?p=2877\" \/>\n<meta property=\"og:site_name\" content=\"Clm-Inclusiva\" \/>\n<meta property=\"article:publisher\" content=\"https:\/\/www.facebook.com\/castillalamancha.inclusiva\/\" \/>\n<meta property=\"article:published_time\" content=\"2019-07-19T10:48:52+00:00\" \/>\n<meta property=\"article:modified_time\" content=\"2019-07-19T10:48:58+00:00\" \/>\n<meta property=\"og:image\" content=\"https:\/\/clm-inclusiva.org\/wp-content\/uploads\/2019\/07\/2222.png\" \/>\n\t<meta property=\"og:image:width\" content=\"640\" \/>\n\t<meta property=\"og:image:height\" content=\"399\" \/>\n\t<meta property=\"og:image:type\" content=\"image\/png\" \/>\n<meta name=\"author\" content=\"clm-inclusiva\" \/>\n<meta name=\"twitter:card\" content=\"summary_large_image\" \/>\n<meta name=\"twitter:creator\" content=\"@ClmInclusiva\" \/>\n<meta name=\"twitter:site\" content=\"@ClmInclusiva\" \/>\n<meta name=\"twitter:label1\" content=\"Escrito por\" \/>\n\t<meta name=\"twitter:data1\" content=\"clm-inclusiva\" \/>\n\t<meta name=\"twitter:label2\" content=\"Tiempo de lectura\" \/>\n\t<meta name=\"twitter:data2\" content=\"8 minutos\" \/>\n<script type=\"application\/ld+json\" class=\"yoast-schema-graph\">{\"@context\":\"https:\/\/schema.org\",\"@graph\":[{\"@type\":\"Article\",\"@id\":\"https:\/\/clm-inclusiva.org\/?p=2877#article\",\"isPartOf\":{\"@id\":\"https:\/\/clm-inclusiva.org\/?p=2877\"},\"author\":{\"name\":\"clm-inclusiva\",\"@id\":\"https:\/\/clm-inclusiva.org\/#\/schema\/person\/0cff84aaa5bb8fd3521c55d1578d902b\"},\"headline\":\"La Junta directiva del CERMI CLM aprueba la hoja de ruta con las prioridades para la nueva legislatura\",\"datePublished\":\"2019-07-19T10:48:52+00:00\",\"dateModified\":\"2019-07-19T10:48:58+00:00\",\"mainEntityOfPage\":{\"@id\":\"https:\/\/clm-inclusiva.org\/?p=2877\"},\"wordCount\":1625,\"commentCount\":0,\"publisher\":{\"@id\":\"https:\/\/clm-inclusiva.org\/#organization\"},\"articleSection\":[\"Cermi\"],\"inLanguage\":\"es\",\"potentialAction\":[{\"@type\":\"CommentAction\",\"name\":\"Comment\",\"target\":[\"https:\/\/clm-inclusiva.org\/?p=2877#respond\"]}]},{\"@type\":\"WebPage\",\"@id\":\"https:\/\/clm-inclusiva.org\/?p=2877\",\"url\":\"https:\/\/clm-inclusiva.org\/?p=2877\",\"name\":\"La Junta directiva del CERMI CLM aprueba la hoja de ruta con las prioridades para la nueva legislatura - Clm-Inclusiva\",\"isPartOf\":{\"@id\":\"https:\/\/clm-inclusiva.org\/#website\"},\"datePublished\":\"2019-07-19T10:48:52+00:00\",\"dateModified\":\"2019-07-19T10:48:58+00:00\",\"breadcrumb\":{\"@id\":\"https:\/\/clm-inclusiva.org\/?p=2877#breadcrumb\"},\"inLanguage\":\"es\",\"potentialAction\":[{\"@type\":\"ReadAction\",\"target\":[\"https:\/\/clm-inclusiva.org\/?p=2877\"]}]},{\"@type\":\"BreadcrumbList\",\"@id\":\"https:\/\/clm-inclusiva.org\/?p=2877#breadcrumb\",\"itemListElement\":[{\"@type\":\"ListItem\",\"position\":1,\"name\":\"Portada\",\"item\":\"https:\/\/clm-inclusiva.org\/\"},{\"@type\":\"ListItem\",\"position\":2,\"name\":\"La Junta directiva del CERMI CLM aprueba la hoja de ruta con las prioridades para la nueva legislatura\"}]},{\"@type\":\"WebSite\",\"@id\":\"https:\/\/clm-inclusiva.org\/#website\",\"url\":\"https:\/\/clm-inclusiva.org\/\",\"name\":\"Clm-Inclusiva\",\"description\":\"Confederaci\u00f3n de entidades de personas con discapacidad f\u00edsica y org\u00e1nica CLM\",\"publisher\":{\"@id\":\"https:\/\/clm-inclusiva.org\/#organization\"},\"potentialAction\":[{\"@type\":\"SearchAction\",\"target\":{\"@type\":\"EntryPoint\",\"urlTemplate\":\"https:\/\/clm-inclusiva.org\/?s={search_term_string}\"},\"query-input\":\"required name=search_term_string\"}],\"inLanguage\":\"es\"},{\"@type\":\"Organization\",\"@id\":\"https:\/\/clm-inclusiva.org\/#organization\",\"name\":\"Clm-Inclusiva\",\"url\":\"https:\/\/clm-inclusiva.org\/\",\"logo\":{\"@type\":\"ImageObject\",\"inLanguage\":\"es\",\"@id\":\"https:\/\/clm-inclusiva.org\/#\/schema\/logo\/image\/\",\"url\":\"http:\/\/clm-inclusiva.org\/wp-content\/uploads\/2019\/04\/banner-e1533720812836.jpg\",\"contentUrl\":\"http:\/\/clm-inclusiva.org\/wp-content\/uploads\/2019\/04\/banner-e1533720812836.jpg\",\"width\":600,\"height\":332,\"caption\":\"Clm-Inclusiva\"},\"image\":{\"@id\":\"https:\/\/clm-inclusiva.org\/#\/schema\/logo\/image\/\"},\"sameAs\":[\"https:\/\/www.facebook.com\/castillalamancha.inclusiva\/\",\"https:\/\/twitter.com\/ClmInclusiva\"]},{\"@type\":\"Person\",\"@id\":\"https:\/\/clm-inclusiva.org\/#\/schema\/person\/0cff84aaa5bb8fd3521c55d1578d902b\",\"name\":\"clm-inclusiva\",\"image\":{\"@type\":\"ImageObject\",\"inLanguage\":\"es\",\"@id\":\"https:\/\/clm-inclusiva.org\/#\/schema\/person\/image\/\",\"url\":\"https:\/\/secure.gravatar.com\/avatar\/88948567af770dc9cd5597b329011884?s=96&d=blank&r=g\",\"contentUrl\":\"https:\/\/secure.gravatar.com\/avatar\/88948567af770dc9cd5597b329011884?s=96&d=blank&r=g\",\"caption\":\"clm-inclusiva\"},\"sameAs\":[\"http:\/\/clm-inclusiva.org\"],\"url\":\"https:\/\/clm-inclusiva.org\/?author=1\"}]}<\/script>\n<!-- \/ Yoast SEO plugin. -->","yoast_head_json":{"title":"La Junta directiva del CERMI CLM aprueba la hoja de ruta con las prioridades para la nueva legislatura - Clm-Inclusiva","robots":{"index":"index","follow":"follow","max-snippet":"max-snippet:-1","max-image-preview":"max-image-preview:large","max-video-preview":"max-video-preview:-1"},"canonical":"https:\/\/clm-inclusiva.org\/?p=2877","og_locale":"es_ES","og_type":"article","og_title":"La Junta directiva del CERMI CLM aprueba la hoja de ruta con las prioridades para la nueva legislatura - Clm-Inclusiva","og_description":"[et_pb_section fb_built=&#8221;1&#8243; _builder_version=&#8221;3.22.4&#8243; custom_padding=&#8221;0px||2px|||&#8221;][et_pb_row custom_padding=&#8221;|||||&#8221; custom_margin=&#8221;|||||&#8221; _builder_version=&#8221;3.25&#8243; background_size=&#8221;initial&#8221; background_position=&#8221;top_left&#8221; background_repeat=&#8221;repeat&#8221;][et_pb_column type=&#8221;4_4&#8243; _builder_version=&#8221;3.25&#8243; custom_padding=&#8221;|||&#8221; custom_padding__hover=&#8221;|||&#8221;][et_pb_text admin_label=&#8221;Noticia&#8221; _builder_version=&#8221;3.26.2&#8243; text_font=&#8221;||||||||&#8221; background_size=&#8221;initial&#8221; background_position=&#8221;top_left&#8221; background_repeat=&#8221;repeat&#8221; text_orientation=&#8221;justified&#8221; min_height=&#8221;711px&#8221; custom_margin=&#8221;||||false|false&#8221; custom_padding=&#8221;|||||&#8221;] La Junta Directiva del Comit\u00e9 Espa\u00f1ol de Representantes de Personas con Discapacidad de Castilla-La Mancha (CERMI CLM) ha dise\u00f1ado en su \u00faltima reuni\u00f3n una hoja de ruta en la que se [&hellip;]","og_url":"https:\/\/clm-inclusiva.org\/?p=2877","og_site_name":"Clm-Inclusiva","article_publisher":"https:\/\/www.facebook.com\/castillalamancha.inclusiva\/","article_published_time":"2019-07-19T10:48:52+00:00","article_modified_time":"2019-07-19T10:48:58+00:00","og_image":[{"width":640,"height":399,"url":"https:\/\/clm-inclusiva.org\/wp-content\/uploads\/2019\/07\/2222.png","type":"image\/png"}],"author":"clm-inclusiva","twitter_card":"summary_large_image","twitter_creator":"@ClmInclusiva","twitter_site":"@ClmInclusiva","twitter_misc":{"Escrito por":"clm-inclusiva","Tiempo de lectura":"8 minutos"},"schema":{"@context":"https:\/\/schema.org","@graph":[{"@type":"Article","@id":"https:\/\/clm-inclusiva.org\/?p=2877#article","isPartOf":{"@id":"https:\/\/clm-inclusiva.org\/?p=2877"},"author":{"name":"clm-inclusiva","@id":"https:\/\/clm-inclusiva.org\/#\/schema\/person\/0cff84aaa5bb8fd3521c55d1578d902b"},"headline":"La Junta directiva del CERMI CLM aprueba la hoja de ruta con las prioridades para la nueva legislatura","datePublished":"2019-07-19T10:48:52+00:00","dateModified":"2019-07-19T10:48:58+00:00","mainEntityOfPage":{"@id":"https:\/\/clm-inclusiva.org\/?p=2877"},"wordCount":1625,"commentCount":0,"publisher":{"@id":"https:\/\/clm-inclusiva.org\/#organization"},"articleSection":["Cermi"],"inLanguage":"es","potentialAction":[{"@type":"CommentAction","name":"Comment","target":["https:\/\/clm-inclusiva.org\/?p=2877#respond"]}]},{"@type":"WebPage","@id":"https:\/\/clm-inclusiva.org\/?p=2877","url":"https:\/\/clm-inclusiva.org\/?p=2877","name":"La Junta directiva del CERMI CLM aprueba la hoja de ruta con las prioridades para la nueva legislatura - Clm-Inclusiva","isPartOf":{"@id":"https:\/\/clm-inclusiva.org\/#website"},"datePublished":"2019-07-19T10:48:52+00:00","dateModified":"2019-07-19T10:48:58+00:00","breadcrumb":{"@id":"https:\/\/clm-inclusiva.org\/?p=2877#breadcrumb"},"inLanguage":"es","potentialAction":[{"@type":"ReadAction","target":["https:\/\/clm-inclusiva.org\/?p=2877"]}]},{"@type":"BreadcrumbList","@id":"https:\/\/clm-inclusiva.org\/?p=2877#breadcrumb","itemListElement":[{"@type":"ListItem","position":1,"name":"Portada","item":"https:\/\/clm-inclusiva.org\/"},{"@type":"ListItem","position":2,"name":"La Junta directiva del CERMI CLM aprueba la hoja de ruta con las prioridades para la nueva legislatura"}]},{"@type":"WebSite","@id":"https:\/\/clm-inclusiva.org\/#website","url":"https:\/\/clm-inclusiva.org\/","name":"Clm-Inclusiva","description":"Confederaci\u00f3n de entidades de personas con discapacidad f\u00edsica y org\u00e1nica CLM","publisher":{"@id":"https:\/\/clm-inclusiva.org\/#organization"},"potentialAction":[{"@type":"SearchAction","target":{"@type":"EntryPoint","urlTemplate":"https:\/\/clm-inclusiva.org\/?s={search_term_string}"},"query-input":"required name=search_term_string"}],"inLanguage":"es"},{"@type":"Organization","@id":"https:\/\/clm-inclusiva.org\/#organization","name":"Clm-Inclusiva","url":"https:\/\/clm-inclusiva.org\/","logo":{"@type":"ImageObject","inLanguage":"es","@id":"https:\/\/clm-inclusiva.org\/#\/schema\/logo\/image\/","url":"http:\/\/clm-inclusiva.org\/wp-content\/uploads\/2019\/04\/banner-e1533720812836.jpg","contentUrl":"http:\/\/clm-inclusiva.org\/wp-content\/uploads\/2019\/04\/banner-e1533720812836.jpg","width":600,"height":332,"caption":"Clm-Inclusiva"},"image":{"@id":"https:\/\/clm-inclusiva.org\/#\/schema\/logo\/image\/"},"sameAs":["https:\/\/www.facebook.com\/castillalamancha.inclusiva\/","https:\/\/twitter.com\/ClmInclusiva"]},{"@type":"Person","@id":"https:\/\/clm-inclusiva.org\/#\/schema\/person\/0cff84aaa5bb8fd3521c55d1578d902b","name":"clm-inclusiva","image":{"@type":"ImageObject","inLanguage":"es","@id":"https:\/\/clm-inclusiva.org\/#\/schema\/person\/image\/","url":"https:\/\/secure.gravatar.com\/avatar\/88948567af770dc9cd5597b329011884?s=96&d=blank&r=g","contentUrl":"https:\/\/secure.gravatar.com\/avatar\/88948567af770dc9cd5597b329011884?s=96&d=blank&r=g","caption":"clm-inclusiva"},"sameAs":["http:\/\/clm-inclusiva.org"],"url":"https:\/\/clm-inclusiva.org\/?author=1"}]}},"_links":{"self":[{"href":"https:\/\/clm-inclusiva.org\/index.php?rest_route=\/wp\/v2\/posts\/2877"}],"collection":[{"href":"https:\/\/clm-inclusiva.org\/index.php?rest_route=\/wp\/v2\/posts"}],"about":[{"href":"https:\/\/clm-inclusiva.org\/index.php?rest_route=\/wp\/v2\/types\/post"}],"author":[{"embeddable":true,"href":"https:\/\/clm-inclusiva.org\/index.php?rest_route=\/wp\/v2\/users\/1"}],"replies":[{"embeddable":true,"href":"https:\/\/clm-inclusiva.org\/index.php?rest_route=%2Fwp%2Fv2%2Fcomments&post=2877"}],"version-history":[{"count":2,"href":"https:\/\/clm-inclusiva.org\/index.php?rest_route=\/wp\/v2\/posts\/2877\/revisions"}],"predecessor-version":[{"id":2881,"href":"https:\/\/clm-inclusiva.org\/index.php?rest_route=\/wp\/v2\/posts\/2877\/revisions\/2881"}],"wp:featuredmedia":[{"embeddable":true,"href":"https:\/\/clm-inclusiva.org\/index.php?rest_route=\/wp\/v2\/media\/2880"}],"wp:attachment":[{"href":"https:\/\/clm-inclusiva.org\/index.php?rest_route=%2Fwp%2Fv2%2Fmedia&parent=2877"}],"wp:term":[{"taxonomy":"category","embeddable":true,"href":"https:\/\/clm-inclusiva.org\/index.php?rest_route=%2Fwp%2Fv2%2Fcategories&post=2877"},{"taxonomy":"post_tag","embeddable":true,"href":"https:\/\/clm-inclusiva.org\/index.php?rest_route=%2Fwp%2Fv2%2Ftags&post=2877"}],"curies":[{"name":"wp","href":"https:\/\/api.w.org\/{rel}","templated":true}]}}