{"id":2791,"date":"2019-07-04T16:25:17","date_gmt":"2019-07-04T14:25:17","guid":{"rendered":"http:\/\/clm-inclusiva.org\/?p=2791"},"modified":"2019-07-04T16:28:18","modified_gmt":"2019-07-04T14:28:18","slug":"la-reina-letizia-visitara-c-lm-la-proxima-semana-para-entregar-los-premios-en-favor-de-la-inclusion-de-la-discapacidad","status":"publish","type":"post","link":"https:\/\/clm-inclusiva.org\/?p=2791","title":{"rendered":"La Reina Letizia visitar\u00e1 C-LM la pr\u00f3xima semana para entregar los premios en favor de la inclusi\u00f3n de la discapacidad"},"content":{"rendered":"<p>[et_pb_section bb_built=&#8221;1&#8243; _builder_version=&#8221;3.22.4&#8243; custom_padding=&#8221;0px||2px|||&#8221;][et_pb_row custom_padding=&#8221;|||||&#8221; custom_margin=&#8221;|||||&#8221; _builder_version=&#8221;3.25&#8243; background_size=&#8221;initial&#8221; background_position=&#8221;top_left&#8221; background_repeat=&#8221;repeat&#8221;][et_pb_column type=&#8221;4_4&#8243; _builder_version=&#8221;3.25&#8243; custom_padding=&#8221;|||&#8221; custom_padding__hover=&#8221;|||&#8221;][et_pb_text admin_label=&#8221;Noticia&#8221; _builder_version=&#8221;3.25.3&#8243; background_size=&#8221;initial&#8221; background_position=&#8221;top_left&#8221; background_repeat=&#8221;repeat&#8221; text_orientation=&#8221;justified&#8221; min_height=&#8221;711px&#8221; custom_margin=&#8221;||||false|false&#8221; custom_padding=&#8221;|||||&#8221; text_text_shadow_horizontal_length=&#8221;text_text_shadow_style,%91object Object%93&#8243; text_text_shadow_horizontal_length_tablet=&#8221;0px&#8221; text_text_shadow_vertical_length=&#8221;text_text_shadow_style,%91object Object%93&#8243; text_text_shadow_vertical_length_tablet=&#8221;0px&#8221; text_text_shadow_blur_strength=&#8221;text_text_shadow_style,%91object Object%93&#8243; text_text_shadow_blur_strength_tablet=&#8221;1px&#8221; link_text_shadow_horizontal_length=&#8221;link_text_shadow_style,%91object Object%93&#8243; link_text_shadow_horizontal_length_tablet=&#8221;0px&#8221; link_text_shadow_vertical_length=&#8221;link_text_shadow_style,%91object Object%93&#8243; link_text_shadow_vertical_length_tablet=&#8221;0px&#8221; link_text_shadow_blur_strength=&#8221;link_text_shadow_style,%91object Object%93&#8243; link_text_shadow_blur_strength_tablet=&#8221;1px&#8221; ul_text_shadow_horizontal_length=&#8221;ul_text_shadow_style,%91object Object%93&#8243; ul_text_shadow_horizontal_length_tablet=&#8221;0px&#8221; ul_text_shadow_vertical_length=&#8221;ul_text_shadow_style,%91object Object%93&#8243; ul_text_shadow_vertical_length_tablet=&#8221;0px&#8221; ul_text_shadow_blur_strength=&#8221;ul_text_shadow_style,%91object Object%93&#8243; ul_text_shadow_blur_strength_tablet=&#8221;1px&#8221; ol_text_shadow_horizontal_length=&#8221;ol_text_shadow_style,%91object Object%93&#8243; ol_text_shadow_horizontal_length_tablet=&#8221;0px&#8221; ol_text_shadow_vertical_length=&#8221;ol_text_shadow_style,%91object Object%93&#8243; ol_text_shadow_vertical_length_tablet=&#8221;0px&#8221; ol_text_shadow_blur_strength=&#8221;ol_text_shadow_style,%91object Object%93&#8243; ol_text_shadow_blur_strength_tablet=&#8221;1px&#8221; quote_text_shadow_horizontal_length=&#8221;quote_text_shadow_style,%91object Object%93&#8243; quote_text_shadow_horizontal_length_tablet=&#8221;0px&#8221; quote_text_shadow_vertical_length=&#8221;quote_text_shadow_style,%91object Object%93&#8243; quote_text_shadow_vertical_length_tablet=&#8221;0px&#8221; quote_text_shadow_blur_strength=&#8221;quote_text_shadow_style,%91object Object%93&#8243; quote_text_shadow_blur_strength_tablet=&#8221;1px&#8221; header_text_shadow_horizontal_length=&#8221;header_text_shadow_style,%91object Object%93&#8243; header_text_shadow_horizontal_length_tablet=&#8221;0px&#8221; header_text_shadow_vertical_length=&#8221;header_text_shadow_style,%91object Object%93&#8243; header_text_shadow_vertical_length_tablet=&#8221;0px&#8221; header_text_shadow_blur_strength=&#8221;header_text_shadow_style,%91object Object%93&#8243; header_text_shadow_blur_strength_tablet=&#8221;1px&#8221; header_2_text_shadow_horizontal_length=&#8221;header_2_text_shadow_style,%91object Object%93&#8243; header_2_text_shadow_horizontal_length_tablet=&#8221;0px&#8221; header_2_text_shadow_vertical_length=&#8221;header_2_text_shadow_style,%91object Object%93&#8243; header_2_text_shadow_vertical_length_tablet=&#8221;0px&#8221; header_2_text_shadow_blur_strength=&#8221;header_2_text_shadow_style,%91object Object%93&#8243; header_2_text_shadow_blur_strength_tablet=&#8221;1px&#8221; header_3_text_shadow_horizontal_length=&#8221;header_3_text_shadow_style,%91object Object%93&#8243; header_3_text_shadow_horizontal_length_tablet=&#8221;0px&#8221; header_3_text_shadow_vertical_length=&#8221;header_3_text_shadow_style,%91object Object%93&#8243; header_3_text_shadow_vertical_length_tablet=&#8221;0px&#8221; header_3_text_shadow_blur_strength=&#8221;header_3_text_shadow_style,%91object Object%93&#8243; header_3_text_shadow_blur_strength_tablet=&#8221;1px&#8221; header_4_text_shadow_horizontal_length=&#8221;header_4_text_shadow_style,%91object Object%93&#8243; header_4_text_shadow_horizontal_length_tablet=&#8221;0px&#8221; header_4_text_shadow_vertical_length=&#8221;header_4_text_shadow_style,%91object Object%93&#8243; header_4_text_shadow_vertical_length_tablet=&#8221;0px&#8221; header_4_text_shadow_blur_strength=&#8221;header_4_text_shadow_style,%91object Object%93&#8243; header_4_text_shadow_blur_strength_tablet=&#8221;1px&#8221; header_5_text_shadow_horizontal_length=&#8221;header_5_text_shadow_style,%91object Object%93&#8243; header_5_text_shadow_horizontal_length_tablet=&#8221;0px&#8221; header_5_text_shadow_vertical_length=&#8221;header_5_text_shadow_style,%91object Object%93&#8243; header_5_text_shadow_vertical_length_tablet=&#8221;0px&#8221; header_5_text_shadow_blur_strength=&#8221;header_5_text_shadow_style,%91object Object%93&#8243; header_5_text_shadow_blur_strength_tablet=&#8221;1px&#8221; header_6_text_shadow_horizontal_length=&#8221;header_6_text_shadow_style,%91object Object%93&#8243; header_6_text_shadow_horizontal_length_tablet=&#8221;0px&#8221; header_6_text_shadow_vertical_length=&#8221;header_6_text_shadow_style,%91object Object%93&#8243; header_6_text_shadow_vertical_length_tablet=&#8221;0px&#8221; header_6_text_shadow_blur_strength=&#8221;header_6_text_shadow_style,%91object Object%93&#8243; header_6_text_shadow_blur_strength_tablet=&#8221;1px&#8221; box_shadow_horizontal_tablet=&#8221;0px&#8221; box_shadow_vertical_tablet=&#8221;0px&#8221; box_shadow_blur_tablet=&#8221;40px&#8221; box_shadow_spread_tablet=&#8221;0px&#8221; divienhancer_set=&#8221;none&#8221; divienhancer_hover_effect=&#8221;none&#8221; divienhancer_modal_overlay=&#8221;#333333&#8243; divienhancer_module_menu_button_background=&#8221;#333333&#8243; divienhancer_module_menu_button_color=&#8221;#ffffff&#8221; z_index_tablet=&#8221;500&#8243;]<\/p>\n<h5><strong>Se trata de los Premios Reina Letizia 2018-2019 del Real Patronato sobre Discapacidad, que tendr\u00e1n lugar en Almagro<\/strong><\/h5>\n<p>Su Majestad la Reina entregar\u00e1 el pr\u00f3ximo martes, 9 de julio, los Premios Reina Letizia 2018-2019 del Real Patronato sobre Discapacidad, con los que se premia el esfuerzo y se reconoce la labor de las personas, empresas y entidades que han demostrado un trabajo sobresaliente por avanzar en la plena inclusi\u00f3n de las personas con discapacidad.<br \/>La entrega tendr\u00e1 lugar a las 12.00 horas en el Corral de Comedias de Almagro, en Ciudad Real, coincidiendo con la celebraci\u00f3n de la 42\u00aa edici\u00f3n de su Festival Internacional de Teatro Cl\u00e1sico. Este escenario ha sido elegido ya que este festival es uno de los premiados en la categor\u00eda de \u2018Cultura Inclusiva\u2019, ha informado el Gobierno.<br \/>El objetivo de estos premios, en total 11, distribuidos en cinco categor\u00edas diferentes: \u2018Promoci\u00f3n de la Inserci\u00f3n Laboral\u2019, \u2018Accesibilidad Universal de Municipios\u2019, \u2018Tecnolog\u00edas de la Accesibilidad\u2019, \u2018Rehabilitaci\u00f3n e Integraci\u00f3n\u2019 y \u2018Cultura Inclusiva\u2019, es reconocer y premiar aquellas iniciativas que mejoren sustancialmente la calidad de vida y la inclusi\u00f3n de las personas con discapacidad.<br \/>El acto de entrega estar\u00e1 presidido por Su Majestad la Reina Letizia y contar\u00e1 con la presencia de la ministra de Sanidad, Consumo y Bienestar Social en funciones, Mar\u00eda Luisa Carcedo, y la secretaria de Estado de Servicios Sociales en funciones, Ana Lima.<br \/>El Real Patronato sobre Discapacidad es el responsable de la concesi\u00f3n de estos galardones anuales. Bajo la presidencia de honor de Su Majestad la Reina, la misi\u00f3n de este organismo aut\u00f3nomo, adscrito al Ministerio de Sanidad, Consumo y Bienestar Social, es actuar de eje vertebrador entre las personas y las entidades, p\u00fablicas y privadas, implicadas en garantizar la inclusi\u00f3n social y la igualdad de derechos de las personas con discapacidad.<br \/><a href=\"https:\/\/entomelloso.com\/clm\/la-reina-letizia-visitara-c-lm-la-proxima-semana-para-entregar-los-premios-en-favor-de-la-inclusion-de-la-discapacidad\/\">entomelloso.com<\/a><\/p>\n<p>[\/et_pb_text][et_pb_post_nav prev_text=&#8221;Anterior&#8221; next_text=&#8221;Siguiente&#8221; _builder_version=&#8221;3.22.4&#8243; \/][\/et_pb_column][\/et_pb_row][\/et_pb_section]<\/p>\n","protected":false},"excerpt":{"rendered":"<p>[et_pb_section bb_built=&#8221;1&#8243; _builder_version=&#8221;3.22.4&#8243; custom_padding=&#8221;0px||2px|||&#8221;][et_pb_row custom_padding=&#8221;|||||&#8221; custom_margin=&#8221;|||||&#8221; _builder_version=&#8221;3.25&#8243; background_size=&#8221;initial&#8221; background_position=&#8221;top_left&#8221; background_repeat=&#8221;repeat&#8221;][et_pb_column type=&#8221;4_4&#8243; _builder_version=&#8221;3.25&#8243; custom_padding=&#8221;|||&#8221; custom_padding__hover=&#8221;|||&#8221;][et_pb_text admin_label=&#8221;Noticia&#8221; _builder_version=&#8221;3.25.3&#8243; background_size=&#8221;initial&#8221; background_position=&#8221;top_left&#8221; background_repeat=&#8221;repeat&#8221; text_orientation=&#8221;justified&#8221; min_height=&#8221;711px&#8221; custom_margin=&#8221;||||false|false&#8221; custom_padding=&#8221;|||||&#8221; text_text_shadow_horizontal_length=&#8221;text_text_shadow_style,%91object Object%93&#8243; text_text_shadow_horizontal_length_tablet=&#8221;0px&#8221; text_text_shadow_vertical_length=&#8221;text_text_shadow_style,%91object Object%93&#8243; text_text_shadow_vertical_length_tablet=&#8221;0px&#8221; text_text_shadow_blur_strength=&#8221;text_text_shadow_style,%91object Object%93&#8243; text_text_shadow_blur_strength_tablet=&#8221;1px&#8221; link_text_shadow_horizontal_length=&#8221;link_text_shadow_style,%91object Object%93&#8243; link_text_shadow_horizontal_length_tablet=&#8221;0px&#8221; link_text_shadow_vertical_length=&#8221;link_text_shadow_style,%91object Object%93&#8243; link_text_shadow_vertical_length_tablet=&#8221;0px&#8221; link_text_shadow_blur_strength=&#8221;link_text_shadow_style,%91object Object%93&#8243; link_text_shadow_blur_strength_tablet=&#8221;1px&#8221; ul_text_shadow_horizontal_length=&#8221;ul_text_shadow_style,%91object Object%93&#8243; ul_text_shadow_horizontal_length_tablet=&#8221;0px&#8221; ul_text_shadow_vertical_length=&#8221;ul_text_shadow_style,%91object Object%93&#8243; ul_text_shadow_vertical_length_tablet=&#8221;0px&#8221; ul_text_shadow_blur_strength=&#8221;ul_text_shadow_style,%91object Object%93&#8243; ul_text_shadow_blur_strength_tablet=&#8221;1px&#8221; ol_text_shadow_horizontal_length=&#8221;ol_text_shadow_style,%91object Object%93&#8243; ol_text_shadow_horizontal_length_tablet=&#8221;0px&#8221; ol_text_shadow_vertical_length=&#8221;ol_text_shadow_style,%91object Object%93&#8243; [&hellip;]<\/p>\n","protected":false},"author":1,"featured_media":2792,"comment_status":"open","ping_status":"open","sticky":false,"template":"","format":"standard","meta":{"_et_pb_use_builder":"on","_et_pb_old_content":"","_et_gb_content_width":"","footnotes":""},"categories":[5,8],"tags":[31],"yoast_head":"<!-- This site is optimized with the Yoast SEO plugin v21.3 - https:\/\/yoast.com\/wordpress\/plugins\/seo\/ -->\n<title>La Reina Letizia visitar\u00e1 C-LM la pr\u00f3xima semana para entregar los premios en favor de la inclusi\u00f3n de la discapacidad - Clm-Inclusiva<\/title>\n<meta name=\"robots\" content=\"index, follow, max-snippet:-1, max-image-preview:large, max-video-preview:-1\" \/>\n<link rel=\"canonical\" href=\"https:\/\/clm-inclusiva.org\/?p=2791\" \/>\n<meta property=\"og:locale\" content=\"es_ES\" \/>\n<meta property=\"og:type\" content=\"article\" \/>\n<meta property=\"og:title\" content=\"La Reina Letizia visitar\u00e1 C-LM la pr\u00f3xima semana para entregar los premios en favor de la inclusi\u00f3n de la discapacidad - Clm-Inclusiva\" \/>\n<meta property=\"og:description\" content=\"[et_pb_section bb_built=&#8221;1&#8243; _builder_version=&#8221;3.22.4&#8243; custom_padding=&#8221;0px||2px|||&#8221;][et_pb_row custom_padding=&#8221;|||||&#8221; custom_margin=&#8221;|||||&#8221; _builder_version=&#8221;3.25&#8243; background_size=&#8221;initial&#8221; background_position=&#8221;top_left&#8221; background_repeat=&#8221;repeat&#8221;][et_pb_column type=&#8221;4_4&#8243; _builder_version=&#8221;3.25&#8243; custom_padding=&#8221;|||&#8221; custom_padding__hover=&#8221;|||&#8221;][et_pb_text admin_label=&#8221;Noticia&#8221; _builder_version=&#8221;3.25.3&#8243; background_size=&#8221;initial&#8221; background_position=&#8221;top_left&#8221; background_repeat=&#8221;repeat&#8221; text_orientation=&#8221;justified&#8221; min_height=&#8221;711px&#8221; custom_margin=&#8221;||||false|false&#8221; custom_padding=&#8221;|||||&#8221; text_text_shadow_horizontal_length=&#8221;text_text_shadow_style,%91object Object%93&#8243; text_text_shadow_horizontal_length_tablet=&#8221;0px&#8221; text_text_shadow_vertical_length=&#8221;text_text_shadow_style,%91object Object%93&#8243; text_text_shadow_vertical_length_tablet=&#8221;0px&#8221; text_text_shadow_blur_strength=&#8221;text_text_shadow_style,%91object Object%93&#8243; text_text_shadow_blur_strength_tablet=&#8221;1px&#8221; link_text_shadow_horizontal_length=&#8221;link_text_shadow_style,%91object Object%93&#8243; link_text_shadow_horizontal_length_tablet=&#8221;0px&#8221; link_text_shadow_vertical_length=&#8221;link_text_shadow_style,%91object Object%93&#8243; link_text_shadow_vertical_length_tablet=&#8221;0px&#8221; link_text_shadow_blur_strength=&#8221;link_text_shadow_style,%91object Object%93&#8243; link_text_shadow_blur_strength_tablet=&#8221;1px&#8221; ul_text_shadow_horizontal_length=&#8221;ul_text_shadow_style,%91object Object%93&#8243; ul_text_shadow_horizontal_length_tablet=&#8221;0px&#8221; ul_text_shadow_vertical_length=&#8221;ul_text_shadow_style,%91object Object%93&#8243; ul_text_shadow_vertical_length_tablet=&#8221;0px&#8221; ul_text_shadow_blur_strength=&#8221;ul_text_shadow_style,%91object Object%93&#8243; ul_text_shadow_blur_strength_tablet=&#8221;1px&#8221; ol_text_shadow_horizontal_length=&#8221;ol_text_shadow_style,%91object Object%93&#8243; ol_text_shadow_horizontal_length_tablet=&#8221;0px&#8221; ol_text_shadow_vertical_length=&#8221;ol_text_shadow_style,%91object Object%93&#8243; [&hellip;]\" \/>\n<meta property=\"og:url\" content=\"https:\/\/clm-inclusiva.org\/?p=2791\" \/>\n<meta property=\"og:site_name\" content=\"Clm-Inclusiva\" \/>\n<meta property=\"article:publisher\" content=\"https:\/\/www.facebook.com\/castillalamancha.inclusiva\/\" \/>\n<meta property=\"article:published_time\" content=\"2019-07-04T14:25:17+00:00\" \/>\n<meta property=\"article:modified_time\" content=\"2019-07-04T14:28:18+00:00\" \/>\n<meta property=\"og:image\" content=\"https:\/\/clm-inclusiva.org\/wp-content\/uploads\/2019\/07\/20190703112543-630x420.jpg\" \/>\n\t<meta property=\"og:image:width\" content=\"630\" \/>\n\t<meta property=\"og:image:height\" content=\"420\" \/>\n\t<meta property=\"og:image:type\" content=\"image\/jpeg\" \/>\n<meta name=\"author\" content=\"clm-inclusiva\" \/>\n<meta name=\"twitter:card\" content=\"summary_large_image\" \/>\n<meta name=\"twitter:creator\" content=\"@ClmInclusiva\" \/>\n<meta name=\"twitter:site\" content=\"@ClmInclusiva\" \/>\n<meta name=\"twitter:label1\" content=\"Escrito por\" \/>\n\t<meta name=\"twitter:data1\" content=\"clm-inclusiva\" \/>\n\t<meta name=\"twitter:label2\" content=\"Tiempo de lectura\" \/>\n\t<meta name=\"twitter:data2\" content=\"5 minutos\" \/>\n<script type=\"application\/ld+json\" class=\"yoast-schema-graph\">{\"@context\":\"https:\/\/schema.org\",\"@graph\":[{\"@type\":\"Article\",\"@id\":\"https:\/\/clm-inclusiva.org\/?p=2791#article\",\"isPartOf\":{\"@id\":\"https:\/\/clm-inclusiva.org\/?p=2791\"},\"author\":{\"name\":\"clm-inclusiva\",\"@id\":\"https:\/\/clm-inclusiva.org\/#\/schema\/person\/0cff84aaa5bb8fd3521c55d1578d902b\"},\"headline\":\"La Reina Letizia visitar\u00e1 C-LM la pr\u00f3xima semana para entregar los premios en favor de la inclusi\u00f3n de la discapacidad\",\"datePublished\":\"2019-07-04T14:25:17+00:00\",\"dateModified\":\"2019-07-04T14:28:18+00:00\",\"mainEntityOfPage\":{\"@id\":\"https:\/\/clm-inclusiva.org\/?p=2791\"},\"wordCount\":1070,\"commentCount\":0,\"publisher\":{\"@id\":\"https:\/\/clm-inclusiva.org\/#organization\"},\"keywords\":[\"Premios\"],\"articleSection\":[\"Discapacidad\",\"Sociedad\"],\"inLanguage\":\"es\",\"potentialAction\":[{\"@type\":\"CommentAction\",\"name\":\"Comment\",\"target\":[\"https:\/\/clm-inclusiva.org\/?p=2791#respond\"]}]},{\"@type\":\"WebPage\",\"@id\":\"https:\/\/clm-inclusiva.org\/?p=2791\",\"url\":\"https:\/\/clm-inclusiva.org\/?p=2791\",\"name\":\"La Reina Letizia visitar\u00e1 C-LM la pr\u00f3xima semana para entregar los premios en favor de la inclusi\u00f3n de la discapacidad - Clm-Inclusiva\",\"isPartOf\":{\"@id\":\"https:\/\/clm-inclusiva.org\/#website\"},\"datePublished\":\"2019-07-04T14:25:17+00:00\",\"dateModified\":\"2019-07-04T14:28:18+00:00\",\"breadcrumb\":{\"@id\":\"https:\/\/clm-inclusiva.org\/?p=2791#breadcrumb\"},\"inLanguage\":\"es\",\"potentialAction\":[{\"@type\":\"ReadAction\",\"target\":[\"https:\/\/clm-inclusiva.org\/?p=2791\"]}]},{\"@type\":\"BreadcrumbList\",\"@id\":\"https:\/\/clm-inclusiva.org\/?p=2791#breadcrumb\",\"itemListElement\":[{\"@type\":\"ListItem\",\"position\":1,\"name\":\"Portada\",\"item\":\"https:\/\/clm-inclusiva.org\/\"},{\"@type\":\"ListItem\",\"position\":2,\"name\":\"La Reina Letizia visitar\u00e1 C-LM la pr\u00f3xima semana para entregar los premios en favor de la inclusi\u00f3n de la discapacidad\"}]},{\"@type\":\"WebSite\",\"@id\":\"https:\/\/clm-inclusiva.org\/#website\",\"url\":\"https:\/\/clm-inclusiva.org\/\",\"name\":\"Clm-Inclusiva\",\"description\":\"Confederaci\u00f3n de entidades de personas con discapacidad f\u00edsica y org\u00e1nica CLM\",\"publisher\":{\"@id\":\"https:\/\/clm-inclusiva.org\/#organization\"},\"potentialAction\":[{\"@type\":\"SearchAction\",\"target\":{\"@type\":\"EntryPoint\",\"urlTemplate\":\"https:\/\/clm-inclusiva.org\/?s={search_term_string}\"},\"query-input\":\"required name=search_term_string\"}],\"inLanguage\":\"es\"},{\"@type\":\"Organization\",\"@id\":\"https:\/\/clm-inclusiva.org\/#organization\",\"name\":\"Clm-Inclusiva\",\"url\":\"https:\/\/clm-inclusiva.org\/\",\"logo\":{\"@type\":\"ImageObject\",\"inLanguage\":\"es\",\"@id\":\"https:\/\/clm-inclusiva.org\/#\/schema\/logo\/image\/\",\"url\":\"http:\/\/clm-inclusiva.org\/wp-content\/uploads\/2019\/04\/banner-e1533720812836.jpg\",\"contentUrl\":\"http:\/\/clm-inclusiva.org\/wp-content\/uploads\/2019\/04\/banner-e1533720812836.jpg\",\"width\":600,\"height\":332,\"caption\":\"Clm-Inclusiva\"},\"image\":{\"@id\":\"https:\/\/clm-inclusiva.org\/#\/schema\/logo\/image\/\"},\"sameAs\":[\"https:\/\/www.facebook.com\/castillalamancha.inclusiva\/\",\"https:\/\/twitter.com\/ClmInclusiva\"]},{\"@type\":\"Person\",\"@id\":\"https:\/\/clm-inclusiva.org\/#\/schema\/person\/0cff84aaa5bb8fd3521c55d1578d902b\",\"name\":\"clm-inclusiva\",\"image\":{\"@type\":\"ImageObject\",\"inLanguage\":\"es\",\"@id\":\"https:\/\/clm-inclusiva.org\/#\/schema\/person\/image\/\",\"url\":\"https:\/\/secure.gravatar.com\/avatar\/88948567af770dc9cd5597b329011884?s=96&d=blank&r=g\",\"contentUrl\":\"https:\/\/secure.gravatar.com\/avatar\/88948567af770dc9cd5597b329011884?s=96&d=blank&r=g\",\"caption\":\"clm-inclusiva\"},\"sameAs\":[\"http:\/\/clm-inclusiva.org\"],\"url\":\"https:\/\/clm-inclusiva.org\/?author=1\"}]}<\/script>\n<!-- \/ Yoast SEO plugin. -->","yoast_head_json":{"title":"La Reina Letizia visitar\u00e1 C-LM la pr\u00f3xima semana para entregar los premios en favor de la inclusi\u00f3n de la discapacidad - Clm-Inclusiva","robots":{"index":"index","follow":"follow","max-snippet":"max-snippet:-1","max-image-preview":"max-image-preview:large","max-video-preview":"max-video-preview:-1"},"canonical":"https:\/\/clm-inclusiva.org\/?p=2791","og_locale":"es_ES","og_type":"article","og_title":"La Reina Letizia visitar\u00e1 C-LM la pr\u00f3xima semana para entregar los premios en favor de la inclusi\u00f3n de la discapacidad - Clm-Inclusiva","og_description":"[et_pb_section bb_built=&#8221;1&#8243; _builder_version=&#8221;3.22.4&#8243; custom_padding=&#8221;0px||2px|||&#8221;][et_pb_row custom_padding=&#8221;|||||&#8221; custom_margin=&#8221;|||||&#8221; _builder_version=&#8221;3.25&#8243; background_size=&#8221;initial&#8221; background_position=&#8221;top_left&#8221; background_repeat=&#8221;repeat&#8221;][et_pb_column type=&#8221;4_4&#8243; _builder_version=&#8221;3.25&#8243; custom_padding=&#8221;|||&#8221; custom_padding__hover=&#8221;|||&#8221;][et_pb_text admin_label=&#8221;Noticia&#8221; _builder_version=&#8221;3.25.3&#8243; background_size=&#8221;initial&#8221; background_position=&#8221;top_left&#8221; background_repeat=&#8221;repeat&#8221; text_orientation=&#8221;justified&#8221; min_height=&#8221;711px&#8221; custom_margin=&#8221;||||false|false&#8221; custom_padding=&#8221;|||||&#8221; text_text_shadow_horizontal_length=&#8221;text_text_shadow_style,%91object Object%93&#8243; text_text_shadow_horizontal_length_tablet=&#8221;0px&#8221; text_text_shadow_vertical_length=&#8221;text_text_shadow_style,%91object Object%93&#8243; text_text_shadow_vertical_length_tablet=&#8221;0px&#8221; text_text_shadow_blur_strength=&#8221;text_text_shadow_style,%91object Object%93&#8243; text_text_shadow_blur_strength_tablet=&#8221;1px&#8221; link_text_shadow_horizontal_length=&#8221;link_text_shadow_style,%91object Object%93&#8243; link_text_shadow_horizontal_length_tablet=&#8221;0px&#8221; link_text_shadow_vertical_length=&#8221;link_text_shadow_style,%91object Object%93&#8243; link_text_shadow_vertical_length_tablet=&#8221;0px&#8221; link_text_shadow_blur_strength=&#8221;link_text_shadow_style,%91object Object%93&#8243; link_text_shadow_blur_strength_tablet=&#8221;1px&#8221; ul_text_shadow_horizontal_length=&#8221;ul_text_shadow_style,%91object Object%93&#8243; ul_text_shadow_horizontal_length_tablet=&#8221;0px&#8221; ul_text_shadow_vertical_length=&#8221;ul_text_shadow_style,%91object Object%93&#8243; ul_text_shadow_vertical_length_tablet=&#8221;0px&#8221; ul_text_shadow_blur_strength=&#8221;ul_text_shadow_style,%91object Object%93&#8243; ul_text_shadow_blur_strength_tablet=&#8221;1px&#8221; ol_text_shadow_horizontal_length=&#8221;ol_text_shadow_style,%91object Object%93&#8243; ol_text_shadow_horizontal_length_tablet=&#8221;0px&#8221; ol_text_shadow_vertical_length=&#8221;ol_text_shadow_style,%91object Object%93&#8243; [&hellip;]","og_url":"https:\/\/clm-inclusiva.org\/?p=2791","og_site_name":"Clm-Inclusiva","article_publisher":"https:\/\/www.facebook.com\/castillalamancha.inclusiva\/","article_published_time":"2019-07-04T14:25:17+00:00","article_modified_time":"2019-07-04T14:28:18+00:00","og_image":[{"width":630,"height":420,"url":"https:\/\/clm-inclusiva.org\/wp-content\/uploads\/2019\/07\/20190703112543-630x420.jpg","type":"image\/jpeg"}],"author":"clm-inclusiva","twitter_card":"summary_large_image","twitter_creator":"@ClmInclusiva","twitter_site":"@ClmInclusiva","twitter_misc":{"Escrito por":"clm-inclusiva","Tiempo de lectura":"5 minutos"},"schema":{"@context":"https:\/\/schema.org","@graph":[{"@type":"Article","@id":"https:\/\/clm-inclusiva.org\/?p=2791#article","isPartOf":{"@id":"https:\/\/clm-inclusiva.org\/?p=2791"},"author":{"name":"clm-inclusiva","@id":"https:\/\/clm-inclusiva.org\/#\/schema\/person\/0cff84aaa5bb8fd3521c55d1578d902b"},"headline":"La Reina Letizia visitar\u00e1 C-LM la pr\u00f3xima semana para entregar los premios en favor de la inclusi\u00f3n de la discapacidad","datePublished":"2019-07-04T14:25:17+00:00","dateModified":"2019-07-04T14:28:18+00:00","mainEntityOfPage":{"@id":"https:\/\/clm-inclusiva.org\/?p=2791"},"wordCount":1070,"commentCount":0,"publisher":{"@id":"https:\/\/clm-inclusiva.org\/#organization"},"keywords":["Premios"],"articleSection":["Discapacidad","Sociedad"],"inLanguage":"es","potentialAction":[{"@type":"CommentAction","name":"Comment","target":["https:\/\/clm-inclusiva.org\/?p=2791#respond"]}]},{"@type":"WebPage","@id":"https:\/\/clm-inclusiva.org\/?p=2791","url":"https:\/\/clm-inclusiva.org\/?p=2791","name":"La Reina Letizia visitar\u00e1 C-LM la pr\u00f3xima semana para entregar los premios en favor de la inclusi\u00f3n de la discapacidad - Clm-Inclusiva","isPartOf":{"@id":"https:\/\/clm-inclusiva.org\/#website"},"datePublished":"2019-07-04T14:25:17+00:00","dateModified":"2019-07-04T14:28:18+00:00","breadcrumb":{"@id":"https:\/\/clm-inclusiva.org\/?p=2791#breadcrumb"},"inLanguage":"es","potentialAction":[{"@type":"ReadAction","target":["https:\/\/clm-inclusiva.org\/?p=2791"]}]},{"@type":"BreadcrumbList","@id":"https:\/\/clm-inclusiva.org\/?p=2791#breadcrumb","itemListElement":[{"@type":"ListItem","position":1,"name":"Portada","item":"https:\/\/clm-inclusiva.org\/"},{"@type":"ListItem","position":2,"name":"La Reina Letizia visitar\u00e1 C-LM la pr\u00f3xima semana para entregar los premios en favor de la inclusi\u00f3n de la discapacidad"}]},{"@type":"WebSite","@id":"https:\/\/clm-inclusiva.org\/#website","url":"https:\/\/clm-inclusiva.org\/","name":"Clm-Inclusiva","description":"Confederaci\u00f3n de entidades de personas con discapacidad f\u00edsica y org\u00e1nica CLM","publisher":{"@id":"https:\/\/clm-inclusiva.org\/#organization"},"potentialAction":[{"@type":"SearchAction","target":{"@type":"EntryPoint","urlTemplate":"https:\/\/clm-inclusiva.org\/?s={search_term_string}"},"query-input":"required name=search_term_string"}],"inLanguage":"es"},{"@type":"Organization","@id":"https:\/\/clm-inclusiva.org\/#organization","name":"Clm-Inclusiva","url":"https:\/\/clm-inclusiva.org\/","logo":{"@type":"ImageObject","inLanguage":"es","@id":"https:\/\/clm-inclusiva.org\/#\/schema\/logo\/image\/","url":"http:\/\/clm-inclusiva.org\/wp-content\/uploads\/2019\/04\/banner-e1533720812836.jpg","contentUrl":"http:\/\/clm-inclusiva.org\/wp-content\/uploads\/2019\/04\/banner-e1533720812836.jpg","width":600,"height":332,"caption":"Clm-Inclusiva"},"image":{"@id":"https:\/\/clm-inclusiva.org\/#\/schema\/logo\/image\/"},"sameAs":["https:\/\/www.facebook.com\/castillalamancha.inclusiva\/","https:\/\/twitter.com\/ClmInclusiva"]},{"@type":"Person","@id":"https:\/\/clm-inclusiva.org\/#\/schema\/person\/0cff84aaa5bb8fd3521c55d1578d902b","name":"clm-inclusiva","image":{"@type":"ImageObject","inLanguage":"es","@id":"https:\/\/clm-inclusiva.org\/#\/schema\/person\/image\/","url":"https:\/\/secure.gravatar.com\/avatar\/88948567af770dc9cd5597b329011884?s=96&d=blank&r=g","contentUrl":"https:\/\/secure.gravatar.com\/avatar\/88948567af770dc9cd5597b329011884?s=96&d=blank&r=g","caption":"clm-inclusiva"},"sameAs":["http:\/\/clm-inclusiva.org"],"url":"https:\/\/clm-inclusiva.org\/?author=1"}]}},"_links":{"self":[{"href":"https:\/\/clm-inclusiva.org\/index.php?rest_route=\/wp\/v2\/posts\/2791"}],"collection":[{"href":"https:\/\/clm-inclusiva.org\/index.php?rest_route=\/wp\/v2\/posts"}],"about":[{"href":"https:\/\/clm-inclusiva.org\/index.php?rest_route=\/wp\/v2\/types\/post"}],"author":[{"embeddable":true,"href":"https:\/\/clm-inclusiva.org\/index.php?rest_route=\/wp\/v2\/users\/1"}],"replies":[{"embeddable":true,"href":"https:\/\/clm-inclusiva.org\/index.php?rest_route=%2Fwp%2Fv2%2Fcomments&post=2791"}],"version-history":[{"count":2,"href":"https:\/\/clm-inclusiva.org\/index.php?rest_route=\/wp\/v2\/posts\/2791\/revisions"}],"predecessor-version":[{"id":2794,"href":"https:\/\/clm-inclusiva.org\/index.php?rest_route=\/wp\/v2\/posts\/2791\/revisions\/2794"}],"wp:featuredmedia":[{"embeddable":true,"href":"https:\/\/clm-inclusiva.org\/index.php?rest_route=\/wp\/v2\/media\/2792"}],"wp:attachment":[{"href":"https:\/\/clm-inclusiva.org\/index.php?rest_route=%2Fwp%2Fv2%2Fmedia&parent=2791"}],"wp:term":[{"taxonomy":"category","embeddable":true,"href":"https:\/\/clm-inclusiva.org\/index.php?rest_route=%2Fwp%2Fv2%2Fcategories&post=2791"},{"taxonomy":"post_tag","embeddable":true,"href":"https:\/\/clm-inclusiva.org\/index.php?rest_route=%2Fwp%2Fv2%2Ftags&post=2791"}],"curies":[{"name":"wp","href":"https:\/\/api.w.org\/{rel}","templated":true}]}}