{"id":276,"date":"2018-09-07T06:31:46","date_gmt":"2018-09-07T06:31:46","guid":{"rendered":"http:\/\/clm-inclusiva.org\/?p=276"},"modified":"2019-06-29T10:26:23","modified_gmt":"2019-06-29T08:26:23","slug":"dia-discapacidad-feria-de-albacete-14-de-septiembre-de-2-018","status":"publish","type":"post","link":"https:\/\/clm-inclusiva.org\/?p=276","title":{"rendered":"D\u00eda Discapacidad Feria de Albacete 14 de septiembre de 2.018"},"content":{"rendered":"<p>[et_pb_section fb_built=&#8221;1&#8243; _builder_version=&#8221;3.22.4&#8243; custom_padding=&#8221;0px||2px|||&#8221;][et_pb_row custom_padding=&#8221;|||||&#8221; custom_margin=&#8221;|||||&#8221; _builder_version=&#8221;3.25&#8243; background_size=&#8221;initial&#8221; background_position=&#8221;top_left&#8221; background_repeat=&#8221;repeat&#8221;][et_pb_column type=&#8221;4_4&#8243; _builder_version=&#8221;3.25&#8243; custom_padding=&#8221;|||&#8221; custom_padding__hover=&#8221;|||&#8221;][et_pb_text admin_label=&#8221;Text&#8221; _builder_version=&#8221;3.22.4&#8243; text_font=&#8221;||||||||&#8221; background_size=&#8221;initial&#8221; background_position=&#8221;top_left&#8221; background_repeat=&#8221;repeat&#8221; text_orientation=&#8221;justified&#8221;]<\/p>\n<p><span style=\"font-size: 12pt;\"><span style=\"color: #ff6600;\"><strong>10.00<\/strong> h<\/span>. <span style=\"color: #00ff00;\"><span style=\"color: #000000;\">Exhibici\u00f3n de Flashmob participativo. En la zona del \u201cRabo de la Sart\u00e9n\u201d del Recinto Ferial.<\/span> <\/span><\/span><\/p>\n<p><span style=\"font-size: 12pt;\"><strong><span style=\"color: #ff6600;\">10.30 h<\/span>.<\/strong><span style=\"color: #000000;\"> Actuaci\u00f3n de Teatro. Grupo La Ruina (ONCE) con la obra \u201cCoplas y Romances del Cordel\u201d. Adaptaci\u00f3n de Juanma Cifuentes Stand Globalcaja <\/span><\/span><\/p>\n<p><span style=\"font-size: 12pt;\"><strong><span style=\"color: #ff6600;\">12.00 h.<\/span><\/strong> <span style=\"color: #000000;\">Concentraci\u00f3n del colectivo Todas las personas asistentes se concentrar\u00e1n con camisetas conmemorativas en el Pincho de la Feria y desfilar\u00e1n por el rabo de la sart\u00e9n con la animaci\u00f3n de una batukada en la concentraci\u00f3n y a lo largo del desfile hasta el lugar de la lectura del manifiesto: Autoridades, Miembros Juntas Directivas de Asociaciones, T\u00e9cnicos, usuarios y ciudadan\u00eda en general. A continuaci\u00f3n, <\/span><\/span><\/p>\n<p><span style=\"color: #000000; font-size: 12pt;\">Lectura de manifiesto y recepci\u00f3n de las Autoridades al colectivo. En la parte izquierda bajo Capilla de la Virgen (frente a stand AFAEPS) se leer\u00e1 el manifiesto a favor de las personas con discapacidad que, en representaci\u00f3n del Consejo Municipal de la Discapacidad, ser\u00e1 realizado por usuarios de las Asociaciones FESORMANCHA y ONCE. Posteriormente ser\u00e1 la intervenci\u00f3n de autoridades<\/span><\/p>\n<p><span style=\"font-size: 12pt;\"><strong><span style=\"color: #ff6600;\">14.00 h.<\/span><\/strong><span style=\"color: #000000;\"> Comida de Convivencia La comida ser\u00e1 en el Restaurante Enrique y Francisco y ser\u00e1 costeada por cada una de las personas asistentes al precio de 19 \u20ac. <\/span><\/span><\/p>\n<p><span style=\"text-decoration: underline; font-size: 12pt;\"><span style=\"color: #0000ff; text-decoration: underline;\">Las entradas se adquieren del 30 de Agosto al 5 de septiembre en sede de COCEMFE ALBACETE en horario de 9 a 14 horas y a partir del d\u00eda 9 hasta el jueves 13 en el stand que COCEMFE ALBACETE tiene en el Recinto Ferial. Tambi\u00e9n la retirada previa de las camisetas se har\u00e1 con las mismas condiciones <\/span><\/span><\/p>\n<p>[\/et_pb_text][et_pb_post_nav prev_text=&#8221;Anterior&#8221; next_text=&#8221;Siguiente&#8221; _builder_version=&#8221;3.22.4&#8243;][\/et_pb_post_nav][\/et_pb_column][\/et_pb_row][\/et_pb_section]<\/p>\n","protected":false},"excerpt":{"rendered":"<p>[et_pb_section fb_built=&#8221;1&#8243; _builder_version=&#8221;3.22.4&#8243; custom_padding=&#8221;0px||2px|||&#8221;][et_pb_row custom_padding=&#8221;|||||&#8221; custom_margin=&#8221;|||||&#8221; _builder_version=&#8221;3.25&#8243; background_size=&#8221;initial&#8221; background_position=&#8221;top_left&#8221; background_repeat=&#8221;repeat&#8221;][et_pb_column type=&#8221;4_4&#8243; _builder_version=&#8221;3.25&#8243; custom_padding=&#8221;|||&#8221; custom_padding__hover=&#8221;|||&#8221;][et_pb_text admin_label=&#8221;Text&#8221; _builder_version=&#8221;3.22.4&#8243; text_font=&#8221;||||||||&#8221; background_size=&#8221;initial&#8221; background_position=&#8221;top_left&#8221; background_repeat=&#8221;repeat&#8221; text_orientation=&#8221;justified&#8221;] 10.00 h. Exhibici\u00f3n de Flashmob participativo. En la zona del \u201cRabo de la Sart\u00e9n\u201d del Recinto Ferial. 10.30 h. Actuaci\u00f3n de Teatro. Grupo La Ruina (ONCE) con la obra \u201cCoplas y Romances del Cordel\u201d. [&hellip;]<\/p>\n","protected":false},"author":1,"featured_media":277,"comment_status":"closed","ping_status":"closed","sticky":false,"template":"","format":"standard","meta":{"_et_pb_use_builder":"on","_et_pb_old_content":"\t\t\t\t\r\n\t\t\t\t[responsivevoice_button voice=\"Spanish Female\" buttontext=\"Reproducir\"]\r\n<img class=\"alignnone size-medium wp-image-277 alignleft\" src=\"http:\/\/127.0.0.1\/wordpress\/wp-content\/uploads\/2018\/09\/programa-dia-discapacidad-feria-de-albacete-300x211.jpg\" alt=\"\" width=\"300\" height=\"211\" \/>\r\n<p style=\"text-align: left;\"><span style=\"font-size: 12pt;\"><span style=\"color: #ff6600;\"><strong>10.00<\/strong> h<\/span>. <span style=\"color: #00ff00;\"><span style=\"color: #000000;\">Exhibici\u00f3n de Flashmob participativo. En la zona del \u201cRabo de la Sart\u00e9n\u201d del Recinto Ferial.<\/span> <\/span><\/span><\/p>\r\n<span style=\"font-size: 12pt;\"><strong><span style=\"color: #ff6600;\">10.30 h<\/span>.<\/strong><span style=\"color: #000000;\"> Actuaci\u00f3n de Teatro. Grupo La Ruina (ONCE) con la obra \u201cCoplas y Romances del Cordel\u201d. Adaptaci\u00f3n de Juanma Cifuentes Stand Globalcaja <\/span><\/span>\r\n\r\n<span style=\"font-size: 12pt;\"><strong><span style=\"color: #ff6600;\">12.00 h.<\/span><\/strong> <span style=\"color: #000000;\">Concentraci\u00f3n del colectivo Todas las personas asistentes se concentrar\u00e1n con camisetas conmemorativas en el Pincho de la Feria y desfilar\u00e1n por el rabo de la sart\u00e9n con la animaci\u00f3n de una batukada en la concentraci\u00f3n y a lo largo del desfile hasta el lugar de la lectura del manifiesto: Autoridades, Miembros Juntas Directivas de Asociaciones, T\u00e9cnicos, usuarios y ciudadan\u00eda en general. A continuaci\u00f3n, <\/span><\/span>\r\n\r\n<span style=\"color: #000000; font-size: 12pt;\">Lectura de manifiesto y recepci\u00f3n de las Autoridades al colectivo. En la parte izquierda bajo Capilla de la Virgen (frente a stand AFAEPS) se leer\u00e1 el manifiesto a favor de las personas con discapacidad que, en representaci\u00f3n del Consejo Municipal de la Discapacidad, ser\u00e1 realizado por usuarios de las Asociaciones FESORMANCHA y ONCE. Posteriormente ser\u00e1 la intervenci\u00f3n de autoridades<\/span>\r\n\r\n<span style=\"font-size: 12pt;\"><strong><span style=\"color: #ff6600;\">14.00 h.<\/span><\/strong><span style=\"color: #000000;\"> Comida de Convivencia La comida ser\u00e1 en el Restaurante Enrique y Francisco y ser\u00e1 costeada por cada una de las personas asistentes al precio de 19 \u20ac. <\/span><\/span>\r\n\r\n<span style=\"text-decoration: underline; font-size: 12pt;\"><span style=\"color: #0000ff; text-decoration: underline;\">Las entradas se adquieren del 30 de Agosto al 5 de septiembre en sede de COCEMFE ALBACETE en horario de 9 a 14 horas y a partir del d\u00eda 9 hasta el jueves 13 en el stand que COCEMFE ALBACETE tiene en el Recinto Ferial. Tambi\u00e9n la retirada previa de las camisetas se har\u00e1 con las mismas condiciones <\/span><\/span>\t\t\t\t","_et_gb_content_width":"","footnotes":""},"categories":[5,8],"tags":[],"yoast_head":"<!-- This site is optimized with the Yoast SEO plugin v21.3 - https:\/\/yoast.com\/wordpress\/plugins\/seo\/ -->\n<title>D\u00eda Discapacidad Feria de Albacete 14 de septiembre de 2.018 - Clm-Inclusiva<\/title>\n<meta name=\"robots\" content=\"index, follow, max-snippet:-1, max-image-preview:large, max-video-preview:-1\" \/>\n<link rel=\"canonical\" href=\"https:\/\/clm-inclusiva.org\/?p=276\" \/>\n<meta property=\"og:locale\" content=\"es_ES\" \/>\n<meta property=\"og:type\" content=\"article\" \/>\n<meta property=\"og:title\" content=\"D\u00eda Discapacidad Feria de Albacete 14 de septiembre de 2.018 - Clm-Inclusiva\" \/>\n<meta property=\"og:description\" content=\"[et_pb_section fb_built=&#8221;1&#8243; _builder_version=&#8221;3.22.4&#8243; custom_padding=&#8221;0px||2px|||&#8221;][et_pb_row custom_padding=&#8221;|||||&#8221; custom_margin=&#8221;|||||&#8221; _builder_version=&#8221;3.25&#8243; background_size=&#8221;initial&#8221; background_position=&#8221;top_left&#8221; background_repeat=&#8221;repeat&#8221;][et_pb_column type=&#8221;4_4&#8243; _builder_version=&#8221;3.25&#8243; custom_padding=&#8221;|||&#8221; custom_padding__hover=&#8221;|||&#8221;][et_pb_text admin_label=&#8221;Text&#8221; _builder_version=&#8221;3.22.4&#8243; text_font=&#8221;||||||||&#8221; background_size=&#8221;initial&#8221; background_position=&#8221;top_left&#8221; background_repeat=&#8221;repeat&#8221; text_orientation=&#8221;justified&#8221;] 10.00 h. Exhibici\u00f3n de Flashmob participativo. En la zona del \u201cRabo de la Sart\u00e9n\u201d del Recinto Ferial. 10.30 h. Actuaci\u00f3n de Teatro. Grupo La Ruina (ONCE) con la obra \u201cCoplas y Romances del Cordel\u201d. [&hellip;]\" \/>\n<meta property=\"og:url\" content=\"https:\/\/clm-inclusiva.org\/?p=276\" \/>\n<meta property=\"og:site_name\" content=\"Clm-Inclusiva\" \/>\n<meta property=\"article:publisher\" content=\"https:\/\/www.facebook.com\/castillalamancha.inclusiva\/\" \/>\n<meta property=\"article:published_time\" content=\"2018-09-07T06:31:46+00:00\" \/>\n<meta property=\"article:modified_time\" content=\"2019-06-29T08:26:23+00:00\" \/>\n<meta property=\"og:image\" content=\"https:\/\/clm-inclusiva.org\/wp-content\/uploads\/2018\/09\/programa-dia-discapacidad-feria-de-albacete-1.jpg\" \/>\n\t<meta property=\"og:image:width\" content=\"847\" \/>\n\t<meta property=\"og:image:height\" content=\"595\" \/>\n\t<meta property=\"og:image:type\" content=\"image\/jpeg\" \/>\n<meta name=\"author\" content=\"clm-inclusiva\" \/>\n<meta name=\"twitter:card\" content=\"summary_large_image\" \/>\n<meta name=\"twitter:creator\" content=\"@ClmInclusiva\" \/>\n<meta name=\"twitter:site\" content=\"@ClmInclusiva\" \/>\n<meta name=\"twitter:label1\" content=\"Escrito por\" \/>\n\t<meta name=\"twitter:data1\" content=\"clm-inclusiva\" \/>\n\t<meta name=\"twitter:label2\" content=\"Tiempo de lectura\" \/>\n\t<meta name=\"twitter:data2\" content=\"2 minutos\" \/>\n<script type=\"application\/ld+json\" class=\"yoast-schema-graph\">{\"@context\":\"https:\/\/schema.org\",\"@graph\":[{\"@type\":\"Article\",\"@id\":\"https:\/\/clm-inclusiva.org\/?p=276#article\",\"isPartOf\":{\"@id\":\"https:\/\/clm-inclusiva.org\/?p=276\"},\"author\":{\"name\":\"clm-inclusiva\",\"@id\":\"https:\/\/clm-inclusiva.org\/#\/schema\/person\/0cff84aaa5bb8fd3521c55d1578d902b\"},\"headline\":\"D\u00eda Discapacidad Feria de Albacete 14 de septiembre de 2.018\",\"datePublished\":\"2018-09-07T06:31:46+00:00\",\"dateModified\":\"2019-06-29T08:26:23+00:00\",\"mainEntityOfPage\":{\"@id\":\"https:\/\/clm-inclusiva.org\/?p=276\"},\"wordCount\":358,\"publisher\":{\"@id\":\"https:\/\/clm-inclusiva.org\/#organization\"},\"articleSection\":[\"Discapacidad\",\"Sociedad\"],\"inLanguage\":\"es\"},{\"@type\":\"WebPage\",\"@id\":\"https:\/\/clm-inclusiva.org\/?p=276\",\"url\":\"https:\/\/clm-inclusiva.org\/?p=276\",\"name\":\"D\u00eda Discapacidad Feria de Albacete 14 de septiembre de 2.018 - Clm-Inclusiva\",\"isPartOf\":{\"@id\":\"https:\/\/clm-inclusiva.org\/#website\"},\"datePublished\":\"2018-09-07T06:31:46+00:00\",\"dateModified\":\"2019-06-29T08:26:23+00:00\",\"breadcrumb\":{\"@id\":\"https:\/\/clm-inclusiva.org\/?p=276#breadcrumb\"},\"inLanguage\":\"es\",\"potentialAction\":[{\"@type\":\"ReadAction\",\"target\":[\"https:\/\/clm-inclusiva.org\/?p=276\"]}]},{\"@type\":\"BreadcrumbList\",\"@id\":\"https:\/\/clm-inclusiva.org\/?p=276#breadcrumb\",\"itemListElement\":[{\"@type\":\"ListItem\",\"position\":1,\"name\":\"Portada\",\"item\":\"https:\/\/clm-inclusiva.org\/\"},{\"@type\":\"ListItem\",\"position\":2,\"name\":\"D\u00eda Discapacidad Feria de Albacete 14 de septiembre de 2.018\"}]},{\"@type\":\"WebSite\",\"@id\":\"https:\/\/clm-inclusiva.org\/#website\",\"url\":\"https:\/\/clm-inclusiva.org\/\",\"name\":\"Clm-Inclusiva\",\"description\":\"Confederaci\u00f3n de entidades de personas con discapacidad f\u00edsica y org\u00e1nica CLM\",\"publisher\":{\"@id\":\"https:\/\/clm-inclusiva.org\/#organization\"},\"potentialAction\":[{\"@type\":\"SearchAction\",\"target\":{\"@type\":\"EntryPoint\",\"urlTemplate\":\"https:\/\/clm-inclusiva.org\/?s={search_term_string}\"},\"query-input\":\"required name=search_term_string\"}],\"inLanguage\":\"es\"},{\"@type\":\"Organization\",\"@id\":\"https:\/\/clm-inclusiva.org\/#organization\",\"name\":\"Clm-Inclusiva\",\"url\":\"https:\/\/clm-inclusiva.org\/\",\"logo\":{\"@type\":\"ImageObject\",\"inLanguage\":\"es\",\"@id\":\"https:\/\/clm-inclusiva.org\/#\/schema\/logo\/image\/\",\"url\":\"http:\/\/clm-inclusiva.org\/wp-content\/uploads\/2019\/04\/banner-e1533720812836.jpg\",\"contentUrl\":\"http:\/\/clm-inclusiva.org\/wp-content\/uploads\/2019\/04\/banner-e1533720812836.jpg\",\"width\":600,\"height\":332,\"caption\":\"Clm-Inclusiva\"},\"image\":{\"@id\":\"https:\/\/clm-inclusiva.org\/#\/schema\/logo\/image\/\"},\"sameAs\":[\"https:\/\/www.facebook.com\/castillalamancha.inclusiva\/\",\"https:\/\/twitter.com\/ClmInclusiva\"]},{\"@type\":\"Person\",\"@id\":\"https:\/\/clm-inclusiva.org\/#\/schema\/person\/0cff84aaa5bb8fd3521c55d1578d902b\",\"name\":\"clm-inclusiva\",\"image\":{\"@type\":\"ImageObject\",\"inLanguage\":\"es\",\"@id\":\"https:\/\/clm-inclusiva.org\/#\/schema\/person\/image\/\",\"url\":\"https:\/\/secure.gravatar.com\/avatar\/88948567af770dc9cd5597b329011884?s=96&d=blank&r=g\",\"contentUrl\":\"https:\/\/secure.gravatar.com\/avatar\/88948567af770dc9cd5597b329011884?s=96&d=blank&r=g\",\"caption\":\"clm-inclusiva\"},\"sameAs\":[\"http:\/\/clm-inclusiva.org\"],\"url\":\"https:\/\/clm-inclusiva.org\/?author=1\"}]}<\/script>\n<!-- \/ Yoast SEO plugin. -->","yoast_head_json":{"title":"D\u00eda Discapacidad Feria de Albacete 14 de septiembre de 2.018 - Clm-Inclusiva","robots":{"index":"index","follow":"follow","max-snippet":"max-snippet:-1","max-image-preview":"max-image-preview:large","max-video-preview":"max-video-preview:-1"},"canonical":"https:\/\/clm-inclusiva.org\/?p=276","og_locale":"es_ES","og_type":"article","og_title":"D\u00eda Discapacidad Feria de Albacete 14 de septiembre de 2.018 - Clm-Inclusiva","og_description":"[et_pb_section fb_built=&#8221;1&#8243; _builder_version=&#8221;3.22.4&#8243; custom_padding=&#8221;0px||2px|||&#8221;][et_pb_row custom_padding=&#8221;|||||&#8221; custom_margin=&#8221;|||||&#8221; _builder_version=&#8221;3.25&#8243; background_size=&#8221;initial&#8221; background_position=&#8221;top_left&#8221; background_repeat=&#8221;repeat&#8221;][et_pb_column type=&#8221;4_4&#8243; _builder_version=&#8221;3.25&#8243; custom_padding=&#8221;|||&#8221; custom_padding__hover=&#8221;|||&#8221;][et_pb_text admin_label=&#8221;Text&#8221; _builder_version=&#8221;3.22.4&#8243; text_font=&#8221;||||||||&#8221; background_size=&#8221;initial&#8221; background_position=&#8221;top_left&#8221; background_repeat=&#8221;repeat&#8221; text_orientation=&#8221;justified&#8221;] 10.00 h. Exhibici\u00f3n de Flashmob participativo. En la zona del \u201cRabo de la Sart\u00e9n\u201d del Recinto Ferial. 10.30 h. Actuaci\u00f3n de Teatro. Grupo La Ruina (ONCE) con la obra \u201cCoplas y Romances del Cordel\u201d. [&hellip;]","og_url":"https:\/\/clm-inclusiva.org\/?p=276","og_site_name":"Clm-Inclusiva","article_publisher":"https:\/\/www.facebook.com\/castillalamancha.inclusiva\/","article_published_time":"2018-09-07T06:31:46+00:00","article_modified_time":"2019-06-29T08:26:23+00:00","og_image":[{"width":847,"height":595,"url":"https:\/\/clm-inclusiva.org\/wp-content\/uploads\/2018\/09\/programa-dia-discapacidad-feria-de-albacete-1.jpg","type":"image\/jpeg"}],"author":"clm-inclusiva","twitter_card":"summary_large_image","twitter_creator":"@ClmInclusiva","twitter_site":"@ClmInclusiva","twitter_misc":{"Escrito por":"clm-inclusiva","Tiempo de lectura":"2 minutos"},"schema":{"@context":"https:\/\/schema.org","@graph":[{"@type":"Article","@id":"https:\/\/clm-inclusiva.org\/?p=276#article","isPartOf":{"@id":"https:\/\/clm-inclusiva.org\/?p=276"},"author":{"name":"clm-inclusiva","@id":"https:\/\/clm-inclusiva.org\/#\/schema\/person\/0cff84aaa5bb8fd3521c55d1578d902b"},"headline":"D\u00eda Discapacidad Feria de Albacete 14 de septiembre de 2.018","datePublished":"2018-09-07T06:31:46+00:00","dateModified":"2019-06-29T08:26:23+00:00","mainEntityOfPage":{"@id":"https:\/\/clm-inclusiva.org\/?p=276"},"wordCount":358,"publisher":{"@id":"https:\/\/clm-inclusiva.org\/#organization"},"articleSection":["Discapacidad","Sociedad"],"inLanguage":"es"},{"@type":"WebPage","@id":"https:\/\/clm-inclusiva.org\/?p=276","url":"https:\/\/clm-inclusiva.org\/?p=276","name":"D\u00eda Discapacidad Feria de Albacete 14 de septiembre de 2.018 - Clm-Inclusiva","isPartOf":{"@id":"https:\/\/clm-inclusiva.org\/#website"},"datePublished":"2018-09-07T06:31:46+00:00","dateModified":"2019-06-29T08:26:23+00:00","breadcrumb":{"@id":"https:\/\/clm-inclusiva.org\/?p=276#breadcrumb"},"inLanguage":"es","potentialAction":[{"@type":"ReadAction","target":["https:\/\/clm-inclusiva.org\/?p=276"]}]},{"@type":"BreadcrumbList","@id":"https:\/\/clm-inclusiva.org\/?p=276#breadcrumb","itemListElement":[{"@type":"ListItem","position":1,"name":"Portada","item":"https:\/\/clm-inclusiva.org\/"},{"@type":"ListItem","position":2,"name":"D\u00eda Discapacidad Feria de Albacete 14 de septiembre de 2.018"}]},{"@type":"WebSite","@id":"https:\/\/clm-inclusiva.org\/#website","url":"https:\/\/clm-inclusiva.org\/","name":"Clm-Inclusiva","description":"Confederaci\u00f3n de entidades de personas con discapacidad f\u00edsica y org\u00e1nica CLM","publisher":{"@id":"https:\/\/clm-inclusiva.org\/#organization"},"potentialAction":[{"@type":"SearchAction","target":{"@type":"EntryPoint","urlTemplate":"https:\/\/clm-inclusiva.org\/?s={search_term_string}"},"query-input":"required name=search_term_string"}],"inLanguage":"es"},{"@type":"Organization","@id":"https:\/\/clm-inclusiva.org\/#organization","name":"Clm-Inclusiva","url":"https:\/\/clm-inclusiva.org\/","logo":{"@type":"ImageObject","inLanguage":"es","@id":"https:\/\/clm-inclusiva.org\/#\/schema\/logo\/image\/","url":"http:\/\/clm-inclusiva.org\/wp-content\/uploads\/2019\/04\/banner-e1533720812836.jpg","contentUrl":"http:\/\/clm-inclusiva.org\/wp-content\/uploads\/2019\/04\/banner-e1533720812836.jpg","width":600,"height":332,"caption":"Clm-Inclusiva"},"image":{"@id":"https:\/\/clm-inclusiva.org\/#\/schema\/logo\/image\/"},"sameAs":["https:\/\/www.facebook.com\/castillalamancha.inclusiva\/","https:\/\/twitter.com\/ClmInclusiva"]},{"@type":"Person","@id":"https:\/\/clm-inclusiva.org\/#\/schema\/person\/0cff84aaa5bb8fd3521c55d1578d902b","name":"clm-inclusiva","image":{"@type":"ImageObject","inLanguage":"es","@id":"https:\/\/clm-inclusiva.org\/#\/schema\/person\/image\/","url":"https:\/\/secure.gravatar.com\/avatar\/88948567af770dc9cd5597b329011884?s=96&d=blank&r=g","contentUrl":"https:\/\/secure.gravatar.com\/avatar\/88948567af770dc9cd5597b329011884?s=96&d=blank&r=g","caption":"clm-inclusiva"},"sameAs":["http:\/\/clm-inclusiva.org"],"url":"https:\/\/clm-inclusiva.org\/?author=1"}]}},"_links":{"self":[{"href":"https:\/\/clm-inclusiva.org\/index.php?rest_route=\/wp\/v2\/posts\/276"}],"collection":[{"href":"https:\/\/clm-inclusiva.org\/index.php?rest_route=\/wp\/v2\/posts"}],"about":[{"href":"https:\/\/clm-inclusiva.org\/index.php?rest_route=\/wp\/v2\/types\/post"}],"author":[{"embeddable":true,"href":"https:\/\/clm-inclusiva.org\/index.php?rest_route=\/wp\/v2\/users\/1"}],"replies":[{"embeddable":true,"href":"https:\/\/clm-inclusiva.org\/index.php?rest_route=%2Fwp%2Fv2%2Fcomments&post=276"}],"version-history":[{"count":3,"href":"https:\/\/clm-inclusiva.org\/index.php?rest_route=\/wp\/v2\/posts\/276\/revisions"}],"predecessor-version":[{"id":2630,"href":"https:\/\/clm-inclusiva.org\/index.php?rest_route=\/wp\/v2\/posts\/276\/revisions\/2630"}],"wp:featuredmedia":[{"embeddable":true,"href":"https:\/\/clm-inclusiva.org\/index.php?rest_route=\/wp\/v2\/media\/277"}],"wp:attachment":[{"href":"https:\/\/clm-inclusiva.org\/index.php?rest_route=%2Fwp%2Fv2%2Fmedia&parent=276"}],"wp:term":[{"taxonomy":"category","embeddable":true,"href":"https:\/\/clm-inclusiva.org\/index.php?rest_route=%2Fwp%2Fv2%2Fcategories&post=276"},{"taxonomy":"post_tag","embeddable":true,"href":"https:\/\/clm-inclusiva.org\/index.php?rest_route=%2Fwp%2Fv2%2Ftags&post=276"}],"curies":[{"name":"wp","href":"https:\/\/api.w.org\/{rel}","templated":true}]}}