{"id":114,"date":"2018-07-27T15:57:21","date_gmt":"2018-07-27T15:57:21","guid":{"rendered":"http:\/\/clm-inclusiva.org\/?p=114"},"modified":"2019-06-29T10:28:19","modified_gmt":"2019-06-29T08:28:19","slug":"fundacion-solidaridad-carrefour-pondra-a-la-venta-a-partir-del-6-de-agosto-unos-cuentossolidarios-en-colaboracion-con-disney-cuyos-beneficios-iran-destinados-a-mejorar-la-calidad-de-vida-d","status":"publish","type":"post","link":"https:\/\/clm-inclusiva.org\/?p=114","title":{"rendered":"Fundaci\u00f3n Solidaridad Carrefour pondr\u00e1 a la venta a partir del 6 de agosto unos\u00a0#CuentosSolidarios\u00a0en colaboraci\u00f3n con Disney, cuyos beneficios ir\u00e1n destinados a mejorar la calidad de vida de las ni\u00f1as y los ni\u00f1os con discapacidad f\u00edsica y org\u00e1nica\u00a0COCEMFE"},"content":{"rendered":"<p>[et_pb_section fb_built=&#8221;1&#8243; _builder_version=&#8221;3.22.4&#8243; custom_padding=&#8221;0px||2px|||&#8221;][et_pb_row custom_padding=&#8221;|||||&#8221; custom_margin=&#8221;|||||&#8221; _builder_version=&#8221;3.25&#8243; background_size=&#8221;initial&#8221; background_position=&#8221;top_left&#8221; background_repeat=&#8221;repeat&#8221;][et_pb_column type=&#8221;4_4&#8243; _builder_version=&#8221;3.25&#8243; custom_padding=&#8221;|||&#8221; custom_padding__hover=&#8221;|||&#8221;][et_pb_text admin_label=&#8221;Text&#8221; _builder_version=&#8221;3.22.4&#8243; text_font=&#8221;||||||||&#8221; background_size=&#8221;initial&#8221; background_position=&#8221;top_left&#8221; background_repeat=&#8221;repeat&#8221; text_orientation=&#8221;justified&#8221;]<\/p>\n<div id=\"js_sn\" class=\"_5pbx userContent _3576\" data-ft=\"{&quot;tn&quot;:&quot;K&quot;}\">\n<p>En el marco del \u2018A\u00f1o Carrefour a favor de la Infancia con Discapacidad F\u00edsica y Org\u00e1nica\u2019, Fundaci\u00f3n Solidaridad Carrefour ha presentado este viernes el proyecto \u2018Cuentos Solidarios\u2019. Esta iniciativa, desarrollada en colaboraci\u00f3n con Disney, permitir\u00e1 a la Confederaci\u00f3n Espa\u00f1ola de Personas con Discapacidad F\u00edsica y Org\u00e1nica (<a title=\"Acceso p\u00e1gina principal Cocemfe\" href=\"http:\/\/www.cocemfe.es\/portal\/\" target=\"_blank\" rel=\"noopener noreferrer\">COCEMFE<\/a>) adquirir veh\u00edculos adaptados y equipamiento t\u00e9cnico para la creaci\u00f3n de aulas de estimulaci\u00f3n multisensorial a favor de estos menores. Con ello, se prev\u00e9 que m\u00e1s de 2.000 ni\u00f1os y ni\u00f1as puedan ver mejorada su calidad de vida, nivel de autonom\u00eda y bienestar.<\/p>\n<\/div>\n<div class=\"_3x-2\" data-ft=\"{&quot;tn&quot;:&quot;H&quot;}\">\n<div class=\"_5r69 _sds _34q1\">\n<div class=\"mts\">\n<div class=\"mtm _4fzb\">\n<div class=\"clearfix _2pin\">\n<p>Para poder dotar a COCEMFE de estos recursos, Carrefour pondr\u00e1 a la venta en todos sus centros, a partir del 6 de agosto, una colecci\u00f3n exclusiva de cuentos cl\u00e1sicos Disney compuesta por 30 t\u00edtulos que podr\u00e1n adquirirse al precio de 2,5 euros cada uno, siendo 1,25 euros por unidad vendida los destinados a financiar dicho equipamiento.<\/p>\n<p>Unos recursos que permitir\u00e1n a COCEMFE la adquisici\u00f3n de veh\u00edculos adaptados con el objetivo de facilitar el traslado de miles de menores con discapacidad a los centros educativos y de terapia en los que necesitan ser atendidos\/as a diario.<\/p>\n<p>Asimismo, este proyecto har\u00e1 posible la adquisici\u00f3n de equipamiento t\u00e9cnico especializado para la creaci\u00f3n o mejora de aulas de estimulaci\u00f3n multisensorial dirigidas al desarrollo de sus habilidades motrices o sensoriales, lo que permitir\u00e1 ofrecer a estos menores una atenci\u00f3n personalizada y ajustada a sus necesidades.<\/p>\n<p>El acto de presentaci\u00f3n, que ha tenido lugar en el Centro de Innovaci\u00f3n Carrefour, ha contado con la presencia, entre otros, del presidente de COCEMFE, Anxo Queiruga; de la directora de Fundaci\u00f3n Solidaridad Carrefour, Mar\u00eda Cid; del director general de Disney Consumer Products &amp; Retail, Gonzalo Sanmart\u00edn, y de un nutrido grupo de representantes de ambas compa\u00f1\u00edas.<\/p>\n<p>\u201cEs de vital importancia ofrecer a la infancia, en este caso, con discapacidad f\u00edsica y org\u00e1nica recursos especializados que puedan favorecer su pleno desarrollo en clave de igualdad de oportunidades\u201d, destac\u00f3 Queiruga, quien agradeci\u00f3 a Disney \u201cel apoyo prestado a este proyecto\u201d y a Fundaci\u00f3n Solidaridad Carrefour \u201csu contundente apuesta, desde hace m\u00e1s de 15 a\u00f1os, por los derechos de la infancia con discapacidad\u201d.<\/p>\n<p>Por \u00faltimo, remarc\u00f3 que este \u201csostenido compromiso, nos ha tra\u00eddo a la presentaci\u00f3n de una nueva iniciativa social de la que esperamos se puedan llegar a beneficiar m\u00e1s de 2.000 menores con discapacidad\u201d.<\/p>\n<div class=\"printfriendly pf-aligncenter\"><\/div>\n<\/div>\n<\/div>\n<\/div>\n<\/div>\n<\/div>\n<p>[\/et_pb_text][et_pb_post_nav prev_text=&#8221;Anterior&#8221; next_text=&#8221;Siguiente&#8221; _builder_version=&#8221;3.22.4&#8243;][\/et_pb_post_nav][\/et_pb_column][\/et_pb_row][\/et_pb_section]<\/p>\n","protected":false},"excerpt":{"rendered":"<p>[et_pb_section fb_built=&#8221;1&#8243; _builder_version=&#8221;3.22.4&#8243; custom_padding=&#8221;0px||2px|||&#8221;][et_pb_row custom_padding=&#8221;|||||&#8221; custom_margin=&#8221;|||||&#8221; _builder_version=&#8221;3.25&#8243; background_size=&#8221;initial&#8221; background_position=&#8221;top_left&#8221; background_repeat=&#8221;repeat&#8221;][et_pb_column type=&#8221;4_4&#8243; _builder_version=&#8221;3.25&#8243; custom_padding=&#8221;|||&#8221; custom_padding__hover=&#8221;|||&#8221;][et_pb_text admin_label=&#8221;Text&#8221; _builder_version=&#8221;3.22.4&#8243; text_font=&#8221;||||||||&#8221; background_size=&#8221;initial&#8221; background_position=&#8221;top_left&#8221; background_repeat=&#8221;repeat&#8221; text_orientation=&#8221;justified&#8221;] En el marco del \u2018A\u00f1o Carrefour a favor de la Infancia con Discapacidad F\u00edsica y Org\u00e1nica\u2019, Fundaci\u00f3n Solidaridad Carrefour ha presentado este viernes el proyecto \u2018Cuentos Solidarios\u2019. Esta iniciativa, desarrollada en colaboraci\u00f3n con Disney, [&hellip;]<\/p>\n","protected":false},"author":1,"featured_media":116,"comment_status":"closed","ping_status":"closed","sticky":false,"template":"","format":"standard","meta":{"_et_pb_use_builder":"on","_et_pb_old_content":"\t\t\t\t\r\n\t\t\t\t[responsivevoice_button voice=\"Spanish Female\" buttontext=\"Reproducir\"]\r\n<div id=\"js_sn\" class=\"_5pbx userContent _3576\" data-ft=\"{\"tn\":\"K\"}\">\r\n\r\n<img class=\"alignnone  wp-image-116 aligncenter\" src=\"http:\/\/127.0.0.1\/wordpress\/wp-content\/uploads\/2018\/07\/Foto-encuentro-presentaci\u00f3n-Cuentos-Solidarios1-300x161.jpg\" alt=\"\" width=\"360\" height=\"193\" \/>En el marco del \u2018A\u00f1o Carrefour a favor de la Infancia con Discapacidad F\u00edsica y Org\u00e1nica\u2019, Fundaci\u00f3n Solidaridad Carrefour ha presentado este viernes el proyecto \u2018Cuentos Solidarios\u2019. Esta iniciativa, desarrollada en colaboraci\u00f3n con Disney, permitir\u00e1 a la Confederaci\u00f3n Espa\u00f1ola de Personas con Discapacidad F\u00edsica y Org\u00e1nica (<a title=\"Acceso p\u00e1gina principal Cocemfe\" href=\"http:\/\/www.cocemfe.es\/portal\/\" target=\"_blank\" rel=\"noopener noreferrer\">COCEMFE<\/a>) adquirir veh\u00edculos adaptados y equipamiento t\u00e9cnico para la creaci\u00f3n de aulas de estimulaci\u00f3n multisensorial a favor de estos menores. Con ello, se prev\u00e9 que m\u00e1s de 2.000 ni\u00f1os y ni\u00f1as puedan ver mejorada su calidad de vida, nivel de autonom\u00eda y bienestar.\r\n\r\n<\/div>\r\n<div class=\"_3x-2\" data-ft=\"{\"tn\":\"H\"}\">\r\n<div class=\"_5r69 _sds _34q1\">\r\n<div class=\"mts\">\r\n<div class=\"mtm _4fzb\">\r\n<div class=\"clearfix _2pin\">\r\n\r\nPara poder dotar a COCEMFE de estos recursos, Carrefour pondr\u00e1 a la venta en todos sus centros, a partir del 6 de agosto, una colecci\u00f3n exclusiva de cuentos cl\u00e1sicos Disney compuesta por 30 t\u00edtulos que podr\u00e1n adquirirse al precio de 2,5 euros cada uno, siendo 1,25 euros por unidad vendida los destinados a financiar dicho equipamiento.\r\n\r\nUnos recursos que permitir\u00e1n a COCEMFE la adquisici\u00f3n de veh\u00edculos adaptados con el objetivo de facilitar el traslado de miles de menores con discapacidad a los centros educativos y de terapia en los que necesitan ser atendidos\/as a diario.\r\n\r\nAsimismo, este proyecto har\u00e1 posible la adquisici\u00f3n de equipamiento t\u00e9cnico especializado para la creaci\u00f3n o mejora de aulas de estimulaci\u00f3n multisensorial dirigidas al desarrollo de sus habilidades motrices o sensoriales, lo que permitir\u00e1 ofrecer a estos menores una atenci\u00f3n personalizada y ajustada a sus necesidades.\r\n\r\nEl acto de presentaci\u00f3n, que ha tenido lugar en el Centro de Innovaci\u00f3n Carrefour, ha contado con la presencia, entre otros, del presidente de COCEMFE, Anxo Queiruga; de la directora de Fundaci\u00f3n Solidaridad Carrefour, Mar\u00eda Cid; del director general de Disney Consumer Products & Retail, Gonzalo Sanmart\u00edn, y de un nutrido grupo de representantes de ambas compa\u00f1\u00edas.\r\n\r\n\u201cEs de vital importancia ofrecer a la infancia, en este caso, con discapacidad f\u00edsica y org\u00e1nica recursos especializados que puedan favorecer su pleno desarrollo en clave de igualdad de oportunidades\u201d, destac\u00f3 Queiruga, quien agradeci\u00f3 a Disney \u201cel apoyo prestado a este proyecto\u201d y a Fundaci\u00f3n Solidaridad Carrefour \u201csu contundente apuesta, desde hace m\u00e1s de 15 a\u00f1os, por los derechos de la infancia con discapacidad\u201d.\r\n\r\nPor \u00faltimo, remarc\u00f3 que este \u201csostenido compromiso, nos ha tra\u00eddo a la presentaci\u00f3n de una nueva iniciativa social de la que esperamos se puedan llegar a beneficiar m\u00e1s de 2.000 menores con discapacidad\u201d.\r\n<div class=\"printfriendly pf-aligncenter\"><\/div>\r\n<\/div>\r\n<\/div>\r\n<\/div>\r\n<\/div>\r\n<\/div>\t\t\t\t","_et_gb_content_width":"","footnotes":""},"categories":[5,8],"tags":[],"yoast_head":"<!-- This site is optimized with the Yoast SEO plugin v21.3 - https:\/\/yoast.com\/wordpress\/plugins\/seo\/ -->\n<title>Fundaci\u00f3n Solidaridad Carrefour pondr\u00e1 a la venta a partir del 6 de agosto unos\u00a0#CuentosSolidarios\u00a0en colaboraci\u00f3n con Disney, cuyos beneficios ir\u00e1n destinados a mejorar la calidad de vida de las ni\u00f1as y los ni\u00f1os con discapacidad f\u00edsica y org\u00e1nica\u00a0COCEMFE - Clm-Inclusiva<\/title>\n<meta name=\"robots\" content=\"index, follow, max-snippet:-1, max-image-preview:large, max-video-preview:-1\" \/>\n<link rel=\"canonical\" href=\"https:\/\/clm-inclusiva.org\/?p=114\" \/>\n<meta property=\"og:locale\" content=\"es_ES\" \/>\n<meta property=\"og:type\" content=\"article\" \/>\n<meta property=\"og:title\" content=\"Fundaci\u00f3n Solidaridad Carrefour pondr\u00e1 a la venta a partir del 6 de agosto unos\u00a0#CuentosSolidarios\u00a0en colaboraci\u00f3n con Disney, cuyos beneficios ir\u00e1n destinados a mejorar la calidad de vida de las ni\u00f1as y los ni\u00f1os con discapacidad f\u00edsica y org\u00e1nica\u00a0COCEMFE - Clm-Inclusiva\" \/>\n<meta property=\"og:description\" content=\"[et_pb_section fb_built=&#8221;1&#8243; _builder_version=&#8221;3.22.4&#8243; custom_padding=&#8221;0px||2px|||&#8221;][et_pb_row custom_padding=&#8221;|||||&#8221; custom_margin=&#8221;|||||&#8221; _builder_version=&#8221;3.25&#8243; background_size=&#8221;initial&#8221; background_position=&#8221;top_left&#8221; background_repeat=&#8221;repeat&#8221;][et_pb_column type=&#8221;4_4&#8243; _builder_version=&#8221;3.25&#8243; custom_padding=&#8221;|||&#8221; custom_padding__hover=&#8221;|||&#8221;][et_pb_text admin_label=&#8221;Text&#8221; _builder_version=&#8221;3.22.4&#8243; text_font=&#8221;||||||||&#8221; background_size=&#8221;initial&#8221; background_position=&#8221;top_left&#8221; background_repeat=&#8221;repeat&#8221; text_orientation=&#8221;justified&#8221;] En el marco del \u2018A\u00f1o Carrefour a favor de la Infancia con Discapacidad F\u00edsica y Org\u00e1nica\u2019, Fundaci\u00f3n Solidaridad Carrefour ha presentado este viernes el proyecto \u2018Cuentos Solidarios\u2019. Esta iniciativa, desarrollada en colaboraci\u00f3n con Disney, [&hellip;]\" \/>\n<meta property=\"og:url\" content=\"https:\/\/clm-inclusiva.org\/?p=114\" \/>\n<meta property=\"og:site_name\" content=\"Clm-Inclusiva\" \/>\n<meta property=\"article:publisher\" content=\"https:\/\/www.facebook.com\/castillalamancha.inclusiva\/\" \/>\n<meta property=\"article:published_time\" content=\"2018-07-27T15:57:21+00:00\" \/>\n<meta property=\"article:modified_time\" content=\"2019-06-29T08:28:19+00:00\" \/>\n<meta property=\"og:image\" content=\"https:\/\/clm-inclusiva.org\/wp-content\/uploads\/2018\/07\/Foto-encuentro-presentaci\u00f3n-Cuentos-Solidarios1-1.jpg\" \/>\n\t<meta property=\"og:image:width\" content=\"599\" \/>\n\t<meta property=\"og:image:height\" content=\"321\" \/>\n\t<meta property=\"og:image:type\" content=\"image\/jpeg\" \/>\n<meta name=\"author\" content=\"clm-inclusiva\" \/>\n<meta name=\"twitter:card\" content=\"summary_large_image\" \/>\n<meta name=\"twitter:creator\" content=\"@ClmInclusiva\" \/>\n<meta name=\"twitter:site\" content=\"@ClmInclusiva\" \/>\n<meta name=\"twitter:label1\" content=\"Escrito por\" \/>\n\t<meta name=\"twitter:data1\" content=\"clm-inclusiva\" \/>\n\t<meta name=\"twitter:label2\" content=\"Tiempo de lectura\" \/>\n\t<meta name=\"twitter:data2\" content=\"3 minutos\" \/>\n<script type=\"application\/ld+json\" class=\"yoast-schema-graph\">{\"@context\":\"https:\/\/schema.org\",\"@graph\":[{\"@type\":\"Article\",\"@id\":\"https:\/\/clm-inclusiva.org\/?p=114#article\",\"isPartOf\":{\"@id\":\"https:\/\/clm-inclusiva.org\/?p=114\"},\"author\":{\"name\":\"clm-inclusiva\",\"@id\":\"https:\/\/clm-inclusiva.org\/#\/schema\/person\/0cff84aaa5bb8fd3521c55d1578d902b\"},\"headline\":\"Fundaci\u00f3n Solidaridad Carrefour pondr\u00e1 a la venta a partir del 6 de agosto unos\u00a0#CuentosSolidarios\u00a0en colaboraci\u00f3n con Disney, cuyos beneficios ir\u00e1n destinados a mejorar la calidad de vida de las ni\u00f1as y los ni\u00f1os con discapacidad f\u00edsica y org\u00e1nica\u00a0COCEMFE\",\"datePublished\":\"2018-07-27T15:57:21+00:00\",\"dateModified\":\"2019-06-29T08:28:19+00:00\",\"mainEntityOfPage\":{\"@id\":\"https:\/\/clm-inclusiva.org\/?p=114\"},\"wordCount\":559,\"publisher\":{\"@id\":\"https:\/\/clm-inclusiva.org\/#organization\"},\"articleSection\":[\"Discapacidad\",\"Sociedad\"],\"inLanguage\":\"es\"},{\"@type\":\"WebPage\",\"@id\":\"https:\/\/clm-inclusiva.org\/?p=114\",\"url\":\"https:\/\/clm-inclusiva.org\/?p=114\",\"name\":\"Fundaci\u00f3n Solidaridad Carrefour pondr\u00e1 a la venta a partir del 6 de agosto unos\u00a0#CuentosSolidarios\u00a0en colaboraci\u00f3n con Disney, cuyos beneficios ir\u00e1n destinados a mejorar la calidad de vida de las ni\u00f1as y los ni\u00f1os con discapacidad f\u00edsica y org\u00e1nica\u00a0COCEMFE - Clm-Inclusiva\",\"isPartOf\":{\"@id\":\"https:\/\/clm-inclusiva.org\/#website\"},\"datePublished\":\"2018-07-27T15:57:21+00:00\",\"dateModified\":\"2019-06-29T08:28:19+00:00\",\"breadcrumb\":{\"@id\":\"https:\/\/clm-inclusiva.org\/?p=114#breadcrumb\"},\"inLanguage\":\"es\",\"potentialAction\":[{\"@type\":\"ReadAction\",\"target\":[\"https:\/\/clm-inclusiva.org\/?p=114\"]}]},{\"@type\":\"BreadcrumbList\",\"@id\":\"https:\/\/clm-inclusiva.org\/?p=114#breadcrumb\",\"itemListElement\":[{\"@type\":\"ListItem\",\"position\":1,\"name\":\"Portada\",\"item\":\"https:\/\/clm-inclusiva.org\/\"},{\"@type\":\"ListItem\",\"position\":2,\"name\":\"Fundaci\u00f3n Solidaridad Carrefour pondr\u00e1 a la venta a partir del 6 de agosto unos\u00a0#CuentosSolidarios\u00a0en colaboraci\u00f3n con Disney, cuyos beneficios ir\u00e1n destinados a mejorar la calidad de vida de las ni\u00f1as y los ni\u00f1os con discapacidad f\u00edsica y org\u00e1nica\u00a0COCEMFE\"}]},{\"@type\":\"WebSite\",\"@id\":\"https:\/\/clm-inclusiva.org\/#website\",\"url\":\"https:\/\/clm-inclusiva.org\/\",\"name\":\"Clm-Inclusiva\",\"description\":\"Confederaci\u00f3n de entidades de personas con discapacidad f\u00edsica y org\u00e1nica CLM\",\"publisher\":{\"@id\":\"https:\/\/clm-inclusiva.org\/#organization\"},\"potentialAction\":[{\"@type\":\"SearchAction\",\"target\":{\"@type\":\"EntryPoint\",\"urlTemplate\":\"https:\/\/clm-inclusiva.org\/?s={search_term_string}\"},\"query-input\":\"required name=search_term_string\"}],\"inLanguage\":\"es\"},{\"@type\":\"Organization\",\"@id\":\"https:\/\/clm-inclusiva.org\/#organization\",\"name\":\"Clm-Inclusiva\",\"url\":\"https:\/\/clm-inclusiva.org\/\",\"logo\":{\"@type\":\"ImageObject\",\"inLanguage\":\"es\",\"@id\":\"https:\/\/clm-inclusiva.org\/#\/schema\/logo\/image\/\",\"url\":\"http:\/\/clm-inclusiva.org\/wp-content\/uploads\/2019\/04\/banner-e1533720812836.jpg\",\"contentUrl\":\"http:\/\/clm-inclusiva.org\/wp-content\/uploads\/2019\/04\/banner-e1533720812836.jpg\",\"width\":600,\"height\":332,\"caption\":\"Clm-Inclusiva\"},\"image\":{\"@id\":\"https:\/\/clm-inclusiva.org\/#\/schema\/logo\/image\/\"},\"sameAs\":[\"https:\/\/www.facebook.com\/castillalamancha.inclusiva\/\",\"https:\/\/twitter.com\/ClmInclusiva\"]},{\"@type\":\"Person\",\"@id\":\"https:\/\/clm-inclusiva.org\/#\/schema\/person\/0cff84aaa5bb8fd3521c55d1578d902b\",\"name\":\"clm-inclusiva\",\"image\":{\"@type\":\"ImageObject\",\"inLanguage\":\"es\",\"@id\":\"https:\/\/clm-inclusiva.org\/#\/schema\/person\/image\/\",\"url\":\"https:\/\/secure.gravatar.com\/avatar\/88948567af770dc9cd5597b329011884?s=96&d=blank&r=g\",\"contentUrl\":\"https:\/\/secure.gravatar.com\/avatar\/88948567af770dc9cd5597b329011884?s=96&d=blank&r=g\",\"caption\":\"clm-inclusiva\"},\"sameAs\":[\"http:\/\/clm-inclusiva.org\"],\"url\":\"https:\/\/clm-inclusiva.org\/?author=1\"}]}<\/script>\n<!-- \/ Yoast SEO plugin. -->","yoast_head_json":{"title":"Fundaci\u00f3n Solidaridad Carrefour pondr\u00e1 a la venta a partir del 6 de agosto unos\u00a0#CuentosSolidarios\u00a0en colaboraci\u00f3n con Disney, cuyos beneficios ir\u00e1n destinados a mejorar la calidad de vida de las ni\u00f1as y los ni\u00f1os con discapacidad f\u00edsica y org\u00e1nica\u00a0COCEMFE - Clm-Inclusiva","robots":{"index":"index","follow":"follow","max-snippet":"max-snippet:-1","max-image-preview":"max-image-preview:large","max-video-preview":"max-video-preview:-1"},"canonical":"https:\/\/clm-inclusiva.org\/?p=114","og_locale":"es_ES","og_type":"article","og_title":"Fundaci\u00f3n Solidaridad Carrefour pondr\u00e1 a la venta a partir del 6 de agosto unos\u00a0#CuentosSolidarios\u00a0en colaboraci\u00f3n con Disney, cuyos beneficios ir\u00e1n destinados a mejorar la calidad de vida de las ni\u00f1as y los ni\u00f1os con discapacidad f\u00edsica y org\u00e1nica\u00a0COCEMFE - Clm-Inclusiva","og_description":"[et_pb_section fb_built=&#8221;1&#8243; _builder_version=&#8221;3.22.4&#8243; custom_padding=&#8221;0px||2px|||&#8221;][et_pb_row custom_padding=&#8221;|||||&#8221; custom_margin=&#8221;|||||&#8221; _builder_version=&#8221;3.25&#8243; background_size=&#8221;initial&#8221; background_position=&#8221;top_left&#8221; background_repeat=&#8221;repeat&#8221;][et_pb_column type=&#8221;4_4&#8243; _builder_version=&#8221;3.25&#8243; custom_padding=&#8221;|||&#8221; custom_padding__hover=&#8221;|||&#8221;][et_pb_text admin_label=&#8221;Text&#8221; _builder_version=&#8221;3.22.4&#8243; text_font=&#8221;||||||||&#8221; background_size=&#8221;initial&#8221; background_position=&#8221;top_left&#8221; background_repeat=&#8221;repeat&#8221; text_orientation=&#8221;justified&#8221;] En el marco del \u2018A\u00f1o Carrefour a favor de la Infancia con Discapacidad F\u00edsica y Org\u00e1nica\u2019, Fundaci\u00f3n Solidaridad Carrefour ha presentado este viernes el proyecto \u2018Cuentos Solidarios\u2019. Esta iniciativa, desarrollada en colaboraci\u00f3n con Disney, [&hellip;]","og_url":"https:\/\/clm-inclusiva.org\/?p=114","og_site_name":"Clm-Inclusiva","article_publisher":"https:\/\/www.facebook.com\/castillalamancha.inclusiva\/","article_published_time":"2018-07-27T15:57:21+00:00","article_modified_time":"2019-06-29T08:28:19+00:00","og_image":[{"width":599,"height":321,"url":"https:\/\/clm-inclusiva.org\/wp-content\/uploads\/2018\/07\/Foto-encuentro-presentaci\u00f3n-Cuentos-Solidarios1-1.jpg","type":"image\/jpeg"}],"author":"clm-inclusiva","twitter_card":"summary_large_image","twitter_creator":"@ClmInclusiva","twitter_site":"@ClmInclusiva","twitter_misc":{"Escrito por":"clm-inclusiva","Tiempo de lectura":"3 minutos"},"schema":{"@context":"https:\/\/schema.org","@graph":[{"@type":"Article","@id":"https:\/\/clm-inclusiva.org\/?p=114#article","isPartOf":{"@id":"https:\/\/clm-inclusiva.org\/?p=114"},"author":{"name":"clm-inclusiva","@id":"https:\/\/clm-inclusiva.org\/#\/schema\/person\/0cff84aaa5bb8fd3521c55d1578d902b"},"headline":"Fundaci\u00f3n Solidaridad Carrefour pondr\u00e1 a la venta a partir del 6 de agosto unos\u00a0#CuentosSolidarios\u00a0en colaboraci\u00f3n con Disney, cuyos beneficios ir\u00e1n destinados a mejorar la calidad de vida de las ni\u00f1as y los ni\u00f1os con discapacidad f\u00edsica y org\u00e1nica\u00a0COCEMFE","datePublished":"2018-07-27T15:57:21+00:00","dateModified":"2019-06-29T08:28:19+00:00","mainEntityOfPage":{"@id":"https:\/\/clm-inclusiva.org\/?p=114"},"wordCount":559,"publisher":{"@id":"https:\/\/clm-inclusiva.org\/#organization"},"articleSection":["Discapacidad","Sociedad"],"inLanguage":"es"},{"@type":"WebPage","@id":"https:\/\/clm-inclusiva.org\/?p=114","url":"https:\/\/clm-inclusiva.org\/?p=114","name":"Fundaci\u00f3n Solidaridad Carrefour pondr\u00e1 a la venta a partir del 6 de agosto unos\u00a0#CuentosSolidarios\u00a0en colaboraci\u00f3n con Disney, cuyos beneficios ir\u00e1n destinados a mejorar la calidad de vida de las ni\u00f1as y los ni\u00f1os con discapacidad f\u00edsica y org\u00e1nica\u00a0COCEMFE - Clm-Inclusiva","isPartOf":{"@id":"https:\/\/clm-inclusiva.org\/#website"},"datePublished":"2018-07-27T15:57:21+00:00","dateModified":"2019-06-29T08:28:19+00:00","breadcrumb":{"@id":"https:\/\/clm-inclusiva.org\/?p=114#breadcrumb"},"inLanguage":"es","potentialAction":[{"@type":"ReadAction","target":["https:\/\/clm-inclusiva.org\/?p=114"]}]},{"@type":"BreadcrumbList","@id":"https:\/\/clm-inclusiva.org\/?p=114#breadcrumb","itemListElement":[{"@type":"ListItem","position":1,"name":"Portada","item":"https:\/\/clm-inclusiva.org\/"},{"@type":"ListItem","position":2,"name":"Fundaci\u00f3n Solidaridad Carrefour pondr\u00e1 a la venta a partir del 6 de agosto unos\u00a0#CuentosSolidarios\u00a0en colaboraci\u00f3n con Disney, cuyos beneficios ir\u00e1n destinados a mejorar la calidad de vida de las ni\u00f1as y los ni\u00f1os con discapacidad f\u00edsica y org\u00e1nica\u00a0COCEMFE"}]},{"@type":"WebSite","@id":"https:\/\/clm-inclusiva.org\/#website","url":"https:\/\/clm-inclusiva.org\/","name":"Clm-Inclusiva","description":"Confederaci\u00f3n de entidades de personas con discapacidad f\u00edsica y org\u00e1nica CLM","publisher":{"@id":"https:\/\/clm-inclusiva.org\/#organization"},"potentialAction":[{"@type":"SearchAction","target":{"@type":"EntryPoint","urlTemplate":"https:\/\/clm-inclusiva.org\/?s={search_term_string}"},"query-input":"required name=search_term_string"}],"inLanguage":"es"},{"@type":"Organization","@id":"https:\/\/clm-inclusiva.org\/#organization","name":"Clm-Inclusiva","url":"https:\/\/clm-inclusiva.org\/","logo":{"@type":"ImageObject","inLanguage":"es","@id":"https:\/\/clm-inclusiva.org\/#\/schema\/logo\/image\/","url":"http:\/\/clm-inclusiva.org\/wp-content\/uploads\/2019\/04\/banner-e1533720812836.jpg","contentUrl":"http:\/\/clm-inclusiva.org\/wp-content\/uploads\/2019\/04\/banner-e1533720812836.jpg","width":600,"height":332,"caption":"Clm-Inclusiva"},"image":{"@id":"https:\/\/clm-inclusiva.org\/#\/schema\/logo\/image\/"},"sameAs":["https:\/\/www.facebook.com\/castillalamancha.inclusiva\/","https:\/\/twitter.com\/ClmInclusiva"]},{"@type":"Person","@id":"https:\/\/clm-inclusiva.org\/#\/schema\/person\/0cff84aaa5bb8fd3521c55d1578d902b","name":"clm-inclusiva","image":{"@type":"ImageObject","inLanguage":"es","@id":"https:\/\/clm-inclusiva.org\/#\/schema\/person\/image\/","url":"https:\/\/secure.gravatar.com\/avatar\/88948567af770dc9cd5597b329011884?s=96&d=blank&r=g","contentUrl":"https:\/\/secure.gravatar.com\/avatar\/88948567af770dc9cd5597b329011884?s=96&d=blank&r=g","caption":"clm-inclusiva"},"sameAs":["http:\/\/clm-inclusiva.org"],"url":"https:\/\/clm-inclusiva.org\/?author=1"}]}},"_links":{"self":[{"href":"https:\/\/clm-inclusiva.org\/index.php?rest_route=\/wp\/v2\/posts\/114"}],"collection":[{"href":"https:\/\/clm-inclusiva.org\/index.php?rest_route=\/wp\/v2\/posts"}],"about":[{"href":"https:\/\/clm-inclusiva.org\/index.php?rest_route=\/wp\/v2\/types\/post"}],"author":[{"embeddable":true,"href":"https:\/\/clm-inclusiva.org\/index.php?rest_route=\/wp\/v2\/users\/1"}],"replies":[{"embeddable":true,"href":"https:\/\/clm-inclusiva.org\/index.php?rest_route=%2Fwp%2Fv2%2Fcomments&post=114"}],"version-history":[{"count":3,"href":"https:\/\/clm-inclusiva.org\/index.php?rest_route=\/wp\/v2\/posts\/114\/revisions"}],"predecessor-version":[{"id":2632,"href":"https:\/\/clm-inclusiva.org\/index.php?rest_route=\/wp\/v2\/posts\/114\/revisions\/2632"}],"wp:featuredmedia":[{"embeddable":true,"href":"https:\/\/clm-inclusiva.org\/index.php?rest_route=\/wp\/v2\/media\/116"}],"wp:attachment":[{"href":"https:\/\/clm-inclusiva.org\/index.php?rest_route=%2Fwp%2Fv2%2Fmedia&parent=114"}],"wp:term":[{"taxonomy":"category","embeddable":true,"href":"https:\/\/clm-inclusiva.org\/index.php?rest_route=%2Fwp%2Fv2%2Fcategories&post=114"},{"taxonomy":"post_tag","embeddable":true,"href":"https:\/\/clm-inclusiva.org\/index.php?rest_route=%2Fwp%2Fv2%2Ftags&post=114"}],"curies":[{"name":"wp","href":"https:\/\/api.w.org\/{rel}","templated":true}]}}